
{"id":210778,"date":"2018-06-25T18:40:50","date_gmt":"2018-06-25T16:40:50","guid":{"rendered":"https:\/\/www.cinevox.be\/?p=210778"},"modified":"2018-06-28T10:27:47","modified_gmt":"2018-06-28T08:27:47","slug":"witz-sandrine-blancke-et-sam-louwyck-entre-rires-et-larmes","status":"publish","type":"post","link":"https:\/\/w-l-c.be\/fr\/witz-sandrine-blancke-et-sam-louwyck-entre-rires-et-larmes\/","title":{"rendered":"\u00ab\u00a0Witz\u00a0\u00bb: Sandrine Blancke et Sam Louwyck entre rires et larmes"},"content":{"rendered":"<p><strong><span class=\"s1\">Avec <i>Witz<\/i>, Martine Doyen raconte la rencontre in\u00e9vitable de deux \u00e2mes perdues qui n\u2019ont plus que l\u2019un et l\u2019autre comme seule option. Elles vont se sauver, symboliquement et litt\u00e9ralement, en partant en qu\u00eate de ce qui fait leur humanit\u00e9 et leur personnalit\u00e9: l\u2019humour.<\/span><\/strong><\/p>\n<p class=\"p1\"><span class=\"s1\">Stella est actrice, slash animatrice d\u00e9monstratrice en grande surface. Son quotidien semble fait de tenues \u00e9tincelantes, de sourires contagieux, et de gait\u00e9, peut-\u00eatre un peu forc\u00e9e. Suite \u00e0 un accident, elle est victime d\u2019un traumatisme c\u00e9r\u00e9bral qui affecte notamment ses capacit\u00e9s relationnelles. Non seulement elle d\u00e9veloppe une f\u00e2cheuse tendance \u00e0 dire ce qu\u2019elle pense, mais en plus elle perd tout sens de l\u2019humour. Autant dire une s\u00e9rieuse part d\u2019elle-m\u00eame. <\/span><\/p>\n<p class=\"p1\"><span class=\"s1\">D\u00e9sempar\u00e9e, Stella voudrait pouvoir s\u2019en remettre \u00e0 la science, mais la seule option en dehors de la patience que lui sugg\u00e8re son \u00e9quipe soignante, c\u2019est de se mettre en relation avec un homme souffrant des m\u00eames sympt\u00f4mes. <\/span><\/p>\n<p class=\"p1\"><span class=\"s1\">Frank, g\u00e9ologue et foreur dynamiteur, souffre lui aussi d\u2019une l\u00e9sion c\u00e9r\u00e9brale qui lui a fait perdre tout humour, et tout espoir. Alors qu\u2019il est (litt\u00e9ralement) au bord du gouffre, il rencontre Stella. Contre toutes attentes, celle-ci va r\u00e9ussir l\u2019impossible: le faire rire. Un double miracle \u00e0 vrai dire. Non seulement les zygomatiques de Frank reprennent du service, mais en plus Stella, \u00e0 d\u00e9faut de rire elle-m\u00eame, peut encore faire rire les autres.<\/span><\/p>\n<p><img loading=\"lazy\" decoding=\"async\" class=\"alignnone size-full wp-image-210780\" src=\"https:\/\/www.cinevox.be\/wp-content\/uploads\/2018\/06\/no_fun2.jpg\" alt=\"\" width=\"500\" height=\"279\" srcset=\"https:\/\/w-l-c.be\/wp-content\/uploads\/2018\/06\/no_fun2.jpg 500w, https:\/\/w-l-c.be\/wp-content\/uploads\/2018\/06\/no_fun2-200x113.jpg 200w, https:\/\/w-l-c.be\/wp-content\/uploads\/2018\/06\/no_fun2-480x268.jpg 480w\" sizes=\"auto, (max-width: 500px) 100vw, 500px\" \/><\/p>\n<p class=\"p1\"><span class=\"s1\">L\u2019espoir pourrait donc bien \u00eatre encore permis, et Frank ne compte pas laisser au bord de la route celle qui l\u2019a sauv\u00e9 des eaux. L\u2019improbable couple embarque dans une \u00e9pop\u00e9e burlesque qui les m\u00e8ne au fond de la for\u00eat dans une retraite un peu sp\u00e9ciale: un stage de yoga du rire. <\/span><\/p>\n<p class=\"p1\"><span class=\"s1\">Un concept particulier, et des participants qui ne le sont pas moins. Entre la chanteuse de gorge qu\u00e9b\u00e9coise, et les gourous du rire int\u00e9rieur, Stella et Frank vont se perdre pour mieux se retrouver, et r\u00e9aliser le but ultime de toute bonne com\u00e9die romantique: filmer la rencontre \u00e9lectrique de deux solitudes qui se cherchent.<\/span><\/p>\n<p><iframe loading=\"lazy\" title=\"Bande-annonce: &quot;Witz&quot; de Martine Doyen\" width=\"618\" height=\"348\" src=\"https:\/\/www.youtube.com\/embed\/_Z0jV4JbnnI?feature=oembed\" frameborder=\"0\" allow=\"accelerometer; autoplay; clipboard-write; encrypted-media; gyroscope; picture-in-picture; web-share\" referrerpolicy=\"strict-origin-when-cross-origin\" allowfullscreen><\/iframe><\/p>\n<p class=\"p1\"><span class=\"s1\">Dans le r\u00f4le de Stella, on retrouve Sandrine Blancke, la petite Alice de <em>Toto le h\u00e9ros<\/em>, un beau premier r\u00f4le pour cette com\u00e9dienne discr\u00e8te mais engag\u00e9e, que l\u2019on a aper\u00e7ue r\u00e9cemment dans <em>Soeur Sourire<\/em>, mais aussi dans de nombreux courts m\u00e9trages comme <em>Sparte, Les Petites Mains<\/em> ou <em>Le Sc\u00e9nariste<\/em>. <\/span><\/p>\n<p class=\"p1\"><span class=\"s1\">Face \u00e0 elle, on retrouve Sam Louwyck (<em>Le Fid\u00e8le, Cargo, Baden Baden,<\/em> entres autres&#8230;), qui pr\u00eate son physique burin\u00e9 et un peu lunaire \u00e0 Frank. Dans le r\u00f4le des gourous du rire, les in\u00e9narrables com\u00e9diens et cin\u00e9astes Abel &amp; Gordon, parfaits dans ce r\u00f4le sur mesure. On croise en passant quelques t\u00eates bien connues des spectateurs et t\u00e9l\u00e9spectateurs belges, comme Pierre Nisse dans le r\u00f4le de l\u2019amoureux pas s\u00fbr, ou Fran\u00e7ois Neycken dans celui du r\u00e9ceptionniste jovial.<\/span><\/p>\n<p><img loading=\"lazy\" decoding=\"async\" class=\"alignnone size-full wp-image-210779\" src=\"https:\/\/www.cinevox.be\/wp-content\/uploads\/2018\/06\/witz5.jpg\" alt=\"\" width=\"696\" height=\"293\" srcset=\"https:\/\/w-l-c.be\/wp-content\/uploads\/2018\/06\/witz5.jpg 696w, https:\/\/w-l-c.be\/wp-content\/uploads\/2018\/06\/witz5-480x202.jpg 480w\" sizes=\"auto, (max-width: 696px) 100vw, 696px\" \/><\/p>\n<p class=\"p1\"><span class=\"s1\">Avec <i>Witz<\/i>, Martine Doyen raconte la rencontre in\u00e9vitable de deux \u00e2mes perdues qui n\u2019ont plus que l\u2019un et l\u2019autre comme seule option. Ils vont se sauver, symboliquement et litt\u00e9ralement, en partant en qu\u00eate de ce qui fait leur humanit\u00e9 et leur personnalit\u00e9: l\u2019humour. La r\u00e9alisatrice porte un regard d\u00e9cal\u00e9e sur une soci\u00e9t\u00e9 anxiog\u00e8ne, o\u00f9 les \u00e9motions sont un Everest \u00e0 reconqu\u00e9rir. Stella ne rit plus, mais elle ne pleure plus non plus. Plus encore qu\u2019\u00e0 aimer ou rire, elle doit apprendre \u00e0 ressentir, \u00e0 sentir \u00e0 nouveau. <\/span><\/p>\n<p class=\"p1\"><span class=\"s1\">Apr\u00e8s avoir r\u00e9alis\u00e9 4 courts m\u00e9trages, dont <i>No\u00ebl au Balcon<\/i>, retenu dans la s\u00e9lection 50\/50, Martine Doyen r\u00e9alise <i>Komma<\/i>, l\u2019histoire d\u2019un homme d\u2019une cinquantaine d\u2019ann\u00e9es qui se r\u00e9veille dans une morgue sans savoir pourquoi. Port\u00e9 par la silhouette \u00e9nigmatique d\u2019Arno, le film est s\u00e9lectionn\u00e9 \u00e0 la Semaine de la Critique. Elle r\u00e9alise ensuite trois films exp\u00e9rimentaux, dont le dernier, <i>Hamsters<\/i>, sort en salle l\u2019ann\u00e9e derni\u00e8re. <i>Witz<\/i>, son deuxi\u00e8me long m\u00e9trage, est produit par H\u00e9licotronc. <\/span><\/p>\n<p class=\"p1\"><strong><span class=\"s1\"><i>Witz<\/i> sera pr\u00e9sent\u00e9 en avant-premi\u00e8re en Comp\u00e9tition Nationale \u00e0 l\u2019occasion de la 1\u00e8re \u00e9dition du Brussels International Film Festival, ce mercredi 27 juin \u00e0 19h30 \u00e0 Palace. <\/span><\/strong><\/p>\n","protected":false},"excerpt":{"rendered":"<p>Avec Witz, Martine Doyen raconte la rencontre in\u00e9vitable de deux \u00e2mes perdues qui n\u2019ont plus que l\u2019un et l\u2019autre comme seule option. Elles vont se sauver, symboliquement et litt\u00e9ralement, en partant en qu\u00eate de ce qui fait leur humanit\u00e9 et leur personnalit\u00e9: l\u2019humour. Stella est actrice, slash animatrice d\u00e9monstratrice en grande surface. Son quotidien semble &hellip;<\/p>\n","protected":false},"author":343,"featured_media":210750,"comment_status":"closed","ping_status":"closed","sticky":false,"template":"","format":"standard","meta":{"ngg_post_thumbnail":0,"footnotes":""},"categories":[10],"tags":[],"class_list":["post-210778","post","type-post","status-publish","format-standard","has-post-thumbnail","","category-a-l-affiche"],"yoast_head":"<!-- This site is optimized with the Yoast SEO plugin v20.4 - https:\/\/yoast.com\/wordpress\/plugins\/seo\/ -->\n<title>&quot;Witz&quot;: Sandrine Blancke et Sam Louwyck entre rires et larmes - w-l-c<\/title>\n<meta name=\"robots\" content=\"noindex, follow, max-snippet:-1, max-image-preview:large, max-video-preview:-1\" \/>\n<meta property=\"og:locale\" content=\"fr_FR\" \/>\n<meta property=\"og:type\" content=\"article\" \/>\n<meta property=\"og:title\" content=\"&quot;Witz&quot;: Sandrine Blancke et Sam Louwyck entre rires et larmes - w-l-c\" \/>\n<meta property=\"og:description\" content=\"Avec Witz, Martine Doyen raconte la rencontre in\u00e9vitable de deux \u00e2mes perdues qui n\u2019ont plus que l\u2019un et l\u2019autre comme seule option. Elles vont se sauver, symboliquement et litt\u00e9ralement, en partant en qu\u00eate de ce qui fait leur humanit\u00e9 et leur personnalit\u00e9: l\u2019humour. Stella est actrice, slash animatrice d\u00e9monstratrice en grande surface. Son quotidien semble &hellip;\" \/>\n<meta property=\"og:url\" content=\"https:\/\/w-l-c.be\/fr\/witz-sandrine-blancke-et-sam-louwyck-entre-rires-et-larmes\/\" \/>\n<meta property=\"og:site_name\" content=\"w-l-c\" \/>\n<meta property=\"article:published_time\" content=\"2018-06-25T16:40:50+00:00\" \/>\n<meta property=\"article:modified_time\" content=\"2018-06-28T08:27:47+00:00\" \/>\n<meta property=\"og:image\" content=\"https:\/\/w-l-c.be\/wp-content\/uploads\/2018\/06\/witz-martine-doyen.jpg\" \/>\n\t<meta property=\"og:image:width\" content=\"820\" \/>\n\t<meta property=\"og:image:height\" content=\"403\" \/>\n\t<meta property=\"og:image:type\" content=\"image\/jpeg\" \/>\n<meta name=\"author\" content=\"Aurore Engelen\" \/>\n<meta name=\"twitter:card\" content=\"summary_large_image\" \/>\n<meta name=\"twitter:label1\" content=\"\u00c9crit par\" \/>\n\t<meta name=\"twitter:data1\" content=\"Aurore Engelen\" \/>\n\t<meta name=\"twitter:label2\" content=\"Dur\u00e9e de lecture estim\u00e9e\" \/>\n\t<meta name=\"twitter:data2\" content=\"4 minutes\" \/>\n<script type=\"application\/ld+json\" class=\"yoast-schema-graph\">{\"@context\":\"https:\/\/schema.org\",\"@graph\":[{\"@type\":\"WebPage\",\"@id\":\"https:\/\/w-l-c.be\/fr\/witz-sandrine-blancke-et-sam-louwyck-entre-rires-et-larmes\/\",\"url\":\"https:\/\/w-l-c.be\/fr\/witz-sandrine-blancke-et-sam-louwyck-entre-rires-et-larmes\/\",\"name\":\"\\\"Witz\\\": Sandrine Blancke et Sam Louwyck entre rires et larmes - w-l-c\",\"isPartOf\":{\"@id\":\"https:\/\/w-l-c.be\/fr\/#website\"},\"datePublished\":\"2018-06-25T16:40:50+00:00\",\"dateModified\":\"2018-06-28T08:27:47+00:00\",\"author\":{\"@id\":\"https:\/\/w-l-c.be\/fr\/#\/schema\/person\/8084b68c6b176142d073695c654dc7cf\"},\"breadcrumb\":{\"@id\":\"https:\/\/w-l-c.be\/fr\/witz-sandrine-blancke-et-sam-louwyck-entre-rires-et-larmes\/#breadcrumb\"},\"inLanguage\":\"fr-FR\",\"potentialAction\":[{\"@type\":\"ReadAction\",\"target\":[\"https:\/\/w-l-c.be\/fr\/witz-sandrine-blancke-et-sam-louwyck-entre-rires-et-larmes\/\"]}]},{\"@type\":\"BreadcrumbList\",\"@id\":\"https:\/\/w-l-c.be\/fr\/witz-sandrine-blancke-et-sam-louwyck-entre-rires-et-larmes\/#breadcrumb\",\"itemListElement\":[{\"@type\":\"ListItem\",\"position\":1,\"name\":\"Accueil\",\"item\":\"https:\/\/w-l-c.be\/fr\/\"},{\"@type\":\"ListItem\",\"position\":2,\"name\":\"\u00ab\u00a0Witz\u00a0\u00bb: Sandrine Blancke et Sam Louwyck entre rires et larmes\"}]},{\"@type\":\"WebSite\",\"@id\":\"https:\/\/w-l-c.be\/fr\/#website\",\"url\":\"https:\/\/w-l-c.be\/fr\/\",\"name\":\"w-l-c\",\"description\":\"Le cin\u00e9ma vu par les belges\",\"potentialAction\":[{\"@type\":\"SearchAction\",\"target\":{\"@type\":\"EntryPoint\",\"urlTemplate\":\"https:\/\/w-l-c.be\/fr\/?s={search_term_string}\"},\"query-input\":\"required name=search_term_string\"}],\"inLanguage\":\"fr-FR\"},{\"@type\":\"Person\",\"@id\":\"https:\/\/w-l-c.be\/fr\/#\/schema\/person\/8084b68c6b176142d073695c654dc7cf\",\"name\":\"Aurore Engelen\",\"url\":\"https:\/\/w-l-c.be\/fr\/author\/aurore-engelen\/\"}]}<\/script>\n<!-- \/ Yoast SEO plugin. -->","yoast_head_json":{"title":"\"Witz\": Sandrine Blancke et Sam Louwyck entre rires et larmes - w-l-c","robots":{"index":"noindex","follow":"follow","max-snippet":"max-snippet:-1","max-image-preview":"max-image-preview:large","max-video-preview":"max-video-preview:-1"},"og_locale":"fr_FR","og_type":"article","og_title":"\"Witz\": Sandrine Blancke et Sam Louwyck entre rires et larmes - w-l-c","og_description":"Avec Witz, Martine Doyen raconte la rencontre in\u00e9vitable de deux \u00e2mes perdues qui n\u2019ont plus que l\u2019un et l\u2019autre comme seule option. Elles vont se sauver, symboliquement et litt\u00e9ralement, en partant en qu\u00eate de ce qui fait leur humanit\u00e9 et leur personnalit\u00e9: l\u2019humour. Stella est actrice, slash animatrice d\u00e9monstratrice en grande surface. Son quotidien semble &hellip;","og_url":"https:\/\/w-l-c.be\/fr\/witz-sandrine-blancke-et-sam-louwyck-entre-rires-et-larmes\/","og_site_name":"w-l-c","article_published_time":"2018-06-25T16:40:50+00:00","article_modified_time":"2018-06-28T08:27:47+00:00","og_image":[{"width":820,"height":403,"url":"https:\/\/w-l-c.be\/wp-content\/uploads\/2018\/06\/witz-martine-doyen.jpg","type":"image\/jpeg"}],"author":"Aurore Engelen","twitter_card":"summary_large_image","twitter_misc":{"\u00c9crit par":"Aurore Engelen","Dur\u00e9e de lecture estim\u00e9e":"4 minutes"},"schema":{"@context":"https:\/\/schema.org","@graph":[{"@type":"WebPage","@id":"https:\/\/w-l-c.be\/fr\/witz-sandrine-blancke-et-sam-louwyck-entre-rires-et-larmes\/","url":"https:\/\/w-l-c.be\/fr\/witz-sandrine-blancke-et-sam-louwyck-entre-rires-et-larmes\/","name":"\"Witz\": Sandrine Blancke et Sam Louwyck entre rires et larmes - w-l-c","isPartOf":{"@id":"https:\/\/w-l-c.be\/fr\/#website"},"datePublished":"2018-06-25T16:40:50+00:00","dateModified":"2018-06-28T08:27:47+00:00","author":{"@id":"https:\/\/w-l-c.be\/fr\/#\/schema\/person\/8084b68c6b176142d073695c654dc7cf"},"breadcrumb":{"@id":"https:\/\/w-l-c.be\/fr\/witz-sandrine-blancke-et-sam-louwyck-entre-rires-et-larmes\/#breadcrumb"},"inLanguage":"fr-FR","potentialAction":[{"@type":"ReadAction","target":["https:\/\/w-l-c.be\/fr\/witz-sandrine-blancke-et-sam-louwyck-entre-rires-et-larmes\/"]}]},{"@type":"BreadcrumbList","@id":"https:\/\/w-l-c.be\/fr\/witz-sandrine-blancke-et-sam-louwyck-entre-rires-et-larmes\/#breadcrumb","itemListElement":[{"@type":"ListItem","position":1,"name":"Accueil","item":"https:\/\/w-l-c.be\/fr\/"},{"@type":"ListItem","position":2,"name":"\u00ab\u00a0Witz\u00a0\u00bb: Sandrine Blancke et Sam Louwyck entre rires et larmes"}]},{"@type":"WebSite","@id":"https:\/\/w-l-c.be\/fr\/#website","url":"https:\/\/w-l-c.be\/fr\/","name":"w-l-c","description":"Le cin\u00e9ma vu par les belges","potentialAction":[{"@type":"SearchAction","target":{"@type":"EntryPoint","urlTemplate":"https:\/\/w-l-c.be\/fr\/?s={search_term_string}"},"query-input":"required name=search_term_string"}],"inLanguage":"fr-FR"},{"@type":"Person","@id":"https:\/\/w-l-c.be\/fr\/#\/schema\/person\/8084b68c6b176142d073695c654dc7cf","name":"Aurore Engelen","url":"https:\/\/w-l-c.be\/fr\/author\/aurore-engelen\/"}]}},"_links":{"self":[{"href":"https:\/\/w-l-c.be\/fr\/wp-json\/wp\/v2\/posts\/210778","targetHints":{"allow":["GET"]}}],"collection":[{"href":"https:\/\/w-l-c.be\/fr\/wp-json\/wp\/v2\/posts"}],"about":[{"href":"https:\/\/w-l-c.be\/fr\/wp-json\/wp\/v2\/types\/post"}],"author":[{"embeddable":true,"href":"https:\/\/w-l-c.be\/fr\/wp-json\/wp\/v2\/users\/343"}],"replies":[{"embeddable":true,"href":"https:\/\/w-l-c.be\/fr\/wp-json\/wp\/v2\/comments?post=210778"}],"version-history":[{"count":0,"href":"https:\/\/w-l-c.be\/fr\/wp-json\/wp\/v2\/posts\/210778\/revisions"}],"wp:featuredmedia":[{"embeddable":true,"href":"https:\/\/w-l-c.be\/fr\/wp-json\/wp\/v2\/media\/210750"}],"wp:attachment":[{"href":"https:\/\/w-l-c.be\/fr\/wp-json\/wp\/v2\/media?parent=210778"}],"wp:term":[{"taxonomy":"category","embeddable":true,"href":"https:\/\/w-l-c.be\/fr\/wp-json\/wp\/v2\/categories?post=210778"},{"taxonomy":"post_tag","embeddable":true,"href":"https:\/\/w-l-c.be\/fr\/wp-json\/wp\/v2\/tags?post=210778"}],"curies":[{"name":"wp","href":"https:\/\/api.w.org\/{rel}","templated":true}]}}