
{"id":210799,"date":"2018-06-26T11:52:28","date_gmt":"2018-06-26T09:52:28","guid":{"rendered":"https:\/\/www.cinevox.be\/?p=210799"},"modified":"2018-06-26T11:52:28","modified_gmt":"2018-06-26T09:52:28","slug":"tout-court-programme-du-26-juin-2018","status":"publish","type":"post","link":"https:\/\/w-l-c.be\/fr\/tout-court-programme-du-26-juin-2018\/","title":{"rendered":"\u00ab\u00a0Tout Court\u00a0\u00bb, programme du 26 juin 2018"},"content":{"rendered":"<p><strong>Au programme de <em>Tout Court<\/em> aujourd&rsquo;hui, l&rsquo;\u00e9mission de La Trois consacr\u00e9e au court m\u00e9trage belge, deux in\u00e9dits: <em>Iris apr\u00e8s la nuit<\/em> de Gabriel Vanderpas pr\u00e9sent\u00e9 lors du dernier Brussels Short Film Festival, et <em>Roues Libres<\/em> de Jacinthe Folon, pr\u00e9sent\u00e9 notamment au Festival de Namur.\u00a0<\/strong><\/p>\n<hr \/>\n<h4><em>Iris apr\u00e8s la nuit<\/em> de Gabriel Vanderpas<\/h4>\n<div class=\" et_pb_row_inner et_pb_row_inner_0\">\n<div class=\"et_pb_column et_pb_column_4_4 et_pb_column_inner  et_pb_column_inner_0\">\n<div class=\"clearfix et_pb_module  et_pb_acf_single_item_1\">\n<div class=\"sb_mod_acf_single_item clearfix\">\n<p>Suite \u00e0 un accident, une jeune femme doit faire face \u00e0 la responsabilit\u00e9 de l\u2019enfant de sa meilleure amie, dont elle a accept\u00e9 d\u2019\u00eatre la marraine.<\/p>\n<p><em>Avec Ana Rodriguez, Melissa Leon Martin, Dan Gagnon, Mara Taquin et Niki Vranken<\/em><\/p>\n<p><img loading=\"lazy\" decoding=\"async\" class=\"alignnone size-large wp-image-210800\" src=\"https:\/\/www.cinevox.be\/wp-content\/uploads\/2018\/06\/IRIS_APRES_LA_NUIT_10-800x340.jpg\" alt=\"IRIS_APRES_LA_NUIT_10\" width=\"618\" height=\"263\" srcset=\"https:\/\/w-l-c.be\/wp-content\/uploads\/2018\/06\/IRIS_APRES_LA_NUIT_10-800x340.jpg 800w, https:\/\/w-l-c.be\/wp-content\/uploads\/2018\/06\/IRIS_APRES_LA_NUIT_10-480x204.jpg 480w, https:\/\/w-l-c.be\/wp-content\/uploads\/2018\/06\/IRIS_APRES_LA_NUIT_10-768x327.jpg 768w\" sizes=\"auto, (max-width: 618px) 100vw, 618px\" \/><\/p>\n<hr \/>\n<\/div>\n<\/div>\n<h4 class=\"clearfix et_pb_module  et_pb_acf_single_item_2\"><em>Roues Libres<\/em> de Jacinthe Folon<\/h4>\n<div>Citadin, Citadines,<br \/>\nVoici une information de la plus haute importance : les v\u00e9los sont de retour dans nos villes!<\/div>\n<div><\/div>\n<\/div>\n<div class=\"clearfix et_pb_module  et_pb_acf_single_item_3\"><em>Animation<\/em><\/div>\n<\/div>\n<div><\/div>\n<div><img loading=\"lazy\" decoding=\"async\" class=\"alignnone size-large wp-image-210803\" src=\"https:\/\/www.cinevox.be\/wp-content\/uploads\/2018\/06\/roueslibres_1jpg-800x432.jpg\" alt=\"Roues-Libres-Jacinthe-Folon\" width=\"618\" height=\"334\" srcset=\"https:\/\/w-l-c.be\/wp-content\/uploads\/2018\/06\/roueslibres_1jpg-800x432.jpg 800w, https:\/\/w-l-c.be\/wp-content\/uploads\/2018\/06\/roueslibres_1jpg-480x259.jpg 480w, https:\/\/w-l-c.be\/wp-content\/uploads\/2018\/06\/roueslibres_1jpg-768x415.jpg 768w, https:\/\/w-l-c.be\/wp-content\/uploads\/2018\/06\/roueslibres_1jpg.jpg 1998w\" sizes=\"auto, (max-width: 618px) 100vw, 618px\" \/><\/div>\n<hr \/>\n<div class=\"et_pb_module et_pb_acf_table et_pb_acf_repeater_table inline-repeater et_pb_acf_repeater_table_0\">\n<h4><strong><em>#Burning<\/em><\/strong> de Nathalie Andr\u00e9<\/h4>\n<p>Un dimanche de canicule. Un coin de nos Ardennes. Une route. Une bande de gamins trompent leur ennui.<\/p>\n<p><em>Avec Virgile Bucquoye, Jules De Camps, Matteo Geraci, Romain Frammery, P\u00e9trone Lamart, Zacharia Vigneron, Selma Robert.<\/em><\/p>\n<p><iframe loading=\"lazy\" title=\"TRAILER #BURNING\" src=\"https:\/\/player.vimeo.com\/video\/213499534?dnt=1&amp;app_id=122963\" width=\"618\" height=\"348\" frameborder=\"0\" allow=\"autoplay; fullscreen; picture-in-picture; clipboard-write; encrypted-media\"><\/iframe><\/p>\n<hr \/>\n<h4><em>Le Chevalier Blanc<\/em> de Bernard Yerles<\/h4>\n<p>Un homme d\u00e9couvre que son \u00e9pouse avec laquelle il est mari\u00e9 depuis 20 ans le trompe. Contre toute attente, il semble l\u2019accepter.<\/p>\n<p><em>Avec\u00a0Bernard Yerl\u00e8s, Laetitia Reva, Jean-Michel Vovk<\/em><\/p>\n<p><img loading=\"lazy\" decoding=\"async\" class=\"alignnone size-large wp-image-203981\" src=\"https:\/\/www.cinevox.be\/wp-content\/uploads\/2017\/10\/Photo-Le-chevalier-blanc-800x449.jpg\" alt=\"Photo Le chevalier blanc\" width=\"618\" height=\"347\" srcset=\"https:\/\/w-l-c.be\/wp-content\/uploads\/2017\/10\/Photo-Le-chevalier-blanc-800x449.jpg 800w, https:\/\/w-l-c.be\/wp-content\/uploads\/2017\/10\/Photo-Le-chevalier-blanc-200x113.jpg 200w, https:\/\/w-l-c.be\/wp-content\/uploads\/2017\/10\/Photo-Le-chevalier-blanc-480x270.jpg 480w, https:\/\/w-l-c.be\/wp-content\/uploads\/2017\/10\/Photo-Le-chevalier-blanc-768x431.jpg 768w, https:\/\/w-l-c.be\/wp-content\/uploads\/2017\/10\/Photo-Le-chevalier-blanc.jpg 960w\" sizes=\"auto, (max-width: 618px) 100vw, 618px\" \/><\/p>\n<hr \/>\n<h4>On r\u00e9capitule?<\/h4>\n<ul>\n<li><em><strong>#Burning <\/strong><\/em>de Nathalie Andr\u00e9 \u00e0 23h05<\/li>\n<li><em><strong>Roues Libres <\/strong><\/em>de Jacinthe Folon \u00e0 23h20<\/li>\n<li><em><strong>Iris apr\u00e8s la nuit<\/strong><\/em> de Gabriel Vanderpas \u00e0 23h25<\/li>\n<li><em><strong>Le Chevalier Blanc<\/strong><\/em> de Bernard Yerles \u00e0 23h40<\/li>\n<\/ul>\n<\/div>\n","protected":false},"excerpt":{"rendered":"<p>Au programme de Tout Court aujourd&rsquo;hui, l&rsquo;\u00e9mission de La Trois consacr\u00e9e au court m\u00e9trage belge, deux in\u00e9dits: Iris apr\u00e8s la nuit de Gabriel Vanderpas pr\u00e9sent\u00e9 lors du dernier Brussels Short Film Festival, et Roues Libres de Jacinthe Folon, pr\u00e9sent\u00e9 notamment au Festival de Namur.\u00a0 Iris apr\u00e8s la nuit de Gabriel Vanderpas Suite \u00e0 un accident, &hellip;<\/p>\n","protected":false},"author":343,"featured_media":210806,"comment_status":"closed","ping_status":"closed","sticky":false,"template":"","format":"standard","meta":{"ngg_post_thumbnail":0,"footnotes":""},"categories":[14],"tags":[1895],"class_list":["post-210799","post","type-post","status-publish","format-standard","has-post-thumbnail","","category-home-cinema","tag-court-metrage"],"yoast_head":"<!-- This site is optimized with the Yoast SEO plugin v20.4 - https:\/\/yoast.com\/wordpress\/plugins\/seo\/ -->\n<title>&quot;Tout Court&quot;, programme du 26 juin 2018 - w-l-c<\/title>\n<meta name=\"robots\" content=\"noindex, follow, max-snippet:-1, max-image-preview:large, max-video-preview:-1\" \/>\n<meta property=\"og:locale\" content=\"fr_FR\" \/>\n<meta property=\"og:type\" content=\"article\" \/>\n<meta property=\"og:title\" content=\"&quot;Tout Court&quot;, programme du 26 juin 2018 - w-l-c\" \/>\n<meta property=\"og:description\" content=\"Au programme de Tout Court aujourd&rsquo;hui, l&rsquo;\u00e9mission de La Trois consacr\u00e9e au court m\u00e9trage belge, deux in\u00e9dits: Iris apr\u00e8s la nuit de Gabriel Vanderpas pr\u00e9sent\u00e9 lors du dernier Brussels Short Film Festival, et Roues Libres de Jacinthe Folon, pr\u00e9sent\u00e9 notamment au Festival de Namur.\u00a0 Iris apr\u00e8s la nuit de Gabriel Vanderpas Suite \u00e0 un accident, &hellip;\" \/>\n<meta property=\"og:url\" content=\"https:\/\/w-l-c.be\/fr\/tout-court-programme-du-26-juin-2018\/\" \/>\n<meta property=\"og:site_name\" content=\"w-l-c\" \/>\n<meta property=\"article:published_time\" content=\"2018-06-26T09:52:28+00:00\" \/>\n<meta property=\"og:image\" content=\"https:\/\/w-l-c.be\/wp-content\/uploads\/2018\/06\/IrisApresLaNuit.jpg\" \/>\n\t<meta property=\"og:image:width\" content=\"683\" \/>\n\t<meta property=\"og:image:height\" content=\"385\" \/>\n\t<meta property=\"og:image:type\" content=\"image\/jpeg\" \/>\n<meta name=\"author\" content=\"Aurore Engelen\" \/>\n<meta name=\"twitter:card\" content=\"summary_large_image\" \/>\n<meta name=\"twitter:label1\" content=\"\u00c9crit par\" \/>\n\t<meta name=\"twitter:data1\" content=\"Aurore Engelen\" \/>\n\t<meta name=\"twitter:label2\" content=\"Dur\u00e9e de lecture estim\u00e9e\" \/>\n\t<meta name=\"twitter:data2\" content=\"1 minute\" \/>\n<script type=\"application\/ld+json\" class=\"yoast-schema-graph\">{\"@context\":\"https:\/\/schema.org\",\"@graph\":[{\"@type\":\"WebPage\",\"@id\":\"https:\/\/w-l-c.be\/fr\/tout-court-programme-du-26-juin-2018\/\",\"url\":\"https:\/\/w-l-c.be\/fr\/tout-court-programme-du-26-juin-2018\/\",\"name\":\"\\\"Tout Court\\\", programme du 26 juin 2018 - w-l-c\",\"isPartOf\":{\"@id\":\"https:\/\/w-l-c.be\/fr\/#website\"},\"datePublished\":\"2018-06-26T09:52:28+00:00\",\"dateModified\":\"2018-06-26T09:52:28+00:00\",\"author\":{\"@id\":\"https:\/\/w-l-c.be\/fr\/#\/schema\/person\/8084b68c6b176142d073695c654dc7cf\"},\"breadcrumb\":{\"@id\":\"https:\/\/w-l-c.be\/fr\/tout-court-programme-du-26-juin-2018\/#breadcrumb\"},\"inLanguage\":\"fr-FR\",\"potentialAction\":[{\"@type\":\"ReadAction\",\"target\":[\"https:\/\/w-l-c.be\/fr\/tout-court-programme-du-26-juin-2018\/\"]}]},{\"@type\":\"BreadcrumbList\",\"@id\":\"https:\/\/w-l-c.be\/fr\/tout-court-programme-du-26-juin-2018\/#breadcrumb\",\"itemListElement\":[{\"@type\":\"ListItem\",\"position\":1,\"name\":\"Accueil\",\"item\":\"https:\/\/w-l-c.be\/fr\/\"},{\"@type\":\"ListItem\",\"position\":2,\"name\":\"\u00ab\u00a0Tout Court\u00a0\u00bb, programme du 26 juin 2018\"}]},{\"@type\":\"WebSite\",\"@id\":\"https:\/\/w-l-c.be\/fr\/#website\",\"url\":\"https:\/\/w-l-c.be\/fr\/\",\"name\":\"w-l-c\",\"description\":\"Le cin\u00e9ma vu par les belges\",\"potentialAction\":[{\"@type\":\"SearchAction\",\"target\":{\"@type\":\"EntryPoint\",\"urlTemplate\":\"https:\/\/w-l-c.be\/fr\/?s={search_term_string}\"},\"query-input\":\"required name=search_term_string\"}],\"inLanguage\":\"fr-FR\"},{\"@type\":\"Person\",\"@id\":\"https:\/\/w-l-c.be\/fr\/#\/schema\/person\/8084b68c6b176142d073695c654dc7cf\",\"name\":\"Aurore Engelen\",\"url\":\"https:\/\/w-l-c.be\/fr\/author\/aurore-engelen\/\"}]}<\/script>\n<!-- \/ Yoast SEO plugin. -->","yoast_head_json":{"title":"\"Tout Court\", programme du 26 juin 2018 - w-l-c","robots":{"index":"noindex","follow":"follow","max-snippet":"max-snippet:-1","max-image-preview":"max-image-preview:large","max-video-preview":"max-video-preview:-1"},"og_locale":"fr_FR","og_type":"article","og_title":"\"Tout Court\", programme du 26 juin 2018 - w-l-c","og_description":"Au programme de Tout Court aujourd&rsquo;hui, l&rsquo;\u00e9mission de La Trois consacr\u00e9e au court m\u00e9trage belge, deux in\u00e9dits: Iris apr\u00e8s la nuit de Gabriel Vanderpas pr\u00e9sent\u00e9 lors du dernier Brussels Short Film Festival, et Roues Libres de Jacinthe Folon, pr\u00e9sent\u00e9 notamment au Festival de Namur.\u00a0 Iris apr\u00e8s la nuit de Gabriel Vanderpas Suite \u00e0 un accident, &hellip;","og_url":"https:\/\/w-l-c.be\/fr\/tout-court-programme-du-26-juin-2018\/","og_site_name":"w-l-c","article_published_time":"2018-06-26T09:52:28+00:00","og_image":[{"width":683,"height":385,"url":"https:\/\/w-l-c.be\/wp-content\/uploads\/2018\/06\/IrisApresLaNuit.jpg","type":"image\/jpeg"}],"author":"Aurore Engelen","twitter_card":"summary_large_image","twitter_misc":{"\u00c9crit par":"Aurore Engelen","Dur\u00e9e de lecture estim\u00e9e":"1 minute"},"schema":{"@context":"https:\/\/schema.org","@graph":[{"@type":"WebPage","@id":"https:\/\/w-l-c.be\/fr\/tout-court-programme-du-26-juin-2018\/","url":"https:\/\/w-l-c.be\/fr\/tout-court-programme-du-26-juin-2018\/","name":"\"Tout Court\", programme du 26 juin 2018 - w-l-c","isPartOf":{"@id":"https:\/\/w-l-c.be\/fr\/#website"},"datePublished":"2018-06-26T09:52:28+00:00","dateModified":"2018-06-26T09:52:28+00:00","author":{"@id":"https:\/\/w-l-c.be\/fr\/#\/schema\/person\/8084b68c6b176142d073695c654dc7cf"},"breadcrumb":{"@id":"https:\/\/w-l-c.be\/fr\/tout-court-programme-du-26-juin-2018\/#breadcrumb"},"inLanguage":"fr-FR","potentialAction":[{"@type":"ReadAction","target":["https:\/\/w-l-c.be\/fr\/tout-court-programme-du-26-juin-2018\/"]}]},{"@type":"BreadcrumbList","@id":"https:\/\/w-l-c.be\/fr\/tout-court-programme-du-26-juin-2018\/#breadcrumb","itemListElement":[{"@type":"ListItem","position":1,"name":"Accueil","item":"https:\/\/w-l-c.be\/fr\/"},{"@type":"ListItem","position":2,"name":"\u00ab\u00a0Tout Court\u00a0\u00bb, programme du 26 juin 2018"}]},{"@type":"WebSite","@id":"https:\/\/w-l-c.be\/fr\/#website","url":"https:\/\/w-l-c.be\/fr\/","name":"w-l-c","description":"Le cin\u00e9ma vu par les belges","potentialAction":[{"@type":"SearchAction","target":{"@type":"EntryPoint","urlTemplate":"https:\/\/w-l-c.be\/fr\/?s={search_term_string}"},"query-input":"required name=search_term_string"}],"inLanguage":"fr-FR"},{"@type":"Person","@id":"https:\/\/w-l-c.be\/fr\/#\/schema\/person\/8084b68c6b176142d073695c654dc7cf","name":"Aurore Engelen","url":"https:\/\/w-l-c.be\/fr\/author\/aurore-engelen\/"}]}},"_links":{"self":[{"href":"https:\/\/w-l-c.be\/fr\/wp-json\/wp\/v2\/posts\/210799","targetHints":{"allow":["GET"]}}],"collection":[{"href":"https:\/\/w-l-c.be\/fr\/wp-json\/wp\/v2\/posts"}],"about":[{"href":"https:\/\/w-l-c.be\/fr\/wp-json\/wp\/v2\/types\/post"}],"author":[{"embeddable":true,"href":"https:\/\/w-l-c.be\/fr\/wp-json\/wp\/v2\/users\/343"}],"replies":[{"embeddable":true,"href":"https:\/\/w-l-c.be\/fr\/wp-json\/wp\/v2\/comments?post=210799"}],"version-history":[{"count":0,"href":"https:\/\/w-l-c.be\/fr\/wp-json\/wp\/v2\/posts\/210799\/revisions"}],"wp:featuredmedia":[{"embeddable":true,"href":"https:\/\/w-l-c.be\/fr\/wp-json\/wp\/v2\/media\/210806"}],"wp:attachment":[{"href":"https:\/\/w-l-c.be\/fr\/wp-json\/wp\/v2\/media?parent=210799"}],"wp:term":[{"taxonomy":"category","embeddable":true,"href":"https:\/\/w-l-c.be\/fr\/wp-json\/wp\/v2\/categories?post=210799"},{"taxonomy":"post_tag","embeddable":true,"href":"https:\/\/w-l-c.be\/fr\/wp-json\/wp\/v2\/tags?post=210799"}],"curies":[{"name":"wp","href":"https:\/\/api.w.org\/{rel}","templated":true}]}}