
{"id":211331,"date":"2018-07-24T11:31:41","date_gmt":"2018-07-24T09:31:41","guid":{"rendered":"https:\/\/www.cinevox.be\/?p=211331"},"modified":"2018-07-25T09:44:39","modified_gmt":"2018-07-25T07:44:39","slug":"continuer-de-joachim-lafosse-et-emma-peeters-de-nicole-palo-a-venise","status":"publish","type":"post","link":"https:\/\/w-l-c.be\/fr\/continuer-de-joachim-lafosse-et-emma-peeters-de-nicole-palo-a-venise\/","title":{"rendered":"\u00ab\u00a0Continuer\u00a0\u00bb de Joachim Lafosse et \u00ab\u00a0Emma Peeters\u00a0\u00bb de Nicole Palo \u00e0 Venise!"},"content":{"rendered":"<p><strong><em>Continuer<\/em> de Joachim Lafosse, le nouveau film de Joachim Lafosse avec Virginie Efira et Kacey Mottet-Klein et <em>Emma Peeters<\/em> de Nicole Palo seront pr\u00e9sent\u00e9s en premi\u00e8re mondiale aux Venice Days, section parall\u00e8le de la Mostra de Venise.<\/strong><\/p>\n<h4><\/h4>\n<h4><em><img loading=\"lazy\" decoding=\"async\" class=\"alignnone size-large wp-image-211334\" src=\"https:\/\/www.cinevox.be\/wp-content\/uploads\/2018\/07\/ContinuerJoachimLafosse-800x542.jpg\" alt=\"ContinuerJoachimLafosse\" width=\"618\" height=\"419\" srcset=\"https:\/\/w-l-c.be\/wp-content\/uploads\/2018\/07\/ContinuerJoachimLafosse-800x542.jpg 800w, https:\/\/w-l-c.be\/wp-content\/uploads\/2018\/07\/ContinuerJoachimLafosse-399x270.jpg 399w, https:\/\/w-l-c.be\/wp-content\/uploads\/2018\/07\/ContinuerJoachimLafosse-768x520.jpg 768w, https:\/\/w-l-c.be\/wp-content\/uploads\/2018\/07\/ContinuerJoachimLafosse-110x75.jpg 110w, https:\/\/w-l-c.be\/wp-content\/uploads\/2018\/07\/ContinuerJoachimLafosse.jpg 2048w\" sizes=\"auto, (max-width: 618px) 100vw, 618px\" \/><\/em><\/h4>\n<h4><em>Continuer<\/em> de Joachim Lafosse<\/h4>\n<p><em>Continuer<\/em>, le septi\u00e8me film de Joachim Lafosse (<em>L&rsquo;Economie du couple, Les Chevaliers Blancs, A perdre la raison<\/em>&#8230;), est une adaptation du roman \u00e9ponyme de Laurent Mauvinier. Le film\u00a0raconte l\u2019histoire de Sybille (Virginie Efira), m\u00e8re divorc\u00e9e, qui refuse d\u2019accepter que son fils Samuel (Kacey Mottet Klein, vue dans <em>Keeper, Quand on a 17 ans, L&rsquo;Echange des princesses<\/em>, et d\u00e9couvert dans <em>Home<\/em> d&rsquo;Ursula Meier ), 18 ans, sombre dans la violence. En proie avec ses propres d\u00e9mons pass\u00e9s et pr\u00e9sents, elle d\u00e9cide d\u2019emmener Samuel faire un long voyage au Kirghizistan. Accompagn\u00e9s de leurs deux chevaux, m\u00e8re et fils partent pour une aventure o\u00f9 ils devront faire face aux dangers et aux surprises d\u2019une nature spectaculaire \u00e0 la fois hostile et magnifique. Au-del\u00e0 des rencontres avec les Kirghizes, ce voyage sera l\u2019occasion d\u2019un face \u00e0 face in\u00e9vitable\u2026<\/p>\n<p>En mai dernier, le r\u00e9alisateur nous parlait<a href=\"https:\/\/www.cinevox.be\/fr\/joachim-lafosse-parle-de-continuer\/\"> en ces termes<\/a> du film&#8230; <em>Continuer<\/em> sera distribu\u00e9 en Belgique par O\u2019Brother Distribution et sortira au premier trimestre 2019. Comme les 4 pr\u00e9c\u00e9dents films du r\u00e9alisateur, il est produit par Versus Production. Ce n&rsquo;est pas la premi\u00e8re fois que Joachim Lafosse foulera les planches du Lido, puisqu&rsquo;il a d\u00e9j\u00e0 particip\u00e9 \u00e0 la Mostra en 2006 avec <em>Nue Propri\u00e9t\u00e9<\/em>.<\/p>\n<h4><img loading=\"lazy\" decoding=\"async\" class=\"alignnone size-large wp-image-211335\" src=\"https:\/\/www.cinevox.be\/wp-content\/uploads\/2018\/07\/EmmaPeetersNicolePalo-800x375.jpg\" alt=\"EmmaPeetersNicolePalo\" width=\"618\" height=\"290\" srcset=\"https:\/\/w-l-c.be\/wp-content\/uploads\/2018\/07\/EmmaPeetersNicolePalo-800x375.jpg 800w, https:\/\/w-l-c.be\/wp-content\/uploads\/2018\/07\/EmmaPeetersNicolePalo-480x225.jpg 480w, https:\/\/w-l-c.be\/wp-content\/uploads\/2018\/07\/EmmaPeetersNicolePalo-768x360.jpg 768w, https:\/\/w-l-c.be\/wp-content\/uploads\/2018\/07\/EmmaPeetersNicolePalo.jpg 1600w\" sizes=\"auto, (max-width: 618px) 100vw, 618px\" \/><\/h4>\n<h4><em>Emma Peeters<\/em> de Nicole Palo<\/h4>\n<p><em>Emma Peeters<\/em>, deuxi\u00e8me long m\u00e9trage de Nicole Palo apr\u00e8s <em>Get Born<\/em> (sorti en 2008) sera pr\u00e9sent\u00e9 en cl\u00f4ture des Venice Days. Le film raconte l\u2019histoire de Emma. Elle va avoir 35 ans et, dans sa vie, elle n\u2019a rien fait de remarquable. Apr\u00e8s des ann\u00e9es de gal\u00e8re \u00e0 Paris \u00e0 essayer de devenir actrice, une id\u00e9e l\u2019enchante: elle d\u00e9cide de mettre fin \u00e0 ses jours et fixe la date \u00e0 la semaine suivante, le jour de son anniversaire. Au cours de ses pr\u00e9paratifs, Emma rencontre Alex Bodart, un employ\u00e9 de pompes fun\u00e8bres fantasque qui va l\u2019aider dans son entreprise t\u00e9m\u00e9raire. A force de stratag\u00e8mes pour cacher leurs sentiments, ils pourraient bien faire r\u00e9ussir le projet d\u2019Emma.<\/p>\n<p>Dans le r\u00f4le d&rsquo;Emma, on retrouve la com\u00e9dienne canadienne Monia Chokri, \u00e9g\u00e9rie de Xavier Dolan, que l&rsquo;on a pu voir en 2014 dans <em>Je suis \u00e0 toi<\/em> de David Lambert. Face \u00e0 elle,\u00a0Fabrice Adde, d\u00e9couvert en 2008 par Bouli Lanners, qui lui offre le r\u00f4le principal \u00e0 ses c\u00f4t\u00e9s dans\u00a0<em>Eldorado<\/em>. Le com\u00e9dien y r\u00e9v\u00e8le une nature lunaire et fantaisiste, re-crois\u00e9e depuis notamment chez Samuel Bench\u00e9trit (<em>Chez Gino, Chien<\/em>), Eric Judor (<em>L\u2019ar\u00e9oport, La Tour 2 contr\u00f4le infernale<\/em>), et m\u00eame chez Inarritu dans\u00a0<em>The Revenant<\/em>!<\/p>\n<p>Face \u00e0 ce couple, quelques valeurs sures du cin\u00e9ma belge, comme St\u00e9phanie Crayencour (<em>Faut pas lui dire, Un profil pour deux, Un petit boulot<\/em>), Thomas Mustin (<em>La Tr\u00eave, Grave, Les Survivants<\/em>), ou Jean-Henri Comp\u00e8re (<em>La Tr\u00eave, Les Chevaliers Blancs, Le Tout Nouveau Testament<\/em>)\u2026<\/p>\n<p><em>Emma Peeters<\/em> est produit par Take Five, il sera\u00a0distribu\u00e9 en Belgique par Imagine Films Distribution et sortira d\u00e9but 2019.<\/p>\n<p>&nbsp;<\/p>\n<p>Notons que l&rsquo;on retrouvera \u00e9galement le com\u00e9dien belge <a href=\"https:\/\/www.cinevox.be\/fr\/instacannes-arieh-worthalter\/\">Arieh Worthalter<\/a>\u00a0(que l&rsquo;on verra bient\u00f4t dans <a href=\"https:\/\/www.cinevox.be\/fr\/girl-a-corps-perdu\/\"><em>Girl<\/em><\/a>) au g\u00e9n\u00e9rique du film franco-suisse <em>Pearl<\/em> d&rsquo;Elsa Amiel et Bouli Lanners en t\u00eate d&rsquo;affiche de <em>C&rsquo;est \u00e7a l&rsquo;amour<\/em> de Claire Burger.<\/p>\n<p>&nbsp;<\/p>\n<p><strong>La 15\u00e8me \u00e9dition des Venice Days (Giornate degli Autori) se tiendra dans le cadre du Festival de Venise du 29 ao\u00fbt au 8 septembre prochains. Trois prix sont remis dans cette section, dont le Grand Prix a notamment \u00e9t\u00e9 remport\u00e9 par le film belge <em>Khadak<\/em> de Peter Brosens et Jessica Woodworth en 2005. Rendez-vous d\u00e9but septembre!<\/strong><\/p>\n","protected":false},"excerpt":{"rendered":"<p>Continuer de Joachim Lafosse, le nouveau film de Joachim Lafosse avec Virginie Efira et Kacey Mottet-Klein et Emma Peeters de Nicole Palo seront pr\u00e9sent\u00e9s en premi\u00e8re mondiale aux Venice Days, section parall\u00e8le de la Mostra de Venise. Continuer de Joachim Lafosse Continuer, le septi\u00e8me film de Joachim Lafosse (L&rsquo;Economie du couple, Les Chevaliers Blancs, A &hellip;<\/p>\n","protected":false},"author":343,"featured_media":211332,"comment_status":"closed","ping_status":"closed","sticky":false,"template":"","format":"standard","meta":{"ngg_post_thumbnail":0,"footnotes":""},"categories":[12],"tags":[2300,3774,801,2813,1904],"class_list":["post-211331","post","type-post","status-publish","format-standard","has-post-thumbnail","","category-awards","tag-continuer","tag-emma-peeters","tag-joachim-lafosse","tag-nicole-palo","tag-virginie-efira"],"yoast_head":"<!-- This site is optimized with the Yoast SEO plugin v20.4 - https:\/\/yoast.com\/wordpress\/plugins\/seo\/ -->\n<title>&quot;Continuer&quot; de Joachim Lafosse et &quot;Emma Peeters&quot; de Nicole Palo \u00e0 Venise! - w-l-c<\/title>\n<meta name=\"robots\" content=\"noindex, follow, max-snippet:-1, max-image-preview:large, max-video-preview:-1\" \/>\n<meta property=\"og:locale\" content=\"fr_FR\" \/>\n<meta property=\"og:type\" content=\"article\" \/>\n<meta property=\"og:title\" content=\"&quot;Continuer&quot; de Joachim Lafosse et &quot;Emma Peeters&quot; de Nicole Palo \u00e0 Venise! - w-l-c\" \/>\n<meta property=\"og:description\" content=\"Continuer de Joachim Lafosse, le nouveau film de Joachim Lafosse avec Virginie Efira et Kacey Mottet-Klein et Emma Peeters de Nicole Palo seront pr\u00e9sent\u00e9s en premi\u00e8re mondiale aux Venice Days, section parall\u00e8le de la Mostra de Venise. Continuer de Joachim Lafosse Continuer, le septi\u00e8me film de Joachim Lafosse (L&rsquo;Economie du couple, Les Chevaliers Blancs, A &hellip;\" \/>\n<meta property=\"og:url\" content=\"https:\/\/w-l-c.be\/fr\/continuer-de-joachim-lafosse-et-emma-peeters-de-nicole-palo-a-venise\/\" \/>\n<meta property=\"og:site_name\" content=\"w-l-c\" \/>\n<meta property=\"article:published_time\" content=\"2018-07-24T09:31:41+00:00\" \/>\n<meta property=\"article:modified_time\" content=\"2018-07-25T07:44:39+00:00\" \/>\n<meta property=\"og:image\" content=\"https:\/\/w-l-c.be\/wp-content\/uploads\/2018\/07\/VeniceDays-1.jpg\" \/>\n\t<meta property=\"og:image:width\" content=\"2400\" \/>\n\t<meta property=\"og:image:height\" content=\"1200\" \/>\n\t<meta property=\"og:image:type\" content=\"image\/jpeg\" \/>\n<meta name=\"author\" content=\"Aurore Engelen\" \/>\n<meta name=\"twitter:card\" content=\"summary_large_image\" \/>\n<meta name=\"twitter:label1\" content=\"\u00c9crit par\" \/>\n\t<meta name=\"twitter:data1\" content=\"Aurore Engelen\" \/>\n\t<meta name=\"twitter:label2\" content=\"Dur\u00e9e de lecture estim\u00e9e\" \/>\n\t<meta name=\"twitter:data2\" content=\"3 minutes\" \/>\n<script type=\"application\/ld+json\" class=\"yoast-schema-graph\">{\"@context\":\"https:\/\/schema.org\",\"@graph\":[{\"@type\":\"WebPage\",\"@id\":\"https:\/\/w-l-c.be\/fr\/continuer-de-joachim-lafosse-et-emma-peeters-de-nicole-palo-a-venise\/\",\"url\":\"https:\/\/w-l-c.be\/fr\/continuer-de-joachim-lafosse-et-emma-peeters-de-nicole-palo-a-venise\/\",\"name\":\"\\\"Continuer\\\" de Joachim Lafosse et \\\"Emma Peeters\\\" de Nicole Palo \u00e0 Venise! - w-l-c\",\"isPartOf\":{\"@id\":\"https:\/\/w-l-c.be\/fr\/#website\"},\"datePublished\":\"2018-07-24T09:31:41+00:00\",\"dateModified\":\"2018-07-25T07:44:39+00:00\",\"author\":{\"@id\":\"https:\/\/w-l-c.be\/fr\/#\/schema\/person\/8084b68c6b176142d073695c654dc7cf\"},\"breadcrumb\":{\"@id\":\"https:\/\/w-l-c.be\/fr\/continuer-de-joachim-lafosse-et-emma-peeters-de-nicole-palo-a-venise\/#breadcrumb\"},\"inLanguage\":\"fr-FR\",\"potentialAction\":[{\"@type\":\"ReadAction\",\"target\":[\"https:\/\/w-l-c.be\/fr\/continuer-de-joachim-lafosse-et-emma-peeters-de-nicole-palo-a-venise\/\"]}]},{\"@type\":\"BreadcrumbList\",\"@id\":\"https:\/\/w-l-c.be\/fr\/continuer-de-joachim-lafosse-et-emma-peeters-de-nicole-palo-a-venise\/#breadcrumb\",\"itemListElement\":[{\"@type\":\"ListItem\",\"position\":1,\"name\":\"Accueil\",\"item\":\"https:\/\/w-l-c.be\/fr\/\"},{\"@type\":\"ListItem\",\"position\":2,\"name\":\"\u00ab\u00a0Continuer\u00a0\u00bb de Joachim Lafosse et \u00ab\u00a0Emma Peeters\u00a0\u00bb de Nicole Palo \u00e0 Venise!\"}]},{\"@type\":\"WebSite\",\"@id\":\"https:\/\/w-l-c.be\/fr\/#website\",\"url\":\"https:\/\/w-l-c.be\/fr\/\",\"name\":\"w-l-c\",\"description\":\"Le cin\u00e9ma vu par les belges\",\"potentialAction\":[{\"@type\":\"SearchAction\",\"target\":{\"@type\":\"EntryPoint\",\"urlTemplate\":\"https:\/\/w-l-c.be\/fr\/?s={search_term_string}\"},\"query-input\":\"required name=search_term_string\"}],\"inLanguage\":\"fr-FR\"},{\"@type\":\"Person\",\"@id\":\"https:\/\/w-l-c.be\/fr\/#\/schema\/person\/8084b68c6b176142d073695c654dc7cf\",\"name\":\"Aurore Engelen\",\"url\":\"https:\/\/w-l-c.be\/fr\/author\/aurore-engelen\/\"}]}<\/script>\n<!-- \/ Yoast SEO plugin. -->","yoast_head_json":{"title":"\"Continuer\" de Joachim Lafosse et \"Emma Peeters\" de Nicole Palo \u00e0 Venise! - w-l-c","robots":{"index":"noindex","follow":"follow","max-snippet":"max-snippet:-1","max-image-preview":"max-image-preview:large","max-video-preview":"max-video-preview:-1"},"og_locale":"fr_FR","og_type":"article","og_title":"\"Continuer\" de Joachim Lafosse et \"Emma Peeters\" de Nicole Palo \u00e0 Venise! - w-l-c","og_description":"Continuer de Joachim Lafosse, le nouveau film de Joachim Lafosse avec Virginie Efira et Kacey Mottet-Klein et Emma Peeters de Nicole Palo seront pr\u00e9sent\u00e9s en premi\u00e8re mondiale aux Venice Days, section parall\u00e8le de la Mostra de Venise. Continuer de Joachim Lafosse Continuer, le septi\u00e8me film de Joachim Lafosse (L&rsquo;Economie du couple, Les Chevaliers Blancs, A &hellip;","og_url":"https:\/\/w-l-c.be\/fr\/continuer-de-joachim-lafosse-et-emma-peeters-de-nicole-palo-a-venise\/","og_site_name":"w-l-c","article_published_time":"2018-07-24T09:31:41+00:00","article_modified_time":"2018-07-25T07:44:39+00:00","og_image":[{"width":2400,"height":1200,"url":"https:\/\/w-l-c.be\/wp-content\/uploads\/2018\/07\/VeniceDays-1.jpg","type":"image\/jpeg"}],"author":"Aurore Engelen","twitter_card":"summary_large_image","twitter_misc":{"\u00c9crit par":"Aurore Engelen","Dur\u00e9e de lecture estim\u00e9e":"3 minutes"},"schema":{"@context":"https:\/\/schema.org","@graph":[{"@type":"WebPage","@id":"https:\/\/w-l-c.be\/fr\/continuer-de-joachim-lafosse-et-emma-peeters-de-nicole-palo-a-venise\/","url":"https:\/\/w-l-c.be\/fr\/continuer-de-joachim-lafosse-et-emma-peeters-de-nicole-palo-a-venise\/","name":"\"Continuer\" de Joachim Lafosse et \"Emma Peeters\" de Nicole Palo \u00e0 Venise! - w-l-c","isPartOf":{"@id":"https:\/\/w-l-c.be\/fr\/#website"},"datePublished":"2018-07-24T09:31:41+00:00","dateModified":"2018-07-25T07:44:39+00:00","author":{"@id":"https:\/\/w-l-c.be\/fr\/#\/schema\/person\/8084b68c6b176142d073695c654dc7cf"},"breadcrumb":{"@id":"https:\/\/w-l-c.be\/fr\/continuer-de-joachim-lafosse-et-emma-peeters-de-nicole-palo-a-venise\/#breadcrumb"},"inLanguage":"fr-FR","potentialAction":[{"@type":"ReadAction","target":["https:\/\/w-l-c.be\/fr\/continuer-de-joachim-lafosse-et-emma-peeters-de-nicole-palo-a-venise\/"]}]},{"@type":"BreadcrumbList","@id":"https:\/\/w-l-c.be\/fr\/continuer-de-joachim-lafosse-et-emma-peeters-de-nicole-palo-a-venise\/#breadcrumb","itemListElement":[{"@type":"ListItem","position":1,"name":"Accueil","item":"https:\/\/w-l-c.be\/fr\/"},{"@type":"ListItem","position":2,"name":"\u00ab\u00a0Continuer\u00a0\u00bb de Joachim Lafosse et \u00ab\u00a0Emma Peeters\u00a0\u00bb de Nicole Palo \u00e0 Venise!"}]},{"@type":"WebSite","@id":"https:\/\/w-l-c.be\/fr\/#website","url":"https:\/\/w-l-c.be\/fr\/","name":"w-l-c","description":"Le cin\u00e9ma vu par les belges","potentialAction":[{"@type":"SearchAction","target":{"@type":"EntryPoint","urlTemplate":"https:\/\/w-l-c.be\/fr\/?s={search_term_string}"},"query-input":"required name=search_term_string"}],"inLanguage":"fr-FR"},{"@type":"Person","@id":"https:\/\/w-l-c.be\/fr\/#\/schema\/person\/8084b68c6b176142d073695c654dc7cf","name":"Aurore Engelen","url":"https:\/\/w-l-c.be\/fr\/author\/aurore-engelen\/"}]}},"_links":{"self":[{"href":"https:\/\/w-l-c.be\/fr\/wp-json\/wp\/v2\/posts\/211331","targetHints":{"allow":["GET"]}}],"collection":[{"href":"https:\/\/w-l-c.be\/fr\/wp-json\/wp\/v2\/posts"}],"about":[{"href":"https:\/\/w-l-c.be\/fr\/wp-json\/wp\/v2\/types\/post"}],"author":[{"embeddable":true,"href":"https:\/\/w-l-c.be\/fr\/wp-json\/wp\/v2\/users\/343"}],"replies":[{"embeddable":true,"href":"https:\/\/w-l-c.be\/fr\/wp-json\/wp\/v2\/comments?post=211331"}],"version-history":[{"count":0,"href":"https:\/\/w-l-c.be\/fr\/wp-json\/wp\/v2\/posts\/211331\/revisions"}],"wp:featuredmedia":[{"embeddable":true,"href":"https:\/\/w-l-c.be\/fr\/wp-json\/wp\/v2\/media\/211332"}],"wp:attachment":[{"href":"https:\/\/w-l-c.be\/fr\/wp-json\/wp\/v2\/media?parent=211331"}],"wp:term":[{"taxonomy":"category","embeddable":true,"href":"https:\/\/w-l-c.be\/fr\/wp-json\/wp\/v2\/categories?post=211331"},{"taxonomy":"post_tag","embeddable":true,"href":"https:\/\/w-l-c.be\/fr\/wp-json\/wp\/v2\/tags?post=211331"}],"curies":[{"name":"wp","href":"https:\/\/api.w.org\/{rel}","templated":true}]}}