
{"id":211340,"date":"2018-07-24T13:20:40","date_gmt":"2018-07-24T11:20:40","guid":{"rendered":"https:\/\/www.cinevox.be\/?p=211340"},"modified":"2018-07-24T13:20:40","modified_gmt":"2018-07-24T11:20:40","slug":"teaser-dun-chateau-lautre-demmanuel-marre","status":"publish","type":"post","link":"https:\/\/w-l-c.be\/fr\/teaser-dun-chateau-lautre-demmanuel-marre\/","title":{"rendered":"Teaser: \u00ab\u00a0D&rsquo;un ch\u00e2teau l&rsquo;autre\u00a0\u00bb d&rsquo;Emmanuel Marre"},"content":{"rendered":"<p><strong>Printemps 2017, dans l&rsquo;entre-deux tours de l&rsquo;\u00e9lection pr\u00e9sidentielle fran\u00e7aise. Pierre, 25 ans, \u00e9tudiant boursier dans une grand \u00e9cole parisienne loge chez Francine, 75 ans, clou\u00e9e par le handicap dans un fauteuil roulant. Ils assistent, perplexes et d\u00e9sorient\u00e9s, \u00e0 la kermesse \u00e9lectorale qui se joue au dehors. Ils sont de bords politiques et de conditions sociales oppos\u00e9es, mais ils se livrent l\u2019un \u00e0 l\u2019autre. En attendant le verdict des urnes, Pierre essaie de s\u2019occuper du corps de Francine, et Francine essaie de soigner le ressentiment sourd de Pierre.<\/strong><\/p>\n<p><em>D&rsquo;un ch\u00e2teau l&rsquo;autre<\/em>, le nouveau film d&rsquo;Emmanuel Marre, qui s&rsquo;est distingu\u00e9 l&rsquo;ann\u00e9e derni\u00e8re avec <a href=\"https:\/\/www.cinevox.be\/fr\/film-de-lete-prix-jean-vigo-court-metrage\/\"><em>Le Film de l&rsquo;\u00e9t\u00e9<\/em><\/a>, largement prim\u00e9 en festivals, est s\u00e9lectionn\u00e9 au prestigieux Festival International du Film de Locarno. D\u00e9couvrez son teaser&#8230;<\/p>\n","protected":false},"excerpt":{"rendered":"<p>Printemps 2017, dans l&rsquo;entre-deux tours de l&rsquo;\u00e9lection pr\u00e9sidentielle fran\u00e7aise. Pierre, 25 ans, \u00e9tudiant boursier dans une grand \u00e9cole parisienne loge chez Francine, 75 ans, clou\u00e9e par le handicap dans un fauteuil roulant. Ils assistent, perplexes et d\u00e9sorient\u00e9s, \u00e0 la kermesse \u00e9lectorale qui se joue au dehors. Ils sont de bords politiques et de conditions sociales &hellip;<\/p>\n","protected":false},"author":343,"featured_media":211341,"comment_status":"closed","ping_status":"closed","sticky":false,"template":"","format":"standard","meta":{"ngg_post_thumbnail":0,"footnotes":""},"categories":[1923],"tags":[3744,2134],"class_list":["post-211340","post","type-post","status-publish","format-standard","has-post-thumbnail","","category-en-bref","tag-dun-chateau-lautre","tag-emmanuel-marre"],"yoast_head":"<!-- This site is optimized with the Yoast SEO plugin v20.4 - https:\/\/yoast.com\/wordpress\/plugins\/seo\/ -->\n<title>Teaser: &quot;D&#039;un ch\u00e2teau l&#039;autre&quot; d&#039;Emmanuel Marre - w-l-c<\/title>\n<meta name=\"robots\" content=\"noindex, follow, max-snippet:-1, max-image-preview:large, max-video-preview:-1\" \/>\n<meta property=\"og:locale\" content=\"fr_FR\" \/>\n<meta property=\"og:type\" content=\"article\" \/>\n<meta property=\"og:title\" content=\"Teaser: &quot;D&#039;un ch\u00e2teau l&#039;autre&quot; d&#039;Emmanuel Marre - w-l-c\" \/>\n<meta property=\"og:description\" content=\"Printemps 2017, dans l&rsquo;entre-deux tours de l&rsquo;\u00e9lection pr\u00e9sidentielle fran\u00e7aise. Pierre, 25 ans, \u00e9tudiant boursier dans une grand \u00e9cole parisienne loge chez Francine, 75 ans, clou\u00e9e par le handicap dans un fauteuil roulant. Ils assistent, perplexes et d\u00e9sorient\u00e9s, \u00e0 la kermesse \u00e9lectorale qui se joue au dehors. Ils sont de bords politiques et de conditions sociales &hellip;\" \/>\n<meta property=\"og:url\" content=\"https:\/\/w-l-c.be\/fr\/teaser-dun-chateau-lautre-demmanuel-marre\/\" \/>\n<meta property=\"og:site_name\" content=\"w-l-c\" \/>\n<meta property=\"article:published_time\" content=\"2018-07-24T11:20:40+00:00\" \/>\n<meta property=\"og:image\" content=\"https:\/\/w-l-c.be\/wp-content\/uploads\/2018\/07\/TeaserDunChateauLautre.jpg\" \/>\n\t<meta property=\"og:image:width\" content=\"828\" \/>\n\t<meta property=\"og:image:height\" content=\"436\" \/>\n\t<meta property=\"og:image:type\" content=\"image\/jpeg\" \/>\n<meta name=\"author\" content=\"Aurore Engelen\" \/>\n<meta name=\"twitter:card\" content=\"summary_large_image\" \/>\n<meta name=\"twitter:label1\" content=\"\u00c9crit par\" \/>\n\t<meta name=\"twitter:data1\" content=\"Aurore Engelen\" \/>\n\t<meta name=\"twitter:label2\" content=\"Dur\u00e9e de lecture estim\u00e9e\" \/>\n\t<meta name=\"twitter:data2\" content=\"1 minute\" \/>\n<script type=\"application\/ld+json\" class=\"yoast-schema-graph\">{\"@context\":\"https:\/\/schema.org\",\"@graph\":[{\"@type\":\"WebPage\",\"@id\":\"https:\/\/w-l-c.be\/fr\/teaser-dun-chateau-lautre-demmanuel-marre\/\",\"url\":\"https:\/\/w-l-c.be\/fr\/teaser-dun-chateau-lautre-demmanuel-marre\/\",\"name\":\"Teaser: \\\"D'un ch\u00e2teau l'autre\\\" d'Emmanuel Marre - w-l-c\",\"isPartOf\":{\"@id\":\"https:\/\/w-l-c.be\/fr\/#website\"},\"datePublished\":\"2018-07-24T11:20:40+00:00\",\"dateModified\":\"2018-07-24T11:20:40+00:00\",\"author\":{\"@id\":\"https:\/\/w-l-c.be\/fr\/#\/schema\/person\/8084b68c6b176142d073695c654dc7cf\"},\"breadcrumb\":{\"@id\":\"https:\/\/w-l-c.be\/fr\/teaser-dun-chateau-lautre-demmanuel-marre\/#breadcrumb\"},\"inLanguage\":\"fr-FR\",\"potentialAction\":[{\"@type\":\"ReadAction\",\"target\":[\"https:\/\/w-l-c.be\/fr\/teaser-dun-chateau-lautre-demmanuel-marre\/\"]}]},{\"@type\":\"BreadcrumbList\",\"@id\":\"https:\/\/w-l-c.be\/fr\/teaser-dun-chateau-lautre-demmanuel-marre\/#breadcrumb\",\"itemListElement\":[{\"@type\":\"ListItem\",\"position\":1,\"name\":\"Accueil\",\"item\":\"https:\/\/w-l-c.be\/fr\/\"},{\"@type\":\"ListItem\",\"position\":2,\"name\":\"Teaser: \u00ab\u00a0D&rsquo;un ch\u00e2teau l&rsquo;autre\u00a0\u00bb d&rsquo;Emmanuel Marre\"}]},{\"@type\":\"WebSite\",\"@id\":\"https:\/\/w-l-c.be\/fr\/#website\",\"url\":\"https:\/\/w-l-c.be\/fr\/\",\"name\":\"w-l-c\",\"description\":\"Le cin\u00e9ma vu par les belges\",\"potentialAction\":[{\"@type\":\"SearchAction\",\"target\":{\"@type\":\"EntryPoint\",\"urlTemplate\":\"https:\/\/w-l-c.be\/fr\/?s={search_term_string}\"},\"query-input\":\"required name=search_term_string\"}],\"inLanguage\":\"fr-FR\"},{\"@type\":\"Person\",\"@id\":\"https:\/\/w-l-c.be\/fr\/#\/schema\/person\/8084b68c6b176142d073695c654dc7cf\",\"name\":\"Aurore Engelen\",\"url\":\"https:\/\/w-l-c.be\/fr\/author\/aurore-engelen\/\"}]}<\/script>\n<!-- \/ Yoast SEO plugin. -->","yoast_head_json":{"title":"Teaser: \"D'un ch\u00e2teau l'autre\" d'Emmanuel Marre - w-l-c","robots":{"index":"noindex","follow":"follow","max-snippet":"max-snippet:-1","max-image-preview":"max-image-preview:large","max-video-preview":"max-video-preview:-1"},"og_locale":"fr_FR","og_type":"article","og_title":"Teaser: \"D'un ch\u00e2teau l'autre\" d'Emmanuel Marre - w-l-c","og_description":"Printemps 2017, dans l&rsquo;entre-deux tours de l&rsquo;\u00e9lection pr\u00e9sidentielle fran\u00e7aise. Pierre, 25 ans, \u00e9tudiant boursier dans une grand \u00e9cole parisienne loge chez Francine, 75 ans, clou\u00e9e par le handicap dans un fauteuil roulant. Ils assistent, perplexes et d\u00e9sorient\u00e9s, \u00e0 la kermesse \u00e9lectorale qui se joue au dehors. Ils sont de bords politiques et de conditions sociales &hellip;","og_url":"https:\/\/w-l-c.be\/fr\/teaser-dun-chateau-lautre-demmanuel-marre\/","og_site_name":"w-l-c","article_published_time":"2018-07-24T11:20:40+00:00","og_image":[{"width":828,"height":436,"url":"https:\/\/w-l-c.be\/wp-content\/uploads\/2018\/07\/TeaserDunChateauLautre.jpg","type":"image\/jpeg"}],"author":"Aurore Engelen","twitter_card":"summary_large_image","twitter_misc":{"\u00c9crit par":"Aurore Engelen","Dur\u00e9e de lecture estim\u00e9e":"1 minute"},"schema":{"@context":"https:\/\/schema.org","@graph":[{"@type":"WebPage","@id":"https:\/\/w-l-c.be\/fr\/teaser-dun-chateau-lautre-demmanuel-marre\/","url":"https:\/\/w-l-c.be\/fr\/teaser-dun-chateau-lautre-demmanuel-marre\/","name":"Teaser: \"D'un ch\u00e2teau l'autre\" d'Emmanuel Marre - w-l-c","isPartOf":{"@id":"https:\/\/w-l-c.be\/fr\/#website"},"datePublished":"2018-07-24T11:20:40+00:00","dateModified":"2018-07-24T11:20:40+00:00","author":{"@id":"https:\/\/w-l-c.be\/fr\/#\/schema\/person\/8084b68c6b176142d073695c654dc7cf"},"breadcrumb":{"@id":"https:\/\/w-l-c.be\/fr\/teaser-dun-chateau-lautre-demmanuel-marre\/#breadcrumb"},"inLanguage":"fr-FR","potentialAction":[{"@type":"ReadAction","target":["https:\/\/w-l-c.be\/fr\/teaser-dun-chateau-lautre-demmanuel-marre\/"]}]},{"@type":"BreadcrumbList","@id":"https:\/\/w-l-c.be\/fr\/teaser-dun-chateau-lautre-demmanuel-marre\/#breadcrumb","itemListElement":[{"@type":"ListItem","position":1,"name":"Accueil","item":"https:\/\/w-l-c.be\/fr\/"},{"@type":"ListItem","position":2,"name":"Teaser: \u00ab\u00a0D&rsquo;un ch\u00e2teau l&rsquo;autre\u00a0\u00bb d&rsquo;Emmanuel Marre"}]},{"@type":"WebSite","@id":"https:\/\/w-l-c.be\/fr\/#website","url":"https:\/\/w-l-c.be\/fr\/","name":"w-l-c","description":"Le cin\u00e9ma vu par les belges","potentialAction":[{"@type":"SearchAction","target":{"@type":"EntryPoint","urlTemplate":"https:\/\/w-l-c.be\/fr\/?s={search_term_string}"},"query-input":"required name=search_term_string"}],"inLanguage":"fr-FR"},{"@type":"Person","@id":"https:\/\/w-l-c.be\/fr\/#\/schema\/person\/8084b68c6b176142d073695c654dc7cf","name":"Aurore Engelen","url":"https:\/\/w-l-c.be\/fr\/author\/aurore-engelen\/"}]}},"_links":{"self":[{"href":"https:\/\/w-l-c.be\/fr\/wp-json\/wp\/v2\/posts\/211340","targetHints":{"allow":["GET"]}}],"collection":[{"href":"https:\/\/w-l-c.be\/fr\/wp-json\/wp\/v2\/posts"}],"about":[{"href":"https:\/\/w-l-c.be\/fr\/wp-json\/wp\/v2\/types\/post"}],"author":[{"embeddable":true,"href":"https:\/\/w-l-c.be\/fr\/wp-json\/wp\/v2\/users\/343"}],"replies":[{"embeddable":true,"href":"https:\/\/w-l-c.be\/fr\/wp-json\/wp\/v2\/comments?post=211340"}],"version-history":[{"count":0,"href":"https:\/\/w-l-c.be\/fr\/wp-json\/wp\/v2\/posts\/211340\/revisions"}],"wp:featuredmedia":[{"embeddable":true,"href":"https:\/\/w-l-c.be\/fr\/wp-json\/wp\/v2\/media\/211341"}],"wp:attachment":[{"href":"https:\/\/w-l-c.be\/fr\/wp-json\/wp\/v2\/media?parent=211340"}],"wp:term":[{"taxonomy":"category","embeddable":true,"href":"https:\/\/w-l-c.be\/fr\/wp-json\/wp\/v2\/categories?post=211340"},{"taxonomy":"post_tag","embeddable":true,"href":"https:\/\/w-l-c.be\/fr\/wp-json\/wp\/v2\/tags?post=211340"}],"curies":[{"name":"wp","href":"https:\/\/api.w.org\/{rel}","templated":true}]}}