
{"id":211353,"date":"2018-07-25T09:59:55","date_gmt":"2018-07-25T07:59:55","guid":{"rendered":"https:\/\/www.cinevox.be\/?p=211353"},"modified":"2018-07-25T18:18:26","modified_gmt":"2018-07-25T16:18:26","slug":"ma-reum-attention-mere-mechante","status":"publish","type":"post","link":"https:\/\/w-l-c.be\/fr\/ma-reum-attention-mere-mechante\/","title":{"rendered":"\u00ab\u00a0Ma Reum\u00a0\u00bb, attention,  m\u00e8re m\u00e9chante"},"content":{"rendered":"<p><strong>Ce mercredi 25 juillet sort dans les salles belges <em>Ma Reum<\/em>, com\u00e9die familiale de Fr\u00e9d\u00e9ric Quiring principalement tourn\u00e9e en Belgique, qui fait la part belle \u00e0 de nombreux jeunes com\u00e9diens belges.\u00a0<\/strong><\/p>\n<p class=\"p1\"><span class=\"s1\">Fanny est une m\u00e8re parfaite, voire plus-que-parfaite. Elle applique \u00e0 la lettre les principes du miracle morning, se pomponnant tout en cuisant des pancakes, ch\u00e9rit sa famille, la choie, la cajole, la dorlote, la soigne et lui mitonne de bons petits plats. Ajoutez \u00e0 cela qu\u2019elle n\u2019oublie pas de prendre soin d\u2019elle-m\u00eame, et vous aurez le portrait robot de la maman 2.0 id\u00e9ale. Elle est tellement parfaite, qu\u2019elle est blogueuse culinaire, c\u2019est dire. <\/span><\/p>\n<p><img loading=\"lazy\" decoding=\"async\" class=\"alignnone size-large wp-image-211356\" src=\"https:\/\/www.cinevox.be\/wp-content\/uploads\/2018\/07\/MaReumAudreyLamy-800x420.png\" alt=\"\" width=\"618\" height=\"324\" srcset=\"https:\/\/w-l-c.be\/wp-content\/uploads\/2018\/07\/MaReumAudreyLamy-800x420.png 800w, https:\/\/w-l-c.be\/wp-content\/uploads\/2018\/07\/MaReumAudreyLamy-480x252.png 480w, https:\/\/w-l-c.be\/wp-content\/uploads\/2018\/07\/MaReumAudreyLamy-768x403.png 768w, https:\/\/w-l-c.be\/wp-content\/uploads\/2018\/07\/MaReumAudreyLamy.png 1200w\" sizes=\"auto, (max-width: 618px) 100vw, 618px\" \/><\/p>\n<p class=\"p1\"><span class=\"s1\">Seulement voil\u00e0, tant de perfection, parfois, \u00e7a frise l\u2019obsession, et c\u2019est peu dire que Fanny peut par m\u00e9garde parfois un peu surprot\u00e9ger son fiston. Faut dire que la vie n\u2019est pas facile pour ce dernier: il a beau \u00eatre gentil comme une bonne p\u00e2te et mignon comme un cupcake, ses camarades semblent bien d\u00e9cider \u00e0 lui pourrir la vie (scolaire) en faisant de lui leur souffre-douleur pr\u00e9f\u00e9r\u00e9. <\/span><\/p>\n<p class=\"p1\"><span class=\"s1\">Alors quand Fanny d\u00e9couvre le pot-aux-roses, elle va mettre toute son ing\u00e9niosit\u00e9 de m\u00e9nag\u00e8re parfaite au service de la seule cause qui lui tient vraiment \u00e0 coeur: le bonheur retrouv\u00e9 de son fils.<\/span><\/p>\n<p><iframe loading=\"lazy\" title=\"Ma Reum - Bande Annonce Officielle - UGC Distribution\" width=\"618\" height=\"348\" src=\"https:\/\/www.youtube.com\/embed\/NKEUFQVQ16U?feature=oembed\" frameborder=\"0\" allow=\"accelerometer; autoplay; clipboard-write; encrypted-media; gyroscope; picture-in-picture; web-share\" referrerpolicy=\"strict-origin-when-cross-origin\" allowfullscreen><\/iframe><\/p>\n<p class=\"p1\"><span class=\"s1\"><i>Ma Reum<\/i>, com\u00e9die familiale \u00e0 l\u2019am\u00e9ricaine (enchainement hyper rythm\u00e9 des gags, acteurs hyper vitamin\u00e9s, l\u00e9g\u00e8re tendance aux blagues scatologiques et message soci\u00e9tal qui va bien), rel\u00e8ve le d\u00e9fi d\u2019exploiter avec \u00e9nergie le talent comique de ses com\u00e9diens, emmen\u00e9s par une Audrey Lamy dans une forme olympique, servie par son physique \u00e9lastique et son d\u00e9bit verbal ultrasonique. <\/span><\/p>\n<p class=\"p1\"><span class=\"s1\">Le film parle de harc\u00e8lement scolaire, sujet br\u00fblant s\u2019il en est, mais aussi du n\u00e9cessaire l\u00e2cher-prise de parents d\u00e9pass\u00e9s par leur id\u00e9al de perfection. Non, ils ne pourront pas \u00e9pargner \u00e0 leurs enfants tous les malheurs du monde. Oui, ceux-ci trouveront surement en eux la force n\u00e9cessaire pour y rem\u00e9dier. Un film sur le <em>bullying<\/em> donc, mais aussi sur l\u2019importance de laisser grandir ses enfants. Et l\u2019on se surprend \u00e0 rire des stratag\u00e8mes mis en place par une femme de 40 ans pour terroriser des enfants de 15 ans.<\/span><\/p>\n<p><img loading=\"lazy\" decoding=\"async\" class=\"alignnone size-full wp-image-211358\" src=\"https:\/\/www.cinevox.be\/wp-content\/uploads\/2018\/07\/ma-reum-5-620x413.jpg\" alt=\"\" width=\"620\" height=\"413\" srcset=\"https:\/\/w-l-c.be\/wp-content\/uploads\/2018\/07\/ma-reum-5-620x413.jpg 620w, https:\/\/w-l-c.be\/wp-content\/uploads\/2018\/07\/ma-reum-5-620x413-405x270.jpg 405w\" sizes=\"auto, (max-width: 620px) 100vw, 620px\" \/><\/p>\n<p class=\"p1\"><span class=\"s1\">Face \u00e0 la com\u00e9dienne fran\u00e7aise, on retrouve dans ce film principalement tourn\u00e9 en Belgique un cast de jeunes com\u00e9diens belges qui cr\u00e8vent l\u2019\u00e9cran, au premier rang desquels deux jeunes acteurs d\u00e9j\u00e0 aper\u00e7us sur nos grands \u00e9crans. Charlie Langendries, d\u00e9couvert dans <em>Boule et Bill 2<\/em>, joue le r\u00f4le d\u2019Arthur, t\u00eate-\u00e0-claque qui a plus d\u2019un tour dans son sac, et pour qui la vengeance est un plat qui se mange froid. Igor Van Dessel, d\u00e9j\u00e0 vu dans <em>L\u2019Echange des Princesses, Le Rire de ma m\u00e8re<\/em> ou encore <em>Le Fid\u00e8le<\/em>, rien que \u00e7a, joue quant \u00e0 lui le harceleur beau gosse mais pas bien malin qui va faire les frais de la fureur toute maternelle de Fanny. <\/span><\/p>\n<p class=\"p1\"><span class=\"s1\"><img loading=\"lazy\" decoding=\"async\" class=\"alignnone size-large wp-image-211357\" src=\"https:\/\/www.cinevox.be\/wp-content\/uploads\/2018\/07\/ma-reum.20180625022150-1-800x533.jpg\" alt=\"\" width=\"618\" height=\"412\" srcset=\"https:\/\/w-l-c.be\/wp-content\/uploads\/2018\/07\/ma-reum.20180625022150-1-800x533.jpg 800w, https:\/\/w-l-c.be\/wp-content\/uploads\/2018\/07\/ma-reum.20180625022150-1-405x270.jpg 405w, https:\/\/w-l-c.be\/wp-content\/uploads\/2018\/07\/ma-reum.20180625022150-1-768x512.jpg 768w, https:\/\/w-l-c.be\/wp-content\/uploads\/2018\/07\/ma-reum.20180625022150-1.jpg 900w\" sizes=\"auto, (max-width: 618px) 100vw, 618px\" \/><\/span><\/p>\n<p class=\"p1\"><span class=\"s1\">Tournage en Belgique oblige, on retrouve \u00e9galement quelques t\u00eates connues des spectateurs belges comme Tania Garbarski, Zidani, Kody, Ingrid Heiderscheidt, mais aussi de jeunes acteurs pas encore connus mais qui pourrait bien le devenir, comme Alice Verset, Louis Durant ou Martin Gillis.<\/span><\/p>\n<p class=\"p1\"><span class=\"s1\">Le film sort ce mercredi 25 juillet dans les salles belges. <\/span><\/p>\n","protected":false},"excerpt":{"rendered":"<p>Ce mercredi 25 juillet sort dans les salles belges Ma Reum, com\u00e9die familiale de Fr\u00e9d\u00e9ric Quiring principalement tourn\u00e9e en Belgique, qui fait la part belle \u00e0 de nombreux jeunes com\u00e9diens belges.\u00a0 Fanny est une m\u00e8re parfaite, voire plus-que-parfaite. Elle applique \u00e0 la lettre les principes du miracle morning, se pomponnant tout en cuisant des pancakes, &hellip;<\/p>\n","protected":false},"author":343,"featured_media":211355,"comment_status":"closed","ping_status":"closed","sticky":false,"template":"","format":"standard","meta":{"ngg_post_thumbnail":0,"footnotes":""},"categories":[10],"tags":[3780,2466,3779],"class_list":["post-211353","post","type-post","status-publish","format-standard","has-post-thumbnail","","category-a-l-affiche","tag-charles-langendries","tag-igor-van-dessel","tag-ma-reum"],"yoast_head":"<!-- This site is optimized with the Yoast SEO plugin v20.4 - https:\/\/yoast.com\/wordpress\/plugins\/seo\/ -->\n<title>&quot;Ma Reum&quot;, attention, m\u00e8re m\u00e9chante - w-l-c<\/title>\n<meta name=\"robots\" content=\"noindex, follow, max-snippet:-1, max-image-preview:large, max-video-preview:-1\" \/>\n<meta property=\"og:locale\" content=\"fr_FR\" \/>\n<meta property=\"og:type\" content=\"article\" \/>\n<meta property=\"og:title\" content=\"&quot;Ma Reum&quot;, attention, m\u00e8re m\u00e9chante - w-l-c\" \/>\n<meta property=\"og:description\" content=\"Ce mercredi 25 juillet sort dans les salles belges Ma Reum, com\u00e9die familiale de Fr\u00e9d\u00e9ric Quiring principalement tourn\u00e9e en Belgique, qui fait la part belle \u00e0 de nombreux jeunes com\u00e9diens belges.\u00a0 Fanny est une m\u00e8re parfaite, voire plus-que-parfaite. Elle applique \u00e0 la lettre les principes du miracle morning, se pomponnant tout en cuisant des pancakes, &hellip;\" \/>\n<meta property=\"og:url\" content=\"https:\/\/w-l-c.be\/fr\/ma-reum-attention-mere-mechante\/\" \/>\n<meta property=\"og:site_name\" content=\"w-l-c\" \/>\n<meta property=\"article:published_time\" content=\"2018-07-25T07:59:55+00:00\" \/>\n<meta property=\"article:modified_time\" content=\"2018-07-25T16:18:26+00:00\" \/>\n<meta property=\"og:image\" content=\"https:\/\/w-l-c.be\/wp-content\/uploads\/2018\/07\/ma-reum.20180625022150.jpg\" \/>\n\t<meta property=\"og:image:width\" content=\"900\" \/>\n\t<meta property=\"og:image:height\" content=\"567\" \/>\n\t<meta property=\"og:image:type\" content=\"image\/jpeg\" \/>\n<meta name=\"author\" content=\"Aurore Engelen\" \/>\n<meta name=\"twitter:card\" content=\"summary_large_image\" \/>\n<meta name=\"twitter:label1\" content=\"\u00c9crit par\" \/>\n\t<meta name=\"twitter:data1\" content=\"Aurore Engelen\" \/>\n\t<meta name=\"twitter:label2\" content=\"Dur\u00e9e de lecture estim\u00e9e\" \/>\n\t<meta name=\"twitter:data2\" content=\"3 minutes\" \/>\n<script type=\"application\/ld+json\" class=\"yoast-schema-graph\">{\"@context\":\"https:\/\/schema.org\",\"@graph\":[{\"@type\":\"WebPage\",\"@id\":\"https:\/\/w-l-c.be\/fr\/ma-reum-attention-mere-mechante\/\",\"url\":\"https:\/\/w-l-c.be\/fr\/ma-reum-attention-mere-mechante\/\",\"name\":\"\\\"Ma Reum\\\", attention, m\u00e8re m\u00e9chante - w-l-c\",\"isPartOf\":{\"@id\":\"https:\/\/w-l-c.be\/fr\/#website\"},\"datePublished\":\"2018-07-25T07:59:55+00:00\",\"dateModified\":\"2018-07-25T16:18:26+00:00\",\"author\":{\"@id\":\"https:\/\/w-l-c.be\/fr\/#\/schema\/person\/8084b68c6b176142d073695c654dc7cf\"},\"breadcrumb\":{\"@id\":\"https:\/\/w-l-c.be\/fr\/ma-reum-attention-mere-mechante\/#breadcrumb\"},\"inLanguage\":\"fr-FR\",\"potentialAction\":[{\"@type\":\"ReadAction\",\"target\":[\"https:\/\/w-l-c.be\/fr\/ma-reum-attention-mere-mechante\/\"]}]},{\"@type\":\"BreadcrumbList\",\"@id\":\"https:\/\/w-l-c.be\/fr\/ma-reum-attention-mere-mechante\/#breadcrumb\",\"itemListElement\":[{\"@type\":\"ListItem\",\"position\":1,\"name\":\"Accueil\",\"item\":\"https:\/\/w-l-c.be\/fr\/\"},{\"@type\":\"ListItem\",\"position\":2,\"name\":\"\u00ab\u00a0Ma Reum\u00a0\u00bb, attention, m\u00e8re m\u00e9chante\"}]},{\"@type\":\"WebSite\",\"@id\":\"https:\/\/w-l-c.be\/fr\/#website\",\"url\":\"https:\/\/w-l-c.be\/fr\/\",\"name\":\"w-l-c\",\"description\":\"Le cin\u00e9ma vu par les belges\",\"potentialAction\":[{\"@type\":\"SearchAction\",\"target\":{\"@type\":\"EntryPoint\",\"urlTemplate\":\"https:\/\/w-l-c.be\/fr\/?s={search_term_string}\"},\"query-input\":\"required name=search_term_string\"}],\"inLanguage\":\"fr-FR\"},{\"@type\":\"Person\",\"@id\":\"https:\/\/w-l-c.be\/fr\/#\/schema\/person\/8084b68c6b176142d073695c654dc7cf\",\"name\":\"Aurore Engelen\",\"url\":\"https:\/\/w-l-c.be\/fr\/author\/aurore-engelen\/\"}]}<\/script>\n<!-- \/ Yoast SEO plugin. -->","yoast_head_json":{"title":"\"Ma Reum\", attention, m\u00e8re m\u00e9chante - w-l-c","robots":{"index":"noindex","follow":"follow","max-snippet":"max-snippet:-1","max-image-preview":"max-image-preview:large","max-video-preview":"max-video-preview:-1"},"og_locale":"fr_FR","og_type":"article","og_title":"\"Ma Reum\", attention, m\u00e8re m\u00e9chante - w-l-c","og_description":"Ce mercredi 25 juillet sort dans les salles belges Ma Reum, com\u00e9die familiale de Fr\u00e9d\u00e9ric Quiring principalement tourn\u00e9e en Belgique, qui fait la part belle \u00e0 de nombreux jeunes com\u00e9diens belges.\u00a0 Fanny est une m\u00e8re parfaite, voire plus-que-parfaite. Elle applique \u00e0 la lettre les principes du miracle morning, se pomponnant tout en cuisant des pancakes, &hellip;","og_url":"https:\/\/w-l-c.be\/fr\/ma-reum-attention-mere-mechante\/","og_site_name":"w-l-c","article_published_time":"2018-07-25T07:59:55+00:00","article_modified_time":"2018-07-25T16:18:26+00:00","og_image":[{"width":900,"height":567,"url":"https:\/\/w-l-c.be\/wp-content\/uploads\/2018\/07\/ma-reum.20180625022150.jpg","type":"image\/jpeg"}],"author":"Aurore Engelen","twitter_card":"summary_large_image","twitter_misc":{"\u00c9crit par":"Aurore Engelen","Dur\u00e9e de lecture estim\u00e9e":"3 minutes"},"schema":{"@context":"https:\/\/schema.org","@graph":[{"@type":"WebPage","@id":"https:\/\/w-l-c.be\/fr\/ma-reum-attention-mere-mechante\/","url":"https:\/\/w-l-c.be\/fr\/ma-reum-attention-mere-mechante\/","name":"\"Ma Reum\", attention, m\u00e8re m\u00e9chante - w-l-c","isPartOf":{"@id":"https:\/\/w-l-c.be\/fr\/#website"},"datePublished":"2018-07-25T07:59:55+00:00","dateModified":"2018-07-25T16:18:26+00:00","author":{"@id":"https:\/\/w-l-c.be\/fr\/#\/schema\/person\/8084b68c6b176142d073695c654dc7cf"},"breadcrumb":{"@id":"https:\/\/w-l-c.be\/fr\/ma-reum-attention-mere-mechante\/#breadcrumb"},"inLanguage":"fr-FR","potentialAction":[{"@type":"ReadAction","target":["https:\/\/w-l-c.be\/fr\/ma-reum-attention-mere-mechante\/"]}]},{"@type":"BreadcrumbList","@id":"https:\/\/w-l-c.be\/fr\/ma-reum-attention-mere-mechante\/#breadcrumb","itemListElement":[{"@type":"ListItem","position":1,"name":"Accueil","item":"https:\/\/w-l-c.be\/fr\/"},{"@type":"ListItem","position":2,"name":"\u00ab\u00a0Ma Reum\u00a0\u00bb, attention, m\u00e8re m\u00e9chante"}]},{"@type":"WebSite","@id":"https:\/\/w-l-c.be\/fr\/#website","url":"https:\/\/w-l-c.be\/fr\/","name":"w-l-c","description":"Le cin\u00e9ma vu par les belges","potentialAction":[{"@type":"SearchAction","target":{"@type":"EntryPoint","urlTemplate":"https:\/\/w-l-c.be\/fr\/?s={search_term_string}"},"query-input":"required name=search_term_string"}],"inLanguage":"fr-FR"},{"@type":"Person","@id":"https:\/\/w-l-c.be\/fr\/#\/schema\/person\/8084b68c6b176142d073695c654dc7cf","name":"Aurore Engelen","url":"https:\/\/w-l-c.be\/fr\/author\/aurore-engelen\/"}]}},"_links":{"self":[{"href":"https:\/\/w-l-c.be\/fr\/wp-json\/wp\/v2\/posts\/211353","targetHints":{"allow":["GET"]}}],"collection":[{"href":"https:\/\/w-l-c.be\/fr\/wp-json\/wp\/v2\/posts"}],"about":[{"href":"https:\/\/w-l-c.be\/fr\/wp-json\/wp\/v2\/types\/post"}],"author":[{"embeddable":true,"href":"https:\/\/w-l-c.be\/fr\/wp-json\/wp\/v2\/users\/343"}],"replies":[{"embeddable":true,"href":"https:\/\/w-l-c.be\/fr\/wp-json\/wp\/v2\/comments?post=211353"}],"version-history":[{"count":0,"href":"https:\/\/w-l-c.be\/fr\/wp-json\/wp\/v2\/posts\/211353\/revisions"}],"wp:featuredmedia":[{"embeddable":true,"href":"https:\/\/w-l-c.be\/fr\/wp-json\/wp\/v2\/media\/211355"}],"wp:attachment":[{"href":"https:\/\/w-l-c.be\/fr\/wp-json\/wp\/v2\/media?parent=211353"}],"wp:term":[{"taxonomy":"category","embeddable":true,"href":"https:\/\/w-l-c.be\/fr\/wp-json\/wp\/v2\/categories?post=211353"},{"taxonomy":"post_tag","embeddable":true,"href":"https:\/\/w-l-c.be\/fr\/wp-json\/wp\/v2\/tags?post=211353"}],"curies":[{"name":"wp","href":"https:\/\/api.w.org\/{rel}","templated":true}]}}