
{"id":211385,"date":"2018-07-25T13:05:28","date_gmt":"2018-07-25T11:05:28","guid":{"rendered":"https:\/\/www.cinevox.be\/?p=211385"},"modified":"2018-07-26T10:36:02","modified_gmt":"2018-07-26T08:36:02","slug":"matthias-schoenaerts-olivier-gourmet-et-yolande-moreau-au-casting-de-la-75e-mostra-de-venise","status":"publish","type":"post","link":"https:\/\/w-l-c.be\/fr\/matthias-schoenaerts-olivier-gourmet-et-yolande-moreau-au-casting-de-la-75e-mostra-de-venise\/","title":{"rendered":"Matthias Schoenaerts, Olivier Gourmet et Yolande Moreau au casting de la 75e Mostra de Venise"},"content":{"rendered":"<p><strong>Apr\u00e8s les Venice Days hier (<a href=\"https:\/\/www.cinevox.be\/fr\/continuer-de-joachim-lafosse-et-emma-peeters-de-nicole-palo-a-venise\/\">o\u00f9 l&rsquo;on retrouve 2 films belges en lice<\/a>), c&rsquo;est au tour de la Mostra de Venise d&rsquo;annoncer sa\u00a0S\u00e9lection Officielle, au sein de laquelle on retrouve de nombreux com\u00e9diens belges.<\/strong><\/p>\n<h4>Matthias Schoenaerts dans <em>Fr\u00e8res Ennemis<\/em><\/h4>\n<p>Le com\u00e9dien flamand partage la t\u00eate d&rsquo;affiche avec Reda Kateb de ce thriller sign\u00e9 David Oelhoffen, qui suit les destins de Manuel et Driss. Ils ont grandi comme deux fr\u00e8res ins\u00e9parables dans la m\u00eame cit\u00e9. Mais aujourd\u2019hui tout les oppose. Manuel est \u00e0 la t\u00eate d\u2019un trafic de drogue, alors que Driss est devenu flic. Quand celui-ci est promu aux Stups, son retour bouleverse les \u00e9quilibres et met Manuel en danger.<\/p>\n<p>Au casting de ce film coproduit en Belgique par Versus Production, on retrouve \u00e9galement la com\u00e9dienne belge Astrid Whettnall. Le film est s\u00e9lection en Comp\u00e9tition. Le film sortira en France d\u00e9but octobre.<\/p>\n<p><img loading=\"lazy\" decoding=\"async\" class=\"alignnone size-large wp-image-211387\" src=\"https:\/\/www.cinevox.be\/wp-content\/uploads\/2018\/07\/FreresEnnemis-800x534.jpg\" alt=\"FreresEnnemis\" width=\"618\" height=\"413\" srcset=\"https:\/\/w-l-c.be\/wp-content\/uploads\/2018\/07\/FreresEnnemis-800x534.jpg 800w, https:\/\/w-l-c.be\/wp-content\/uploads\/2018\/07\/FreresEnnemis-405x270.jpg 405w, https:\/\/w-l-c.be\/wp-content\/uploads\/2018\/07\/FreresEnnemis-768x512.jpg 768w, https:\/\/w-l-c.be\/wp-content\/uploads\/2018\/07\/FreresEnnemis-110x75.jpg 110w, https:\/\/w-l-c.be\/wp-content\/uploads\/2018\/07\/FreresEnnemis.jpg 1600w\" sizes=\"auto, (max-width: 618px) 100vw, 618px\" \/><\/p>\n<h4>Olivier Gourmet dans <em>Un peuple et son roi<\/em><\/h4>\n<p>On a d\u00e9couvert il y a quelques jours les premi\u00e8res images du nouveau film de Pierre Schoeller, Un peu et son roi, qui s&rsquo;annonce particuli\u00e8rement \u00e9pique. Le r\u00e9alisateur y retrouve l&rsquo;un de ses acteurs f\u00e9tiche, Olivier Gourmet, dont la performance dans <em>L&rsquo;Exercice de l&rsquo;Etat<\/em> est rest\u00e9e dans les m\u00e9moires.<\/p>\n<p><em>Un peuple et son roi\u00a0<\/em>est<em>\u00a0<\/em>une fresque historique\u00a0en deux parties sur la R\u00e9volution fran\u00e7aise et la naissance de la R\u00e9publique : de la\u00a0D\u00e9claration des Droits de l\u2019Homme et du Citoyen de 1789\u00a0\u00e0 la cr\u00e9ation de la Constitution qui fonde le Directoire en 1795. Ou quand des hommes et des femmes ordinaires, pas encore citoyens, croisent la route des figures historiques l\u00e9gendaires\u00a0qui ont fait la r\u00e9volution, Robespierre, Danton, Marat.<\/p>\n<p>Autour du com\u00e9dien belge, on retrouve\u00a0Laurent Lafitte, qui campe le roi Louis XVI, Louis Garrel et Denis Lavant dans les r\u00f4les de Robespierre et Marat, mais aussi Gaspard Ulliel, No\u00e9mie Lvovsky, C\u00e9line Sallette, Iz\u00efa Higelin ou Ad\u00e8le Haenel. Le film, coproduit en Belgique par Les Films du Fleuve (la soci\u00e9t\u00e9 des fr\u00e8res Dardenne) est s\u00e9lectionn\u00e9 Hors Comp\u00e9tition, et sortira le 26 septembre prochain.<\/p>\n<p><iframe loading=\"lazy\" title=\"UN PEUPLE ET SON ROI - Bande Annonce Officielle (2018)\" width=\"618\" height=\"348\" src=\"https:\/\/www.youtube.com\/embed\/rexq82lZ-hg?feature=oembed\" frameborder=\"0\" allow=\"accelerometer; autoplay; clipboard-write; encrypted-media; gyroscope; picture-in-picture; web-share\" referrerpolicy=\"strict-origin-when-cross-origin\" allowfullscreen><\/iframe><\/p>\n<h4>Yolande Moreau dans <em>Les Estivants<\/em><\/h4>\n<p>Enfin, Yolande Moreau fait partie du casting choral du nouveau film de Valeria Bruni Tedeschi, <em>Les Estivants<\/em>, o\u00f9 l&rsquo;on retrouve \u00e9galement la r\u00e9alisatrice, mais aussi Pierre Arditi, Valeria Golino ou encore No\u00e9mie Lvovski.<\/p>\n<div class=\"content-txt\">Dans \u00a0une grande et belle propri\u00e9t\u00e9 sur la C\u00f4te d&rsquo;Azur, Anna arrive avec sa fille pour quelques jours de vacances. Au milieu de sa famille, de leurs amis, et des employ\u00e9s, Anna doit g\u00e9rer sa rupture toute fraiche et l&rsquo;\u00e9criture de son prochain film. Derri\u00e8re les rires, les col\u00e8res, les secrets percent les rapports de dominations, les peurs et les d\u00e9sirs. \u00a0Chacun se bouche les oreilles aux bruits du monde et doit se d\u00e9brouiller avec le myst\u00e8re de sa propre existence.<\/div>\n<div><\/div>\n<div>Le film est pr\u00e9sent\u00e9 Hors Comp\u00e9tition, et la sortie en France est pr\u00e9vue fin d\u00e9cembre.<\/div>\n<div><\/div>\n<div><img loading=\"lazy\" decoding=\"async\" class=\"alignnone size-large wp-image-211388\" src=\"https:\/\/www.cinevox.be\/wp-content\/uploads\/2018\/07\/LesEstivants-800x341.jpg\" alt=\"LesEstivants\" width=\"618\" height=\"263\" srcset=\"https:\/\/w-l-c.be\/wp-content\/uploads\/2018\/07\/LesEstivants-800x341.jpg 800w, https:\/\/w-l-c.be\/wp-content\/uploads\/2018\/07\/LesEstivants-480x204.jpg 480w, https:\/\/w-l-c.be\/wp-content\/uploads\/2018\/07\/LesEstivants-768x327.jpg 768w, https:\/\/w-l-c.be\/wp-content\/uploads\/2018\/07\/LesEstivants.jpg 838w\" sizes=\"auto, (max-width: 618px) 100vw, 618px\" \/><\/div>\n<div class=\"ovw-synopsis-info\"><\/div>\n<div class=\"panel\"><\/div>\n","protected":false},"excerpt":{"rendered":"<p>Apr\u00e8s les Venice Days hier (o\u00f9 l&rsquo;on retrouve 2 films belges en lice), c&rsquo;est au tour de la Mostra de Venise d&rsquo;annoncer sa\u00a0S\u00e9lection Officielle, au sein de laquelle on retrouve de nombreux com\u00e9diens belges. Matthias Schoenaerts dans Fr\u00e8res Ennemis Le com\u00e9dien flamand partage la t\u00eate d&rsquo;affiche avec Reda Kateb de ce thriller sign\u00e9 David Oelhoffen, &hellip;<\/p>\n","protected":false},"author":343,"featured_media":211391,"comment_status":"closed","ping_status":"closed","sticky":false,"template":"","format":"standard","meta":{"ngg_post_thumbnail":0,"footnotes":""},"categories":[12],"tags":[3784,897,823],"class_list":["post-211385","post","type-post","status-publish","format-standard","has-post-thumbnail","","category-awards","tag-matthias-schoenaert","tag-olivier-gourmet","tag-yolande-moreau"],"yoast_head":"<!-- This site is optimized with the Yoast SEO plugin v20.4 - https:\/\/yoast.com\/wordpress\/plugins\/seo\/ -->\n<title>Matthias Schoenaerts, Olivier Gourmet et Yolande Moreau au casting de la 75e Mostra de Venise - w-l-c<\/title>\n<meta name=\"robots\" content=\"noindex, follow, max-snippet:-1, max-image-preview:large, max-video-preview:-1\" \/>\n<meta property=\"og:locale\" content=\"fr_FR\" \/>\n<meta property=\"og:type\" content=\"article\" \/>\n<meta property=\"og:title\" content=\"Matthias Schoenaerts, Olivier Gourmet et Yolande Moreau au casting de la 75e Mostra de Venise - w-l-c\" \/>\n<meta property=\"og:description\" content=\"Apr\u00e8s les Venice Days hier (o\u00f9 l&rsquo;on retrouve 2 films belges en lice), c&rsquo;est au tour de la Mostra de Venise d&rsquo;annoncer sa\u00a0S\u00e9lection Officielle, au sein de laquelle on retrouve de nombreux com\u00e9diens belges. Matthias Schoenaerts dans Fr\u00e8res Ennemis Le com\u00e9dien flamand partage la t\u00eate d&rsquo;affiche avec Reda Kateb de ce thriller sign\u00e9 David Oelhoffen, &hellip;\" \/>\n<meta property=\"og:url\" content=\"https:\/\/w-l-c.be\/fr\/matthias-schoenaerts-olivier-gourmet-et-yolande-moreau-au-casting-de-la-75e-mostra-de-venise\/\" \/>\n<meta property=\"og:site_name\" content=\"w-l-c\" \/>\n<meta property=\"article:published_time\" content=\"2018-07-25T11:05:28+00:00\" \/>\n<meta property=\"article:modified_time\" content=\"2018-07-26T08:36:02+00:00\" \/>\n<meta property=\"og:image\" content=\"https:\/\/w-l-c.be\/wp-content\/uploads\/2018\/07\/UnPeupleEtSonRoiBis.jpg\" \/>\n\t<meta property=\"og:image:width\" content=\"2048\" \/>\n\t<meta property=\"og:image:height\" content=\"1365\" \/>\n\t<meta property=\"og:image:type\" content=\"image\/jpeg\" \/>\n<meta name=\"author\" content=\"Aurore Engelen\" \/>\n<meta name=\"twitter:card\" content=\"summary_large_image\" \/>\n<meta name=\"twitter:label1\" content=\"\u00c9crit par\" \/>\n\t<meta name=\"twitter:data1\" content=\"Aurore Engelen\" \/>\n\t<meta name=\"twitter:label2\" content=\"Dur\u00e9e de lecture estim\u00e9e\" \/>\n\t<meta name=\"twitter:data2\" content=\"3 minutes\" \/>\n<script type=\"application\/ld+json\" class=\"yoast-schema-graph\">{\"@context\":\"https:\/\/schema.org\",\"@graph\":[{\"@type\":\"WebPage\",\"@id\":\"https:\/\/w-l-c.be\/fr\/matthias-schoenaerts-olivier-gourmet-et-yolande-moreau-au-casting-de-la-75e-mostra-de-venise\/\",\"url\":\"https:\/\/w-l-c.be\/fr\/matthias-schoenaerts-olivier-gourmet-et-yolande-moreau-au-casting-de-la-75e-mostra-de-venise\/\",\"name\":\"Matthias Schoenaerts, Olivier Gourmet et Yolande Moreau au casting de la 75e Mostra de Venise - w-l-c\",\"isPartOf\":{\"@id\":\"https:\/\/w-l-c.be\/fr\/#website\"},\"datePublished\":\"2018-07-25T11:05:28+00:00\",\"dateModified\":\"2018-07-26T08:36:02+00:00\",\"author\":{\"@id\":\"https:\/\/w-l-c.be\/fr\/#\/schema\/person\/8084b68c6b176142d073695c654dc7cf\"},\"breadcrumb\":{\"@id\":\"https:\/\/w-l-c.be\/fr\/matthias-schoenaerts-olivier-gourmet-et-yolande-moreau-au-casting-de-la-75e-mostra-de-venise\/#breadcrumb\"},\"inLanguage\":\"fr-FR\",\"potentialAction\":[{\"@type\":\"ReadAction\",\"target\":[\"https:\/\/w-l-c.be\/fr\/matthias-schoenaerts-olivier-gourmet-et-yolande-moreau-au-casting-de-la-75e-mostra-de-venise\/\"]}]},{\"@type\":\"BreadcrumbList\",\"@id\":\"https:\/\/w-l-c.be\/fr\/matthias-schoenaerts-olivier-gourmet-et-yolande-moreau-au-casting-de-la-75e-mostra-de-venise\/#breadcrumb\",\"itemListElement\":[{\"@type\":\"ListItem\",\"position\":1,\"name\":\"Accueil\",\"item\":\"https:\/\/w-l-c.be\/fr\/\"},{\"@type\":\"ListItem\",\"position\":2,\"name\":\"Matthias Schoenaerts, Olivier Gourmet et Yolande Moreau au casting de la 75e Mostra de Venise\"}]},{\"@type\":\"WebSite\",\"@id\":\"https:\/\/w-l-c.be\/fr\/#website\",\"url\":\"https:\/\/w-l-c.be\/fr\/\",\"name\":\"w-l-c\",\"description\":\"Le cin\u00e9ma vu par les belges\",\"potentialAction\":[{\"@type\":\"SearchAction\",\"target\":{\"@type\":\"EntryPoint\",\"urlTemplate\":\"https:\/\/w-l-c.be\/fr\/?s={search_term_string}\"},\"query-input\":\"required name=search_term_string\"}],\"inLanguage\":\"fr-FR\"},{\"@type\":\"Person\",\"@id\":\"https:\/\/w-l-c.be\/fr\/#\/schema\/person\/8084b68c6b176142d073695c654dc7cf\",\"name\":\"Aurore Engelen\",\"url\":\"https:\/\/w-l-c.be\/fr\/author\/aurore-engelen\/\"}]}<\/script>\n<!-- \/ Yoast SEO plugin. -->","yoast_head_json":{"title":"Matthias Schoenaerts, Olivier Gourmet et Yolande Moreau au casting de la 75e Mostra de Venise - w-l-c","robots":{"index":"noindex","follow":"follow","max-snippet":"max-snippet:-1","max-image-preview":"max-image-preview:large","max-video-preview":"max-video-preview:-1"},"og_locale":"fr_FR","og_type":"article","og_title":"Matthias Schoenaerts, Olivier Gourmet et Yolande Moreau au casting de la 75e Mostra de Venise - w-l-c","og_description":"Apr\u00e8s les Venice Days hier (o\u00f9 l&rsquo;on retrouve 2 films belges en lice), c&rsquo;est au tour de la Mostra de Venise d&rsquo;annoncer sa\u00a0S\u00e9lection Officielle, au sein de laquelle on retrouve de nombreux com\u00e9diens belges. Matthias Schoenaerts dans Fr\u00e8res Ennemis Le com\u00e9dien flamand partage la t\u00eate d&rsquo;affiche avec Reda Kateb de ce thriller sign\u00e9 David Oelhoffen, &hellip;","og_url":"https:\/\/w-l-c.be\/fr\/matthias-schoenaerts-olivier-gourmet-et-yolande-moreau-au-casting-de-la-75e-mostra-de-venise\/","og_site_name":"w-l-c","article_published_time":"2018-07-25T11:05:28+00:00","article_modified_time":"2018-07-26T08:36:02+00:00","og_image":[{"width":2048,"height":1365,"url":"https:\/\/w-l-c.be\/wp-content\/uploads\/2018\/07\/UnPeupleEtSonRoiBis.jpg","type":"image\/jpeg"}],"author":"Aurore Engelen","twitter_card":"summary_large_image","twitter_misc":{"\u00c9crit par":"Aurore Engelen","Dur\u00e9e de lecture estim\u00e9e":"3 minutes"},"schema":{"@context":"https:\/\/schema.org","@graph":[{"@type":"WebPage","@id":"https:\/\/w-l-c.be\/fr\/matthias-schoenaerts-olivier-gourmet-et-yolande-moreau-au-casting-de-la-75e-mostra-de-venise\/","url":"https:\/\/w-l-c.be\/fr\/matthias-schoenaerts-olivier-gourmet-et-yolande-moreau-au-casting-de-la-75e-mostra-de-venise\/","name":"Matthias Schoenaerts, Olivier Gourmet et Yolande Moreau au casting de la 75e Mostra de Venise - w-l-c","isPartOf":{"@id":"https:\/\/w-l-c.be\/fr\/#website"},"datePublished":"2018-07-25T11:05:28+00:00","dateModified":"2018-07-26T08:36:02+00:00","author":{"@id":"https:\/\/w-l-c.be\/fr\/#\/schema\/person\/8084b68c6b176142d073695c654dc7cf"},"breadcrumb":{"@id":"https:\/\/w-l-c.be\/fr\/matthias-schoenaerts-olivier-gourmet-et-yolande-moreau-au-casting-de-la-75e-mostra-de-venise\/#breadcrumb"},"inLanguage":"fr-FR","potentialAction":[{"@type":"ReadAction","target":["https:\/\/w-l-c.be\/fr\/matthias-schoenaerts-olivier-gourmet-et-yolande-moreau-au-casting-de-la-75e-mostra-de-venise\/"]}]},{"@type":"BreadcrumbList","@id":"https:\/\/w-l-c.be\/fr\/matthias-schoenaerts-olivier-gourmet-et-yolande-moreau-au-casting-de-la-75e-mostra-de-venise\/#breadcrumb","itemListElement":[{"@type":"ListItem","position":1,"name":"Accueil","item":"https:\/\/w-l-c.be\/fr\/"},{"@type":"ListItem","position":2,"name":"Matthias Schoenaerts, Olivier Gourmet et Yolande Moreau au casting de la 75e Mostra de Venise"}]},{"@type":"WebSite","@id":"https:\/\/w-l-c.be\/fr\/#website","url":"https:\/\/w-l-c.be\/fr\/","name":"w-l-c","description":"Le cin\u00e9ma vu par les belges","potentialAction":[{"@type":"SearchAction","target":{"@type":"EntryPoint","urlTemplate":"https:\/\/w-l-c.be\/fr\/?s={search_term_string}"},"query-input":"required name=search_term_string"}],"inLanguage":"fr-FR"},{"@type":"Person","@id":"https:\/\/w-l-c.be\/fr\/#\/schema\/person\/8084b68c6b176142d073695c654dc7cf","name":"Aurore Engelen","url":"https:\/\/w-l-c.be\/fr\/author\/aurore-engelen\/"}]}},"_links":{"self":[{"href":"https:\/\/w-l-c.be\/fr\/wp-json\/wp\/v2\/posts\/211385","targetHints":{"allow":["GET"]}}],"collection":[{"href":"https:\/\/w-l-c.be\/fr\/wp-json\/wp\/v2\/posts"}],"about":[{"href":"https:\/\/w-l-c.be\/fr\/wp-json\/wp\/v2\/types\/post"}],"author":[{"embeddable":true,"href":"https:\/\/w-l-c.be\/fr\/wp-json\/wp\/v2\/users\/343"}],"replies":[{"embeddable":true,"href":"https:\/\/w-l-c.be\/fr\/wp-json\/wp\/v2\/comments?post=211385"}],"version-history":[{"count":0,"href":"https:\/\/w-l-c.be\/fr\/wp-json\/wp\/v2\/posts\/211385\/revisions"}],"wp:featuredmedia":[{"embeddable":true,"href":"https:\/\/w-l-c.be\/fr\/wp-json\/wp\/v2\/media\/211391"}],"wp:attachment":[{"href":"https:\/\/w-l-c.be\/fr\/wp-json\/wp\/v2\/media?parent=211385"}],"wp:term":[{"taxonomy":"category","embeddable":true,"href":"https:\/\/w-l-c.be\/fr\/wp-json\/wp\/v2\/categories?post=211385"},{"taxonomy":"post_tag","embeddable":true,"href":"https:\/\/w-l-c.be\/fr\/wp-json\/wp\/v2\/tags?post=211385"}],"curies":[{"name":"wp","href":"https:\/\/api.w.org\/{rel}","templated":true}]}}