
{"id":212121,"date":"2018-08-14T15:54:34","date_gmt":"2018-08-14T13:54:34","guid":{"rendered":"https:\/\/www.cinevox.be\/?p=212121"},"modified":"2018-08-16T08:26:21","modified_gmt":"2018-08-16T06:26:21","slug":"avant-premiere-mondiale-a-toronto-pour-duelles","status":"publish","type":"post","link":"https:\/\/w-l-c.be\/fr\/avant-premiere-mondiale-a-toronto-pour-duelles\/","title":{"rendered":"Avant-premi\u00e8re mondiale \u00e0 Toronto pour \u00ab\u00a0Duelles\u00a0\u00bb"},"content":{"rendered":"<p><strong>Attendu depuis plusieurs mois, <em>Duelles<\/em>, le nouveau film d&rsquo;Olivier Masset-Depasse avec Anne Coesens et Veerle Baetens dans les r\u00f4les titres sera pr\u00e9sent\u00e9 en avant-premi\u00e8re mondiale au Festival de Toronto en septembre prochain.<\/strong><\/p>\n<p><em>Duelles<\/em>\u00a0sera pr\u00e9sent\u00e9 en premi\u00e8re mondiale en \u00ab S\u00e9ance\u00a0sp\u00e9ciale \u00bb. Troisi\u00e8me long-m\u00e9trage (apr\u00e8s\u00a0<em>Cages<\/em>\u00a0et\u00a0<em>Ill\u00e9gal<\/em>)\u00a0du r\u00e9alisateur belge (qui a aussi r\u00e9alis\u00e9 le t\u00e9l\u00e9film\u00a0<em>Sanctuaire<\/em>\u00a0pour\u00a0Canal+),\u00a0<em>Duelles<\/em>\u00a0est un thriller psychologique tir\u00e9 du roman\u00a0<em>Derri\u00e8re\u00a0la haine\u00a0<\/em>de l\u2019auteure belge \u00e0 succ\u00e8s Barbara Abel. Le film raconte le face\u00a0\u00e0 face angoissant entre deux voisines, Alice et C\u00e9line, qui\u00a0\u00e9taient les\u00a0meilleures amies du monde jusqu\u2019\u00e0 ce qu\u2019un \u00e9v\u00e8nement tragique vienne\u00a0bouleverser leur quotidien.<\/p>\n<p><img loading=\"lazy\" decoding=\"async\" class=\"alignnone size-large wp-image-212187\" src=\"https:\/\/www.cinevox.be\/wp-content\/uploads\/2018\/08\/DuellesBis-800x578.jpg\" alt=\"\" width=\"618\" height=\"447\" srcset=\"https:\/\/w-l-c.be\/wp-content\/uploads\/2018\/08\/DuellesBis-800x578.jpg 800w, https:\/\/w-l-c.be\/wp-content\/uploads\/2018\/08\/DuellesBis-374x270.jpg 374w, https:\/\/w-l-c.be\/wp-content\/uploads\/2018\/08\/DuellesBis-768x554.jpg 768w, https:\/\/w-l-c.be\/wp-content\/uploads\/2018\/08\/DuellesBis-100x72.jpg 100w, https:\/\/w-l-c.be\/wp-content\/uploads\/2018\/08\/DuellesBis.jpg 960w\" sizes=\"auto, (max-width: 618px) 100vw, 618px\" \/><br class=\"\" \/><br class=\"\" \/><em>Duelles<\/em>\u00a0s\u2019appuie sur un casting essentiellement belge avec Veerle Baetens (<em>The Broken\u00a0Circle Breakdown<\/em>), Anne Coesens (<em>La Tr\u00eave, Ill\u00e9gal<\/em>), Arieh Worthalter (<em>Girl<\/em>),\u00a0Mehdi Nebbou, Jules Lefebvre et Luan Adam.<\/p>\n<p>Nous vous parlions plus en d\u00e9tail du film en juin 2017, \u00e0 l&rsquo;occasion d&rsquo;une <a href=\"https:\/\/www.cinevox.be\/fr\/tournage-de-duelles\/\">visite sur le tournage de <em>Duelles<\/em><\/a> dans un quartier cossu de Li\u00e8ge. Une opportunit\u00e9 exceptionnelle de d\u00e9couvrir les d\u00e9cors et les costumes particuli\u00e8rement soign\u00e9s de cette transposition dans les ann\u00e9es 60 du roman de Barbara Abel. <em>\u00ab\u00a0C\u2019est une histoire tr\u00e8s sombre, \u00e0 laquelle je voulais apporter\u00a0un contrepoint esth\u00e9tique fort. Les sc\u00e8nes se passent sous le soleil, dans des d\u00e9cors beaux et soign\u00e9s, \u00a0les moments\u00a0les plus durs sont film\u00e9s avec douceur, j\u2019avais envie de jouer avec les contrastes,\u00a0\u00bb<\/em> nous confiait alors le cin\u00e9aste.<\/p>\n<figure id=\"attachment_200672\" aria-describedby=\"caption-attachment-200672\" style=\"width: 618px\" class=\"wp-caption alignnone\"><img loading=\"lazy\" decoding=\"async\" class=\"size-large wp-image-200672\" src=\"https:\/\/www.cinevox.be\/wp-content\/uploads\/2017\/06\/DUELLES-Versus-production-c-Gae\u0308tan-Chekaiban4-751x600.jpg\" alt=\"\" width=\"618\" height=\"494\" srcset=\"https:\/\/w-l-c.be\/wp-content\/uploads\/2017\/06\/DUELLES-Versus-production-c-Gae\u0308tan-Chekaiban4-751x600.jpg 751w, https:\/\/w-l-c.be\/wp-content\/uploads\/2017\/06\/DUELLES-Versus-production-c-Gae\u0308tan-Chekaiban4-338x270.jpg 338w, https:\/\/w-l-c.be\/wp-content\/uploads\/2017\/06\/DUELLES-Versus-production-c-Gae\u0308tan-Chekaiban4-768x614.jpg 768w, https:\/\/w-l-c.be\/wp-content\/uploads\/2017\/06\/DUELLES-Versus-production-c-Gae\u0308tan-Chekaiban4.jpg 1481w\" sizes=\"auto, (max-width: 618px) 100vw, 618px\" \/><figcaption id=\"caption-attachment-200672\" class=\"wp-caption-text\">Versus production (c) Ga\u00ebtan Chekaiban<\/figcaption><\/figure>\n<p>C&rsquo;est peu dire que l&rsquo;on a d\u00e9sormais h\u00e2te de d\u00e9couvrir le film termin\u00e9 sur grand \u00e9cran. Produit par Versus, <em>Duelles<\/em> sortira en Belgique d\u00e9but 2019.<\/p>\n<hr \/>\n<p>&nbsp;<\/p>\n<p>D&rsquo;autres films belges seront \u00e9galement projet\u00e9 \u00e0 Toronto, dont Au temps o\u00f9 les Arabes dansaient de Jawad Rhalib<a href=\"https:\/\/www.cinevox.be\/fr\/la-nouveau-film-de-jawad-rhalib-en-selection-a-toronto\/\"> dont nous vous parlions la semaine derni\u00e8re<\/a>, tandis que\u00a0<a href=\"https:\/\/www.cinevox.be\/fr\/girl-a-corps-perdu\/\"><em>Girl<\/em><\/a>, au g\u00e9n\u00e9rique duquel on retrouve d&rsquo;ailleurs Arieh Worthalter, premier long m\u00e9trage du jeune r\u00e9alisateur\u00a0flamand Lukas Dhont fera l&rsquo;objet d&rsquo;une s\u00e9ance sp\u00e9ciale.\u00a0En s\u00e9ance sp\u00e9ciale \u00e9galement, on retrouvera <em>Les Filles du soleil<\/em>\u00a0d\u2019Eva Husson, coproduit en Belgique par Gapbusters.<\/p>\n<p>Enfin, notons \u00e9galement la s\u00e9lection dans la cat\u00e9gorie Contemporary World Cinema du nouveau film de Koen Mortier, <em>Un ange<\/em>, avec Vincent Rottiers et Fatou Ndiaye, une coproduction Czar et Anonyme Films (<a href=\"https:\/\/www.cinevox.be\/fr\/laissez-bronzer-cadavres-feu-dartifice-sensoriel\/\"><em>Laissez bronzer les cadavres<\/em><\/a>).<\/p>\n<p><iframe loading=\"lazy\" src=\"https:\/\/www.youtube.com\/embed\/u73zs5FHoNU\" width=\"560\" height=\"315\" frameborder=\"0\" allowfullscreen=\"allowfullscreen\"><\/iframe><\/p>\n<p>On retrouvera \u00e9galement dans la s\u00e9lection le nouveau film de Thomas Vinterberg, <em>Kursk<\/em>, coproduit par Belga et en partie tourn\u00e9 en Belgique, dans lequel on retrouve de nombreux com\u00e9diens et figurants belges, dont Matthias Schoenaerts&#8230;<\/p>\n<p><img loading=\"lazy\" decoding=\"async\" class=\"alignnone size-large wp-image-212190\" src=\"https:\/\/www.cinevox.be\/wp-content\/uploads\/2018\/08\/Kursk-Matthias-SChoenaerts-800x400.jpg\" alt=\"\" width=\"618\" height=\"309\" srcset=\"https:\/\/w-l-c.be\/wp-content\/uploads\/2018\/08\/Kursk-Matthias-SChoenaerts-800x400.jpg 800w, https:\/\/w-l-c.be\/wp-content\/uploads\/2018\/08\/Kursk-Matthias-SChoenaerts-480x240.jpg 480w, https:\/\/w-l-c.be\/wp-content\/uploads\/2018\/08\/Kursk-Matthias-SChoenaerts-768x384.jpg 768w, https:\/\/w-l-c.be\/wp-content\/uploads\/2018\/08\/Kursk-Matthias-SChoenaerts-660x330.jpg 660w, https:\/\/w-l-c.be\/wp-content\/uploads\/2018\/08\/Kursk-Matthias-SChoenaerts.jpg 960w\" sizes=\"auto, (max-width: 618px) 100vw, 618px\" \/><\/p>\n<p><br class=\"\" \/>Le Festival International du Film de Toronto na\u00eet\u00a0en 1976. Cette manifestation cin\u00e9matographique est reconnue comme l&rsquo;un des\u00a0\u00e9v\u00e9nements mondiaux majeurs dans le monde du cin\u00e9ma, tant en termes de\u00a0fr\u00e9quentation (plus de 280 000 spectateurs) qu&rsquo;au titre de la fr\u00e9quentation\u00a0professionnelle. Le TIFF \u00e9tant majoritairement non-comp\u00e9titif, les films seront\u00a0n\u00e9anmoins en lice pour le Prix du Public.<\/p>\n","protected":false},"excerpt":{"rendered":"<p>Attendu depuis plusieurs mois, Duelles, le nouveau film d&rsquo;Olivier Masset-Depasse avec Anne Coesens et Veerle Baetens dans les r\u00f4les titres sera pr\u00e9sent\u00e9 en avant-premi\u00e8re mondiale au Festival de Toronto en septembre prochain. Duelles\u00a0sera pr\u00e9sent\u00e9 en premi\u00e8re mondiale en \u00ab S\u00e9ance\u00a0sp\u00e9ciale \u00bb. Troisi\u00e8me long-m\u00e9trage (apr\u00e8s\u00a0Cages\u00a0et\u00a0Ill\u00e9gal)\u00a0du r\u00e9alisateur belge (qui a aussi r\u00e9alis\u00e9 le t\u00e9l\u00e9film\u00a0Sanctuaire\u00a0pour\u00a0Canal+),\u00a0Duelles\u00a0est un thriller psychologique &hellip;<\/p>\n","protected":false},"author":343,"featured_media":212122,"comment_status":"closed","ping_status":"closed","sticky":false,"template":"","format":"standard","meta":{"ngg_post_thumbnail":0,"footnotes":""},"categories":[12],"tags":[2137,2135,2136,66],"class_list":["post-212121","post","type-post","status-publish","format-standard","has-post-thumbnail","","category-awards","tag-anne-coesens","tag-duelles","tag-olivier-masset-depasse","tag-veerle-baetens"],"yoast_head":"<!-- This site is optimized with the Yoast SEO plugin v20.4 - https:\/\/yoast.com\/wordpress\/plugins\/seo\/ -->\n<title>Avant-premi\u00e8re mondiale \u00e0 Toronto pour &quot;Duelles&quot; - w-l-c<\/title>\n<meta name=\"robots\" content=\"noindex, follow, max-snippet:-1, max-image-preview:large, max-video-preview:-1\" \/>\n<meta property=\"og:locale\" content=\"fr_FR\" \/>\n<meta property=\"og:type\" content=\"article\" \/>\n<meta property=\"og:title\" content=\"Avant-premi\u00e8re mondiale \u00e0 Toronto pour &quot;Duelles&quot; - w-l-c\" \/>\n<meta property=\"og:description\" content=\"Attendu depuis plusieurs mois, Duelles, le nouveau film d&rsquo;Olivier Masset-Depasse avec Anne Coesens et Veerle Baetens dans les r\u00f4les titres sera pr\u00e9sent\u00e9 en avant-premi\u00e8re mondiale au Festival de Toronto en septembre prochain. Duelles\u00a0sera pr\u00e9sent\u00e9 en premi\u00e8re mondiale en \u00ab S\u00e9ance\u00a0sp\u00e9ciale \u00bb. Troisi\u00e8me long-m\u00e9trage (apr\u00e8s\u00a0Cages\u00a0et\u00a0Ill\u00e9gal)\u00a0du r\u00e9alisateur belge (qui a aussi r\u00e9alis\u00e9 le t\u00e9l\u00e9film\u00a0Sanctuaire\u00a0pour\u00a0Canal+),\u00a0Duelles\u00a0est un thriller psychologique &hellip;\" \/>\n<meta property=\"og:url\" content=\"https:\/\/w-l-c.be\/fr\/avant-premiere-mondiale-a-toronto-pour-duelles\/\" \/>\n<meta property=\"og:site_name\" content=\"w-l-c\" \/>\n<meta property=\"article:published_time\" content=\"2018-08-14T13:54:34+00:00\" \/>\n<meta property=\"article:modified_time\" content=\"2018-08-16T06:26:21+00:00\" \/>\n<meta property=\"og:image\" content=\"https:\/\/w-l-c.be\/wp-content\/uploads\/2018\/08\/DUELLES_ANDREA-DAINEF-34-copie.jpg\" \/>\n\t<meta property=\"og:image:width\" content=\"4756\" \/>\n\t<meta property=\"og:image:height\" content=\"3171\" \/>\n\t<meta property=\"og:image:type\" content=\"image\/jpeg\" \/>\n<meta name=\"author\" content=\"Aurore Engelen\" \/>\n<meta name=\"twitter:card\" content=\"summary_large_image\" \/>\n<meta name=\"twitter:label1\" content=\"\u00c9crit par\" \/>\n\t<meta name=\"twitter:data1\" content=\"Aurore Engelen\" \/>\n\t<meta name=\"twitter:label2\" content=\"Dur\u00e9e de lecture estim\u00e9e\" \/>\n\t<meta name=\"twitter:data2\" content=\"3 minutes\" \/>\n<script type=\"application\/ld+json\" class=\"yoast-schema-graph\">{\"@context\":\"https:\/\/schema.org\",\"@graph\":[{\"@type\":\"WebPage\",\"@id\":\"https:\/\/w-l-c.be\/fr\/avant-premiere-mondiale-a-toronto-pour-duelles\/\",\"url\":\"https:\/\/w-l-c.be\/fr\/avant-premiere-mondiale-a-toronto-pour-duelles\/\",\"name\":\"Avant-premi\u00e8re mondiale \u00e0 Toronto pour \\\"Duelles\\\" - w-l-c\",\"isPartOf\":{\"@id\":\"https:\/\/w-l-c.be\/fr\/#website\"},\"datePublished\":\"2018-08-14T13:54:34+00:00\",\"dateModified\":\"2018-08-16T06:26:21+00:00\",\"author\":{\"@id\":\"https:\/\/w-l-c.be\/fr\/#\/schema\/person\/8084b68c6b176142d073695c654dc7cf\"},\"breadcrumb\":{\"@id\":\"https:\/\/w-l-c.be\/fr\/avant-premiere-mondiale-a-toronto-pour-duelles\/#breadcrumb\"},\"inLanguage\":\"fr-FR\",\"potentialAction\":[{\"@type\":\"ReadAction\",\"target\":[\"https:\/\/w-l-c.be\/fr\/avant-premiere-mondiale-a-toronto-pour-duelles\/\"]}]},{\"@type\":\"BreadcrumbList\",\"@id\":\"https:\/\/w-l-c.be\/fr\/avant-premiere-mondiale-a-toronto-pour-duelles\/#breadcrumb\",\"itemListElement\":[{\"@type\":\"ListItem\",\"position\":1,\"name\":\"Accueil\",\"item\":\"https:\/\/w-l-c.be\/fr\/\"},{\"@type\":\"ListItem\",\"position\":2,\"name\":\"Avant-premi\u00e8re mondiale \u00e0 Toronto pour \u00ab\u00a0Duelles\u00a0\u00bb\"}]},{\"@type\":\"WebSite\",\"@id\":\"https:\/\/w-l-c.be\/fr\/#website\",\"url\":\"https:\/\/w-l-c.be\/fr\/\",\"name\":\"w-l-c\",\"description\":\"Le cin\u00e9ma vu par les belges\",\"potentialAction\":[{\"@type\":\"SearchAction\",\"target\":{\"@type\":\"EntryPoint\",\"urlTemplate\":\"https:\/\/w-l-c.be\/fr\/?s={search_term_string}\"},\"query-input\":\"required name=search_term_string\"}],\"inLanguage\":\"fr-FR\"},{\"@type\":\"Person\",\"@id\":\"https:\/\/w-l-c.be\/fr\/#\/schema\/person\/8084b68c6b176142d073695c654dc7cf\",\"name\":\"Aurore Engelen\",\"url\":\"https:\/\/w-l-c.be\/fr\/author\/aurore-engelen\/\"}]}<\/script>\n<!-- \/ Yoast SEO plugin. -->","yoast_head_json":{"title":"Avant-premi\u00e8re mondiale \u00e0 Toronto pour \"Duelles\" - w-l-c","robots":{"index":"noindex","follow":"follow","max-snippet":"max-snippet:-1","max-image-preview":"max-image-preview:large","max-video-preview":"max-video-preview:-1"},"og_locale":"fr_FR","og_type":"article","og_title":"Avant-premi\u00e8re mondiale \u00e0 Toronto pour \"Duelles\" - w-l-c","og_description":"Attendu depuis plusieurs mois, Duelles, le nouveau film d&rsquo;Olivier Masset-Depasse avec Anne Coesens et Veerle Baetens dans les r\u00f4les titres sera pr\u00e9sent\u00e9 en avant-premi\u00e8re mondiale au Festival de Toronto en septembre prochain. Duelles\u00a0sera pr\u00e9sent\u00e9 en premi\u00e8re mondiale en \u00ab S\u00e9ance\u00a0sp\u00e9ciale \u00bb. Troisi\u00e8me long-m\u00e9trage (apr\u00e8s\u00a0Cages\u00a0et\u00a0Ill\u00e9gal)\u00a0du r\u00e9alisateur belge (qui a aussi r\u00e9alis\u00e9 le t\u00e9l\u00e9film\u00a0Sanctuaire\u00a0pour\u00a0Canal+),\u00a0Duelles\u00a0est un thriller psychologique &hellip;","og_url":"https:\/\/w-l-c.be\/fr\/avant-premiere-mondiale-a-toronto-pour-duelles\/","og_site_name":"w-l-c","article_published_time":"2018-08-14T13:54:34+00:00","article_modified_time":"2018-08-16T06:26:21+00:00","og_image":[{"width":4756,"height":3171,"url":"https:\/\/w-l-c.be\/wp-content\/uploads\/2018\/08\/DUELLES_ANDREA-DAINEF-34-copie.jpg","type":"image\/jpeg"}],"author":"Aurore Engelen","twitter_card":"summary_large_image","twitter_misc":{"\u00c9crit par":"Aurore Engelen","Dur\u00e9e de lecture estim\u00e9e":"3 minutes"},"schema":{"@context":"https:\/\/schema.org","@graph":[{"@type":"WebPage","@id":"https:\/\/w-l-c.be\/fr\/avant-premiere-mondiale-a-toronto-pour-duelles\/","url":"https:\/\/w-l-c.be\/fr\/avant-premiere-mondiale-a-toronto-pour-duelles\/","name":"Avant-premi\u00e8re mondiale \u00e0 Toronto pour \"Duelles\" - w-l-c","isPartOf":{"@id":"https:\/\/w-l-c.be\/fr\/#website"},"datePublished":"2018-08-14T13:54:34+00:00","dateModified":"2018-08-16T06:26:21+00:00","author":{"@id":"https:\/\/w-l-c.be\/fr\/#\/schema\/person\/8084b68c6b176142d073695c654dc7cf"},"breadcrumb":{"@id":"https:\/\/w-l-c.be\/fr\/avant-premiere-mondiale-a-toronto-pour-duelles\/#breadcrumb"},"inLanguage":"fr-FR","potentialAction":[{"@type":"ReadAction","target":["https:\/\/w-l-c.be\/fr\/avant-premiere-mondiale-a-toronto-pour-duelles\/"]}]},{"@type":"BreadcrumbList","@id":"https:\/\/w-l-c.be\/fr\/avant-premiere-mondiale-a-toronto-pour-duelles\/#breadcrumb","itemListElement":[{"@type":"ListItem","position":1,"name":"Accueil","item":"https:\/\/w-l-c.be\/fr\/"},{"@type":"ListItem","position":2,"name":"Avant-premi\u00e8re mondiale \u00e0 Toronto pour \u00ab\u00a0Duelles\u00a0\u00bb"}]},{"@type":"WebSite","@id":"https:\/\/w-l-c.be\/fr\/#website","url":"https:\/\/w-l-c.be\/fr\/","name":"w-l-c","description":"Le cin\u00e9ma vu par les belges","potentialAction":[{"@type":"SearchAction","target":{"@type":"EntryPoint","urlTemplate":"https:\/\/w-l-c.be\/fr\/?s={search_term_string}"},"query-input":"required name=search_term_string"}],"inLanguage":"fr-FR"},{"@type":"Person","@id":"https:\/\/w-l-c.be\/fr\/#\/schema\/person\/8084b68c6b176142d073695c654dc7cf","name":"Aurore Engelen","url":"https:\/\/w-l-c.be\/fr\/author\/aurore-engelen\/"}]}},"_links":{"self":[{"href":"https:\/\/w-l-c.be\/fr\/wp-json\/wp\/v2\/posts\/212121","targetHints":{"allow":["GET"]}}],"collection":[{"href":"https:\/\/w-l-c.be\/fr\/wp-json\/wp\/v2\/posts"}],"about":[{"href":"https:\/\/w-l-c.be\/fr\/wp-json\/wp\/v2\/types\/post"}],"author":[{"embeddable":true,"href":"https:\/\/w-l-c.be\/fr\/wp-json\/wp\/v2\/users\/343"}],"replies":[{"embeddable":true,"href":"https:\/\/w-l-c.be\/fr\/wp-json\/wp\/v2\/comments?post=212121"}],"version-history":[{"count":0,"href":"https:\/\/w-l-c.be\/fr\/wp-json\/wp\/v2\/posts\/212121\/revisions"}],"wp:featuredmedia":[{"embeddable":true,"href":"https:\/\/w-l-c.be\/fr\/wp-json\/wp\/v2\/media\/212122"}],"wp:attachment":[{"href":"https:\/\/w-l-c.be\/fr\/wp-json\/wp\/v2\/media?parent=212121"}],"wp:term":[{"taxonomy":"category","embeddable":true,"href":"https:\/\/w-l-c.be\/fr\/wp-json\/wp\/v2\/categories?post=212121"},{"taxonomy":"post_tag","embeddable":true,"href":"https:\/\/w-l-c.be\/fr\/wp-json\/wp\/v2\/tags?post=212121"}],"curies":[{"name":"wp","href":"https:\/\/api.w.org\/{rel}","templated":true}]}}