
{"id":212287,"date":"2018-08-20T12:06:11","date_gmt":"2018-08-20T10:06:11","guid":{"rendered":"https:\/\/www.cinevox.be\/?p=212287"},"modified":"2018-08-21T16:02:51","modified_gmt":"2018-08-21T14:02:51","slug":"lukas-deconstructing-jcvd","status":"publish","type":"post","link":"https:\/\/w-l-c.be\/fr\/lukas-deconstructing-jcvd\/","title":{"rendered":"\u00ab\u00a0Lukas\u00a0\u00bb: deconstructing JCVD"},"content":{"rendered":"<p><strong>Avec <em>Lukas<\/em>, thriller bien dense dans les r\u00e8gles d&rsquo;un art du film noir volontairement surann\u00e9 red\u00e9couvre l&rsquo;incroyable objet cin\u00e9matographique que peut \u00eatre Jean-Claude Van Damme, qui d\u00e9voile ici une facette assez in\u00e9dite de son talent.\u00a0<\/strong><\/p>\n<p>Lukas, ancien garde du corps, enchaine les petits boulots de s\u00e9curit\u00e9 dans des boites de nuit pour pouvoir \u00e9lever sa fille de 8 ans. Suite \u00e0 un incident, il se retrouve contraint de collaborer avec la police. Sa mission: infiltrer l\u2019organisation d\u2019un dangereux chef de gang flamand, s&rsquo;enfon\u00e7ant ainsi dans une spirale de violence inextricable.<\/p>\n<p>Lukas est un polar aride et minimaliste, o\u00f9 les sc\u00e8nes d&rsquo;action, finalement plut\u00f4t rares, plut\u00f4t que de s&rsquo;encha\u00eener, ont un impact dense et d&rsquo;une sombre violence sur le pi\u00e8ge dans lequel s&rsquo;enfonce toujours un peu plus le taiseux protagoniste incarn\u00e9 par Jean-Claude Van Damme. Si le reste de la distribution (Sami Bouajila, Sveva Alviti, le rappeur Kaaris, ou encore les com\u00e9diens belges Sam Louwyck et Kevin Janssens) ne d\u00e9m\u00e9rite pas, Van Damme s&rsquo;impose vite comme le h\u00e9ros absolu du r\u00e9cit. Son \u00e9paisseur ne vient pas tant de son passif ni de sa carrure que de son incroyable opini\u00e2tret\u00e9 quand il s&rsquo;agit d&rsquo;offrir \u00e0 sa fille les meilleures conditions de vie possibles.<\/p>\n<p><img loading=\"lazy\" decoding=\"async\" class=\"alignnone size-full wp-image-212291\" src=\"https:\/\/www.cinevox.be\/wp-content\/uploads\/2018\/08\/LukasJulienLeclercqBis.jpg\" alt=\"\" width=\"615\" height=\"246\" srcset=\"https:\/\/w-l-c.be\/wp-content\/uploads\/2018\/08\/LukasJulienLeclercqBis.jpg 615w, https:\/\/w-l-c.be\/wp-content\/uploads\/2018\/08\/LukasJulienLeclercqBis-480x192.jpg 480w\" sizes=\"auto, (max-width: 615px) 100vw, 615px\" \/><\/p>\n<div>\n<p>Derri\u00e8re la cam\u00e9ra, Julien Leclercq signe un polar tenace et muscl\u00e9, recentr\u00e9 sur une intrigue simple mais efficace, servi par une vraie \u00e9nergie visuelle au diapason de celle du h\u00e9ros de son film.Si l&rsquo;on a d\u00e9j\u00e0 vu le com\u00e9dien belge dans des exercices d&rsquo;auto-d\u00e9rision plus ou moins r\u00e9ussis, comme dans le cultissime <em>JCVD<\/em> de Mabrouk El Mechri, ou encore r\u00e9cemment dans la s\u00e9rie Amazon <em>Jean-Claude Van Johnson<\/em>, on l&rsquo;a rarement (jamais?) vu dans un r\u00f4le aussi dense, opaque et sombre. Si son corps, sculpt\u00e9 par les entrainements intensifs, reste aux avant-plans du r\u00e9cit, son visage, burin\u00e9 et creus\u00e9 par le temps, acquiert une force cin\u00e9matographique in\u00e9dite, et insuffle au personnage de Lukas une puissance inattendue. Lukas est un survivor, pire encore, un mort vivant dont la seule \u00e9tincelle de vie subsistante est l&rsquo;amour inconditionnel qu&rsquo;il porte \u00e0 sa fille orpheline (sa m\u00e8re a disparu dans de sombres circonstances). De plus en plus ferm\u00e9 alors que l&rsquo;\u00e9tau se resserre, sa seule force vitale, l&rsquo;amour paternel, le porte toujours un peu plus loin, vers l&rsquo;inesp\u00e9r\u00e9e r\u00e9silience. Si le com\u00e9dien a souvent sembl\u00e9 endosser des r\u00f4les qui l&rsquo;amenaient \u00e0 livrer des caricatures de lui-m\u00eame (\u00ab\u00a0lui-m\u00eame\u00a0\u00bb, terme sous lequel il apparait d&rsquo;ailleurs dans de nombreux g\u00e9n\u00e9riques de film), <em>Lukas<\/em> lui offre enfin un personnage hors de lui-m\u00eame, tout en s&rsquo;appuyant sur son incroyable cin\u00e9g\u00e9nie.<\/p>\n<\/div>\n<div><\/div>\n<p><img loading=\"lazy\" decoding=\"async\" class=\"alignnone size-full wp-image-212293\" src=\"https:\/\/www.cinevox.be\/wp-content\/uploads\/2018\/08\/LukasJulienLeclercq.jpg\" alt=\"\" width=\"640\" height=\"320\" srcset=\"https:\/\/w-l-c.be\/wp-content\/uploads\/2018\/08\/LukasJulienLeclercq.jpg 640w, https:\/\/w-l-c.be\/wp-content\/uploads\/2018\/08\/LukasJulienLeclercq-480x240.jpg 480w\" sizes=\"auto, (max-width: 640px) 100vw, 640px\" \/><\/p>\n<p><em>Lukas<\/em>, r\u00e9alis\u00e9 donc par Julien Leclercq (<em>L&rsquo;Assault, Gibraltar, Braqueurs<\/em>), et sc\u00e9naris\u00e9 par J\u00e9r\u00e9mie Guez (dont le premier long, <em>Tu ne tueras point<\/em>, avec Veerle Baetens et Lubna Azabal, est attendu pour la fin de l&rsquo;ann\u00e9e), est coproduit en Belgique par Umedia et 1080 films, la structure de production cr\u00e9\u00e9e par Nabil Ben Yadir et Beno\u00eet Roland (cr\u00e9ateur \u00e9galement de Wrong Men), \u00e0 qui l&rsquo;on doit notamment \u00e9galement la coproduction de <a href=\"https:\/\/www.cinevox.be\/fr\/patser-gangs-of-antwerpen\/\"><em>Patser<\/em><\/a>. Tourn\u00e9 \u00e0 Bruxelles et dans la r\u00e9gion namuroise, avec le soutien de Wallimage, le film s&rsquo;ancre largement en Belgique, offrant ainsi au com\u00e9dien belge un salutaire retour aux sources, g\u00e9ographique et artistique.<\/p>\n","protected":false},"excerpt":{"rendered":"<p>Avec Lukas, thriller bien dense dans les r\u00e8gles d&rsquo;un art du film noir volontairement surann\u00e9 red\u00e9couvre l&rsquo;incroyable objet cin\u00e9matographique que peut \u00eatre Jean-Claude Van Damme, qui d\u00e9voile ici une facette assez in\u00e9dite de son talent.\u00a0 Lukas, ancien garde du corps, enchaine les petits boulots de s\u00e9curit\u00e9 dans des boites de nuit pour pouvoir \u00e9lever sa &hellip;<\/p>\n","protected":false},"author":343,"featured_media":212289,"comment_status":"closed","ping_status":"closed","sticky":false,"template":"","format":"standard","meta":{"ngg_post_thumbnail":0,"footnotes":""},"categories":[10],"tags":[3878,3301,3877,3037],"class_list":["post-212287","post","type-post","status-publish","format-standard","has-post-thumbnail","","category-a-l-affiche","tag-1080-films","tag-jean-claude-van-damme","tag-julien-leclercq","tag-lukas"],"yoast_head":"<!-- This site is optimized with the Yoast SEO plugin v20.4 - https:\/\/yoast.com\/wordpress\/plugins\/seo\/ -->\n<title>&quot;Lukas&quot;: deconstructing JCVD - w-l-c<\/title>\n<meta name=\"robots\" content=\"noindex, follow, max-snippet:-1, max-image-preview:large, max-video-preview:-1\" \/>\n<meta property=\"og:locale\" content=\"fr_FR\" \/>\n<meta property=\"og:type\" content=\"article\" \/>\n<meta property=\"og:title\" content=\"&quot;Lukas&quot;: deconstructing JCVD - w-l-c\" \/>\n<meta property=\"og:description\" content=\"Avec Lukas, thriller bien dense dans les r\u00e8gles d&rsquo;un art du film noir volontairement surann\u00e9 red\u00e9couvre l&rsquo;incroyable objet cin\u00e9matographique que peut \u00eatre Jean-Claude Van Damme, qui d\u00e9voile ici une facette assez in\u00e9dite de son talent.\u00a0 Lukas, ancien garde du corps, enchaine les petits boulots de s\u00e9curit\u00e9 dans des boites de nuit pour pouvoir \u00e9lever sa &hellip;\" \/>\n<meta property=\"og:url\" content=\"https:\/\/w-l-c.be\/fr\/lukas-deconstructing-jcvd\/\" \/>\n<meta property=\"og:site_name\" content=\"w-l-c\" \/>\n<meta property=\"article:published_time\" content=\"2018-08-20T10:06:11+00:00\" \/>\n<meta property=\"article:modified_time\" content=\"2018-08-21T14:02:51+00:00\" \/>\n<meta property=\"og:image\" content=\"https:\/\/w-l-c.be\/wp-content\/uploads\/2018\/08\/LukasJulienLeclercqTer.jpg\" \/>\n\t<meta property=\"og:image:width\" content=\"640\" \/>\n\t<meta property=\"og:image:height\" content=\"360\" \/>\n\t<meta property=\"og:image:type\" content=\"image\/jpeg\" \/>\n<meta name=\"author\" content=\"Aurore Engelen\" \/>\n<meta name=\"twitter:card\" content=\"summary_large_image\" \/>\n<meta name=\"twitter:label1\" content=\"\u00c9crit par\" \/>\n\t<meta name=\"twitter:data1\" content=\"Aurore Engelen\" \/>\n\t<meta name=\"twitter:label2\" content=\"Dur\u00e9e de lecture estim\u00e9e\" \/>\n\t<meta name=\"twitter:data2\" content=\"3 minutes\" \/>\n<script type=\"application\/ld+json\" class=\"yoast-schema-graph\">{\"@context\":\"https:\/\/schema.org\",\"@graph\":[{\"@type\":\"WebPage\",\"@id\":\"https:\/\/w-l-c.be\/fr\/lukas-deconstructing-jcvd\/\",\"url\":\"https:\/\/w-l-c.be\/fr\/lukas-deconstructing-jcvd\/\",\"name\":\"\\\"Lukas\\\": deconstructing JCVD - w-l-c\",\"isPartOf\":{\"@id\":\"https:\/\/w-l-c.be\/fr\/#website\"},\"datePublished\":\"2018-08-20T10:06:11+00:00\",\"dateModified\":\"2018-08-21T14:02:51+00:00\",\"author\":{\"@id\":\"https:\/\/w-l-c.be\/fr\/#\/schema\/person\/8084b68c6b176142d073695c654dc7cf\"},\"breadcrumb\":{\"@id\":\"https:\/\/w-l-c.be\/fr\/lukas-deconstructing-jcvd\/#breadcrumb\"},\"inLanguage\":\"fr-FR\",\"potentialAction\":[{\"@type\":\"ReadAction\",\"target\":[\"https:\/\/w-l-c.be\/fr\/lukas-deconstructing-jcvd\/\"]}]},{\"@type\":\"BreadcrumbList\",\"@id\":\"https:\/\/w-l-c.be\/fr\/lukas-deconstructing-jcvd\/#breadcrumb\",\"itemListElement\":[{\"@type\":\"ListItem\",\"position\":1,\"name\":\"Accueil\",\"item\":\"https:\/\/w-l-c.be\/fr\/\"},{\"@type\":\"ListItem\",\"position\":2,\"name\":\"\u00ab\u00a0Lukas\u00a0\u00bb: deconstructing JCVD\"}]},{\"@type\":\"WebSite\",\"@id\":\"https:\/\/w-l-c.be\/fr\/#website\",\"url\":\"https:\/\/w-l-c.be\/fr\/\",\"name\":\"w-l-c\",\"description\":\"Le cin\u00e9ma vu par les belges\",\"potentialAction\":[{\"@type\":\"SearchAction\",\"target\":{\"@type\":\"EntryPoint\",\"urlTemplate\":\"https:\/\/w-l-c.be\/fr\/?s={search_term_string}\"},\"query-input\":\"required name=search_term_string\"}],\"inLanguage\":\"fr-FR\"},{\"@type\":\"Person\",\"@id\":\"https:\/\/w-l-c.be\/fr\/#\/schema\/person\/8084b68c6b176142d073695c654dc7cf\",\"name\":\"Aurore Engelen\",\"url\":\"https:\/\/w-l-c.be\/fr\/author\/aurore-engelen\/\"}]}<\/script>\n<!-- \/ Yoast SEO plugin. -->","yoast_head_json":{"title":"\"Lukas\": deconstructing JCVD - w-l-c","robots":{"index":"noindex","follow":"follow","max-snippet":"max-snippet:-1","max-image-preview":"max-image-preview:large","max-video-preview":"max-video-preview:-1"},"og_locale":"fr_FR","og_type":"article","og_title":"\"Lukas\": deconstructing JCVD - w-l-c","og_description":"Avec Lukas, thriller bien dense dans les r\u00e8gles d&rsquo;un art du film noir volontairement surann\u00e9 red\u00e9couvre l&rsquo;incroyable objet cin\u00e9matographique que peut \u00eatre Jean-Claude Van Damme, qui d\u00e9voile ici une facette assez in\u00e9dite de son talent.\u00a0 Lukas, ancien garde du corps, enchaine les petits boulots de s\u00e9curit\u00e9 dans des boites de nuit pour pouvoir \u00e9lever sa &hellip;","og_url":"https:\/\/w-l-c.be\/fr\/lukas-deconstructing-jcvd\/","og_site_name":"w-l-c","article_published_time":"2018-08-20T10:06:11+00:00","article_modified_time":"2018-08-21T14:02:51+00:00","og_image":[{"width":640,"height":360,"url":"https:\/\/w-l-c.be\/wp-content\/uploads\/2018\/08\/LukasJulienLeclercqTer.jpg","type":"image\/jpeg"}],"author":"Aurore Engelen","twitter_card":"summary_large_image","twitter_misc":{"\u00c9crit par":"Aurore Engelen","Dur\u00e9e de lecture estim\u00e9e":"3 minutes"},"schema":{"@context":"https:\/\/schema.org","@graph":[{"@type":"WebPage","@id":"https:\/\/w-l-c.be\/fr\/lukas-deconstructing-jcvd\/","url":"https:\/\/w-l-c.be\/fr\/lukas-deconstructing-jcvd\/","name":"\"Lukas\": deconstructing JCVD - w-l-c","isPartOf":{"@id":"https:\/\/w-l-c.be\/fr\/#website"},"datePublished":"2018-08-20T10:06:11+00:00","dateModified":"2018-08-21T14:02:51+00:00","author":{"@id":"https:\/\/w-l-c.be\/fr\/#\/schema\/person\/8084b68c6b176142d073695c654dc7cf"},"breadcrumb":{"@id":"https:\/\/w-l-c.be\/fr\/lukas-deconstructing-jcvd\/#breadcrumb"},"inLanguage":"fr-FR","potentialAction":[{"@type":"ReadAction","target":["https:\/\/w-l-c.be\/fr\/lukas-deconstructing-jcvd\/"]}]},{"@type":"BreadcrumbList","@id":"https:\/\/w-l-c.be\/fr\/lukas-deconstructing-jcvd\/#breadcrumb","itemListElement":[{"@type":"ListItem","position":1,"name":"Accueil","item":"https:\/\/w-l-c.be\/fr\/"},{"@type":"ListItem","position":2,"name":"\u00ab\u00a0Lukas\u00a0\u00bb: deconstructing JCVD"}]},{"@type":"WebSite","@id":"https:\/\/w-l-c.be\/fr\/#website","url":"https:\/\/w-l-c.be\/fr\/","name":"w-l-c","description":"Le cin\u00e9ma vu par les belges","potentialAction":[{"@type":"SearchAction","target":{"@type":"EntryPoint","urlTemplate":"https:\/\/w-l-c.be\/fr\/?s={search_term_string}"},"query-input":"required name=search_term_string"}],"inLanguage":"fr-FR"},{"@type":"Person","@id":"https:\/\/w-l-c.be\/fr\/#\/schema\/person\/8084b68c6b176142d073695c654dc7cf","name":"Aurore Engelen","url":"https:\/\/w-l-c.be\/fr\/author\/aurore-engelen\/"}]}},"_links":{"self":[{"href":"https:\/\/w-l-c.be\/fr\/wp-json\/wp\/v2\/posts\/212287","targetHints":{"allow":["GET"]}}],"collection":[{"href":"https:\/\/w-l-c.be\/fr\/wp-json\/wp\/v2\/posts"}],"about":[{"href":"https:\/\/w-l-c.be\/fr\/wp-json\/wp\/v2\/types\/post"}],"author":[{"embeddable":true,"href":"https:\/\/w-l-c.be\/fr\/wp-json\/wp\/v2\/users\/343"}],"replies":[{"embeddable":true,"href":"https:\/\/w-l-c.be\/fr\/wp-json\/wp\/v2\/comments?post=212287"}],"version-history":[{"count":0,"href":"https:\/\/w-l-c.be\/fr\/wp-json\/wp\/v2\/posts\/212287\/revisions"}],"wp:featuredmedia":[{"embeddable":true,"href":"https:\/\/w-l-c.be\/fr\/wp-json\/wp\/v2\/media\/212289"}],"wp:attachment":[{"href":"https:\/\/w-l-c.be\/fr\/wp-json\/wp\/v2\/media?parent=212287"}],"wp:term":[{"taxonomy":"category","embeddable":true,"href":"https:\/\/w-l-c.be\/fr\/wp-json\/wp\/v2\/categories?post=212287"},{"taxonomy":"post_tag","embeddable":true,"href":"https:\/\/w-l-c.be\/fr\/wp-json\/wp\/v2\/tags?post=212287"}],"curies":[{"name":"wp","href":"https:\/\/api.w.org\/{rel}","templated":true}]}}