
{"id":212364,"date":"2018-08-21T11:17:31","date_gmt":"2018-08-21T09:17:31","guid":{"rendered":"https:\/\/www.cinevox.be\/?p=212364"},"modified":"2018-08-21T16:26:12","modified_gmt":"2018-08-21T14:26:12","slug":"girl-selectionne-pour-les-european-film-awards","status":"publish","type":"post","link":"https:\/\/w-l-c.be\/fr\/girl-selectionne-pour-les-european-film-awards\/","title":{"rendered":"\u00ab\u00a0Girl\u00a0\u00bb s\u00e9lectionn\u00e9 pour les European Film Awards"},"content":{"rendered":"<div><strong>C&rsquo;est donc un parcours quasi sans faute que suit le premier long m\u00e9trage du jeune Lukas Dhont. Apr\u00e8s une premi\u00e8re internationale \u00e0 Cannes couronn\u00e9e par la Cam\u00e9ra d&rsquo;Or, et une flop\u00e9e de prix cet \u00e9t\u00e9, <a href=\"https:\/\/www.cinevox.be\/fr\/girl-a-corps-perdu\/\"><em>Girl<\/em><\/a> fait donc partie des 49 films s\u00e9lectionn\u00e9s pour les European Films Awards, les \u00ab\u00a0Oscars europ\u00e9ens\u00a0\u00bb.\u00a0<\/strong><\/div>\n<div><\/div>\n<p>Le film concourra face \u00e0 une cinquantaine d&rsquo;autres films, issus de pas moins de 35 pays europ\u00e9ens!\u00a0Dans les prochaines semaines, les plus de 3.500 membres de la European Film Academy voteront pour les nominations dans les cat\u00e9gories\u00a0: Meilleur Film, Meilleur R\u00e9alisateur, Meilleur Acteur, Meilleure Actrice et Meilleur Sc\u00e9nariste europ\u00e9ens. Les nominations seront annonc\u00e9es le 10 novembre lors du Festival du Film Europ\u00e9en de S\u00e9ville en Espagne, et il y a fort \u00e0 parier que Girl devrait figurer pari certaines de ces cat\u00e9gories.<\/p>\n<p><em>Girl<\/em> succ\u00e8de ainsi \u00e0 d&rsquo;autres films belges qui se sont distingu\u00e9s en prenant part \u00e0 cette prestigieuse shortlist ces derni\u00e8res ann\u00e9es, comme <em>La Fille Inconnue<\/em> de Jean-Pierre et Luc Dardenne et <em>D&rsquo;Ardennen<\/em> de Robin Pront en 2016,<a href=\"https:\/\/www.cinevox.be\/fr\/le-tout-nouveau-testament-deja-prime-aux-efa-2015\/\"><em> Le Tout Nouveau Testament<\/em><\/a> de Jaco Van Dormael en 2015, <em>The Broken Circle Breakdown<\/em> de Felix Van Groeningen en 2013, <a href=\"https:\/\/www.cinevox.be\/fr\/hasta-la-vista-prix-du-public-aux-european-film-awards\/\"><em>Hasta la Vista<\/em><\/a> de Geoffrey Enthoven, Prix du public en 2012, ou encore <a href=\"https:\/\/www.cinevox.be\/fr\/european-film-awards-le-gamin-respire-un-grand-coup\/\"><em>Le Gamin au v\u00e9lo<\/em><\/a>, Prix du meilleur sc\u00e9nario en 2011.<\/p>\n<p><img loading=\"lazy\" decoding=\"async\" class=\"alignnone size-large wp-image-212347\" src=\"https:\/\/www.cinevox.be\/wp-content\/uploads\/2018\/08\/girl-1.20180727030645-800x450.jpg\" alt=\"\" width=\"618\" height=\"348\" srcset=\"https:\/\/w-l-c.be\/wp-content\/uploads\/2018\/08\/girl-1.20180727030645-800x450.jpg 800w, https:\/\/w-l-c.be\/wp-content\/uploads\/2018\/08\/girl-1.20180727030645-200x113.jpg 200w, https:\/\/w-l-c.be\/wp-content\/uploads\/2018\/08\/girl-1.20180727030645-480x270.jpg 480w, https:\/\/w-l-c.be\/wp-content\/uploads\/2018\/08\/girl-1.20180727030645-768x432.jpg 768w, https:\/\/w-l-c.be\/wp-content\/uploads\/2018\/08\/girl-1.20180727030645-599x337.jpg 599w, https:\/\/w-l-c.be\/wp-content\/uploads\/2018\/08\/girl-1.20180727030645.jpg 900w\" sizes=\"auto, (max-width: 618px) 100vw, 618px\" \/><\/p>\n<p>Notons qu&rsquo;une autre production belge est retenue cette ann\u00e9e, le film <em>Cobain<\/em> de la r\u00e9alisatrice hollandaise Nanouk Leopold.<\/p>\n<p>La 31<sup>\u00e8me<\/sup> c\u00e9r\u00e9monie des European Film Awards r\u00e9v\u00e9lant les gagnants se d\u00e9roulera le 15 d\u00e9cembre \u00e0 S\u00e9ville.<\/p>\n<p>Cette s\u00e9lection pour les Oscars europ\u00e9ens en poche, le film est d\u00e9sormais en lice pour repr\u00e9senter la Belgique dans la course \u00e0 l&rsquo;Oscar (hollywoodien cette fois) du Meilleur Film en langue \u00e9trang\u00e8re.<\/p>\n<p>Plus d\u2019information sur les films et liste compl\u00e8te des cat\u00e9gories de prix sur: <a href=\"https:\/\/theprfactory.us12.list-manage.com\/track\/click?u=538b100309cc57507c0bb0e84&amp;id=c60c92b639&amp;e=d0899e765e\">www.europeanfilmawards.eu<\/a><\/p>\n","protected":false},"excerpt":{"rendered":"<p>C&rsquo;est donc un parcours quasi sans faute que suit le premier long m\u00e9trage du jeune Lukas Dhont. Apr\u00e8s une premi\u00e8re internationale \u00e0 Cannes couronn\u00e9e par la Cam\u00e9ra d&rsquo;Or, et une flop\u00e9e de prix cet \u00e9t\u00e9, Girl fait donc partie des 49 films s\u00e9lectionn\u00e9s pour les European Films Awards, les \u00ab\u00a0Oscars europ\u00e9ens\u00a0\u00bb.\u00a0 Le film concourra face &hellip;<\/p>\n","protected":false},"author":343,"featured_media":212349,"comment_status":"closed","ping_status":"closed","sticky":false,"template":"","format":"standard","meta":{"ngg_post_thumbnail":0,"footnotes":""},"categories":[12],"tags":[2468,1798],"class_list":["post-212364","post","type-post","status-publish","format-standard","has-post-thumbnail","","category-awards","tag-girl","tag-lukas-dhont"],"yoast_head":"<!-- This site is optimized with the Yoast SEO plugin v20.4 - https:\/\/yoast.com\/wordpress\/plugins\/seo\/ -->\n<title>&quot;Girl&quot; s\u00e9lectionn\u00e9 pour les European Film Awards - w-l-c<\/title>\n<meta name=\"robots\" content=\"noindex, follow, max-snippet:-1, max-image-preview:large, max-video-preview:-1\" \/>\n<meta property=\"og:locale\" content=\"fr_FR\" \/>\n<meta property=\"og:type\" content=\"article\" \/>\n<meta property=\"og:title\" content=\"&quot;Girl&quot; s\u00e9lectionn\u00e9 pour les European Film Awards - w-l-c\" \/>\n<meta property=\"og:description\" content=\"C&rsquo;est donc un parcours quasi sans faute que suit le premier long m\u00e9trage du jeune Lukas Dhont. Apr\u00e8s une premi\u00e8re internationale \u00e0 Cannes couronn\u00e9e par la Cam\u00e9ra d&rsquo;Or, et une flop\u00e9e de prix cet \u00e9t\u00e9, Girl fait donc partie des 49 films s\u00e9lectionn\u00e9s pour les European Films Awards, les \u00ab\u00a0Oscars europ\u00e9ens\u00a0\u00bb.\u00a0 Le film concourra face &hellip;\" \/>\n<meta property=\"og:url\" content=\"https:\/\/w-l-c.be\/fr\/girl-selectionne-pour-les-european-film-awards\/\" \/>\n<meta property=\"og:site_name\" content=\"w-l-c\" \/>\n<meta property=\"article:published_time\" content=\"2018-08-21T09:17:31+00:00\" \/>\n<meta property=\"article:modified_time\" content=\"2018-08-21T14:26:12+00:00\" \/>\n<meta property=\"og:image\" content=\"https:\/\/w-l-c.be\/wp-content\/uploads\/2018\/08\/girl_vafnieuws.jpg\" \/>\n\t<meta property=\"og:image:width\" content=\"1200\" \/>\n\t<meta property=\"og:image:height\" content=\"500\" \/>\n\t<meta property=\"og:image:type\" content=\"image\/jpeg\" \/>\n<meta name=\"author\" content=\"Aurore Engelen\" \/>\n<meta name=\"twitter:card\" content=\"summary_large_image\" \/>\n<meta name=\"twitter:label1\" content=\"\u00c9crit par\" \/>\n\t<meta name=\"twitter:data1\" content=\"Aurore Engelen\" \/>\n\t<meta name=\"twitter:label2\" content=\"Dur\u00e9e de lecture estim\u00e9e\" \/>\n\t<meta name=\"twitter:data2\" content=\"2 minutes\" \/>\n<script type=\"application\/ld+json\" class=\"yoast-schema-graph\">{\"@context\":\"https:\/\/schema.org\",\"@graph\":[{\"@type\":\"WebPage\",\"@id\":\"https:\/\/w-l-c.be\/fr\/girl-selectionne-pour-les-european-film-awards\/\",\"url\":\"https:\/\/w-l-c.be\/fr\/girl-selectionne-pour-les-european-film-awards\/\",\"name\":\"\\\"Girl\\\" s\u00e9lectionn\u00e9 pour les European Film Awards - w-l-c\",\"isPartOf\":{\"@id\":\"https:\/\/w-l-c.be\/fr\/#website\"},\"datePublished\":\"2018-08-21T09:17:31+00:00\",\"dateModified\":\"2018-08-21T14:26:12+00:00\",\"author\":{\"@id\":\"https:\/\/w-l-c.be\/fr\/#\/schema\/person\/8084b68c6b176142d073695c654dc7cf\"},\"breadcrumb\":{\"@id\":\"https:\/\/w-l-c.be\/fr\/girl-selectionne-pour-les-european-film-awards\/#breadcrumb\"},\"inLanguage\":\"fr-FR\",\"potentialAction\":[{\"@type\":\"ReadAction\",\"target\":[\"https:\/\/w-l-c.be\/fr\/girl-selectionne-pour-les-european-film-awards\/\"]}]},{\"@type\":\"BreadcrumbList\",\"@id\":\"https:\/\/w-l-c.be\/fr\/girl-selectionne-pour-les-european-film-awards\/#breadcrumb\",\"itemListElement\":[{\"@type\":\"ListItem\",\"position\":1,\"name\":\"Accueil\",\"item\":\"https:\/\/w-l-c.be\/fr\/\"},{\"@type\":\"ListItem\",\"position\":2,\"name\":\"\u00ab\u00a0Girl\u00a0\u00bb s\u00e9lectionn\u00e9 pour les European Film Awards\"}]},{\"@type\":\"WebSite\",\"@id\":\"https:\/\/w-l-c.be\/fr\/#website\",\"url\":\"https:\/\/w-l-c.be\/fr\/\",\"name\":\"w-l-c\",\"description\":\"Le cin\u00e9ma vu par les belges\",\"potentialAction\":[{\"@type\":\"SearchAction\",\"target\":{\"@type\":\"EntryPoint\",\"urlTemplate\":\"https:\/\/w-l-c.be\/fr\/?s={search_term_string}\"},\"query-input\":\"required name=search_term_string\"}],\"inLanguage\":\"fr-FR\"},{\"@type\":\"Person\",\"@id\":\"https:\/\/w-l-c.be\/fr\/#\/schema\/person\/8084b68c6b176142d073695c654dc7cf\",\"name\":\"Aurore Engelen\",\"url\":\"https:\/\/w-l-c.be\/fr\/author\/aurore-engelen\/\"}]}<\/script>\n<!-- \/ Yoast SEO plugin. -->","yoast_head_json":{"title":"\"Girl\" s\u00e9lectionn\u00e9 pour les European Film Awards - w-l-c","robots":{"index":"noindex","follow":"follow","max-snippet":"max-snippet:-1","max-image-preview":"max-image-preview:large","max-video-preview":"max-video-preview:-1"},"og_locale":"fr_FR","og_type":"article","og_title":"\"Girl\" s\u00e9lectionn\u00e9 pour les European Film Awards - w-l-c","og_description":"C&rsquo;est donc un parcours quasi sans faute que suit le premier long m\u00e9trage du jeune Lukas Dhont. Apr\u00e8s une premi\u00e8re internationale \u00e0 Cannes couronn\u00e9e par la Cam\u00e9ra d&rsquo;Or, et une flop\u00e9e de prix cet \u00e9t\u00e9, Girl fait donc partie des 49 films s\u00e9lectionn\u00e9s pour les European Films Awards, les \u00ab\u00a0Oscars europ\u00e9ens\u00a0\u00bb.\u00a0 Le film concourra face &hellip;","og_url":"https:\/\/w-l-c.be\/fr\/girl-selectionne-pour-les-european-film-awards\/","og_site_name":"w-l-c","article_published_time":"2018-08-21T09:17:31+00:00","article_modified_time":"2018-08-21T14:26:12+00:00","og_image":[{"width":1200,"height":500,"url":"https:\/\/w-l-c.be\/wp-content\/uploads\/2018\/08\/girl_vafnieuws.jpg","type":"image\/jpeg"}],"author":"Aurore Engelen","twitter_card":"summary_large_image","twitter_misc":{"\u00c9crit par":"Aurore Engelen","Dur\u00e9e de lecture estim\u00e9e":"2 minutes"},"schema":{"@context":"https:\/\/schema.org","@graph":[{"@type":"WebPage","@id":"https:\/\/w-l-c.be\/fr\/girl-selectionne-pour-les-european-film-awards\/","url":"https:\/\/w-l-c.be\/fr\/girl-selectionne-pour-les-european-film-awards\/","name":"\"Girl\" s\u00e9lectionn\u00e9 pour les European Film Awards - w-l-c","isPartOf":{"@id":"https:\/\/w-l-c.be\/fr\/#website"},"datePublished":"2018-08-21T09:17:31+00:00","dateModified":"2018-08-21T14:26:12+00:00","author":{"@id":"https:\/\/w-l-c.be\/fr\/#\/schema\/person\/8084b68c6b176142d073695c654dc7cf"},"breadcrumb":{"@id":"https:\/\/w-l-c.be\/fr\/girl-selectionne-pour-les-european-film-awards\/#breadcrumb"},"inLanguage":"fr-FR","potentialAction":[{"@type":"ReadAction","target":["https:\/\/w-l-c.be\/fr\/girl-selectionne-pour-les-european-film-awards\/"]}]},{"@type":"BreadcrumbList","@id":"https:\/\/w-l-c.be\/fr\/girl-selectionne-pour-les-european-film-awards\/#breadcrumb","itemListElement":[{"@type":"ListItem","position":1,"name":"Accueil","item":"https:\/\/w-l-c.be\/fr\/"},{"@type":"ListItem","position":2,"name":"\u00ab\u00a0Girl\u00a0\u00bb s\u00e9lectionn\u00e9 pour les European Film Awards"}]},{"@type":"WebSite","@id":"https:\/\/w-l-c.be\/fr\/#website","url":"https:\/\/w-l-c.be\/fr\/","name":"w-l-c","description":"Le cin\u00e9ma vu par les belges","potentialAction":[{"@type":"SearchAction","target":{"@type":"EntryPoint","urlTemplate":"https:\/\/w-l-c.be\/fr\/?s={search_term_string}"},"query-input":"required name=search_term_string"}],"inLanguage":"fr-FR"},{"@type":"Person","@id":"https:\/\/w-l-c.be\/fr\/#\/schema\/person\/8084b68c6b176142d073695c654dc7cf","name":"Aurore Engelen","url":"https:\/\/w-l-c.be\/fr\/author\/aurore-engelen\/"}]}},"_links":{"self":[{"href":"https:\/\/w-l-c.be\/fr\/wp-json\/wp\/v2\/posts\/212364","targetHints":{"allow":["GET"]}}],"collection":[{"href":"https:\/\/w-l-c.be\/fr\/wp-json\/wp\/v2\/posts"}],"about":[{"href":"https:\/\/w-l-c.be\/fr\/wp-json\/wp\/v2\/types\/post"}],"author":[{"embeddable":true,"href":"https:\/\/w-l-c.be\/fr\/wp-json\/wp\/v2\/users\/343"}],"replies":[{"embeddable":true,"href":"https:\/\/w-l-c.be\/fr\/wp-json\/wp\/v2\/comments?post=212364"}],"version-history":[{"count":0,"href":"https:\/\/w-l-c.be\/fr\/wp-json\/wp\/v2\/posts\/212364\/revisions"}],"wp:featuredmedia":[{"embeddable":true,"href":"https:\/\/w-l-c.be\/fr\/wp-json\/wp\/v2\/media\/212349"}],"wp:attachment":[{"href":"https:\/\/w-l-c.be\/fr\/wp-json\/wp\/v2\/media?parent=212364"}],"wp:term":[{"taxonomy":"category","embeddable":true,"href":"https:\/\/w-l-c.be\/fr\/wp-json\/wp\/v2\/categories?post=212364"},{"taxonomy":"post_tag","embeddable":true,"href":"https:\/\/w-l-c.be\/fr\/wp-json\/wp\/v2\/tags?post=212364"}],"curies":[{"name":"wp","href":"https:\/\/api.w.org\/{rel}","templated":true}]}}