
{"id":212621,"date":"2018-08-28T12:36:26","date_gmt":"2018-08-28T10:36:26","guid":{"rendered":"https:\/\/www.cinevox.be\/?p=212621"},"modified":"2018-08-29T11:58:00","modified_gmt":"2018-08-29T09:58:00","slug":"bande-annonce-freres-ennemis-avec-matthias-schoenaerts","status":"publish","type":"post","link":"https:\/\/w-l-c.be\/fr\/bande-annonce-freres-ennemis-avec-matthias-schoenaerts\/","title":{"rendered":"Bande-annonce: \u00ab\u00a0Fr\u00e8res Ennemis\u00a0\u00bb avec Matthias Schoenaerts"},"content":{"rendered":"<p><strong>Le 3 octobre prochain sort dans les salles belges et fran\u00e7aises, un film de David Oelhoffen qui retrace un face-\u00e0-face haletant entre Matthias Schoenaerts et Reda Kated, chat et souris, flic et voyou, au coeur d&rsquo;une cit\u00e9 fran\u00e7aise. Egalement au g\u00e9n\u00e9rique de ce film qui s&rsquo;annonce \u00e2pre et tendu, la com\u00e9dienne belge Astrid Whettnall, qui interpr\u00e8te le r\u00f4le de la chef des stups. Le film sera pr\u00e9sent\u00e9 en comp\u00e9tition \u00e0 la Mostra de Venise;\u00a0<\/strong><\/p>\n<p>Manuel et Driss ont grandi comme deux fr\u00e8res ins\u00e9parables dans la m\u00eame cit\u00e9. Mais aujourd\u2019hui tout les oppose. Manuel est \u00e0 la t\u00eate d\u2019un trafic de drogue, alors que Driss est devenu flic. Quand celui-ci est promu aux Stups, son retour bouleverse les \u00e9quilibres et met Manuel en danger.<\/p>\n","protected":false},"excerpt":{"rendered":"<p>Le 3 octobre prochain sort dans les salles belges et fran\u00e7aises, un film de David Oelhoffen qui retrace un face-\u00e0-face haletant entre Matthias Schoenaerts et Reda Kated, chat et souris, flic et voyou, au coeur d&rsquo;une cit\u00e9 fran\u00e7aise. Egalement au g\u00e9n\u00e9rique de ce film qui s&rsquo;annonce \u00e2pre et tendu, la com\u00e9dienne belge Astrid Whettnall, qui &hellip;<\/p>\n","protected":false},"author":343,"featured_media":212622,"comment_status":"closed","ping_status":"closed","sticky":false,"template":"","format":"standard","meta":{"ngg_post_thumbnail":0,"footnotes":""},"categories":[53],"tags":[3789,75],"class_list":["post-212621","post","type-post","status-publish","format-standard","has-post-thumbnail","","category-coming-soon","tag-freres-ennemis","tag-matthias-schoenaerts"],"yoast_head":"<!-- This site is optimized with the Yoast SEO plugin v20.4 - https:\/\/yoast.com\/wordpress\/plugins\/seo\/ -->\n<title>Bande-annonce: &quot;Fr\u00e8res Ennemis&quot; avec Matthias Schoenaerts - w-l-c<\/title>\n<meta name=\"robots\" content=\"noindex, follow, max-snippet:-1, max-image-preview:large, max-video-preview:-1\" \/>\n<meta property=\"og:locale\" content=\"fr_FR\" \/>\n<meta property=\"og:type\" content=\"article\" \/>\n<meta property=\"og:title\" content=\"Bande-annonce: &quot;Fr\u00e8res Ennemis&quot; avec Matthias Schoenaerts - w-l-c\" \/>\n<meta property=\"og:description\" content=\"Le 3 octobre prochain sort dans les salles belges et fran\u00e7aises, un film de David Oelhoffen qui retrace un face-\u00e0-face haletant entre Matthias Schoenaerts et Reda Kated, chat et souris, flic et voyou, au coeur d&rsquo;une cit\u00e9 fran\u00e7aise. Egalement au g\u00e9n\u00e9rique de ce film qui s&rsquo;annonce \u00e2pre et tendu, la com\u00e9dienne belge Astrid Whettnall, qui &hellip;\" \/>\n<meta property=\"og:url\" content=\"https:\/\/w-l-c.be\/fr\/bande-annonce-freres-ennemis-avec-matthias-schoenaerts\/\" \/>\n<meta property=\"og:site_name\" content=\"w-l-c\" \/>\n<meta property=\"article:published_time\" content=\"2018-08-28T10:36:26+00:00\" \/>\n<meta property=\"article:modified_time\" content=\"2018-08-29T09:58:00+00:00\" \/>\n<meta property=\"og:image\" content=\"https:\/\/w-l-c.be\/wp-content\/uploads\/2018\/08\/freres-ennemis.20180823012130.jpg\" \/>\n\t<meta property=\"og:image:width\" content=\"900\" \/>\n\t<meta property=\"og:image:height\" content=\"600\" \/>\n\t<meta property=\"og:image:type\" content=\"image\/jpeg\" \/>\n<meta name=\"author\" content=\"Aurore Engelen\" \/>\n<meta name=\"twitter:card\" content=\"summary_large_image\" \/>\n<meta name=\"twitter:label1\" content=\"\u00c9crit par\" \/>\n\t<meta name=\"twitter:data1\" content=\"Aurore Engelen\" \/>\n\t<meta name=\"twitter:label2\" content=\"Dur\u00e9e de lecture estim\u00e9e\" \/>\n\t<meta name=\"twitter:data2\" content=\"1 minute\" \/>\n<script type=\"application\/ld+json\" class=\"yoast-schema-graph\">{\"@context\":\"https:\/\/schema.org\",\"@graph\":[{\"@type\":\"WebPage\",\"@id\":\"https:\/\/w-l-c.be\/fr\/bande-annonce-freres-ennemis-avec-matthias-schoenaerts\/\",\"url\":\"https:\/\/w-l-c.be\/fr\/bande-annonce-freres-ennemis-avec-matthias-schoenaerts\/\",\"name\":\"Bande-annonce: \\\"Fr\u00e8res Ennemis\\\" avec Matthias Schoenaerts - w-l-c\",\"isPartOf\":{\"@id\":\"https:\/\/w-l-c.be\/fr\/#website\"},\"datePublished\":\"2018-08-28T10:36:26+00:00\",\"dateModified\":\"2018-08-29T09:58:00+00:00\",\"author\":{\"@id\":\"https:\/\/w-l-c.be\/fr\/#\/schema\/person\/8084b68c6b176142d073695c654dc7cf\"},\"breadcrumb\":{\"@id\":\"https:\/\/w-l-c.be\/fr\/bande-annonce-freres-ennemis-avec-matthias-schoenaerts\/#breadcrumb\"},\"inLanguage\":\"fr-FR\",\"potentialAction\":[{\"@type\":\"ReadAction\",\"target\":[\"https:\/\/w-l-c.be\/fr\/bande-annonce-freres-ennemis-avec-matthias-schoenaerts\/\"]}]},{\"@type\":\"BreadcrumbList\",\"@id\":\"https:\/\/w-l-c.be\/fr\/bande-annonce-freres-ennemis-avec-matthias-schoenaerts\/#breadcrumb\",\"itemListElement\":[{\"@type\":\"ListItem\",\"position\":1,\"name\":\"Accueil\",\"item\":\"https:\/\/w-l-c.be\/fr\/\"},{\"@type\":\"ListItem\",\"position\":2,\"name\":\"Bande-annonce: \u00ab\u00a0Fr\u00e8res Ennemis\u00a0\u00bb avec Matthias Schoenaerts\"}]},{\"@type\":\"WebSite\",\"@id\":\"https:\/\/w-l-c.be\/fr\/#website\",\"url\":\"https:\/\/w-l-c.be\/fr\/\",\"name\":\"w-l-c\",\"description\":\"Le cin\u00e9ma vu par les belges\",\"potentialAction\":[{\"@type\":\"SearchAction\",\"target\":{\"@type\":\"EntryPoint\",\"urlTemplate\":\"https:\/\/w-l-c.be\/fr\/?s={search_term_string}\"},\"query-input\":\"required name=search_term_string\"}],\"inLanguage\":\"fr-FR\"},{\"@type\":\"Person\",\"@id\":\"https:\/\/w-l-c.be\/fr\/#\/schema\/person\/8084b68c6b176142d073695c654dc7cf\",\"name\":\"Aurore Engelen\",\"url\":\"https:\/\/w-l-c.be\/fr\/author\/aurore-engelen\/\"}]}<\/script>\n<!-- \/ Yoast SEO plugin. -->","yoast_head_json":{"title":"Bande-annonce: \"Fr\u00e8res Ennemis\" avec Matthias Schoenaerts - w-l-c","robots":{"index":"noindex","follow":"follow","max-snippet":"max-snippet:-1","max-image-preview":"max-image-preview:large","max-video-preview":"max-video-preview:-1"},"og_locale":"fr_FR","og_type":"article","og_title":"Bande-annonce: \"Fr\u00e8res Ennemis\" avec Matthias Schoenaerts - w-l-c","og_description":"Le 3 octobre prochain sort dans les salles belges et fran\u00e7aises, un film de David Oelhoffen qui retrace un face-\u00e0-face haletant entre Matthias Schoenaerts et Reda Kated, chat et souris, flic et voyou, au coeur d&rsquo;une cit\u00e9 fran\u00e7aise. Egalement au g\u00e9n\u00e9rique de ce film qui s&rsquo;annonce \u00e2pre et tendu, la com\u00e9dienne belge Astrid Whettnall, qui &hellip;","og_url":"https:\/\/w-l-c.be\/fr\/bande-annonce-freres-ennemis-avec-matthias-schoenaerts\/","og_site_name":"w-l-c","article_published_time":"2018-08-28T10:36:26+00:00","article_modified_time":"2018-08-29T09:58:00+00:00","og_image":[{"width":900,"height":600,"url":"https:\/\/w-l-c.be\/wp-content\/uploads\/2018\/08\/freres-ennemis.20180823012130.jpg","type":"image\/jpeg"}],"author":"Aurore Engelen","twitter_card":"summary_large_image","twitter_misc":{"\u00c9crit par":"Aurore Engelen","Dur\u00e9e de lecture estim\u00e9e":"1 minute"},"schema":{"@context":"https:\/\/schema.org","@graph":[{"@type":"WebPage","@id":"https:\/\/w-l-c.be\/fr\/bande-annonce-freres-ennemis-avec-matthias-schoenaerts\/","url":"https:\/\/w-l-c.be\/fr\/bande-annonce-freres-ennemis-avec-matthias-schoenaerts\/","name":"Bande-annonce: \"Fr\u00e8res Ennemis\" avec Matthias Schoenaerts - w-l-c","isPartOf":{"@id":"https:\/\/w-l-c.be\/fr\/#website"},"datePublished":"2018-08-28T10:36:26+00:00","dateModified":"2018-08-29T09:58:00+00:00","author":{"@id":"https:\/\/w-l-c.be\/fr\/#\/schema\/person\/8084b68c6b176142d073695c654dc7cf"},"breadcrumb":{"@id":"https:\/\/w-l-c.be\/fr\/bande-annonce-freres-ennemis-avec-matthias-schoenaerts\/#breadcrumb"},"inLanguage":"fr-FR","potentialAction":[{"@type":"ReadAction","target":["https:\/\/w-l-c.be\/fr\/bande-annonce-freres-ennemis-avec-matthias-schoenaerts\/"]}]},{"@type":"BreadcrumbList","@id":"https:\/\/w-l-c.be\/fr\/bande-annonce-freres-ennemis-avec-matthias-schoenaerts\/#breadcrumb","itemListElement":[{"@type":"ListItem","position":1,"name":"Accueil","item":"https:\/\/w-l-c.be\/fr\/"},{"@type":"ListItem","position":2,"name":"Bande-annonce: \u00ab\u00a0Fr\u00e8res Ennemis\u00a0\u00bb avec Matthias Schoenaerts"}]},{"@type":"WebSite","@id":"https:\/\/w-l-c.be\/fr\/#website","url":"https:\/\/w-l-c.be\/fr\/","name":"w-l-c","description":"Le cin\u00e9ma vu par les belges","potentialAction":[{"@type":"SearchAction","target":{"@type":"EntryPoint","urlTemplate":"https:\/\/w-l-c.be\/fr\/?s={search_term_string}"},"query-input":"required name=search_term_string"}],"inLanguage":"fr-FR"},{"@type":"Person","@id":"https:\/\/w-l-c.be\/fr\/#\/schema\/person\/8084b68c6b176142d073695c654dc7cf","name":"Aurore Engelen","url":"https:\/\/w-l-c.be\/fr\/author\/aurore-engelen\/"}]}},"_links":{"self":[{"href":"https:\/\/w-l-c.be\/fr\/wp-json\/wp\/v2\/posts\/212621","targetHints":{"allow":["GET"]}}],"collection":[{"href":"https:\/\/w-l-c.be\/fr\/wp-json\/wp\/v2\/posts"}],"about":[{"href":"https:\/\/w-l-c.be\/fr\/wp-json\/wp\/v2\/types\/post"}],"author":[{"embeddable":true,"href":"https:\/\/w-l-c.be\/fr\/wp-json\/wp\/v2\/users\/343"}],"replies":[{"embeddable":true,"href":"https:\/\/w-l-c.be\/fr\/wp-json\/wp\/v2\/comments?post=212621"}],"version-history":[{"count":0,"href":"https:\/\/w-l-c.be\/fr\/wp-json\/wp\/v2\/posts\/212621\/revisions"}],"wp:featuredmedia":[{"embeddable":true,"href":"https:\/\/w-l-c.be\/fr\/wp-json\/wp\/v2\/media\/212622"}],"wp:attachment":[{"href":"https:\/\/w-l-c.be\/fr\/wp-json\/wp\/v2\/media?parent=212621"}],"wp:term":[{"taxonomy":"category","embeddable":true,"href":"https:\/\/w-l-c.be\/fr\/wp-json\/wp\/v2\/categories?post=212621"},{"taxonomy":"post_tag","embeddable":true,"href":"https:\/\/w-l-c.be\/fr\/wp-json\/wp\/v2\/tags?post=212621"}],"curies":[{"name":"wp","href":"https:\/\/api.w.org\/{rel}","templated":true}]}}