
{"id":212657,"date":"2018-08-29T11:57:28","date_gmt":"2018-08-29T09:57:28","guid":{"rendered":"https:\/\/www.cinevox.be\/?p=212657"},"modified":"2018-08-29T13:02:17","modified_gmt":"2018-08-29T11:02:17","slug":"felix-van-groeningen-et-son-beautiful-boy-en-cloture-de-gand","status":"publish","type":"post","link":"https:\/\/w-l-c.be\/fr\/felix-van-groeningen-et-son-beautiful-boy-en-cloture-de-gand\/","title":{"rendered":"Felix Van Groeningen et son \u00ab\u00a0Beautiful Boy\u00a0\u00bb en cl\u00f4ture de Gand"},"content":{"rendered":"<p><strong>On savait d\u00e9j\u00e0 que le Festival ouvrait le 9 octobre prochain avec la projection en avant-premi\u00e8re le magnifique <a href=\"https:\/\/www.cinevox.be\/fr\/girl-a-corps-perdu\/\"><em>Girl<\/em><\/a> de Lukas Dhont, on sait d\u00e9sormais qu&rsquo;il se cl\u00f4turera le 19 avec l&rsquo;avant-premi\u00e8re de <em>Beautiful Boy<\/em>, premi\u00e8re r\u00e9alisation am\u00e9ricaine du r\u00e9alisateur flamand Felix van Groeningen, avec Steve Carell et Timoth\u00e9e Chalamet. Une ouverture et une cl\u00f4ture sous le signe des Oscars?<\/strong><\/p>\n<p>Si l&rsquo;on sait donc que <em>Girl<\/em> repr\u00e9sentera la Belgique pour la course \u00e0 l&rsquo;Oscar du Meilleur film en langue \u00e9trang\u00e8re, il se murmure d\u00e9j\u00e0 que le jeune acteur franco-am\u00e9ricain Timoth\u00e9e Chalamet pourrait briguer une nouvelle nomination aux Oscars pour le r\u00f4le bouleversant qu&rsquo;il interpr\u00e8te dans le film de Van Groeningen.<\/p>\n<p>Au g\u00e9n\u00e9rique de <em>Beautiful Boy<\/em> on retrouve donc les excellentissimes Steve Carell et Timoth\u00e9e Chalamet. Le film, adapt\u00e9 des m\u00e9moires de David et Nic Sheff, relate le combat d\u2019un jeune homme, accro \u00e0 la meth, vu \u00e0 travers les yeux de son p\u00e8re\u2026 Le film est produit par Plan B Entertainment, la soci\u00e9t\u00e9 de Brad Pitt, pour les studios Amazon Prime. A propos de cette s\u00e9lection, Van Groeningen a d\u00e9clar\u00e9: \u00ab\u00a0Je suis tr\u00e8s heureux de pouvoir pr\u00e9senter mon nouveau film \u2018Beautiful Boy\u2019 au public belge en cl\u00f4ture du Film Fest Gent. Apr\u00e8s mes films pr\u00e9c\u00e9dents, j\u2019\u00e9tais pr\u00eat \u00e0 tenter l\u2019aventure \u00e0 l\u2019\u00e9tranger. Le chemin a \u00e9t\u00e9 long mais ce fut une exp\u00e9rience incroyable, et surtout\u00a0: je suis vraiment fier de ce film, une histoire humaine et tr\u00e8s \u00e9mouvante bas\u00e9e sur des faits r\u00e9els.\u00a0\u00bb<\/p>\n<p><iframe loading=\"lazy\" title=\"Beautiful Boy - Official Trailer | Amazon Studios\" width=\"618\" height=\"348\" src=\"https:\/\/www.youtube.com\/embed\/y23HyopQxEg?feature=oembed\" frameborder=\"0\" allow=\"accelerometer; autoplay; clipboard-write; encrypted-media; gyroscope; picture-in-picture; web-share\" referrerpolicy=\"strict-origin-when-cross-origin\" allowfullscreen><\/iframe><\/p>\n<p>Le film sort le 21 novembre prochain dans les salles belges, distribu\u00e9 par The Searchers.<\/p>\n","protected":false},"excerpt":{"rendered":"<p>On savait d\u00e9j\u00e0 que le Festival ouvrait le 9 octobre prochain avec la projection en avant-premi\u00e8re le magnifique Girl de Lukas Dhont, on sait d\u00e9sormais qu&rsquo;il se cl\u00f4turera le 19 avec l&rsquo;avant-premi\u00e8re de Beautiful Boy, premi\u00e8re r\u00e9alisation am\u00e9ricaine du r\u00e9alisateur flamand Felix van Groeningen, avec Steve Carell et Timoth\u00e9e Chalamet. Une ouverture et une cl\u00f4ture &hellip;<\/p>\n","protected":false},"author":343,"featured_media":212658,"comment_status":"closed","ping_status":"closed","sticky":false,"template":"","format":"standard","meta":{"ngg_post_thumbnail":0,"footnotes":""},"categories":[12],"tags":[2286,63],"class_list":["post-212657","post","type-post","status-publish","format-standard","has-post-thumbnail","","category-awards","tag-beautiful-boy","tag-felix-van-groeningen"],"yoast_head":"<!-- This site is optimized with the Yoast SEO plugin v20.4 - https:\/\/yoast.com\/wordpress\/plugins\/seo\/ -->\n<title>Felix Van Groeningen et son &quot;Beautiful Boy&quot; en cl\u00f4ture de Gand - w-l-c<\/title>\n<meta name=\"robots\" content=\"noindex, follow, max-snippet:-1, max-image-preview:large, max-video-preview:-1\" \/>\n<meta property=\"og:locale\" content=\"fr_FR\" \/>\n<meta property=\"og:type\" content=\"article\" \/>\n<meta property=\"og:title\" content=\"Felix Van Groeningen et son &quot;Beautiful Boy&quot; en cl\u00f4ture de Gand - w-l-c\" \/>\n<meta property=\"og:description\" content=\"On savait d\u00e9j\u00e0 que le Festival ouvrait le 9 octobre prochain avec la projection en avant-premi\u00e8re le magnifique Girl de Lukas Dhont, on sait d\u00e9sormais qu&rsquo;il se cl\u00f4turera le 19 avec l&rsquo;avant-premi\u00e8re de Beautiful Boy, premi\u00e8re r\u00e9alisation am\u00e9ricaine du r\u00e9alisateur flamand Felix van Groeningen, avec Steve Carell et Timoth\u00e9e Chalamet. Une ouverture et une cl\u00f4ture &hellip;\" \/>\n<meta property=\"og:url\" content=\"https:\/\/w-l-c.be\/fr\/felix-van-groeningen-et-son-beautiful-boy-en-cloture-de-gand\/\" \/>\n<meta property=\"og:site_name\" content=\"w-l-c\" \/>\n<meta property=\"article:published_time\" content=\"2018-08-29T09:57:28+00:00\" \/>\n<meta property=\"article:modified_time\" content=\"2018-08-29T11:02:17+00:00\" \/>\n<meta property=\"og:image\" content=\"https:\/\/w-l-c.be\/wp-content\/uploads\/2018\/08\/VanGroeningenBeautifulBoy.jpg\" \/>\n\t<meta property=\"og:image:width\" content=\"2400\" \/>\n\t<meta property=\"og:image:height\" content=\"1200\" \/>\n\t<meta property=\"og:image:type\" content=\"image\/jpeg\" \/>\n<meta name=\"author\" content=\"Aurore Engelen\" \/>\n<meta name=\"twitter:card\" content=\"summary_large_image\" \/>\n<meta name=\"twitter:label1\" content=\"\u00c9crit par\" \/>\n\t<meta name=\"twitter:data1\" content=\"Aurore Engelen\" \/>\n\t<meta name=\"twitter:label2\" content=\"Dur\u00e9e de lecture estim\u00e9e\" \/>\n\t<meta name=\"twitter:data2\" content=\"1 minute\" \/>\n<script type=\"application\/ld+json\" class=\"yoast-schema-graph\">{\"@context\":\"https:\/\/schema.org\",\"@graph\":[{\"@type\":\"WebPage\",\"@id\":\"https:\/\/w-l-c.be\/fr\/felix-van-groeningen-et-son-beautiful-boy-en-cloture-de-gand\/\",\"url\":\"https:\/\/w-l-c.be\/fr\/felix-van-groeningen-et-son-beautiful-boy-en-cloture-de-gand\/\",\"name\":\"Felix Van Groeningen et son \\\"Beautiful Boy\\\" en cl\u00f4ture de Gand - w-l-c\",\"isPartOf\":{\"@id\":\"https:\/\/w-l-c.be\/fr\/#website\"},\"datePublished\":\"2018-08-29T09:57:28+00:00\",\"dateModified\":\"2018-08-29T11:02:17+00:00\",\"author\":{\"@id\":\"https:\/\/w-l-c.be\/fr\/#\/schema\/person\/8084b68c6b176142d073695c654dc7cf\"},\"breadcrumb\":{\"@id\":\"https:\/\/w-l-c.be\/fr\/felix-van-groeningen-et-son-beautiful-boy-en-cloture-de-gand\/#breadcrumb\"},\"inLanguage\":\"fr-FR\",\"potentialAction\":[{\"@type\":\"ReadAction\",\"target\":[\"https:\/\/w-l-c.be\/fr\/felix-van-groeningen-et-son-beautiful-boy-en-cloture-de-gand\/\"]}]},{\"@type\":\"BreadcrumbList\",\"@id\":\"https:\/\/w-l-c.be\/fr\/felix-van-groeningen-et-son-beautiful-boy-en-cloture-de-gand\/#breadcrumb\",\"itemListElement\":[{\"@type\":\"ListItem\",\"position\":1,\"name\":\"Accueil\",\"item\":\"https:\/\/w-l-c.be\/fr\/\"},{\"@type\":\"ListItem\",\"position\":2,\"name\":\"Felix Van Groeningen et son \u00ab\u00a0Beautiful Boy\u00a0\u00bb en cl\u00f4ture de Gand\"}]},{\"@type\":\"WebSite\",\"@id\":\"https:\/\/w-l-c.be\/fr\/#website\",\"url\":\"https:\/\/w-l-c.be\/fr\/\",\"name\":\"w-l-c\",\"description\":\"Le cin\u00e9ma vu par les belges\",\"potentialAction\":[{\"@type\":\"SearchAction\",\"target\":{\"@type\":\"EntryPoint\",\"urlTemplate\":\"https:\/\/w-l-c.be\/fr\/?s={search_term_string}\"},\"query-input\":\"required name=search_term_string\"}],\"inLanguage\":\"fr-FR\"},{\"@type\":\"Person\",\"@id\":\"https:\/\/w-l-c.be\/fr\/#\/schema\/person\/8084b68c6b176142d073695c654dc7cf\",\"name\":\"Aurore Engelen\",\"url\":\"https:\/\/w-l-c.be\/fr\/author\/aurore-engelen\/\"}]}<\/script>\n<!-- \/ Yoast SEO plugin. -->","yoast_head_json":{"title":"Felix Van Groeningen et son \"Beautiful Boy\" en cl\u00f4ture de Gand - w-l-c","robots":{"index":"noindex","follow":"follow","max-snippet":"max-snippet:-1","max-image-preview":"max-image-preview:large","max-video-preview":"max-video-preview:-1"},"og_locale":"fr_FR","og_type":"article","og_title":"Felix Van Groeningen et son \"Beautiful Boy\" en cl\u00f4ture de Gand - w-l-c","og_description":"On savait d\u00e9j\u00e0 que le Festival ouvrait le 9 octobre prochain avec la projection en avant-premi\u00e8re le magnifique Girl de Lukas Dhont, on sait d\u00e9sormais qu&rsquo;il se cl\u00f4turera le 19 avec l&rsquo;avant-premi\u00e8re de Beautiful Boy, premi\u00e8re r\u00e9alisation am\u00e9ricaine du r\u00e9alisateur flamand Felix van Groeningen, avec Steve Carell et Timoth\u00e9e Chalamet. Une ouverture et une cl\u00f4ture &hellip;","og_url":"https:\/\/w-l-c.be\/fr\/felix-van-groeningen-et-son-beautiful-boy-en-cloture-de-gand\/","og_site_name":"w-l-c","article_published_time":"2018-08-29T09:57:28+00:00","article_modified_time":"2018-08-29T11:02:17+00:00","og_image":[{"width":2400,"height":1200,"url":"https:\/\/w-l-c.be\/wp-content\/uploads\/2018\/08\/VanGroeningenBeautifulBoy.jpg","type":"image\/jpeg"}],"author":"Aurore Engelen","twitter_card":"summary_large_image","twitter_misc":{"\u00c9crit par":"Aurore Engelen","Dur\u00e9e de lecture estim\u00e9e":"1 minute"},"schema":{"@context":"https:\/\/schema.org","@graph":[{"@type":"WebPage","@id":"https:\/\/w-l-c.be\/fr\/felix-van-groeningen-et-son-beautiful-boy-en-cloture-de-gand\/","url":"https:\/\/w-l-c.be\/fr\/felix-van-groeningen-et-son-beautiful-boy-en-cloture-de-gand\/","name":"Felix Van Groeningen et son \"Beautiful Boy\" en cl\u00f4ture de Gand - w-l-c","isPartOf":{"@id":"https:\/\/w-l-c.be\/fr\/#website"},"datePublished":"2018-08-29T09:57:28+00:00","dateModified":"2018-08-29T11:02:17+00:00","author":{"@id":"https:\/\/w-l-c.be\/fr\/#\/schema\/person\/8084b68c6b176142d073695c654dc7cf"},"breadcrumb":{"@id":"https:\/\/w-l-c.be\/fr\/felix-van-groeningen-et-son-beautiful-boy-en-cloture-de-gand\/#breadcrumb"},"inLanguage":"fr-FR","potentialAction":[{"@type":"ReadAction","target":["https:\/\/w-l-c.be\/fr\/felix-van-groeningen-et-son-beautiful-boy-en-cloture-de-gand\/"]}]},{"@type":"BreadcrumbList","@id":"https:\/\/w-l-c.be\/fr\/felix-van-groeningen-et-son-beautiful-boy-en-cloture-de-gand\/#breadcrumb","itemListElement":[{"@type":"ListItem","position":1,"name":"Accueil","item":"https:\/\/w-l-c.be\/fr\/"},{"@type":"ListItem","position":2,"name":"Felix Van Groeningen et son \u00ab\u00a0Beautiful Boy\u00a0\u00bb en cl\u00f4ture de Gand"}]},{"@type":"WebSite","@id":"https:\/\/w-l-c.be\/fr\/#website","url":"https:\/\/w-l-c.be\/fr\/","name":"w-l-c","description":"Le cin\u00e9ma vu par les belges","potentialAction":[{"@type":"SearchAction","target":{"@type":"EntryPoint","urlTemplate":"https:\/\/w-l-c.be\/fr\/?s={search_term_string}"},"query-input":"required name=search_term_string"}],"inLanguage":"fr-FR"},{"@type":"Person","@id":"https:\/\/w-l-c.be\/fr\/#\/schema\/person\/8084b68c6b176142d073695c654dc7cf","name":"Aurore Engelen","url":"https:\/\/w-l-c.be\/fr\/author\/aurore-engelen\/"}]}},"_links":{"self":[{"href":"https:\/\/w-l-c.be\/fr\/wp-json\/wp\/v2\/posts\/212657","targetHints":{"allow":["GET"]}}],"collection":[{"href":"https:\/\/w-l-c.be\/fr\/wp-json\/wp\/v2\/posts"}],"about":[{"href":"https:\/\/w-l-c.be\/fr\/wp-json\/wp\/v2\/types\/post"}],"author":[{"embeddable":true,"href":"https:\/\/w-l-c.be\/fr\/wp-json\/wp\/v2\/users\/343"}],"replies":[{"embeddable":true,"href":"https:\/\/w-l-c.be\/fr\/wp-json\/wp\/v2\/comments?post=212657"}],"version-history":[{"count":0,"href":"https:\/\/w-l-c.be\/fr\/wp-json\/wp\/v2\/posts\/212657\/revisions"}],"wp:featuredmedia":[{"embeddable":true,"href":"https:\/\/w-l-c.be\/fr\/wp-json\/wp\/v2\/media\/212658"}],"wp:attachment":[{"href":"https:\/\/w-l-c.be\/fr\/wp-json\/wp\/v2\/media?parent=212657"}],"wp:term":[{"taxonomy":"category","embeddable":true,"href":"https:\/\/w-l-c.be\/fr\/wp-json\/wp\/v2\/categories?post=212657"},{"taxonomy":"post_tag","embeddable":true,"href":"https:\/\/w-l-c.be\/fr\/wp-json\/wp\/v2\/tags?post=212657"}],"curies":[{"name":"wp","href":"https:\/\/api.w.org\/{rel}","templated":true}]}}