
{"id":212703,"date":"2018-08-31T09:34:11","date_gmt":"2018-08-31T07:34:11","guid":{"rendered":"https:\/\/www.cinevox.be\/?p=212703"},"modified":"2018-09-03T15:38:33","modified_gmt":"2018-09-03T13:38:33","slug":"continuer-le-teaser","status":"publish","type":"post","link":"https:\/\/w-l-c.be\/fr\/continuer-le-teaser\/","title":{"rendered":"\u00ab\u00a0Continuer\u00a0\u00bb, le teaser"},"content":{"rendered":"<p><strong>C&rsquo;est aujourd&rsquo;hui que sera d\u00e9voil\u00e9 \u00e0 Venise <em>Continuer<\/em>, le nouveau film de Joachim Lafosse avec Virgnie Efira et Kacey Mottet-Klein.<\/strong><\/p>\n<p>\u00ab\u00a0Il y a un myst\u00e8re entre les fils et leur m\u00e8re. Un petit gar\u00e7on a du mal \u00e0 relier la m\u00e8re et la femme. On tente d&rsquo;expliquer les choses, on parle des corps, du d\u00e9sir, de la jalousie \u00e0 l&rsquo;\u00e9gard du p\u00e8re, mais c&rsquo;est une mani\u00e8re d&rsquo;organiser notre ignorance. La question sans r\u00e9ponse est: \u00e0 quoi r\u00eavent nos m\u00e8res? \u00bb C&rsquo;est par ces mots du psychanalyste Jean-Bertrand Pontalis que le cin\u00e9aste d\u00e9crit le moteur de son film, la force qui r\u00e9side en son coeur.<\/p>\n<p><em>Continuer<\/em>, une adaptation du roman \u00e9ponyme de Laurent Mauvigner, conte l&rsquo;histoire d&rsquo;une m\u00e8re, qui afin de l\u2019\u00e9loigner de la haine et de la violence, emm\u00e8ne son fils Samuel de 16 ans dans une travers\u00e9e \u00e9questre du Kirghizistan. Sybille y est incarn\u00e9e par Virginie Efira, que l&rsquo;on n&rsquo;avait plus vue dans un film belge depuis sa participation dans <em>Dead Man Talking<\/em> en 2012. La com\u00e9dienne et le r\u00e9alisateur se sont retrouv\u00e9s autour de leur envie commune d&rsquo;adapter ce texte du romancier fran\u00e7ais. Une double premi\u00e8re pour les deux talents, une premi\u00e8re adaptation litt\u00e9raire pour Joachim Lafosse, et une premi\u00e8re vell\u00e9it\u00e9 de production pour l&rsquo;actrice. Le r\u00e9alisateur nous parlait en ces termes de cette rencontre:<\/p>\n<p><iframe loading=\"lazy\" title=\"Entretien avec Joachim Lafosse, \u00e0 propos de &quot;Continuer&quot;\" width=\"618\" height=\"348\" src=\"https:\/\/www.youtube.com\/embed\/pOfDyWp7AaI?feature=oembed\" frameborder=\"0\" allow=\"accelerometer; autoplay; clipboard-write; encrypted-media; gyroscope; picture-in-picture; web-share\" referrerpolicy=\"strict-origin-when-cross-origin\" allowfullscreen><\/iframe><\/p>\n<p>Face \u00e0 Virginie Efira, on retrouve le jeune Kacey Mottet-Klein, bouleversant dans <em>Keeper<\/em>, et espoir qui compte du cin\u00e9ma francophone.<\/p>\n<p>Le film, produit par Versus Production, sera distribuer en Belgique par O&rsquo;Brother Distribution, vraisemblablement d\u00e9but 2019. Il est pr\u00e9sent\u00e9 ce vendredi 31 ao\u00fbt en avant-premi\u00e8re mondiale \u00e0 Venise, en s\u00e9lection officielle aux Giornate degli autiori. On vous en reparle au plus vite!<\/p>\n<section id=\"content\">\n<div class=\"inner\"><\/div>\n<\/section>\n","protected":false},"excerpt":{"rendered":"<p>C&rsquo;est aujourd&rsquo;hui que sera d\u00e9voil\u00e9 \u00e0 Venise Continuer, le nouveau film de Joachim Lafosse avec Virgnie Efira et Kacey Mottet-Klein. \u00ab\u00a0Il y a un myst\u00e8re entre les fils et leur m\u00e8re. Un petit gar\u00e7on a du mal \u00e0 relier la m\u00e8re et la femme. On tente d&rsquo;expliquer les choses, on parle des corps, du d\u00e9sir, &hellip;<\/p>\n","protected":false},"author":343,"featured_media":212704,"comment_status":"closed","ping_status":"closed","sticky":false,"template":"","format":"standard","meta":{"ngg_post_thumbnail":0,"footnotes":""},"categories":[12],"tags":[2300,801,1904],"class_list":["post-212703","post","type-post","status-publish","format-standard","has-post-thumbnail","","category-awards","tag-continuer","tag-joachim-lafosse","tag-virginie-efira"],"yoast_head":"<!-- This site is optimized with the Yoast SEO plugin v20.4 - https:\/\/yoast.com\/wordpress\/plugins\/seo\/ -->\n<title>&quot;Continuer&quot;, le teaser - w-l-c<\/title>\n<meta name=\"robots\" content=\"noindex, follow, max-snippet:-1, max-image-preview:large, max-video-preview:-1\" \/>\n<meta property=\"og:locale\" content=\"fr_FR\" \/>\n<meta property=\"og:type\" content=\"article\" \/>\n<meta property=\"og:title\" content=\"&quot;Continuer&quot;, le teaser - w-l-c\" \/>\n<meta property=\"og:description\" content=\"C&rsquo;est aujourd&rsquo;hui que sera d\u00e9voil\u00e9 \u00e0 Venise Continuer, le nouveau film de Joachim Lafosse avec Virgnie Efira et Kacey Mottet-Klein. \u00ab\u00a0Il y a un myst\u00e8re entre les fils et leur m\u00e8re. Un petit gar\u00e7on a du mal \u00e0 relier la m\u00e8re et la femme. On tente d&rsquo;expliquer les choses, on parle des corps, du d\u00e9sir, &hellip;\" \/>\n<meta property=\"og:url\" content=\"https:\/\/w-l-c.be\/fr\/continuer-le-teaser\/\" \/>\n<meta property=\"og:site_name\" content=\"w-l-c\" \/>\n<meta property=\"article:published_time\" content=\"2018-08-31T07:34:11+00:00\" \/>\n<meta property=\"article:modified_time\" content=\"2018-09-03T13:38:33+00:00\" \/>\n<meta property=\"og:image\" content=\"https:\/\/w-l-c.be\/wp-content\/uploads\/2018\/08\/ContinuerJoachimLafosse.jpg\" \/>\n\t<meta property=\"og:image:width\" content=\"2760\" \/>\n\t<meta property=\"og:image:height\" content=\"1845\" \/>\n\t<meta property=\"og:image:type\" content=\"image\/jpeg\" \/>\n<meta name=\"author\" content=\"Aurore Engelen\" \/>\n<meta name=\"twitter:card\" content=\"summary_large_image\" \/>\n<meta name=\"twitter:label1\" content=\"\u00c9crit par\" \/>\n\t<meta name=\"twitter:data1\" content=\"Aurore Engelen\" \/>\n\t<meta name=\"twitter:label2\" content=\"Dur\u00e9e de lecture estim\u00e9e\" \/>\n\t<meta name=\"twitter:data2\" content=\"2 minutes\" \/>\n<script type=\"application\/ld+json\" class=\"yoast-schema-graph\">{\"@context\":\"https:\/\/schema.org\",\"@graph\":[{\"@type\":\"WebPage\",\"@id\":\"https:\/\/w-l-c.be\/fr\/continuer-le-teaser\/\",\"url\":\"https:\/\/w-l-c.be\/fr\/continuer-le-teaser\/\",\"name\":\"\\\"Continuer\\\", le teaser - w-l-c\",\"isPartOf\":{\"@id\":\"https:\/\/w-l-c.be\/fr\/#website\"},\"datePublished\":\"2018-08-31T07:34:11+00:00\",\"dateModified\":\"2018-09-03T13:38:33+00:00\",\"author\":{\"@id\":\"https:\/\/w-l-c.be\/fr\/#\/schema\/person\/8084b68c6b176142d073695c654dc7cf\"},\"breadcrumb\":{\"@id\":\"https:\/\/w-l-c.be\/fr\/continuer-le-teaser\/#breadcrumb\"},\"inLanguage\":\"fr-FR\",\"potentialAction\":[{\"@type\":\"ReadAction\",\"target\":[\"https:\/\/w-l-c.be\/fr\/continuer-le-teaser\/\"]}]},{\"@type\":\"BreadcrumbList\",\"@id\":\"https:\/\/w-l-c.be\/fr\/continuer-le-teaser\/#breadcrumb\",\"itemListElement\":[{\"@type\":\"ListItem\",\"position\":1,\"name\":\"Accueil\",\"item\":\"https:\/\/w-l-c.be\/fr\/\"},{\"@type\":\"ListItem\",\"position\":2,\"name\":\"\u00ab\u00a0Continuer\u00a0\u00bb, le teaser\"}]},{\"@type\":\"WebSite\",\"@id\":\"https:\/\/w-l-c.be\/fr\/#website\",\"url\":\"https:\/\/w-l-c.be\/fr\/\",\"name\":\"w-l-c\",\"description\":\"Le cin\u00e9ma vu par les belges\",\"potentialAction\":[{\"@type\":\"SearchAction\",\"target\":{\"@type\":\"EntryPoint\",\"urlTemplate\":\"https:\/\/w-l-c.be\/fr\/?s={search_term_string}\"},\"query-input\":\"required name=search_term_string\"}],\"inLanguage\":\"fr-FR\"},{\"@type\":\"Person\",\"@id\":\"https:\/\/w-l-c.be\/fr\/#\/schema\/person\/8084b68c6b176142d073695c654dc7cf\",\"name\":\"Aurore Engelen\",\"url\":\"https:\/\/w-l-c.be\/fr\/author\/aurore-engelen\/\"}]}<\/script>\n<!-- \/ Yoast SEO plugin. -->","yoast_head_json":{"title":"\"Continuer\", le teaser - w-l-c","robots":{"index":"noindex","follow":"follow","max-snippet":"max-snippet:-1","max-image-preview":"max-image-preview:large","max-video-preview":"max-video-preview:-1"},"og_locale":"fr_FR","og_type":"article","og_title":"\"Continuer\", le teaser - w-l-c","og_description":"C&rsquo;est aujourd&rsquo;hui que sera d\u00e9voil\u00e9 \u00e0 Venise Continuer, le nouveau film de Joachim Lafosse avec Virgnie Efira et Kacey Mottet-Klein. \u00ab\u00a0Il y a un myst\u00e8re entre les fils et leur m\u00e8re. Un petit gar\u00e7on a du mal \u00e0 relier la m\u00e8re et la femme. On tente d&rsquo;expliquer les choses, on parle des corps, du d\u00e9sir, &hellip;","og_url":"https:\/\/w-l-c.be\/fr\/continuer-le-teaser\/","og_site_name":"w-l-c","article_published_time":"2018-08-31T07:34:11+00:00","article_modified_time":"2018-09-03T13:38:33+00:00","og_image":[{"width":2760,"height":1845,"url":"https:\/\/w-l-c.be\/wp-content\/uploads\/2018\/08\/ContinuerJoachimLafosse.jpg","type":"image\/jpeg"}],"author":"Aurore Engelen","twitter_card":"summary_large_image","twitter_misc":{"\u00c9crit par":"Aurore Engelen","Dur\u00e9e de lecture estim\u00e9e":"2 minutes"},"schema":{"@context":"https:\/\/schema.org","@graph":[{"@type":"WebPage","@id":"https:\/\/w-l-c.be\/fr\/continuer-le-teaser\/","url":"https:\/\/w-l-c.be\/fr\/continuer-le-teaser\/","name":"\"Continuer\", le teaser - w-l-c","isPartOf":{"@id":"https:\/\/w-l-c.be\/fr\/#website"},"datePublished":"2018-08-31T07:34:11+00:00","dateModified":"2018-09-03T13:38:33+00:00","author":{"@id":"https:\/\/w-l-c.be\/fr\/#\/schema\/person\/8084b68c6b176142d073695c654dc7cf"},"breadcrumb":{"@id":"https:\/\/w-l-c.be\/fr\/continuer-le-teaser\/#breadcrumb"},"inLanguage":"fr-FR","potentialAction":[{"@type":"ReadAction","target":["https:\/\/w-l-c.be\/fr\/continuer-le-teaser\/"]}]},{"@type":"BreadcrumbList","@id":"https:\/\/w-l-c.be\/fr\/continuer-le-teaser\/#breadcrumb","itemListElement":[{"@type":"ListItem","position":1,"name":"Accueil","item":"https:\/\/w-l-c.be\/fr\/"},{"@type":"ListItem","position":2,"name":"\u00ab\u00a0Continuer\u00a0\u00bb, le teaser"}]},{"@type":"WebSite","@id":"https:\/\/w-l-c.be\/fr\/#website","url":"https:\/\/w-l-c.be\/fr\/","name":"w-l-c","description":"Le cin\u00e9ma vu par les belges","potentialAction":[{"@type":"SearchAction","target":{"@type":"EntryPoint","urlTemplate":"https:\/\/w-l-c.be\/fr\/?s={search_term_string}"},"query-input":"required name=search_term_string"}],"inLanguage":"fr-FR"},{"@type":"Person","@id":"https:\/\/w-l-c.be\/fr\/#\/schema\/person\/8084b68c6b176142d073695c654dc7cf","name":"Aurore Engelen","url":"https:\/\/w-l-c.be\/fr\/author\/aurore-engelen\/"}]}},"_links":{"self":[{"href":"https:\/\/w-l-c.be\/fr\/wp-json\/wp\/v2\/posts\/212703","targetHints":{"allow":["GET"]}}],"collection":[{"href":"https:\/\/w-l-c.be\/fr\/wp-json\/wp\/v2\/posts"}],"about":[{"href":"https:\/\/w-l-c.be\/fr\/wp-json\/wp\/v2\/types\/post"}],"author":[{"embeddable":true,"href":"https:\/\/w-l-c.be\/fr\/wp-json\/wp\/v2\/users\/343"}],"replies":[{"embeddable":true,"href":"https:\/\/w-l-c.be\/fr\/wp-json\/wp\/v2\/comments?post=212703"}],"version-history":[{"count":0,"href":"https:\/\/w-l-c.be\/fr\/wp-json\/wp\/v2\/posts\/212703\/revisions"}],"wp:featuredmedia":[{"embeddable":true,"href":"https:\/\/w-l-c.be\/fr\/wp-json\/wp\/v2\/media\/212704"}],"wp:attachment":[{"href":"https:\/\/w-l-c.be\/fr\/wp-json\/wp\/v2\/media?parent=212703"}],"wp:term":[{"taxonomy":"category","embeddable":true,"href":"https:\/\/w-l-c.be\/fr\/wp-json\/wp\/v2\/categories?post=212703"},{"taxonomy":"post_tag","embeddable":true,"href":"https:\/\/w-l-c.be\/fr\/wp-json\/wp\/v2\/tags?post=212703"}],"curies":[{"name":"wp","href":"https:\/\/api.w.org\/{rel}","templated":true}]}}