
{"id":212817,"date":"2018-09-04T14:34:54","date_gmt":"2018-09-04T12:34:54","guid":{"rendered":"https:\/\/www.cinevox.be\/?p=212817"},"modified":"2019-12-11T15:57:54","modified_gmt":"2019-12-11T14:57:54","slug":"des-films-comme-sil-en-pleuvait-pour-la-fete-de-la-fwb","status":"publish","type":"post","link":"https:\/\/w-l-c.be\/fr\/des-films-comme-sil-en-pleuvait-pour-la-fete-de-la-fwb\/","title":{"rendered":"Des films comme s&rsquo;il en pleuvait pour la F\u00eate de la FWB"},"content":{"rendered":"<p><strong>Fin septembre, la F\u00e9d\u00e9ration Wallonie-Bruxelles est en f\u00eate, et organise de nombreuses projections \u00e0 Bruxelles et en Wallonie pour c\u00e9l\u00e9brer son patrimoine culturel.<\/strong><\/p>\n<p>Une occasion exceptionnelle de (re)d\u00e9couvrir sur grand \u00e9cran plus de 25 films belges r\u00e9cents ou non, de <em>Ni juge ni soumise<\/em> de Yves Hinant et Jean Libon \u00e0 <em>Golden Eighties<\/em> de Chantal Akerman, en passant par <em>Tueurs<\/em> de JeanFran\u00e7ois Hensgens et Fran\u00e7ois Troukens ou <em>Manu l&rsquo;homme \u00e0 la cam\u00e9ra<\/em> d&rsquo;Emmanuelle Bonmariage.<\/p>\n<figure id=\"attachment_211149\" aria-describedby=\"caption-attachment-211149\" style=\"width: 618px\" class=\"wp-caption alignnone\"><img loading=\"lazy\" decoding=\"async\" class=\"wp-image-211149 size-large\" src=\"https:\/\/www.cinevox.be\/wp-content\/uploads\/2018\/07\/GoldenEighties-800x481.jpg\" alt=\"GoldenEighties\" width=\"618\" height=\"372\" srcset=\"https:\/\/w-l-c.be\/wp-content\/uploads\/2018\/07\/GoldenEighties-800x481.jpg 800w, https:\/\/w-l-c.be\/wp-content\/uploads\/2018\/07\/GoldenEighties-449x270.jpg 449w, https:\/\/w-l-c.be\/wp-content\/uploads\/2018\/07\/GoldenEighties-768x462.jpg 768w, https:\/\/w-l-c.be\/wp-content\/uploads\/2018\/07\/GoldenEighties.jpg 960w\" sizes=\"auto, (max-width: 618px) 100vw, 618px\" \/><figcaption id=\"caption-attachment-211149\" class=\"wp-caption-text\">\u00ab\u00a0Golden Eighties\u00a0\u00bb<\/figcaption><\/figure>\n<figure id=\"attachment_225453\" aria-describedby=\"caption-attachment-225453\" style=\"width: 618px\" class=\"wp-caption alignnone\"><img loading=\"lazy\" decoding=\"async\" class=\"wp-image-225453 size-large\" src=\"https:\/\/www.cinevox.be\/wp-content\/uploads\/2018\/02\/4765-c-le-bureau-artemis-productions-france-3-cinema-rtbf-2017-03-800x422.jpg\" alt=\"\" width=\"618\" height=\"326\" srcset=\"https:\/\/w-l-c.be\/wp-content\/uploads\/2018\/02\/4765-c-le-bureau-artemis-productions-france-3-cinema-rtbf-2017-03-800x422.jpg 800w, https:\/\/w-l-c.be\/wp-content\/uploads\/2018\/02\/4765-c-le-bureau-artemis-productions-france-3-cinema-rtbf-2017-03-480x253.jpg 480w, https:\/\/w-l-c.be\/wp-content\/uploads\/2018\/02\/4765-c-le-bureau-artemis-productions-france-3-cinema-rtbf-2017-03-768x405.jpg 768w, https:\/\/w-l-c.be\/wp-content\/uploads\/2018\/02\/4765-c-le-bureau-artemis-productions-france-3-cinema-rtbf-2017-03-310x165.jpg 310w\" sizes=\"auto, (max-width: 618px) 100vw, 618px\" \/><figcaption id=\"caption-attachment-225453\" class=\"wp-caption-text\">\u00ab\u00a0Ni juge ni soumise\u00a0\u00bb<\/figcaption><\/figure>\n<p>Pour retrouver le programme complet des projections, \u00e7a se passe ? <a href=\"http:\/\/www.lafetefwb.be\/agenda\/cat_ids~5\/\">ici<\/a>.<\/p>\n","protected":false},"excerpt":{"rendered":"<p>Fin septembre, la F\u00e9d\u00e9ration Wallonie-Bruxelles est en f\u00eate, et organise de nombreuses projections \u00e0 Bruxelles et en Wallonie pour c\u00e9l\u00e9brer son patrimoine culturel. Une occasion exceptionnelle de (re)d\u00e9couvrir sur grand \u00e9cran plus de 25 films belges r\u00e9cents ou non, de Ni juge ni soumise de Yves Hinant et Jean Libon \u00e0 Golden Eighties de Chantal &hellip;<\/p>\n","protected":false},"author":343,"featured_media":212818,"comment_status":"closed","ping_status":"closed","sticky":false,"template":"","format":"standard","meta":{"ngg_post_thumbnail":0,"footnotes":""},"categories":[12],"tags":[],"class_list":["post-212817","post","type-post","status-publish","format-standard","has-post-thumbnail","","category-awards"],"yoast_head":"<!-- This site is optimized with the Yoast SEO plugin v20.4 - https:\/\/yoast.com\/wordpress\/plugins\/seo\/ -->\n<title>Des films comme s&#039;il en pleuvait pour la F\u00eate de la FWB - w-l-c<\/title>\n<meta name=\"robots\" content=\"noindex, follow, max-snippet:-1, max-image-preview:large, max-video-preview:-1\" \/>\n<meta property=\"og:locale\" content=\"fr_FR\" \/>\n<meta property=\"og:type\" content=\"article\" \/>\n<meta property=\"og:title\" content=\"Des films comme s&#039;il en pleuvait pour la F\u00eate de la FWB - w-l-c\" \/>\n<meta property=\"og:description\" content=\"Fin septembre, la F\u00e9d\u00e9ration Wallonie-Bruxelles est en f\u00eate, et organise de nombreuses projections \u00e0 Bruxelles et en Wallonie pour c\u00e9l\u00e9brer son patrimoine culturel. Une occasion exceptionnelle de (re)d\u00e9couvrir sur grand \u00e9cran plus de 25 films belges r\u00e9cents ou non, de Ni juge ni soumise de Yves Hinant et Jean Libon \u00e0 Golden Eighties de Chantal &hellip;\" \/>\n<meta property=\"og:url\" content=\"https:\/\/w-l-c.be\/fr\/des-films-comme-sil-en-pleuvait-pour-la-fete-de-la-fwb\/\" \/>\n<meta property=\"og:site_name\" content=\"w-l-c\" \/>\n<meta property=\"article:published_time\" content=\"2018-09-04T12:34:54+00:00\" \/>\n<meta property=\"article:modified_time\" content=\"2019-12-11T14:57:54+00:00\" \/>\n<meta property=\"og:image\" content=\"https:\/\/w-l-c.be\/wp-content\/uploads\/2018\/09\/FeteFWB.jpg\" \/>\n\t<meta property=\"og:image:width\" content=\"8000\" \/>\n\t<meta property=\"og:image:height\" content=\"4492\" \/>\n\t<meta property=\"og:image:type\" content=\"image\/jpeg\" \/>\n<meta name=\"author\" content=\"Aurore Engelen\" \/>\n<meta name=\"twitter:card\" content=\"summary_large_image\" \/>\n<meta name=\"twitter:label1\" content=\"\u00c9crit par\" \/>\n\t<meta name=\"twitter:data1\" content=\"Aurore Engelen\" \/>\n\t<meta name=\"twitter:label2\" content=\"Dur\u00e9e de lecture estim\u00e9e\" \/>\n\t<meta name=\"twitter:data2\" content=\"1 minute\" \/>\n<script type=\"application\/ld+json\" class=\"yoast-schema-graph\">{\"@context\":\"https:\/\/schema.org\",\"@graph\":[{\"@type\":\"WebPage\",\"@id\":\"https:\/\/w-l-c.be\/fr\/des-films-comme-sil-en-pleuvait-pour-la-fete-de-la-fwb\/\",\"url\":\"https:\/\/w-l-c.be\/fr\/des-films-comme-sil-en-pleuvait-pour-la-fete-de-la-fwb\/\",\"name\":\"Des films comme s'il en pleuvait pour la F\u00eate de la FWB - w-l-c\",\"isPartOf\":{\"@id\":\"https:\/\/w-l-c.be\/fr\/#website\"},\"datePublished\":\"2018-09-04T12:34:54+00:00\",\"dateModified\":\"2019-12-11T14:57:54+00:00\",\"author\":{\"@id\":\"https:\/\/w-l-c.be\/fr\/#\/schema\/person\/8084b68c6b176142d073695c654dc7cf\"},\"breadcrumb\":{\"@id\":\"https:\/\/w-l-c.be\/fr\/des-films-comme-sil-en-pleuvait-pour-la-fete-de-la-fwb\/#breadcrumb\"},\"inLanguage\":\"fr-FR\",\"potentialAction\":[{\"@type\":\"ReadAction\",\"target\":[\"https:\/\/w-l-c.be\/fr\/des-films-comme-sil-en-pleuvait-pour-la-fete-de-la-fwb\/\"]}]},{\"@type\":\"BreadcrumbList\",\"@id\":\"https:\/\/w-l-c.be\/fr\/des-films-comme-sil-en-pleuvait-pour-la-fete-de-la-fwb\/#breadcrumb\",\"itemListElement\":[{\"@type\":\"ListItem\",\"position\":1,\"name\":\"Accueil\",\"item\":\"https:\/\/w-l-c.be\/fr\/\"},{\"@type\":\"ListItem\",\"position\":2,\"name\":\"Des films comme s&rsquo;il en pleuvait pour la F\u00eate de la FWB\"}]},{\"@type\":\"WebSite\",\"@id\":\"https:\/\/w-l-c.be\/fr\/#website\",\"url\":\"https:\/\/w-l-c.be\/fr\/\",\"name\":\"w-l-c\",\"description\":\"Le cin\u00e9ma vu par les belges\",\"potentialAction\":[{\"@type\":\"SearchAction\",\"target\":{\"@type\":\"EntryPoint\",\"urlTemplate\":\"https:\/\/w-l-c.be\/fr\/?s={search_term_string}\"},\"query-input\":\"required name=search_term_string\"}],\"inLanguage\":\"fr-FR\"},{\"@type\":\"Person\",\"@id\":\"https:\/\/w-l-c.be\/fr\/#\/schema\/person\/8084b68c6b176142d073695c654dc7cf\",\"name\":\"Aurore Engelen\",\"url\":\"https:\/\/w-l-c.be\/fr\/author\/aurore-engelen\/\"}]}<\/script>\n<!-- \/ Yoast SEO plugin. -->","yoast_head_json":{"title":"Des films comme s'il en pleuvait pour la F\u00eate de la FWB - w-l-c","robots":{"index":"noindex","follow":"follow","max-snippet":"max-snippet:-1","max-image-preview":"max-image-preview:large","max-video-preview":"max-video-preview:-1"},"og_locale":"fr_FR","og_type":"article","og_title":"Des films comme s'il en pleuvait pour la F\u00eate de la FWB - w-l-c","og_description":"Fin septembre, la F\u00e9d\u00e9ration Wallonie-Bruxelles est en f\u00eate, et organise de nombreuses projections \u00e0 Bruxelles et en Wallonie pour c\u00e9l\u00e9brer son patrimoine culturel. Une occasion exceptionnelle de (re)d\u00e9couvrir sur grand \u00e9cran plus de 25 films belges r\u00e9cents ou non, de Ni juge ni soumise de Yves Hinant et Jean Libon \u00e0 Golden Eighties de Chantal &hellip;","og_url":"https:\/\/w-l-c.be\/fr\/des-films-comme-sil-en-pleuvait-pour-la-fete-de-la-fwb\/","og_site_name":"w-l-c","article_published_time":"2018-09-04T12:34:54+00:00","article_modified_time":"2019-12-11T14:57:54+00:00","og_image":[{"width":8000,"height":4492,"url":"https:\/\/w-l-c.be\/wp-content\/uploads\/2018\/09\/FeteFWB.jpg","type":"image\/jpeg"}],"author":"Aurore Engelen","twitter_card":"summary_large_image","twitter_misc":{"\u00c9crit par":"Aurore Engelen","Dur\u00e9e de lecture estim\u00e9e":"1 minute"},"schema":{"@context":"https:\/\/schema.org","@graph":[{"@type":"WebPage","@id":"https:\/\/w-l-c.be\/fr\/des-films-comme-sil-en-pleuvait-pour-la-fete-de-la-fwb\/","url":"https:\/\/w-l-c.be\/fr\/des-films-comme-sil-en-pleuvait-pour-la-fete-de-la-fwb\/","name":"Des films comme s'il en pleuvait pour la F\u00eate de la FWB - w-l-c","isPartOf":{"@id":"https:\/\/w-l-c.be\/fr\/#website"},"datePublished":"2018-09-04T12:34:54+00:00","dateModified":"2019-12-11T14:57:54+00:00","author":{"@id":"https:\/\/w-l-c.be\/fr\/#\/schema\/person\/8084b68c6b176142d073695c654dc7cf"},"breadcrumb":{"@id":"https:\/\/w-l-c.be\/fr\/des-films-comme-sil-en-pleuvait-pour-la-fete-de-la-fwb\/#breadcrumb"},"inLanguage":"fr-FR","potentialAction":[{"@type":"ReadAction","target":["https:\/\/w-l-c.be\/fr\/des-films-comme-sil-en-pleuvait-pour-la-fete-de-la-fwb\/"]}]},{"@type":"BreadcrumbList","@id":"https:\/\/w-l-c.be\/fr\/des-films-comme-sil-en-pleuvait-pour-la-fete-de-la-fwb\/#breadcrumb","itemListElement":[{"@type":"ListItem","position":1,"name":"Accueil","item":"https:\/\/w-l-c.be\/fr\/"},{"@type":"ListItem","position":2,"name":"Des films comme s&rsquo;il en pleuvait pour la F\u00eate de la FWB"}]},{"@type":"WebSite","@id":"https:\/\/w-l-c.be\/fr\/#website","url":"https:\/\/w-l-c.be\/fr\/","name":"w-l-c","description":"Le cin\u00e9ma vu par les belges","potentialAction":[{"@type":"SearchAction","target":{"@type":"EntryPoint","urlTemplate":"https:\/\/w-l-c.be\/fr\/?s={search_term_string}"},"query-input":"required name=search_term_string"}],"inLanguage":"fr-FR"},{"@type":"Person","@id":"https:\/\/w-l-c.be\/fr\/#\/schema\/person\/8084b68c6b176142d073695c654dc7cf","name":"Aurore Engelen","url":"https:\/\/w-l-c.be\/fr\/author\/aurore-engelen\/"}]}},"_links":{"self":[{"href":"https:\/\/w-l-c.be\/fr\/wp-json\/wp\/v2\/posts\/212817","targetHints":{"allow":["GET"]}}],"collection":[{"href":"https:\/\/w-l-c.be\/fr\/wp-json\/wp\/v2\/posts"}],"about":[{"href":"https:\/\/w-l-c.be\/fr\/wp-json\/wp\/v2\/types\/post"}],"author":[{"embeddable":true,"href":"https:\/\/w-l-c.be\/fr\/wp-json\/wp\/v2\/users\/343"}],"replies":[{"embeddable":true,"href":"https:\/\/w-l-c.be\/fr\/wp-json\/wp\/v2\/comments?post=212817"}],"version-history":[{"count":0,"href":"https:\/\/w-l-c.be\/fr\/wp-json\/wp\/v2\/posts\/212817\/revisions"}],"wp:featuredmedia":[{"embeddable":true,"href":"https:\/\/w-l-c.be\/fr\/wp-json\/wp\/v2\/media\/212818"}],"wp:attachment":[{"href":"https:\/\/w-l-c.be\/fr\/wp-json\/wp\/v2\/media?parent=212817"}],"wp:term":[{"taxonomy":"category","embeddable":true,"href":"https:\/\/w-l-c.be\/fr\/wp-json\/wp\/v2\/categories?post=212817"},{"taxonomy":"post_tag","embeddable":true,"href":"https:\/\/w-l-c.be\/fr\/wp-json\/wp\/v2\/tags?post=212817"}],"curies":[{"name":"wp","href":"https:\/\/api.w.org\/{rel}","templated":true}]}}