
{"id":212862,"date":"2018-09-05T08:39:06","date_gmt":"2018-09-05T06:39:06","guid":{"rendered":"https:\/\/www.cinevox.be\/?p=212862"},"modified":"2018-09-05T08:39:29","modified_gmt":"2018-09-05T06:39:29","slug":"tout-court-passe-au-mercredi","status":"publish","type":"post","link":"https:\/\/w-l-c.be\/fr\/tout-court-passe-au-mercredi\/","title":{"rendered":"\u00ab\u00a0Tout court\u00a0\u00bb passe au mercredi!"},"content":{"rendered":"<p><strong>Nouveaut\u00e9 en cette rentr\u00e9e 2018: \u00ab\u00a0Tout court\u00a0\u00bb, l&rsquo;\u00e9mission de La trois d\u00e9di\u00e9e aux courts m\u00e9trages belges change de case, et se retrouve le mercredi soir plut\u00f4t que le mardi soir. Mais la vraie bonne nouvelle, c&rsquo;est que le magazine proposera une \u00e9dition sp\u00e9ciale chaque dernier mercredi du mois en pr\u00e9sence d&rsquo;invit\u00e9s, donnant la parole aux cin\u00e9astes, com\u00e9diens et com\u00e9diennes. Premier rendez-vous sp\u00e9cial le 26 septembre! En attendant ce soir, on (re)d\u00e9couvre trois films qui ont d\u00e9j\u00e0 fait les belles heures du programme:<em> Crazy Sheep, The Hidden Part<\/em> et <em>Complices<\/em>.<\/strong><\/p>\n<hr \/>\n<h4><em><strong>Crazy Sheep<\/strong><\/em> de Mathias Desmarres<\/h4>\n<p>Dans le salon d&rsquo;un appartement d&rsquo;une cit\u00e9 baln\u00e9aire, Crazy Sheep<br \/>\nconsume sa vie \u00e0 jouer \u00e0\u00a0 l\u2019ordinateur. Les rayons du soleil soudain l\u2019\u00e9blouissent&#8230;<\/p>\n<p><em>Avec R\u00e9al Siellez, Robert Buy, Aurel Fox, Aurora Marion, Andr\u00e9-Pierre Rego, No\u00ebl Baye, Graziella Jordano<\/em><\/p>\n<p>(extrait <em>Crazy Sheep<\/em>: 00&rsquo;58 \u00e0 01&rsquo;42!)<\/p>\n<p><iframe loading=\"lazy\" title=\"La Caravane du Court en Province de Li\u00e8ge - EXTRAITS\" width=\"618\" height=\"348\" src=\"https:\/\/www.youtube.com\/embed\/QIGV6q6hh2Y?feature=oembed\" frameborder=\"0\" allow=\"accelerometer; autoplay; clipboard-write; encrypted-media; gyroscope; picture-in-picture; web-share\" referrerpolicy=\"strict-origin-when-cross-origin\" allowfullscreen><\/iframe><\/p>\n<hr \/>\n<h4><em><strong>The Hidden Part<\/strong><\/em>\u00a0de Caroline d\u2019Hondt et Monique Marnette<\/h4>\n<p>D\u00e9rogeant \u00e0 ses habitudes, Asgeir, accepte la pr\u00e9sence de Wor\u00e9, une jeune femme africaine, \u00e0 bord de son camion. R\u00e9unis le temps d\u2019une journ\u00e9e sur les routes d\u2019Islande, ces deux \u00eatres enferm\u00e9s dans leur solitude vont d\u00e9couvrir, malgr\u00e9 eux, une part de l\u2019autre mais aussi d\u2019eux-m\u00eames.<\/p>\n<p><em>Avec\u00a0Ingvar E. Sigurdsson\u00a0et Babetida Sadjo<\/em><\/p>\n<p><iframe loading=\"lazy\" src=\"https:\/\/player.vimeo.com\/video\/198251663?dnt=1&amp;app_id=122963\" width=\"618\" height=\"348\" frameborder=\"0\" allow=\"autoplay; fullscreen; picture-in-picture; clipboard-write; encrypted-media\"><\/iframe><\/p>\n<hr \/>\n<h4><em><strong>Complices<\/strong><\/em> de Mathieu Mortelmans<\/h4>\n<h4><em>Avec\u00a0Martin Nissen, Jean-Henri Comp\u00e8re, Anne Coesens et\u00a0Dirk Roofthooft<\/em><\/h4>\n<p>Juge au tribunal correctionnel, Philippe entretient une relation houleuse avec son fils Hugues. Un soir, en \u00e9tat d\u2019ivresse, Hugues \u00e9crase un cycliste et prend la fuite. Pour prot\u00e9ger son fils, Philippe choisit de dissimuler les preuves du crime&#8230;<\/p>\n<p><iframe loading=\"lazy\" title=\"COMPLICES film by Mathieu Mortelmans - TRAILER\" width=\"618\" height=\"348\" src=\"https:\/\/www.youtube.com\/embed\/COeIDEjyDOg?feature=oembed\" frameborder=\"0\" allow=\"accelerometer; autoplay; clipboard-write; encrypted-media; gyroscope; picture-in-picture; web-share\" referrerpolicy=\"strict-origin-when-cross-origin\" allowfullscreen><\/iframe><\/p>\n<hr \/>\n<h4><i>On r\u00e9capitule?<\/i><\/h4>\n<ul>\n<li><em><strong>Crazy Sheep<\/strong><\/em> de Mathias Desmarres \u00e0 23h40<\/li>\n<li><em><strong>The Hidden Part<\/strong><\/em>\u00a0de Caroline d\u2019Hondt et Monique Marnette \u00e0 23h50<\/li>\n<li><em><strong>Complices<\/strong><\/em> de Mathieu Mortelmans \u00e0 00h10<\/li>\n<\/ul>\n","protected":false},"excerpt":{"rendered":"<p>Nouveaut\u00e9 en cette rentr\u00e9e 2018: \u00ab\u00a0Tout court\u00a0\u00bb, l&rsquo;\u00e9mission de La trois d\u00e9di\u00e9e aux courts m\u00e9trages belges change de case, et se retrouve le mercredi soir plut\u00f4t que le mardi soir. Mais la vraie bonne nouvelle, c&rsquo;est que le magazine proposera une \u00e9dition sp\u00e9ciale chaque dernier mercredi du mois en pr\u00e9sence d&rsquo;invit\u00e9s, donnant la parole aux &hellip;<\/p>\n","protected":false},"author":343,"featured_media":91308,"comment_status":"closed","ping_status":"closed","sticky":false,"template":"","format":"standard","meta":{"ngg_post_thumbnail":0,"footnotes":""},"categories":[14],"tags":[],"class_list":["post-212862","post","type-post","status-publish","format-standard","has-post-thumbnail","","category-home-cinema"],"yoast_head":"<!-- This site is optimized with the Yoast SEO plugin v20.4 - https:\/\/yoast.com\/wordpress\/plugins\/seo\/ -->\n<title>&quot;Tout court&quot; passe au mercredi! - w-l-c<\/title>\n<meta name=\"robots\" content=\"noindex, follow, max-snippet:-1, max-image-preview:large, max-video-preview:-1\" \/>\n<meta property=\"og:locale\" content=\"fr_FR\" \/>\n<meta property=\"og:type\" content=\"article\" \/>\n<meta property=\"og:title\" content=\"&quot;Tout court&quot; passe au mercredi! - w-l-c\" \/>\n<meta property=\"og:description\" content=\"Nouveaut\u00e9 en cette rentr\u00e9e 2018: \u00ab\u00a0Tout court\u00a0\u00bb, l&rsquo;\u00e9mission de La trois d\u00e9di\u00e9e aux courts m\u00e9trages belges change de case, et se retrouve le mercredi soir plut\u00f4t que le mardi soir. Mais la vraie bonne nouvelle, c&rsquo;est que le magazine proposera une \u00e9dition sp\u00e9ciale chaque dernier mercredi du mois en pr\u00e9sence d&rsquo;invit\u00e9s, donnant la parole aux &hellip;\" \/>\n<meta property=\"og:url\" content=\"https:\/\/w-l-c.be\/fr\/tout-court-passe-au-mercredi\/\" \/>\n<meta property=\"og:site_name\" content=\"w-l-c\" \/>\n<meta property=\"article:published_time\" content=\"2018-09-05T06:39:06+00:00\" \/>\n<meta property=\"article:modified_time\" content=\"2018-09-05T06:39:29+00:00\" \/>\n<meta property=\"og:image\" content=\"https:\/\/w-l-c.be\/wp-content\/uploads\/2016\/10\/crazy.png\" \/>\n\t<meta property=\"og:image:width\" content=\"1174\" \/>\n\t<meta property=\"og:image:height\" content=\"612\" \/>\n\t<meta property=\"og:image:type\" content=\"image\/png\" \/>\n<meta name=\"author\" content=\"Aurore Engelen\" \/>\n<meta name=\"twitter:card\" content=\"summary_large_image\" \/>\n<meta name=\"twitter:label1\" content=\"\u00c9crit par\" \/>\n\t<meta name=\"twitter:data1\" content=\"Aurore Engelen\" \/>\n\t<meta name=\"twitter:label2\" content=\"Dur\u00e9e de lecture estim\u00e9e\" \/>\n\t<meta name=\"twitter:data2\" content=\"2 minutes\" \/>\n<script type=\"application\/ld+json\" class=\"yoast-schema-graph\">{\"@context\":\"https:\/\/schema.org\",\"@graph\":[{\"@type\":\"WebPage\",\"@id\":\"https:\/\/w-l-c.be\/fr\/tout-court-passe-au-mercredi\/\",\"url\":\"https:\/\/w-l-c.be\/fr\/tout-court-passe-au-mercredi\/\",\"name\":\"\\\"Tout court\\\" passe au mercredi! - w-l-c\",\"isPartOf\":{\"@id\":\"https:\/\/w-l-c.be\/fr\/#website\"},\"datePublished\":\"2018-09-05T06:39:06+00:00\",\"dateModified\":\"2018-09-05T06:39:29+00:00\",\"author\":{\"@id\":\"https:\/\/w-l-c.be\/fr\/#\/schema\/person\/8084b68c6b176142d073695c654dc7cf\"},\"breadcrumb\":{\"@id\":\"https:\/\/w-l-c.be\/fr\/tout-court-passe-au-mercredi\/#breadcrumb\"},\"inLanguage\":\"fr-FR\",\"potentialAction\":[{\"@type\":\"ReadAction\",\"target\":[\"https:\/\/w-l-c.be\/fr\/tout-court-passe-au-mercredi\/\"]}]},{\"@type\":\"BreadcrumbList\",\"@id\":\"https:\/\/w-l-c.be\/fr\/tout-court-passe-au-mercredi\/#breadcrumb\",\"itemListElement\":[{\"@type\":\"ListItem\",\"position\":1,\"name\":\"Accueil\",\"item\":\"https:\/\/w-l-c.be\/fr\/\"},{\"@type\":\"ListItem\",\"position\":2,\"name\":\"\u00ab\u00a0Tout court\u00a0\u00bb passe au mercredi!\"}]},{\"@type\":\"WebSite\",\"@id\":\"https:\/\/w-l-c.be\/fr\/#website\",\"url\":\"https:\/\/w-l-c.be\/fr\/\",\"name\":\"w-l-c\",\"description\":\"Le cin\u00e9ma vu par les belges\",\"potentialAction\":[{\"@type\":\"SearchAction\",\"target\":{\"@type\":\"EntryPoint\",\"urlTemplate\":\"https:\/\/w-l-c.be\/fr\/?s={search_term_string}\"},\"query-input\":\"required name=search_term_string\"}],\"inLanguage\":\"fr-FR\"},{\"@type\":\"Person\",\"@id\":\"https:\/\/w-l-c.be\/fr\/#\/schema\/person\/8084b68c6b176142d073695c654dc7cf\",\"name\":\"Aurore Engelen\",\"url\":\"https:\/\/w-l-c.be\/fr\/author\/aurore-engelen\/\"}]}<\/script>\n<!-- \/ Yoast SEO plugin. -->","yoast_head_json":{"title":"\"Tout court\" passe au mercredi! - w-l-c","robots":{"index":"noindex","follow":"follow","max-snippet":"max-snippet:-1","max-image-preview":"max-image-preview:large","max-video-preview":"max-video-preview:-1"},"og_locale":"fr_FR","og_type":"article","og_title":"\"Tout court\" passe au mercredi! - w-l-c","og_description":"Nouveaut\u00e9 en cette rentr\u00e9e 2018: \u00ab\u00a0Tout court\u00a0\u00bb, l&rsquo;\u00e9mission de La trois d\u00e9di\u00e9e aux courts m\u00e9trages belges change de case, et se retrouve le mercredi soir plut\u00f4t que le mardi soir. Mais la vraie bonne nouvelle, c&rsquo;est que le magazine proposera une \u00e9dition sp\u00e9ciale chaque dernier mercredi du mois en pr\u00e9sence d&rsquo;invit\u00e9s, donnant la parole aux &hellip;","og_url":"https:\/\/w-l-c.be\/fr\/tout-court-passe-au-mercredi\/","og_site_name":"w-l-c","article_published_time":"2018-09-05T06:39:06+00:00","article_modified_time":"2018-09-05T06:39:29+00:00","og_image":[{"width":1174,"height":612,"url":"https:\/\/w-l-c.be\/wp-content\/uploads\/2016\/10\/crazy.png","type":"image\/png"}],"author":"Aurore Engelen","twitter_card":"summary_large_image","twitter_misc":{"\u00c9crit par":"Aurore Engelen","Dur\u00e9e de lecture estim\u00e9e":"2 minutes"},"schema":{"@context":"https:\/\/schema.org","@graph":[{"@type":"WebPage","@id":"https:\/\/w-l-c.be\/fr\/tout-court-passe-au-mercredi\/","url":"https:\/\/w-l-c.be\/fr\/tout-court-passe-au-mercredi\/","name":"\"Tout court\" passe au mercredi! - w-l-c","isPartOf":{"@id":"https:\/\/w-l-c.be\/fr\/#website"},"datePublished":"2018-09-05T06:39:06+00:00","dateModified":"2018-09-05T06:39:29+00:00","author":{"@id":"https:\/\/w-l-c.be\/fr\/#\/schema\/person\/8084b68c6b176142d073695c654dc7cf"},"breadcrumb":{"@id":"https:\/\/w-l-c.be\/fr\/tout-court-passe-au-mercredi\/#breadcrumb"},"inLanguage":"fr-FR","potentialAction":[{"@type":"ReadAction","target":["https:\/\/w-l-c.be\/fr\/tout-court-passe-au-mercredi\/"]}]},{"@type":"BreadcrumbList","@id":"https:\/\/w-l-c.be\/fr\/tout-court-passe-au-mercredi\/#breadcrumb","itemListElement":[{"@type":"ListItem","position":1,"name":"Accueil","item":"https:\/\/w-l-c.be\/fr\/"},{"@type":"ListItem","position":2,"name":"\u00ab\u00a0Tout court\u00a0\u00bb passe au mercredi!"}]},{"@type":"WebSite","@id":"https:\/\/w-l-c.be\/fr\/#website","url":"https:\/\/w-l-c.be\/fr\/","name":"w-l-c","description":"Le cin\u00e9ma vu par les belges","potentialAction":[{"@type":"SearchAction","target":{"@type":"EntryPoint","urlTemplate":"https:\/\/w-l-c.be\/fr\/?s={search_term_string}"},"query-input":"required name=search_term_string"}],"inLanguage":"fr-FR"},{"@type":"Person","@id":"https:\/\/w-l-c.be\/fr\/#\/schema\/person\/8084b68c6b176142d073695c654dc7cf","name":"Aurore Engelen","url":"https:\/\/w-l-c.be\/fr\/author\/aurore-engelen\/"}]}},"_links":{"self":[{"href":"https:\/\/w-l-c.be\/fr\/wp-json\/wp\/v2\/posts\/212862","targetHints":{"allow":["GET"]}}],"collection":[{"href":"https:\/\/w-l-c.be\/fr\/wp-json\/wp\/v2\/posts"}],"about":[{"href":"https:\/\/w-l-c.be\/fr\/wp-json\/wp\/v2\/types\/post"}],"author":[{"embeddable":true,"href":"https:\/\/w-l-c.be\/fr\/wp-json\/wp\/v2\/users\/343"}],"replies":[{"embeddable":true,"href":"https:\/\/w-l-c.be\/fr\/wp-json\/wp\/v2\/comments?post=212862"}],"version-history":[{"count":0,"href":"https:\/\/w-l-c.be\/fr\/wp-json\/wp\/v2\/posts\/212862\/revisions"}],"wp:featuredmedia":[{"embeddable":true,"href":"https:\/\/w-l-c.be\/fr\/wp-json\/wp\/v2\/media\/91308"}],"wp:attachment":[{"href":"https:\/\/w-l-c.be\/fr\/wp-json\/wp\/v2\/media?parent=212862"}],"wp:term":[{"taxonomy":"category","embeddable":true,"href":"https:\/\/w-l-c.be\/fr\/wp-json\/wp\/v2\/categories?post=212862"},{"taxonomy":"post_tag","embeddable":true,"href":"https:\/\/w-l-c.be\/fr\/wp-json\/wp\/v2\/tags?post=212862"}],"curies":[{"name":"wp","href":"https:\/\/api.w.org\/{rel}","templated":true}]}}