
{"id":212895,"date":"2018-09-06T14:03:50","date_gmt":"2018-09-06T12:03:50","guid":{"rendered":"https:\/\/www.cinevox.be\/?p=212895"},"modified":"2019-02-06T09:53:56","modified_gmt":"2019-02-06T08:53:56","slug":"au-temps-ou-les-arabes-dansaient","status":"publish","type":"post","link":"https:\/\/w-l-c.be\/fr\/au-temps-ou-les-arabes-dansaient\/","title":{"rendered":"\u00ab\u00a0Au temps o\u00f9 les Arabes dansaient\u00a0\u00bb: l&rsquo;amour de l&rsquo;art contre le fanatisme"},"content":{"rendered":"<p><strong>Avec <em>Au temps o\u00f9 les Arabes dansaient<\/em>, Jawad Rhalib revient sur l&rsquo;amour des arts, et de la danse et de la musique en particulier des cultures arabes, un amour obscurci aujourd&rsquo;hui par la prise de pouvoir des fanatiques et des fondamentalistes. Il rencontre autant de t\u00e9moins, artistes et amoureux des arts, en qu\u00eate de libert\u00e9.\u00a0<\/strong><\/p>\n<p>\u00ab\u00a0Couvrez ce sein que je ne saurais voir\u00a0\u00bb, rien de nouveau sous le soleil, me direz-vous. Ce vers de <em>Tartuffe<\/em>, \u00e9crit en 1664 par Moli\u00e8re, repr\u00e9sente l&#8217;embl\u00e8me d&rsquo;une pudibonderie hypocrite port\u00e9e par un imposteur qui brandit la modestie et la pudeur comme preuves de religiosit\u00e9 afin d&rsquo;arriver \u00e0 ses fins &#8211; elles-m\u00eames bien \u00e9loign\u00e9es de sa d\u00e9votion affich\u00e9e.<\/p>\n<p>La danse, l&rsquo;art de montrer les corps en mouvement, repr\u00e9sente le point de d\u00e9part d&rsquo;une r\u00e9flexion sur les mutations qui se sont abattues sur une partie du monde arabe depuis la fin du XX\u00e8me si\u00e8cle, un retour (mais est-ce bien un retour?) \u00e0 une ostracisation des corps que l&rsquo;on ne saurait plus voir. Les voiles \u00e9vanescents des danseuses orientales ont laiss\u00e9 place aux hijabs, les jupes des iraniennes sont remis\u00e9es au placard.<\/p>\n<p><img loading=\"lazy\" decoding=\"async\" class=\"alignnone size-full wp-image-212903\" src=\"https:\/\/www.cinevox.be\/wp-content\/uploads\/2018\/09\/AuTempsOuLesArabesDansaient4.jpeg\" alt=\"\" width=\"576\" height=\"287\" srcset=\"https:\/\/w-l-c.be\/wp-content\/uploads\/2018\/09\/AuTempsOuLesArabesDansaient4.jpeg 576w, https:\/\/w-l-c.be\/wp-content\/uploads\/2018\/09\/AuTempsOuLesArabesDansaient4-480x239.jpeg 480w\" sizes=\"auto, (max-width: 576px) 100vw, 576px\" \/><\/p>\n<p>\u00ab\u00a0Couvrez ce sein que je ne saurais voir\u00a0\u00bb&#8230; Le film d\u00e9bute par une succession de pr\u00eaches : <em>\u00ab\u00a0Ils vous encouragent \u00e0 bouger votre corps, \u00e0 pervertir votre pens\u00e9e.\u00a0\u00bb \u00ab\u00a0Celui qui aime la musique, il peut \u00eatre englouti par la terre.\u00a0\u00bb \u00ab\u00a0La danse est contraire aux lois de la charia\u00a0\u00bb.<\/em><\/p>\n<p>Derri\u00e8re cette privation de libert\u00e9, celle du corps, c&rsquo;est la libert\u00e9 d&rsquo;\u00eatre et de penser qui est en jeu. Les parents du r\u00e9alisateur se souviennent d&rsquo;une \u00e9poque o\u00f9 l&rsquo;\u00e9mancipation \u00e9tait la voie: <em>\u00ab\u00a0On s&rsquo;est battus pour une libert\u00e9 qu&rsquo;aujourd&rsquo;hui les fondamentalistes veulent nous voler. Ils veulent t&rsquo;interdire d&rsquo;\u00eatre qui tu es\u00a0\u00bb<\/em>.<\/p>\n<p><iframe loading=\"lazy\" title=\"Bande-annonce: &quot;Au temps o\u00f9 les Arabes dansaient&quot; de Jawad Rhalib\" width=\"618\" height=\"348\" src=\"https:\/\/www.youtube.com\/embed\/G_O1w9eSCK8?feature=oembed\" frameborder=\"0\" allow=\"accelerometer; autoplay; clipboard-write; encrypted-media; gyroscope; picture-in-picture; web-share\" referrerpolicy=\"strict-origin-when-cross-origin\" allowfullscreen><\/iframe><\/p>\n<p>En remontant dans ses souvenirs d&rsquo;enfance, li\u00e9s \u00e0 la danse, au chant, au cin\u00e9ma \u00e9gyptien si musical et sensuel, Jawad Rhalib rappelle que la culture arabe est aussi une culture des arts du corps. L&rsquo;enqu\u00eate s&rsquo;\u00e9largit au fil des t\u00e9moignages, au th\u00e9\u00e2tre, \u00e0 la litt\u00e9rature, l&rsquo;art plastique&#8230; Le film laisse la part belle \u00e0 l&rsquo;art, tout en mouvement, aux danseurs, aux artistes, d&rsquo;hier et d&rsquo;aujourd&rsquo;hui, \u00e9grenant les images d&rsquo;archives comme les captations contemporaines, les r\u00e9p\u00e9titions comme les repr\u00e9sentations. Les visages d\u00e9filent, connus ou moins connus, une troupe de danseurs \u00e9gyptiens c\u00f4toie la com\u00e9dienne internationalement reconnue Hiam Abbass, on suit le com\u00e9dien Mourade Zeguendi qui s&rsquo;interroge sur l&rsquo;adaptation au th\u00e9\u00e2tre de <em>Soumission<\/em> de Michel Houellebecq. Et si la pol\u00e9mique allait trop loin? \u00ab\u00a0Je n&rsquo;ai pas envie d&rsquo;\u00eatre le prochain Charlie Hebdo!\u00a0\u00bb.<\/p>\n<p><img loading=\"lazy\" decoding=\"async\" class=\"alignnone wp-image-212905\" src=\"https:\/\/www.cinevox.be\/wp-content\/uploads\/2018\/09\/AuTempsOuLesArabesDansaient2.jpg\" alt=\"AuTempsOuLesArabesDansaient2\" width=\"609\" height=\"303\" srcset=\"https:\/\/w-l-c.be\/wp-content\/uploads\/2018\/09\/AuTempsOuLesArabesDansaient2.jpg 796w, https:\/\/w-l-c.be\/wp-content\/uploads\/2018\/09\/AuTempsOuLesArabesDansaient2-480x239.jpg 480w, https:\/\/w-l-c.be\/wp-content\/uploads\/2018\/09\/AuTempsOuLesArabesDansaient2-768x382.jpg 768w\" sizes=\"auto, (max-width: 609px) 100vw, 609px\" \/><\/p>\n<p>\u00ab\u00a0Couvrez ce sein que je ne saurais voir\u00a0\u00bb. C&rsquo;est bien la libert\u00e9 d&rsquo;expression, et m\u00eame encore, la libert\u00e9 d&rsquo;\u00eatre qui r\u00e9side au coeur des interrogations des t\u00e9moins rencontr\u00e9s par le cin\u00e9aste. L&rsquo;interdiction tacite d&rsquo;user de la force de l&rsquo;art pour trouver sa propre identit\u00e9. Derri\u00e8re la chasse aux corps d\u00e9nud\u00e9s, c&rsquo;est la libert\u00e9 spirituelle des artistes &#8211; et des peuples &#8211; qui est en jeu.<\/p>\n<p>Pr\u00e9sent\u00e9 au printemps dernier au Festival de Visions du R\u00e9el de Nyon, le film y a remport\u00e9 le Prix du Public. Il \u00e9tait pr\u00e9sent\u00e9 ce jeudi 6 septembre au prestigieux Festival de Toronto, et sortira le 26 septembre prochain dans les salles belges.<\/p>\n","protected":false},"excerpt":{"rendered":"<p>Avec Au temps o\u00f9 les Arabes dansaient, Jawad Rhalib revient sur l&rsquo;amour des arts, et de la danse et de la musique en particulier des cultures arabes, un amour obscurci aujourd&rsquo;hui par la prise de pouvoir des fanatiques et des fondamentalistes. Il rencontre autant de t\u00e9moins, artistes et amoureux des arts, en qu\u00eate de libert\u00e9.\u00a0 &hellip;<\/p>\n","protected":false},"author":343,"featured_media":212907,"comment_status":"closed","ping_status":"closed","sticky":false,"template":"","format":"standard","meta":{"ngg_post_thumbnail":0,"footnotes":""},"categories":[10],"tags":[3928,1937],"class_list":["post-212895","post","type-post","status-publish","format-standard","has-post-thumbnail","","category-a-l-affiche","tag-au-temps-ou-les-arabes-dansaient","tag-jawad-rhalib"],"yoast_head":"<!-- This site is optimized with the Yoast SEO plugin v20.4 - https:\/\/yoast.com\/wordpress\/plugins\/seo\/ -->\n<title>&quot;Au temps o\u00f9 les Arabes dansaient&quot;: l&#039;amour de l&#039;art contre le fanatisme - w-l-c<\/title>\n<meta name=\"robots\" content=\"noindex, follow, max-snippet:-1, max-image-preview:large, max-video-preview:-1\" \/>\n<meta property=\"og:locale\" content=\"fr_FR\" \/>\n<meta property=\"og:type\" content=\"article\" \/>\n<meta property=\"og:title\" content=\"&quot;Au temps o\u00f9 les Arabes dansaient&quot;: l&#039;amour de l&#039;art contre le fanatisme - w-l-c\" \/>\n<meta property=\"og:description\" content=\"Avec Au temps o\u00f9 les Arabes dansaient, Jawad Rhalib revient sur l&rsquo;amour des arts, et de la danse et de la musique en particulier des cultures arabes, un amour obscurci aujourd&rsquo;hui par la prise de pouvoir des fanatiques et des fondamentalistes. Il rencontre autant de t\u00e9moins, artistes et amoureux des arts, en qu\u00eate de libert\u00e9.\u00a0 &hellip;\" \/>\n<meta property=\"og:url\" content=\"https:\/\/w-l-c.be\/fr\/au-temps-ou-les-arabes-dansaient\/\" \/>\n<meta property=\"og:site_name\" content=\"w-l-c\" \/>\n<meta property=\"article:published_time\" content=\"2018-09-06T12:03:50+00:00\" \/>\n<meta property=\"article:modified_time\" content=\"2019-02-06T08:53:56+00:00\" \/>\n<meta property=\"og:image\" content=\"https:\/\/w-l-c.be\/wp-content\/uploads\/2018\/09\/AuTempsOuLesArabesDansaient5.jpg\" \/>\n\t<meta property=\"og:image:width\" content=\"1280\" \/>\n\t<meta property=\"og:image:height\" content=\"632\" \/>\n\t<meta property=\"og:image:type\" content=\"image\/jpeg\" \/>\n<meta name=\"author\" content=\"Aurore Engelen\" \/>\n<meta name=\"twitter:card\" content=\"summary_large_image\" \/>\n<meta name=\"twitter:label1\" content=\"\u00c9crit par\" \/>\n\t<meta name=\"twitter:data1\" content=\"Aurore Engelen\" \/>\n\t<meta name=\"twitter:label2\" content=\"Dur\u00e9e de lecture estim\u00e9e\" \/>\n\t<meta name=\"twitter:data2\" content=\"3 minutes\" \/>\n<script type=\"application\/ld+json\" class=\"yoast-schema-graph\">{\"@context\":\"https:\/\/schema.org\",\"@graph\":[{\"@type\":\"WebPage\",\"@id\":\"https:\/\/w-l-c.be\/fr\/au-temps-ou-les-arabes-dansaient\/\",\"url\":\"https:\/\/w-l-c.be\/fr\/au-temps-ou-les-arabes-dansaient\/\",\"name\":\"\\\"Au temps o\u00f9 les Arabes dansaient\\\": l'amour de l'art contre le fanatisme - w-l-c\",\"isPartOf\":{\"@id\":\"https:\/\/w-l-c.be\/fr\/#website\"},\"datePublished\":\"2018-09-06T12:03:50+00:00\",\"dateModified\":\"2019-02-06T08:53:56+00:00\",\"author\":{\"@id\":\"https:\/\/w-l-c.be\/fr\/#\/schema\/person\/8084b68c6b176142d073695c654dc7cf\"},\"breadcrumb\":{\"@id\":\"https:\/\/w-l-c.be\/fr\/au-temps-ou-les-arabes-dansaient\/#breadcrumb\"},\"inLanguage\":\"fr-FR\",\"potentialAction\":[{\"@type\":\"ReadAction\",\"target\":[\"https:\/\/w-l-c.be\/fr\/au-temps-ou-les-arabes-dansaient\/\"]}]},{\"@type\":\"BreadcrumbList\",\"@id\":\"https:\/\/w-l-c.be\/fr\/au-temps-ou-les-arabes-dansaient\/#breadcrumb\",\"itemListElement\":[{\"@type\":\"ListItem\",\"position\":1,\"name\":\"Accueil\",\"item\":\"https:\/\/w-l-c.be\/fr\/\"},{\"@type\":\"ListItem\",\"position\":2,\"name\":\"\u00ab\u00a0Au temps o\u00f9 les Arabes dansaient\u00a0\u00bb: l&rsquo;amour de l&rsquo;art contre le fanatisme\"}]},{\"@type\":\"WebSite\",\"@id\":\"https:\/\/w-l-c.be\/fr\/#website\",\"url\":\"https:\/\/w-l-c.be\/fr\/\",\"name\":\"w-l-c\",\"description\":\"Le cin\u00e9ma vu par les belges\",\"potentialAction\":[{\"@type\":\"SearchAction\",\"target\":{\"@type\":\"EntryPoint\",\"urlTemplate\":\"https:\/\/w-l-c.be\/fr\/?s={search_term_string}\"},\"query-input\":\"required name=search_term_string\"}],\"inLanguage\":\"fr-FR\"},{\"@type\":\"Person\",\"@id\":\"https:\/\/w-l-c.be\/fr\/#\/schema\/person\/8084b68c6b176142d073695c654dc7cf\",\"name\":\"Aurore Engelen\",\"url\":\"https:\/\/w-l-c.be\/fr\/author\/aurore-engelen\/\"}]}<\/script>\n<!-- \/ Yoast SEO plugin. -->","yoast_head_json":{"title":"\"Au temps o\u00f9 les Arabes dansaient\": l'amour de l'art contre le fanatisme - w-l-c","robots":{"index":"noindex","follow":"follow","max-snippet":"max-snippet:-1","max-image-preview":"max-image-preview:large","max-video-preview":"max-video-preview:-1"},"og_locale":"fr_FR","og_type":"article","og_title":"\"Au temps o\u00f9 les Arabes dansaient\": l'amour de l'art contre le fanatisme - w-l-c","og_description":"Avec Au temps o\u00f9 les Arabes dansaient, Jawad Rhalib revient sur l&rsquo;amour des arts, et de la danse et de la musique en particulier des cultures arabes, un amour obscurci aujourd&rsquo;hui par la prise de pouvoir des fanatiques et des fondamentalistes. Il rencontre autant de t\u00e9moins, artistes et amoureux des arts, en qu\u00eate de libert\u00e9.\u00a0 &hellip;","og_url":"https:\/\/w-l-c.be\/fr\/au-temps-ou-les-arabes-dansaient\/","og_site_name":"w-l-c","article_published_time":"2018-09-06T12:03:50+00:00","article_modified_time":"2019-02-06T08:53:56+00:00","og_image":[{"width":1280,"height":632,"url":"https:\/\/w-l-c.be\/wp-content\/uploads\/2018\/09\/AuTempsOuLesArabesDansaient5.jpg","type":"image\/jpeg"}],"author":"Aurore Engelen","twitter_card":"summary_large_image","twitter_misc":{"\u00c9crit par":"Aurore Engelen","Dur\u00e9e de lecture estim\u00e9e":"3 minutes"},"schema":{"@context":"https:\/\/schema.org","@graph":[{"@type":"WebPage","@id":"https:\/\/w-l-c.be\/fr\/au-temps-ou-les-arabes-dansaient\/","url":"https:\/\/w-l-c.be\/fr\/au-temps-ou-les-arabes-dansaient\/","name":"\"Au temps o\u00f9 les Arabes dansaient\": l'amour de l'art contre le fanatisme - w-l-c","isPartOf":{"@id":"https:\/\/w-l-c.be\/fr\/#website"},"datePublished":"2018-09-06T12:03:50+00:00","dateModified":"2019-02-06T08:53:56+00:00","author":{"@id":"https:\/\/w-l-c.be\/fr\/#\/schema\/person\/8084b68c6b176142d073695c654dc7cf"},"breadcrumb":{"@id":"https:\/\/w-l-c.be\/fr\/au-temps-ou-les-arabes-dansaient\/#breadcrumb"},"inLanguage":"fr-FR","potentialAction":[{"@type":"ReadAction","target":["https:\/\/w-l-c.be\/fr\/au-temps-ou-les-arabes-dansaient\/"]}]},{"@type":"BreadcrumbList","@id":"https:\/\/w-l-c.be\/fr\/au-temps-ou-les-arabes-dansaient\/#breadcrumb","itemListElement":[{"@type":"ListItem","position":1,"name":"Accueil","item":"https:\/\/w-l-c.be\/fr\/"},{"@type":"ListItem","position":2,"name":"\u00ab\u00a0Au temps o\u00f9 les Arabes dansaient\u00a0\u00bb: l&rsquo;amour de l&rsquo;art contre le fanatisme"}]},{"@type":"WebSite","@id":"https:\/\/w-l-c.be\/fr\/#website","url":"https:\/\/w-l-c.be\/fr\/","name":"w-l-c","description":"Le cin\u00e9ma vu par les belges","potentialAction":[{"@type":"SearchAction","target":{"@type":"EntryPoint","urlTemplate":"https:\/\/w-l-c.be\/fr\/?s={search_term_string}"},"query-input":"required name=search_term_string"}],"inLanguage":"fr-FR"},{"@type":"Person","@id":"https:\/\/w-l-c.be\/fr\/#\/schema\/person\/8084b68c6b176142d073695c654dc7cf","name":"Aurore Engelen","url":"https:\/\/w-l-c.be\/fr\/author\/aurore-engelen\/"}]}},"_links":{"self":[{"href":"https:\/\/w-l-c.be\/fr\/wp-json\/wp\/v2\/posts\/212895","targetHints":{"allow":["GET"]}}],"collection":[{"href":"https:\/\/w-l-c.be\/fr\/wp-json\/wp\/v2\/posts"}],"about":[{"href":"https:\/\/w-l-c.be\/fr\/wp-json\/wp\/v2\/types\/post"}],"author":[{"embeddable":true,"href":"https:\/\/w-l-c.be\/fr\/wp-json\/wp\/v2\/users\/343"}],"replies":[{"embeddable":true,"href":"https:\/\/w-l-c.be\/fr\/wp-json\/wp\/v2\/comments?post=212895"}],"version-history":[{"count":0,"href":"https:\/\/w-l-c.be\/fr\/wp-json\/wp\/v2\/posts\/212895\/revisions"}],"wp:featuredmedia":[{"embeddable":true,"href":"https:\/\/w-l-c.be\/fr\/wp-json\/wp\/v2\/media\/212907"}],"wp:attachment":[{"href":"https:\/\/w-l-c.be\/fr\/wp-json\/wp\/v2\/media?parent=212895"}],"wp:term":[{"taxonomy":"category","embeddable":true,"href":"https:\/\/w-l-c.be\/fr\/wp-json\/wp\/v2\/categories?post=212895"},{"taxonomy":"post_tag","embeddable":true,"href":"https:\/\/w-l-c.be\/fr\/wp-json\/wp\/v2\/tags?post=212895"}],"curies":[{"name":"wp","href":"https:\/\/api.w.org\/{rel}","templated":true}]}}