
{"id":212957,"date":"2018-09-06T10:05:14","date_gmt":"2018-09-06T08:05:14","guid":{"rendered":"https:\/\/www.cinevox.be\/?p=212957"},"modified":"2018-09-06T14:04:13","modified_gmt":"2018-09-06T12:04:13","slug":"duelles-a-toronto-et-a-gand","status":"publish","type":"post","link":"https:\/\/w-l-c.be\/fr\/duelles-a-toronto-et-a-gand\/","title":{"rendered":"\u00ab\u00a0Duelles\u00a0\u00bb \u00e0 Toronto&#8230; et \u00e0 Gand!"},"content":{"rendered":"<p><strong>C&rsquo;est donc aujourd&rsquo;hui qu&rsquo;aura lieu \u00e0 Toronto la premi\u00e8re mondiale de Duelles, le nouveau film d&rsquo;Olivier Masset-Depasse, avec en t\u00eate d&rsquo;affiche Anne Coesens, Veerle Baetens, Arieh Worthalter et Mehdi Nebbou. Et ce n&rsquo;est pas tout, on vient d&rsquo;apprendre que le film ferait sa premi\u00e8re belge lors du Festival de Gand, on octobre prochain.<\/strong><\/p>\n<p><em>Duelles<\/em> met en sc\u00e8ne le face \u00e0 face angoissant entre deux femmes, Alice et C\u00e9line, qui \u00e9taient les meilleures amies du monde jusqu\u2019\u00e0 ce qu\u2019un \u00e9v\u00e8nement tragique vienne bouleverser leur quotidien. Le film est une adaptation du thriller de la romanci\u00e8re belge \u00e0 succ\u00e8s Barbara Abel, Derri\u00e8re la haine, que le cin\u00e9aste a choisi de transposer dans les ann\u00e9es 60.<\/p>\n<p><img loading=\"lazy\" decoding=\"async\" class=\"alignnone size-large wp-image-212961\" src=\"https:\/\/www.cinevox.be\/wp-content\/uploads\/2018\/09\/DuellesMassetDepasse5-800x534.jpg\" alt=\"DuellesMassetDepasse5\" width=\"618\" height=\"413\" srcset=\"https:\/\/w-l-c.be\/wp-content\/uploads\/2018\/09\/DuellesMassetDepasse5-800x534.jpg 800w, https:\/\/w-l-c.be\/wp-content\/uploads\/2018\/09\/DuellesMassetDepasse5-404x270.jpg 404w, https:\/\/w-l-c.be\/wp-content\/uploads\/2018\/09\/DuellesMassetDepasse5-768x513.jpg 768w, https:\/\/w-l-c.be\/wp-content\/uploads\/2018\/09\/DuellesMassetDepasse5-110x75.jpg 110w, https:\/\/w-l-c.be\/wp-content\/uploads\/2018\/09\/DuellesMassetDepasse5.jpg 1024w\" sizes=\"auto, (max-width: 618px) 100vw, 618px\" \/><\/p>\n<p>Si nous n&rsquo;avons pas encore pu d\u00e9couvrir le film, nous avions \u00e0 l&rsquo;\u00e9poque pu visiter le tournage, et d\u00e9couvrir avec \u00e9merveillement le plateau, et les d\u00e9cors somptueux reconstitu\u00e9s dans deux maisons du quartier de Cointe \u00e0 Li\u00e8ge. Voici ce que nous disait alors son r\u00e9alisateur: <em>\u00ab\u00a0Il faut essayer au cin\u00e9ma, il faut oser. Moi j\u2019aime faire du cin\u00e9ma pour prendre des risques, et disons que l\u00e0, je suis servi! Je change d\u2019univers esth\u00e9tique, mais aussi de style de r\u00e9alisation. Avec les films pr\u00e9c\u00e9dents, j\u2019\u00e9tais tr\u00e8s proche des corps, dans une sorte de n\u00e9o-r\u00e9alisme, il y avait beaucoup de r\u00e9alisation, mais peu de mise en sc\u00e8ne finalement. L\u00e0, il y a de forts enjeux de mise en sc\u00e8ne, j\u2019essaie d\u2019insuffler une certaine modernit\u00e9 dans une forme somme toute assez classique. C\u2019est un thriller psychologique, et le rythme sera surement plus lent que dans certains de mes films pr\u00e9c\u00e9dents o\u00f9 l\u2019on \u00e9tait plus dans l\u2019action, mais je compte conserver un montage assez relev\u00e9, assez anglo-saxon.\u00a0\u00bb<\/em><\/p>\n<p><img loading=\"lazy\" decoding=\"async\" class=\"alignnone size-large wp-image-212963\" src=\"https:\/\/www.cinevox.be\/wp-content\/uploads\/2018\/09\/DuellesMassetDepasse6-800x534.jpg\" alt=\"\" width=\"618\" height=\"413\" srcset=\"https:\/\/w-l-c.be\/wp-content\/uploads\/2018\/09\/DuellesMassetDepasse6-800x534.jpg 800w, https:\/\/w-l-c.be\/wp-content\/uploads\/2018\/09\/DuellesMassetDepasse6-404x270.jpg 404w, https:\/\/w-l-c.be\/wp-content\/uploads\/2018\/09\/DuellesMassetDepasse6-768x513.jpg 768w, https:\/\/w-l-c.be\/wp-content\/uploads\/2018\/09\/DuellesMassetDepasse6-110x75.jpg 110w, https:\/\/w-l-c.be\/wp-content\/uploads\/2018\/09\/DuellesMassetDepasse6.jpg 1024w\" sizes=\"auto, (max-width: 618px) 100vw, 618px\" \/><\/p>\n<p>Si dans les films pr\u00e9c\u00e9dents du cin\u00e9aste, les femmes avaient d\u00e9j\u00e0 des r\u00f4les pr\u00e9pond\u00e9rants, on est ici sur un duo &#8211; qui se mue en duel &#8211; 100% f\u00e9minin.\u00a0Car\u00a0<em>Duelles<\/em>\u00a0est un film o\u00f9 pour une fois, on joue \u00ab\u00a0l\u2019\u00e9poux de\u00a0\u00bb plut\u00f4t que \u00ab\u00a0la femme de\u00a0\u00bb. \u00a0<em>\u00ab\u00a0C\u2019est vrai que ce n\u2019est pas ce que nous avons l\u2019habitude de voir,<\/em> nous expliquait Veerle Baetens. <em>En g\u00e9n\u00e9ral, les\u00a0personnages f\u00e9minins sont\u00a0des \u00ab\u00a0femmes de h\u00e9ros\u00a0\u00bb, m\u00eame des grandes actrices hollywoodiennes connaissent \u00e7a!\u00a0\u00a0Moi j\u2019ai souvent \u00e9volu\u00e9 dans des univers tr\u00e8s masculins au cin\u00e9ma, comme\u00a0Windkracht 10, Code 37, ou m\u00eame\u00a0The Broken Circle Breakdown. Je crois en fait que je n\u2019ai jamais jou\u00e9 de face-\u00e0-face avec une autre com\u00e9dienne, c\u2019est un changement int\u00e9ressant!\u00a0\u00bb<\/em><\/p>\n<p>C&rsquo;est peu dire qu&rsquo;on a h\u00e2te de d\u00e9couvrir le film sur nos \u00e9crans!<\/p>\n<section id=\"content\">\n<div class=\"inner\"><\/div>\n<\/section>\n","protected":false},"excerpt":{"rendered":"<p>C&rsquo;est donc aujourd&rsquo;hui qu&rsquo;aura lieu \u00e0 Toronto la premi\u00e8re mondiale de Duelles, le nouveau film d&rsquo;Olivier Masset-Depasse, avec en t\u00eate d&rsquo;affiche Anne Coesens, Veerle Baetens, Arieh Worthalter et Mehdi Nebbou. Et ce n&rsquo;est pas tout, on vient d&rsquo;apprendre que le film ferait sa premi\u00e8re belge lors du Festival de Gand, on octobre prochain. Duelles met &hellip;<\/p>\n","protected":false},"author":343,"featured_media":212959,"comment_status":"closed","ping_status":"closed","sticky":false,"template":"","format":"standard","meta":{"ngg_post_thumbnail":0,"footnotes":""},"categories":[12],"tags":[2137,2135,2136,66],"class_list":["post-212957","post","type-post","status-publish","format-standard","has-post-thumbnail","","category-awards","tag-anne-coesens","tag-duelles","tag-olivier-masset-depasse","tag-veerle-baetens"],"yoast_head":"<!-- This site is optimized with the Yoast SEO plugin v20.4 - https:\/\/yoast.com\/wordpress\/plugins\/seo\/ -->\n<title>&quot;Duelles&quot; \u00e0 Toronto... et \u00e0 Gand! - w-l-c<\/title>\n<meta name=\"robots\" content=\"noindex, follow, max-snippet:-1, max-image-preview:large, max-video-preview:-1\" \/>\n<meta property=\"og:locale\" content=\"fr_FR\" \/>\n<meta property=\"og:type\" content=\"article\" \/>\n<meta property=\"og:title\" content=\"&quot;Duelles&quot; \u00e0 Toronto... et \u00e0 Gand! - w-l-c\" \/>\n<meta property=\"og:description\" content=\"C&rsquo;est donc aujourd&rsquo;hui qu&rsquo;aura lieu \u00e0 Toronto la premi\u00e8re mondiale de Duelles, le nouveau film d&rsquo;Olivier Masset-Depasse, avec en t\u00eate d&rsquo;affiche Anne Coesens, Veerle Baetens, Arieh Worthalter et Mehdi Nebbou. Et ce n&rsquo;est pas tout, on vient d&rsquo;apprendre que le film ferait sa premi\u00e8re belge lors du Festival de Gand, on octobre prochain. Duelles met &hellip;\" \/>\n<meta property=\"og:url\" content=\"https:\/\/w-l-c.be\/fr\/duelles-a-toronto-et-a-gand\/\" \/>\n<meta property=\"og:site_name\" content=\"w-l-c\" \/>\n<meta property=\"article:published_time\" content=\"2018-09-06T08:05:14+00:00\" \/>\n<meta property=\"article:modified_time\" content=\"2018-09-06T12:04:13+00:00\" \/>\n<meta property=\"og:image\" content=\"https:\/\/w-l-c.be\/wp-content\/uploads\/2018\/09\/DuellesMassetDepasse7.jpg\" \/>\n\t<meta property=\"og:image:width\" content=\"1280\" \/>\n\t<meta property=\"og:image:height\" content=\"720\" \/>\n\t<meta property=\"og:image:type\" content=\"image\/jpeg\" \/>\n<meta name=\"author\" content=\"Aurore Engelen\" \/>\n<meta name=\"twitter:card\" content=\"summary_large_image\" \/>\n<meta name=\"twitter:label1\" content=\"\u00c9crit par\" \/>\n\t<meta name=\"twitter:data1\" content=\"Aurore Engelen\" \/>\n\t<meta name=\"twitter:label2\" content=\"Dur\u00e9e de lecture estim\u00e9e\" \/>\n\t<meta name=\"twitter:data2\" content=\"2 minutes\" \/>\n<script type=\"application\/ld+json\" class=\"yoast-schema-graph\">{\"@context\":\"https:\/\/schema.org\",\"@graph\":[{\"@type\":\"WebPage\",\"@id\":\"https:\/\/w-l-c.be\/fr\/duelles-a-toronto-et-a-gand\/\",\"url\":\"https:\/\/w-l-c.be\/fr\/duelles-a-toronto-et-a-gand\/\",\"name\":\"\\\"Duelles\\\" \u00e0 Toronto... et \u00e0 Gand! - w-l-c\",\"isPartOf\":{\"@id\":\"https:\/\/w-l-c.be\/fr\/#website\"},\"datePublished\":\"2018-09-06T08:05:14+00:00\",\"dateModified\":\"2018-09-06T12:04:13+00:00\",\"author\":{\"@id\":\"https:\/\/w-l-c.be\/fr\/#\/schema\/person\/8084b68c6b176142d073695c654dc7cf\"},\"breadcrumb\":{\"@id\":\"https:\/\/w-l-c.be\/fr\/duelles-a-toronto-et-a-gand\/#breadcrumb\"},\"inLanguage\":\"fr-FR\",\"potentialAction\":[{\"@type\":\"ReadAction\",\"target\":[\"https:\/\/w-l-c.be\/fr\/duelles-a-toronto-et-a-gand\/\"]}]},{\"@type\":\"BreadcrumbList\",\"@id\":\"https:\/\/w-l-c.be\/fr\/duelles-a-toronto-et-a-gand\/#breadcrumb\",\"itemListElement\":[{\"@type\":\"ListItem\",\"position\":1,\"name\":\"Accueil\",\"item\":\"https:\/\/w-l-c.be\/fr\/\"},{\"@type\":\"ListItem\",\"position\":2,\"name\":\"\u00ab\u00a0Duelles\u00a0\u00bb \u00e0 Toronto&#8230; et \u00e0 Gand!\"}]},{\"@type\":\"WebSite\",\"@id\":\"https:\/\/w-l-c.be\/fr\/#website\",\"url\":\"https:\/\/w-l-c.be\/fr\/\",\"name\":\"w-l-c\",\"description\":\"Le cin\u00e9ma vu par les belges\",\"potentialAction\":[{\"@type\":\"SearchAction\",\"target\":{\"@type\":\"EntryPoint\",\"urlTemplate\":\"https:\/\/w-l-c.be\/fr\/?s={search_term_string}\"},\"query-input\":\"required name=search_term_string\"}],\"inLanguage\":\"fr-FR\"},{\"@type\":\"Person\",\"@id\":\"https:\/\/w-l-c.be\/fr\/#\/schema\/person\/8084b68c6b176142d073695c654dc7cf\",\"name\":\"Aurore Engelen\",\"url\":\"https:\/\/w-l-c.be\/fr\/author\/aurore-engelen\/\"}]}<\/script>\n<!-- \/ Yoast SEO plugin. -->","yoast_head_json":{"title":"\"Duelles\" \u00e0 Toronto... et \u00e0 Gand! - w-l-c","robots":{"index":"noindex","follow":"follow","max-snippet":"max-snippet:-1","max-image-preview":"max-image-preview:large","max-video-preview":"max-video-preview:-1"},"og_locale":"fr_FR","og_type":"article","og_title":"\"Duelles\" \u00e0 Toronto... et \u00e0 Gand! - w-l-c","og_description":"C&rsquo;est donc aujourd&rsquo;hui qu&rsquo;aura lieu \u00e0 Toronto la premi\u00e8re mondiale de Duelles, le nouveau film d&rsquo;Olivier Masset-Depasse, avec en t\u00eate d&rsquo;affiche Anne Coesens, Veerle Baetens, Arieh Worthalter et Mehdi Nebbou. Et ce n&rsquo;est pas tout, on vient d&rsquo;apprendre que le film ferait sa premi\u00e8re belge lors du Festival de Gand, on octobre prochain. Duelles met &hellip;","og_url":"https:\/\/w-l-c.be\/fr\/duelles-a-toronto-et-a-gand\/","og_site_name":"w-l-c","article_published_time":"2018-09-06T08:05:14+00:00","article_modified_time":"2018-09-06T12:04:13+00:00","og_image":[{"width":1280,"height":720,"url":"https:\/\/w-l-c.be\/wp-content\/uploads\/2018\/09\/DuellesMassetDepasse7.jpg","type":"image\/jpeg"}],"author":"Aurore Engelen","twitter_card":"summary_large_image","twitter_misc":{"\u00c9crit par":"Aurore Engelen","Dur\u00e9e de lecture estim\u00e9e":"2 minutes"},"schema":{"@context":"https:\/\/schema.org","@graph":[{"@type":"WebPage","@id":"https:\/\/w-l-c.be\/fr\/duelles-a-toronto-et-a-gand\/","url":"https:\/\/w-l-c.be\/fr\/duelles-a-toronto-et-a-gand\/","name":"\"Duelles\" \u00e0 Toronto... et \u00e0 Gand! - w-l-c","isPartOf":{"@id":"https:\/\/w-l-c.be\/fr\/#website"},"datePublished":"2018-09-06T08:05:14+00:00","dateModified":"2018-09-06T12:04:13+00:00","author":{"@id":"https:\/\/w-l-c.be\/fr\/#\/schema\/person\/8084b68c6b176142d073695c654dc7cf"},"breadcrumb":{"@id":"https:\/\/w-l-c.be\/fr\/duelles-a-toronto-et-a-gand\/#breadcrumb"},"inLanguage":"fr-FR","potentialAction":[{"@type":"ReadAction","target":["https:\/\/w-l-c.be\/fr\/duelles-a-toronto-et-a-gand\/"]}]},{"@type":"BreadcrumbList","@id":"https:\/\/w-l-c.be\/fr\/duelles-a-toronto-et-a-gand\/#breadcrumb","itemListElement":[{"@type":"ListItem","position":1,"name":"Accueil","item":"https:\/\/w-l-c.be\/fr\/"},{"@type":"ListItem","position":2,"name":"\u00ab\u00a0Duelles\u00a0\u00bb \u00e0 Toronto&#8230; et \u00e0 Gand!"}]},{"@type":"WebSite","@id":"https:\/\/w-l-c.be\/fr\/#website","url":"https:\/\/w-l-c.be\/fr\/","name":"w-l-c","description":"Le cin\u00e9ma vu par les belges","potentialAction":[{"@type":"SearchAction","target":{"@type":"EntryPoint","urlTemplate":"https:\/\/w-l-c.be\/fr\/?s={search_term_string}"},"query-input":"required name=search_term_string"}],"inLanguage":"fr-FR"},{"@type":"Person","@id":"https:\/\/w-l-c.be\/fr\/#\/schema\/person\/8084b68c6b176142d073695c654dc7cf","name":"Aurore Engelen","url":"https:\/\/w-l-c.be\/fr\/author\/aurore-engelen\/"}]}},"_links":{"self":[{"href":"https:\/\/w-l-c.be\/fr\/wp-json\/wp\/v2\/posts\/212957","targetHints":{"allow":["GET"]}}],"collection":[{"href":"https:\/\/w-l-c.be\/fr\/wp-json\/wp\/v2\/posts"}],"about":[{"href":"https:\/\/w-l-c.be\/fr\/wp-json\/wp\/v2\/types\/post"}],"author":[{"embeddable":true,"href":"https:\/\/w-l-c.be\/fr\/wp-json\/wp\/v2\/users\/343"}],"replies":[{"embeddable":true,"href":"https:\/\/w-l-c.be\/fr\/wp-json\/wp\/v2\/comments?post=212957"}],"version-history":[{"count":0,"href":"https:\/\/w-l-c.be\/fr\/wp-json\/wp\/v2\/posts\/212957\/revisions"}],"wp:featuredmedia":[{"embeddable":true,"href":"https:\/\/w-l-c.be\/fr\/wp-json\/wp\/v2\/media\/212959"}],"wp:attachment":[{"href":"https:\/\/w-l-c.be\/fr\/wp-json\/wp\/v2\/media?parent=212957"}],"wp:term":[{"taxonomy":"category","embeddable":true,"href":"https:\/\/w-l-c.be\/fr\/wp-json\/wp\/v2\/categories?post=212957"},{"taxonomy":"post_tag","embeddable":true,"href":"https:\/\/w-l-c.be\/fr\/wp-json\/wp\/v2\/tags?post=212957"}],"curies":[{"name":"wp","href":"https:\/\/api.w.org\/{rel}","templated":true}]}}