
{"id":212986,"date":"2018-09-07T08:54:27","date_gmt":"2018-09-07T06:54:27","guid":{"rendered":"https:\/\/www.cinevox.be\/?p=212986"},"modified":"2018-09-10T11:26:34","modified_gmt":"2018-09-10T09:26:34","slug":"nicole-palo-cette-selection-a-venise-en-vrai-jen-revais","status":"publish","type":"post","link":"https:\/\/w-l-c.be\/fr\/nicole-palo-cette-selection-a-venise-en-vrai-jen-revais\/","title":{"rendered":"Nicole Palo: \u00ab\u00a0Cette s\u00e9lection \u00e0 Venise, en vrai? J&rsquo;en r\u00eavais!\u00a0\u00bb"},"content":{"rendered":"<p class=\"p1\"><strong><span class=\"s1\">Nous avons rencontr\u00e9 la cin\u00e9aste belge Nicole Palo qui pr\u00e9sente ce week-end en cl\u00f4ture des Giornate degli autori \u00e0 Venise son deuxi\u00e8me long m\u00e9trage, <em>Emma Peeters<\/em>. A quelques jours de la projection, nous lui avons pos\u00e9 quelques questions sur le film et cette s\u00e9lection&#8230;<\/span><\/strong><\/p>\n<p class=\"p1\"><strong><span class=\"s1\">D\u2019o\u00f9 venez-vous, Nicole?<\/span><\/strong><\/p>\n<p class=\"p1\"><span class=\"s1\">J\u2019ai fait des \u00e9tudes de journalisme, puis Elicit, formation en \u00e9criture de sc\u00e9nario \u00e0 l\u2019ULB. J\u2019ai ensuite fait une \u00e9cole de cin\u00e9ma au Danemark, mais j\u2019ai mis un peu de temps \u00e0 me lancer vraiment! Je suis du genre sage en fait, je commence par un parcours classique avant de me l\u00e2cher! J\u2019ai travaill\u00e9 pour le programme MEDIA, j\u2019ai produit des documentaires. J\u2019ai fait un premier court en 2006, <em>Anna ne sait pas<\/em>, et puis je suis tomb\u00e9e sur un appel \u00e0 projets de Cin\u00e9astes Associ\u00e9s pour faire un film \u00e0 micro-budget. J\u2019ai \u00e9crit un sc\u00e9nario en 2 mois, et j\u2019ai gagn\u00e9 le concours. Ca a pris un an de l\u2019\u00e9criture \u00e0 la diffusion de <em>Get Born<\/em> au FIFF. Mais c\u2019\u00e9tait en 2008, et depuis, j\u2019ai mis 10 ans \u00e0 pouvoir d\u00e9velopper mon nouveau projet.<\/span><\/p>\n<p class=\"p1\"><strong><span class=\"s1\">Le film en quelques mots?<\/span><\/strong><\/p>\n<p class=\"p1\"><span class=\"s1\">C\u2019est l\u2019histoire d\u2019une jeune actrice de 35 ans, ce qui pour elle est clairement la date de p\u00e9remption. Elle vit \u00e0 Paris depuis 15 ans, a beaucoup gal\u00e9r\u00e9, mais n\u2019a jamais rien fait de valeur \u00e0 ses yeux. Elle en a marre, et d\u00e9cide de prendre en main son destin, en agissant sur la seule chose sur laquelle elle a prise: sa propre fin. Elle d\u00e9cide alors de se suicider le jour de son anniversaire. Pendant ses pr\u00e9paratifs, elle rencontre un employ\u00e9 de pompes fun\u00e8bres, qui contre toute attente, va d\u00e9cider de l\u2019aider\u2026 Ils sont tellement dou\u00e9s pour cacher leurs sentiments, qu&rsquo;ils vont peut-\u00eatre bien parvenir \u00e0 faire r\u00e9ussir le projet d\u2019Emma. <\/span><\/p>\n<p class=\"p1\"><span class=\"s1\">En bref, c\u2019est une com\u00e9die existentielle, avec un peu d\u2019humour noir, et de l\u2019\u00e9motion aussi.<\/span><\/p>\n<p>&nbsp;<\/p>\n<p><img loading=\"lazy\" decoding=\"async\" class=\"alignnone wp-image-212991\" src=\"https:\/\/www.cinevox.be\/wp-content\/uploads\/2018\/09\/NICOLE.PALO-copie-684x600.jpg\" alt=\"NICOLE.PALO - copie\" width=\"379\" height=\"332\" srcset=\"https:\/\/w-l-c.be\/wp-content\/uploads\/2018\/09\/NICOLE.PALO-copie-684x600.jpg 684w, https:\/\/w-l-c.be\/wp-content\/uploads\/2018\/09\/NICOLE.PALO-copie-308x270.jpg 308w, https:\/\/w-l-c.be\/wp-content\/uploads\/2018\/09\/NICOLE.PALO-copie-768x674.jpg 768w\" sizes=\"auto, (max-width: 379px) 100vw, 379px\" \/><\/p>\n<p class=\"p1\"><strong><span class=\"s1\">D\u2019o\u00f9 vient cette id\u00e9e farfelue?<\/span><\/strong><\/p>\n<p class=\"p1\"><span class=\"s1\">J\u2019ai \u00e9crit un film sur le suicide pour ne pas le faire. Le suicide hein, pas le film! (rires) Plus s\u00e9rieusement, j\u2019ai connu quelques ann\u00e9es un peu difficiles o\u00f9 j\u2019avais l\u2019impression que tout ce que je faisais \u00e9tait vou\u00e9 \u00e0 l\u2019\u00e9chec. Ce projet est venu de ma frustration: que se passerait-il si quelqu\u2019un d\u00e9cidait de tout envoyer balader, et le faisait vraiment? J\u2019ai \u00e9crit le film comme un d\u00e9fouloir, je me suis amus\u00e9e \u00e0 traiter Emma Peeters avec beaucoup d\u2019ironie, tout en y mettant beaucoup de moi. Elle a tous mes d\u00e9fauts! J\u2019esp\u00e8re que ce film peut \u00eatre comme une pilule th\u00e9rapeutique pour tous les gens qui se sont dit un jour: \u00ab\u00a0J\u2019en ai marre de ma vie\u00a0\u00bb.<\/span><\/p>\n<p class=\"p1\"><span class=\"s1\"><strong>La com\u00e9die comme exutoire en somme?<\/strong> <\/span><\/p>\n<p class=\"p1\"><span class=\"s1\">Oui, en abordant des sujets lourds comme la d\u00e9pression et le suicide, en les traitant avec l\u00e9g\u00e8ret\u00e9. Qu\u2019est-ce qui se passe si je sais que je vais mourir demain? Finalement, c\u2019est plut\u00f4t un film sur quelqu\u2019un qui l\u00e2che prise, mais alors au pied de la lettre.<\/span><\/p>\n<p class=\"p1\"><strong><span class=\"s1\">Pouvez-vous nous parler du casting?<\/span><\/strong><\/p>\n<p>Dans le r\u00f4le d&rsquo;Emma,\u00a0<span class=\"s1\">\u00a0je cherchais une actrice \u00e0 l\u2019aise dans la com\u00e9die, mais qui fasse croire \u00e0 sa volont\u00e9 de se suicider. J\u2019avais vu \u00e7a dans le personnage de Monia Chorki dans <em>Les<\/em>\u00a0<i>Amours Imaginaires<\/i>. Et puis son regard de r\u00e9alisatrice s&rsquo;est av\u00e9r\u00e9 vraiment tr\u00e8s fin et tr\u00e8s intelligent. <\/span><\/p>\n<p><img loading=\"lazy\" decoding=\"async\" class=\"alignnone wp-image-212993\" src=\"https:\/\/www.cinevox.be\/wp-content\/uploads\/2018\/09\/PHOTO-2018-09-06-16-49-18-792x600.jpg\" alt=\"MoniaChokriVenisePRFactory\" width=\"417\" height=\"316\" srcset=\"https:\/\/w-l-c.be\/wp-content\/uploads\/2018\/09\/PHOTO-2018-09-06-16-49-18-792x600.jpg 792w, https:\/\/w-l-c.be\/wp-content\/uploads\/2018\/09\/PHOTO-2018-09-06-16-49-18-356x270.jpg 356w, https:\/\/w-l-c.be\/wp-content\/uploads\/2018\/09\/PHOTO-2018-09-06-16-49-18-768x582.jpg 768w, https:\/\/w-l-c.be\/wp-content\/uploads\/2018\/09\/PHOTO-2018-09-06-16-49-18.jpg 1200w\" sizes=\"auto, (max-width: 417px) 100vw, 417px\" \/><\/p>\n<p><span class=\"s1\">Pour Alex, je voulais un acteur un peu atypique, genre Adam Driver. J\u2019ai repens\u00e9 \u00e0 <em>Eldorado<\/em>, et j\u2019ai contact\u00e9 Fabrice Adde. On a eu une sorte de coup de foudre artistique. En le rencontrant, je me suis dit: \u00ab\u00a0Mince, mon personnage existe vraiment!\u00a0\u00bb<\/span><\/p>\n<p class=\"p1\"><strong><span class=\"s1\">Ca fait quoi la s\u00e9lection \u00e0 Venise?<\/span><\/strong><\/p>\n<p class=\"p1\"><span class=\"s1\">En vrai? J\u2019en r\u00eavais! C\u2019est un aboutissement pour le film, apr\u00e8s un tr\u00e8s long d\u00e9veloppement.\u00a0<\/span><\/p>\n<p><strong><em>Emma Peeters<\/em>, avec Monia Chokri, Fabrice Adde, mais aussi St\u00e9phanie Crayencour, Thomas Mustin, Jean-Henri Comp\u00e8re ou encore Andr\u00e9a Ferreol est produit par Take Five, et devrait sortir sur les \u00e9crans belges au premier trimestre 2019.<\/strong><\/p>\n<p>&nbsp;<\/p>\n<p><em>Copyright photos Venise: @The PR Factory<\/em><\/p>\n","protected":false},"excerpt":{"rendered":"<p>Nous avons rencontr\u00e9 la cin\u00e9aste belge Nicole Palo qui pr\u00e9sente ce week-end en cl\u00f4ture des Giornate degli autori \u00e0 Venise son deuxi\u00e8me long m\u00e9trage, Emma Peeters. A quelques jours de la projection, nous lui avons pos\u00e9 quelques questions sur le film et cette s\u00e9lection&#8230; D\u2019o\u00f9 venez-vous, Nicole? J\u2019ai fait des \u00e9tudes de journalisme, puis Elicit, &hellip;<\/p>\n","protected":false},"author":343,"featured_media":212987,"comment_status":"closed","ping_status":"closed","sticky":false,"template":"","format":"standard","meta":{"ngg_post_thumbnail":0,"footnotes":""},"categories":[1978],"tags":[3774,2813],"class_list":["post-212986","post","type-post","status-publish","format-standard","has-post-thumbnail","","category-interviews","tag-emma-peeters","tag-nicole-palo"],"yoast_head":"<!-- This site is optimized with the Yoast SEO plugin v20.4 - https:\/\/yoast.com\/wordpress\/plugins\/seo\/ -->\n<title>Nicole Palo: &quot;Cette s\u00e9lection \u00e0 Venise, en vrai? J&#039;en r\u00eavais!&quot; - w-l-c<\/title>\n<meta name=\"robots\" content=\"noindex, follow, max-snippet:-1, max-image-preview:large, max-video-preview:-1\" \/>\n<meta property=\"og:locale\" content=\"fr_FR\" \/>\n<meta property=\"og:type\" content=\"article\" \/>\n<meta property=\"og:title\" content=\"Nicole Palo: &quot;Cette s\u00e9lection \u00e0 Venise, en vrai? J&#039;en r\u00eavais!&quot; - w-l-c\" \/>\n<meta property=\"og:description\" content=\"Nous avons rencontr\u00e9 la cin\u00e9aste belge Nicole Palo qui pr\u00e9sente ce week-end en cl\u00f4ture des Giornate degli autori \u00e0 Venise son deuxi\u00e8me long m\u00e9trage, Emma Peeters. A quelques jours de la projection, nous lui avons pos\u00e9 quelques questions sur le film et cette s\u00e9lection&#8230; D\u2019o\u00f9 venez-vous, Nicole? J\u2019ai fait des \u00e9tudes de journalisme, puis Elicit, &hellip;\" \/>\n<meta property=\"og:url\" content=\"https:\/\/w-l-c.be\/fr\/nicole-palo-cette-selection-a-venise-en-vrai-jen-revais\/\" \/>\n<meta property=\"og:site_name\" content=\"w-l-c\" \/>\n<meta property=\"article:published_time\" content=\"2018-09-07T06:54:27+00:00\" \/>\n<meta property=\"article:modified_time\" content=\"2018-09-10T09:26:34+00:00\" \/>\n<meta property=\"og:image\" content=\"https:\/\/w-l-c.be\/wp-content\/uploads\/2018\/09\/PHOTO-2018-09-06-16-42-13.jpg\" \/>\n\t<meta property=\"og:image:width\" content=\"768\" \/>\n\t<meta property=\"og:image:height\" content=\"515\" \/>\n\t<meta property=\"og:image:type\" content=\"image\/jpeg\" \/>\n<meta name=\"author\" content=\"Aurore Engelen\" \/>\n<meta name=\"twitter:card\" content=\"summary_large_image\" \/>\n<meta name=\"twitter:label1\" content=\"\u00c9crit par\" \/>\n\t<meta name=\"twitter:data1\" content=\"Aurore Engelen\" \/>\n\t<meta name=\"twitter:label2\" content=\"Dur\u00e9e de lecture estim\u00e9e\" \/>\n\t<meta name=\"twitter:data2\" content=\"4 minutes\" \/>\n<script type=\"application\/ld+json\" class=\"yoast-schema-graph\">{\"@context\":\"https:\/\/schema.org\",\"@graph\":[{\"@type\":\"WebPage\",\"@id\":\"https:\/\/w-l-c.be\/fr\/nicole-palo-cette-selection-a-venise-en-vrai-jen-revais\/\",\"url\":\"https:\/\/w-l-c.be\/fr\/nicole-palo-cette-selection-a-venise-en-vrai-jen-revais\/\",\"name\":\"Nicole Palo: \\\"Cette s\u00e9lection \u00e0 Venise, en vrai? J'en r\u00eavais!\\\" - w-l-c\",\"isPartOf\":{\"@id\":\"https:\/\/w-l-c.be\/fr\/#website\"},\"datePublished\":\"2018-09-07T06:54:27+00:00\",\"dateModified\":\"2018-09-10T09:26:34+00:00\",\"author\":{\"@id\":\"https:\/\/w-l-c.be\/fr\/#\/schema\/person\/8084b68c6b176142d073695c654dc7cf\"},\"breadcrumb\":{\"@id\":\"https:\/\/w-l-c.be\/fr\/nicole-palo-cette-selection-a-venise-en-vrai-jen-revais\/#breadcrumb\"},\"inLanguage\":\"fr-FR\",\"potentialAction\":[{\"@type\":\"ReadAction\",\"target\":[\"https:\/\/w-l-c.be\/fr\/nicole-palo-cette-selection-a-venise-en-vrai-jen-revais\/\"]}]},{\"@type\":\"BreadcrumbList\",\"@id\":\"https:\/\/w-l-c.be\/fr\/nicole-palo-cette-selection-a-venise-en-vrai-jen-revais\/#breadcrumb\",\"itemListElement\":[{\"@type\":\"ListItem\",\"position\":1,\"name\":\"Accueil\",\"item\":\"https:\/\/w-l-c.be\/fr\/\"},{\"@type\":\"ListItem\",\"position\":2,\"name\":\"Nicole Palo: \u00ab\u00a0Cette s\u00e9lection \u00e0 Venise, en vrai? J&rsquo;en r\u00eavais!\u00a0\u00bb\"}]},{\"@type\":\"WebSite\",\"@id\":\"https:\/\/w-l-c.be\/fr\/#website\",\"url\":\"https:\/\/w-l-c.be\/fr\/\",\"name\":\"w-l-c\",\"description\":\"Le cin\u00e9ma vu par les belges\",\"potentialAction\":[{\"@type\":\"SearchAction\",\"target\":{\"@type\":\"EntryPoint\",\"urlTemplate\":\"https:\/\/w-l-c.be\/fr\/?s={search_term_string}\"},\"query-input\":\"required name=search_term_string\"}],\"inLanguage\":\"fr-FR\"},{\"@type\":\"Person\",\"@id\":\"https:\/\/w-l-c.be\/fr\/#\/schema\/person\/8084b68c6b176142d073695c654dc7cf\",\"name\":\"Aurore Engelen\",\"url\":\"https:\/\/w-l-c.be\/fr\/author\/aurore-engelen\/\"}]}<\/script>\n<!-- \/ Yoast SEO plugin. -->","yoast_head_json":{"title":"Nicole Palo: \"Cette s\u00e9lection \u00e0 Venise, en vrai? J'en r\u00eavais!\" - w-l-c","robots":{"index":"noindex","follow":"follow","max-snippet":"max-snippet:-1","max-image-preview":"max-image-preview:large","max-video-preview":"max-video-preview:-1"},"og_locale":"fr_FR","og_type":"article","og_title":"Nicole Palo: \"Cette s\u00e9lection \u00e0 Venise, en vrai? J'en r\u00eavais!\" - w-l-c","og_description":"Nous avons rencontr\u00e9 la cin\u00e9aste belge Nicole Palo qui pr\u00e9sente ce week-end en cl\u00f4ture des Giornate degli autori \u00e0 Venise son deuxi\u00e8me long m\u00e9trage, Emma Peeters. A quelques jours de la projection, nous lui avons pos\u00e9 quelques questions sur le film et cette s\u00e9lection&#8230; D\u2019o\u00f9 venez-vous, Nicole? J\u2019ai fait des \u00e9tudes de journalisme, puis Elicit, &hellip;","og_url":"https:\/\/w-l-c.be\/fr\/nicole-palo-cette-selection-a-venise-en-vrai-jen-revais\/","og_site_name":"w-l-c","article_published_time":"2018-09-07T06:54:27+00:00","article_modified_time":"2018-09-10T09:26:34+00:00","og_image":[{"width":768,"height":515,"url":"https:\/\/w-l-c.be\/wp-content\/uploads\/2018\/09\/PHOTO-2018-09-06-16-42-13.jpg","type":"image\/jpeg"}],"author":"Aurore Engelen","twitter_card":"summary_large_image","twitter_misc":{"\u00c9crit par":"Aurore Engelen","Dur\u00e9e de lecture estim\u00e9e":"4 minutes"},"schema":{"@context":"https:\/\/schema.org","@graph":[{"@type":"WebPage","@id":"https:\/\/w-l-c.be\/fr\/nicole-palo-cette-selection-a-venise-en-vrai-jen-revais\/","url":"https:\/\/w-l-c.be\/fr\/nicole-palo-cette-selection-a-venise-en-vrai-jen-revais\/","name":"Nicole Palo: \"Cette s\u00e9lection \u00e0 Venise, en vrai? J'en r\u00eavais!\" - w-l-c","isPartOf":{"@id":"https:\/\/w-l-c.be\/fr\/#website"},"datePublished":"2018-09-07T06:54:27+00:00","dateModified":"2018-09-10T09:26:34+00:00","author":{"@id":"https:\/\/w-l-c.be\/fr\/#\/schema\/person\/8084b68c6b176142d073695c654dc7cf"},"breadcrumb":{"@id":"https:\/\/w-l-c.be\/fr\/nicole-palo-cette-selection-a-venise-en-vrai-jen-revais\/#breadcrumb"},"inLanguage":"fr-FR","potentialAction":[{"@type":"ReadAction","target":["https:\/\/w-l-c.be\/fr\/nicole-palo-cette-selection-a-venise-en-vrai-jen-revais\/"]}]},{"@type":"BreadcrumbList","@id":"https:\/\/w-l-c.be\/fr\/nicole-palo-cette-selection-a-venise-en-vrai-jen-revais\/#breadcrumb","itemListElement":[{"@type":"ListItem","position":1,"name":"Accueil","item":"https:\/\/w-l-c.be\/fr\/"},{"@type":"ListItem","position":2,"name":"Nicole Palo: \u00ab\u00a0Cette s\u00e9lection \u00e0 Venise, en vrai? J&rsquo;en r\u00eavais!\u00a0\u00bb"}]},{"@type":"WebSite","@id":"https:\/\/w-l-c.be\/fr\/#website","url":"https:\/\/w-l-c.be\/fr\/","name":"w-l-c","description":"Le cin\u00e9ma vu par les belges","potentialAction":[{"@type":"SearchAction","target":{"@type":"EntryPoint","urlTemplate":"https:\/\/w-l-c.be\/fr\/?s={search_term_string}"},"query-input":"required name=search_term_string"}],"inLanguage":"fr-FR"},{"@type":"Person","@id":"https:\/\/w-l-c.be\/fr\/#\/schema\/person\/8084b68c6b176142d073695c654dc7cf","name":"Aurore Engelen","url":"https:\/\/w-l-c.be\/fr\/author\/aurore-engelen\/"}]}},"_links":{"self":[{"href":"https:\/\/w-l-c.be\/fr\/wp-json\/wp\/v2\/posts\/212986","targetHints":{"allow":["GET"]}}],"collection":[{"href":"https:\/\/w-l-c.be\/fr\/wp-json\/wp\/v2\/posts"}],"about":[{"href":"https:\/\/w-l-c.be\/fr\/wp-json\/wp\/v2\/types\/post"}],"author":[{"embeddable":true,"href":"https:\/\/w-l-c.be\/fr\/wp-json\/wp\/v2\/users\/343"}],"replies":[{"embeddable":true,"href":"https:\/\/w-l-c.be\/fr\/wp-json\/wp\/v2\/comments?post=212986"}],"version-history":[{"count":0,"href":"https:\/\/w-l-c.be\/fr\/wp-json\/wp\/v2\/posts\/212986\/revisions"}],"wp:featuredmedia":[{"embeddable":true,"href":"https:\/\/w-l-c.be\/fr\/wp-json\/wp\/v2\/media\/212987"}],"wp:attachment":[{"href":"https:\/\/w-l-c.be\/fr\/wp-json\/wp\/v2\/media?parent=212986"}],"wp:term":[{"taxonomy":"category","embeddable":true,"href":"https:\/\/w-l-c.be\/fr\/wp-json\/wp\/v2\/categories?post=212986"},{"taxonomy":"post_tag","embeddable":true,"href":"https:\/\/w-l-c.be\/fr\/wp-json\/wp\/v2\/tags?post=212986"}],"curies":[{"name":"wp","href":"https:\/\/api.w.org\/{rel}","templated":true}]}}