
{"id":213044,"date":"2018-09-10T09:56:20","date_gmt":"2018-09-10T07:56:20","guid":{"rendered":"https:\/\/www.cinevox.be\/?p=213044"},"modified":"2018-09-10T12:23:03","modified_gmt":"2018-09-10T10:23:03","slug":"la-femme-la-plus-assassinee-du-monde-une-premiere-en-belgique","status":"publish","type":"post","link":"https:\/\/w-l-c.be\/fr\/la-femme-la-plus-assassinee-du-monde-une-premiere-en-belgique\/","title":{"rendered":"\u00ab\u00a0La Femme la plus assassin\u00e9e du monde\u00a0\u00bb, une premi\u00e8re en Belgique"},"content":{"rendered":"<p><strong><em>La Femme la plus assassin\u00e9e du monde<\/em> de Franck Ribi\u00e8re revient pour la premi\u00e8re fois sur le destin extraordinaire de Paula Maxa, star du th\u00e9\u00e2tre Grand Guignol. Mais <em>La Femme la plus assassin\u00e9e du monde<\/em> est aussi la premi\u00e8re production belge Netflix!<\/strong><\/p>\n<p class=\"p1\"><span class=\"s1\">Paula Maxa est morte un nombre incalculable de fois. D\u00e9membr\u00e9e, \u00e9trangl\u00e9e, \u00e9touff\u00e9e, asphyxi\u00e9e, d\u00e9capit\u00e9e, \u00e9lectrocut\u00e9e, \u00e9cartel\u00e9e. On ne compte plus les s\u00e9vices subis par son corps martyris\u00e9 pour le bon plaisir d\u2019un public avide de sensations fortes, d\u2019h\u00e9moglobine giclante et de<span class=\"Apple-converted-space\">\u00a0 <\/span>cavit\u00e9s oculaires b\u00e9antes. <\/span><span class=\"s1\">Si Paula a eu le loisir de mourir aussi souvent. C\u2019est qu\u2019elle com\u00e9dienne. Et m\u00eame tragi-com\u00e9dienne. Elle est la star incontestable du cultissime th\u00e9\u00e2tre du Grand Guignol, objet de convoitise et de sadisme, d\u2019admiration et d\u2019obsession mortelle.<\/span><\/p>\n<p><iframe loading=\"lazy\" title=\"LA FEMME LA PLUS ASSASSINEE DU MONDE (Franck Ribi\u00e8re, Belgium\/UK\/USA, 2018)\" width=\"618\" height=\"348\" src=\"https:\/\/www.youtube.com\/embed\/AaG72I0gjHo?feature=oembed\" frameborder=\"0\" allow=\"accelerometer; autoplay; clipboard-write; encrypted-media; gyroscope; picture-in-picture; web-share\" referrerpolicy=\"strict-origin-when-cross-origin\" allowfullscreen><\/iframe><\/p>\n<p class=\"p1\"><span class=\"s1\">Le Grand Guignol, c\u2019est ce th\u00e9\u00e2tre parisien situ\u00e9 au fond d\u2019une impasse, dans une ancienne chapelle, qui r\u00e9unit toutes sortes de public pour rire et frissonner devant des pi\u00e8ces volontairement outr\u00e9es et sanguinolentes o\u00f9 la belle soci\u00e9t\u00e9 vient s\u2019encanailler et fr\u00e9mir de plaisir.<\/span><\/p>\n<p class=\"p1\"><span class=\"s1\">Dans un Paris aux accents victoriens, une femme marche seule, la nuit. Au bruit de ses talons sur les pav\u00e9s fait \u00e9cho un boitement m\u00e9tallique, de plus en plus proche. Soudain, une lame. Un motif classique de fiction, finalement, qui \u00e9voque Jack l\u2019Eventreur ou encore <em>L\u2019Ali\u00e9niste<\/em>. On est au d\u00e9but du XXe si\u00e8cle. Bien que le th\u00e9\u00e2tre ne d\u00e9semplisse pas, celui-ci fait scandale, et doit braver r\u00e9guli\u00e8rement les foudres de la censure. \u00ab\u00a0Mon th\u00e9\u00e2tre est un rem\u00e8de, pas un mal,\u00a0\u00bb r\u00e9pond son directeur quand on lui reproche d\u2019entretenir la soif de violence de son public. Car le mal couve, et la violence simul\u00e9e sur sc\u00e8ne pourrait bien d\u00e9border dans la vraie vie\u2026 Quelqu\u2019un en veut \u00e0 Paula. A l\u2019aube du cin\u00e9ma parlant, le th\u00e9\u00e2tre est plus que jamais menac\u00e9.<\/span><\/p>\n<p><img loading=\"lazy\" decoding=\"async\" class=\"alignnone size-large wp-image-213047\" src=\"https:\/\/www.cinevox.be\/wp-content\/uploads\/2018\/09\/LaFemmeLaPlusAssassineeDuMonde5-800x533.jpeg\" alt=\"\" width=\"618\" height=\"412\" srcset=\"https:\/\/w-l-c.be\/wp-content\/uploads\/2018\/09\/LaFemmeLaPlusAssassineeDuMonde5.jpeg 800w, https:\/\/w-l-c.be\/wp-content\/uploads\/2018\/09\/LaFemmeLaPlusAssassineeDuMonde5-405x270.jpeg 405w, https:\/\/w-l-c.be\/wp-content\/uploads\/2018\/09\/LaFemmeLaPlusAssassineeDuMonde5-768x512.jpeg 768w\" sizes=\"auto, (max-width: 618px) 100vw, 618px\" \/><\/p>\n<p class=\"p1\"><span class=\"s1\"><em>La Femme la plus assassin\u00e9e du monde<\/em> est une premi\u00e8re en Belgique.<span class=\"Apple-converted-space\">\u00a0 <\/span>Non pas parce qu\u2019il s\u2019agit d\u2019un film de genre flamboyant (un objet rare dans ces contr\u00e9es, mais que l\u2019on croise r\u00e9guli\u00e8rement avec plaisir), mais bien parce qu&rsquo;il s\u2019agit de la premi\u00e8re production Netflix belge. Netflix, comme les nouveaux rois du petit \u00e9cran? Exactement. Alors qu\u2019Alfonso Cuaron, champion du box office cin\u00e9matographique, d\u00e9crochait ce week-end \u00e0 Venise le Grand Prix pour son film <em>Roma<\/em> produit par le g\u00e9ant du streaming am\u00e9ricain, damant ainsi le pion au Festival de Cannes qui refuse d\u2019accueillir au sein de sa s\u00e9lection les films estampill\u00e9s Netflix, alors que la France, qui s\u2019est toujours retranch\u00e9e derri\u00e8re la profession, est en train d\u2019envisager de revoir les r\u00e8gles tr\u00e8s contraignantes de la chronologie des m\u00e9dias qui constituent un obstacle majeur \u00e0 la diffusion en salle des films Netflix, le producteur et diffuseur de flux attaque \u00e0 son rythme les march\u00e9s europ\u00e9ens pour proposer des productions locales, r\u00e9alis\u00e9es et financ\u00e9es sur place.<\/span><\/p>\n<p class=\"p1\"><span class=\"s1\">C\u2019est donc le cas de <em>La Femme\u2026<\/em> financ\u00e9, pour moiti\u00e9 par Netflix, et port\u00e9 en Belgique par Fontana, qui a lev\u00e9 des fonds en Tax Shelter, et a re\u00e7u le soutien de Wallimage. Le film, en grand partie tourn\u00e9 \u00e0 Li\u00e8ge, affiche pas mal de com\u00e9diens belges. Si les r\u00f4les principaux sont tenus par Anna Mouglalis, Niels Schneider, Andr\u00e9 Wilms et Michel Fau, on retrouve \u00e0 leurs c\u00f4t\u00e9s le com\u00e9dien belge Jean-Michel Balthazar dans le r\u00f4le de Paul, accessoiriste et fid\u00e8le complice de Paula. On croise \u00e9galement Eric Godon, Pierre Nisse, Jean-Jacques Rausin, Renaud Rutten, Christian Crahay\u2026<\/span><\/p>\n<p><img loading=\"lazy\" decoding=\"async\" class=\"alignnone wp-image-213049\" src=\"https:\/\/www.cinevox.be\/wp-content\/uploads\/2018\/09\/La-femme-la-plus-assassine\u0301e-du-monde-film-2018-800x450.jpg\" alt=\"\" width=\"618\" height=\"348\" srcset=\"https:\/\/w-l-c.be\/wp-content\/uploads\/2018\/09\/La-femme-la-plus-assassine\u0301e-du-monde-film-2018-800x450.jpg 800w, https:\/\/w-l-c.be\/wp-content\/uploads\/2018\/09\/La-femme-la-plus-assassine\u0301e-du-monde-film-2018-200x113.jpg 200w, https:\/\/w-l-c.be\/wp-content\/uploads\/2018\/09\/La-femme-la-plus-assassine\u0301e-du-monde-film-2018-480x270.jpg 480w, https:\/\/w-l-c.be\/wp-content\/uploads\/2018\/09\/La-femme-la-plus-assassine\u0301e-du-monde-film-2018-768x432.jpg 768w, https:\/\/w-l-c.be\/wp-content\/uploads\/2018\/09\/La-femme-la-plus-assassine\u0301e-du-monde-film-2018-599x337.jpg 599w, https:\/\/w-l-c.be\/wp-content\/uploads\/2018\/09\/La-femme-la-plus-assassine\u0301e-du-monde-film-2018.jpg 980w\" sizes=\"auto, (max-width: 618px) 100vw, 618px\" \/><\/p>\n<p>La reconstitution soign\u00e9e, des d\u00e9cors et des costumes bien s\u00fbr, mais peut-\u00eatre surtout des effets sp\u00e9ciaux dont usait et abusait le Grand Guignol, et la bande originale envo\u00fbtante compos\u00e9e par Keren Ann contribuent \u00e0 faire le <em>La Femme&#8230;<\/em> une biographie forc\u00e9ment romanesque et accrocheuse d\u00e9di\u00e9e \u00e0 une figure f\u00e9minine fascinante du vingti\u00e8me si\u00e8cle.<\/p>\n<p>Apr\u00e8s avoir \u00e9t\u00e9 d\u00e9voil\u00e9 il y a quelques mois au BIFF, le film est donc disponible depuis ce vendredi sur la plateforme de streaming Netflix Belgium et surtout Netflix monde, aupr\u00e8s de ses plus de 110 millions d&rsquo;abonn\u00e9s&#8230;<\/p>\n","protected":false},"excerpt":{"rendered":"<p>La Femme la plus assassin\u00e9e du monde de Franck Ribi\u00e8re revient pour la premi\u00e8re fois sur le destin extraordinaire de Paula Maxa, star du th\u00e9\u00e2tre Grand Guignol. Mais La Femme la plus assassin\u00e9e du monde est aussi la premi\u00e8re production belge Netflix! Paula Maxa est morte un nombre incalculable de fois. D\u00e9membr\u00e9e, \u00e9trangl\u00e9e, \u00e9touff\u00e9e, asphyxi\u00e9e, &hellip;<\/p>\n","protected":false},"author":343,"featured_media":213045,"comment_status":"closed","ping_status":"closed","sticky":false,"template":"","format":"standard","meta":{"ngg_post_thumbnail":0,"footnotes":""},"categories":[12],"tags":[3330],"class_list":["post-213044","post","type-post","status-publish","format-standard","has-post-thumbnail","","category-awards","tag-la-femme-la-plus-assassinee-du-monde"],"yoast_head":"<!-- This site is optimized with the Yoast SEO plugin v20.4 - https:\/\/yoast.com\/wordpress\/plugins\/seo\/ -->\n<title>&quot;La Femme la plus assassin\u00e9e du monde&quot;, une premi\u00e8re en Belgique - w-l-c<\/title>\n<meta name=\"robots\" content=\"noindex, follow, max-snippet:-1, max-image-preview:large, max-video-preview:-1\" \/>\n<meta property=\"og:locale\" content=\"fr_FR\" \/>\n<meta property=\"og:type\" content=\"article\" \/>\n<meta property=\"og:title\" content=\"&quot;La Femme la plus assassin\u00e9e du monde&quot;, une premi\u00e8re en Belgique - w-l-c\" \/>\n<meta property=\"og:description\" content=\"La Femme la plus assassin\u00e9e du monde de Franck Ribi\u00e8re revient pour la premi\u00e8re fois sur le destin extraordinaire de Paula Maxa, star du th\u00e9\u00e2tre Grand Guignol. Mais La Femme la plus assassin\u00e9e du monde est aussi la premi\u00e8re production belge Netflix! Paula Maxa est morte un nombre incalculable de fois. D\u00e9membr\u00e9e, \u00e9trangl\u00e9e, \u00e9touff\u00e9e, asphyxi\u00e9e, &hellip;\" \/>\n<meta property=\"og:url\" content=\"https:\/\/w-l-c.be\/fr\/la-femme-la-plus-assassinee-du-monde-une-premiere-en-belgique\/\" \/>\n<meta property=\"og:site_name\" content=\"w-l-c\" \/>\n<meta property=\"article:published_time\" content=\"2018-09-10T07:56:20+00:00\" \/>\n<meta property=\"article:modified_time\" content=\"2018-09-10T10:23:03+00:00\" \/>\n<meta property=\"og:image\" content=\"https:\/\/w-l-c.be\/wp-content\/uploads\/2018\/09\/LaFemmeLaPlusAssassineeDuMonde4.jpg\" \/>\n\t<meta property=\"og:image:width\" content=\"1024\" \/>\n\t<meta property=\"og:image:height\" content=\"576\" \/>\n\t<meta property=\"og:image:type\" content=\"image\/jpeg\" \/>\n<meta name=\"author\" content=\"Aurore Engelen\" \/>\n<meta name=\"twitter:card\" content=\"summary_large_image\" \/>\n<meta name=\"twitter:label1\" content=\"\u00c9crit par\" \/>\n\t<meta name=\"twitter:data1\" content=\"Aurore Engelen\" \/>\n\t<meta name=\"twitter:label2\" content=\"Dur\u00e9e de lecture estim\u00e9e\" \/>\n\t<meta name=\"twitter:data2\" content=\"4 minutes\" \/>\n<script type=\"application\/ld+json\" class=\"yoast-schema-graph\">{\"@context\":\"https:\/\/schema.org\",\"@graph\":[{\"@type\":\"WebPage\",\"@id\":\"https:\/\/w-l-c.be\/fr\/la-femme-la-plus-assassinee-du-monde-une-premiere-en-belgique\/\",\"url\":\"https:\/\/w-l-c.be\/fr\/la-femme-la-plus-assassinee-du-monde-une-premiere-en-belgique\/\",\"name\":\"\\\"La Femme la plus assassin\u00e9e du monde\\\", une premi\u00e8re en Belgique - w-l-c\",\"isPartOf\":{\"@id\":\"https:\/\/w-l-c.be\/fr\/#website\"},\"datePublished\":\"2018-09-10T07:56:20+00:00\",\"dateModified\":\"2018-09-10T10:23:03+00:00\",\"author\":{\"@id\":\"https:\/\/w-l-c.be\/fr\/#\/schema\/person\/8084b68c6b176142d073695c654dc7cf\"},\"breadcrumb\":{\"@id\":\"https:\/\/w-l-c.be\/fr\/la-femme-la-plus-assassinee-du-monde-une-premiere-en-belgique\/#breadcrumb\"},\"inLanguage\":\"fr-FR\",\"potentialAction\":[{\"@type\":\"ReadAction\",\"target\":[\"https:\/\/w-l-c.be\/fr\/la-femme-la-plus-assassinee-du-monde-une-premiere-en-belgique\/\"]}]},{\"@type\":\"BreadcrumbList\",\"@id\":\"https:\/\/w-l-c.be\/fr\/la-femme-la-plus-assassinee-du-monde-une-premiere-en-belgique\/#breadcrumb\",\"itemListElement\":[{\"@type\":\"ListItem\",\"position\":1,\"name\":\"Accueil\",\"item\":\"https:\/\/w-l-c.be\/fr\/\"},{\"@type\":\"ListItem\",\"position\":2,\"name\":\"\u00ab\u00a0La Femme la plus assassin\u00e9e du monde\u00a0\u00bb, une premi\u00e8re en Belgique\"}]},{\"@type\":\"WebSite\",\"@id\":\"https:\/\/w-l-c.be\/fr\/#website\",\"url\":\"https:\/\/w-l-c.be\/fr\/\",\"name\":\"w-l-c\",\"description\":\"Le cin\u00e9ma vu par les belges\",\"potentialAction\":[{\"@type\":\"SearchAction\",\"target\":{\"@type\":\"EntryPoint\",\"urlTemplate\":\"https:\/\/w-l-c.be\/fr\/?s={search_term_string}\"},\"query-input\":\"required name=search_term_string\"}],\"inLanguage\":\"fr-FR\"},{\"@type\":\"Person\",\"@id\":\"https:\/\/w-l-c.be\/fr\/#\/schema\/person\/8084b68c6b176142d073695c654dc7cf\",\"name\":\"Aurore Engelen\",\"url\":\"https:\/\/w-l-c.be\/fr\/author\/aurore-engelen\/\"}]}<\/script>\n<!-- \/ Yoast SEO plugin. -->","yoast_head_json":{"title":"\"La Femme la plus assassin\u00e9e du monde\", une premi\u00e8re en Belgique - w-l-c","robots":{"index":"noindex","follow":"follow","max-snippet":"max-snippet:-1","max-image-preview":"max-image-preview:large","max-video-preview":"max-video-preview:-1"},"og_locale":"fr_FR","og_type":"article","og_title":"\"La Femme la plus assassin\u00e9e du monde\", une premi\u00e8re en Belgique - w-l-c","og_description":"La Femme la plus assassin\u00e9e du monde de Franck Ribi\u00e8re revient pour la premi\u00e8re fois sur le destin extraordinaire de Paula Maxa, star du th\u00e9\u00e2tre Grand Guignol. Mais La Femme la plus assassin\u00e9e du monde est aussi la premi\u00e8re production belge Netflix! Paula Maxa est morte un nombre incalculable de fois. D\u00e9membr\u00e9e, \u00e9trangl\u00e9e, \u00e9touff\u00e9e, asphyxi\u00e9e, &hellip;","og_url":"https:\/\/w-l-c.be\/fr\/la-femme-la-plus-assassinee-du-monde-une-premiere-en-belgique\/","og_site_name":"w-l-c","article_published_time":"2018-09-10T07:56:20+00:00","article_modified_time":"2018-09-10T10:23:03+00:00","og_image":[{"width":1024,"height":576,"url":"https:\/\/w-l-c.be\/wp-content\/uploads\/2018\/09\/LaFemmeLaPlusAssassineeDuMonde4.jpg","type":"image\/jpeg"}],"author":"Aurore Engelen","twitter_card":"summary_large_image","twitter_misc":{"\u00c9crit par":"Aurore Engelen","Dur\u00e9e de lecture estim\u00e9e":"4 minutes"},"schema":{"@context":"https:\/\/schema.org","@graph":[{"@type":"WebPage","@id":"https:\/\/w-l-c.be\/fr\/la-femme-la-plus-assassinee-du-monde-une-premiere-en-belgique\/","url":"https:\/\/w-l-c.be\/fr\/la-femme-la-plus-assassinee-du-monde-une-premiere-en-belgique\/","name":"\"La Femme la plus assassin\u00e9e du monde\", une premi\u00e8re en Belgique - w-l-c","isPartOf":{"@id":"https:\/\/w-l-c.be\/fr\/#website"},"datePublished":"2018-09-10T07:56:20+00:00","dateModified":"2018-09-10T10:23:03+00:00","author":{"@id":"https:\/\/w-l-c.be\/fr\/#\/schema\/person\/8084b68c6b176142d073695c654dc7cf"},"breadcrumb":{"@id":"https:\/\/w-l-c.be\/fr\/la-femme-la-plus-assassinee-du-monde-une-premiere-en-belgique\/#breadcrumb"},"inLanguage":"fr-FR","potentialAction":[{"@type":"ReadAction","target":["https:\/\/w-l-c.be\/fr\/la-femme-la-plus-assassinee-du-monde-une-premiere-en-belgique\/"]}]},{"@type":"BreadcrumbList","@id":"https:\/\/w-l-c.be\/fr\/la-femme-la-plus-assassinee-du-monde-une-premiere-en-belgique\/#breadcrumb","itemListElement":[{"@type":"ListItem","position":1,"name":"Accueil","item":"https:\/\/w-l-c.be\/fr\/"},{"@type":"ListItem","position":2,"name":"\u00ab\u00a0La Femme la plus assassin\u00e9e du monde\u00a0\u00bb, une premi\u00e8re en Belgique"}]},{"@type":"WebSite","@id":"https:\/\/w-l-c.be\/fr\/#website","url":"https:\/\/w-l-c.be\/fr\/","name":"w-l-c","description":"Le cin\u00e9ma vu par les belges","potentialAction":[{"@type":"SearchAction","target":{"@type":"EntryPoint","urlTemplate":"https:\/\/w-l-c.be\/fr\/?s={search_term_string}"},"query-input":"required name=search_term_string"}],"inLanguage":"fr-FR"},{"@type":"Person","@id":"https:\/\/w-l-c.be\/fr\/#\/schema\/person\/8084b68c6b176142d073695c654dc7cf","name":"Aurore Engelen","url":"https:\/\/w-l-c.be\/fr\/author\/aurore-engelen\/"}]}},"_links":{"self":[{"href":"https:\/\/w-l-c.be\/fr\/wp-json\/wp\/v2\/posts\/213044","targetHints":{"allow":["GET"]}}],"collection":[{"href":"https:\/\/w-l-c.be\/fr\/wp-json\/wp\/v2\/posts"}],"about":[{"href":"https:\/\/w-l-c.be\/fr\/wp-json\/wp\/v2\/types\/post"}],"author":[{"embeddable":true,"href":"https:\/\/w-l-c.be\/fr\/wp-json\/wp\/v2\/users\/343"}],"replies":[{"embeddable":true,"href":"https:\/\/w-l-c.be\/fr\/wp-json\/wp\/v2\/comments?post=213044"}],"version-history":[{"count":0,"href":"https:\/\/w-l-c.be\/fr\/wp-json\/wp\/v2\/posts\/213044\/revisions"}],"wp:featuredmedia":[{"embeddable":true,"href":"https:\/\/w-l-c.be\/fr\/wp-json\/wp\/v2\/media\/213045"}],"wp:attachment":[{"href":"https:\/\/w-l-c.be\/fr\/wp-json\/wp\/v2\/media?parent=213044"}],"wp:term":[{"taxonomy":"category","embeddable":true,"href":"https:\/\/w-l-c.be\/fr\/wp-json\/wp\/v2\/categories?post=213044"},{"taxonomy":"post_tag","embeddable":true,"href":"https:\/\/w-l-c.be\/fr\/wp-json\/wp\/v2\/tags?post=213044"}],"curies":[{"name":"wp","href":"https:\/\/api.w.org\/{rel}","templated":true}]}}