
{"id":213078,"date":"2018-09-11T09:13:28","date_gmt":"2018-09-11T07:13:28","guid":{"rendered":"https:\/\/www.cinevox.be\/?p=213078"},"modified":"2019-05-09T08:57:56","modified_gmt":"2019-05-09T06:57:56","slug":"odyssee-anti-militariste-au-coeur-de-la-jungle","status":"publish","type":"post","link":"https:\/\/w-l-c.be\/fr\/odyssee-anti-militariste-au-coeur-de-la-jungle\/","title":{"rendered":"\u00ab\u00a0La Mis\u00e9ricorde de la Jungle\u00a0\u00bb, odyss\u00e9e anti-militariste au coeur de la jungle&#8230;"},"content":{"rendered":"<p class=\"p1\"><span class=\"s1\"><b>Avec <i>La Mis\u00e9ricorde de la Jungle<\/i>, Jo\u00ebl Karekezi entraine ses protagonistes dans une odyss\u00e9e anti-militariste au coeur de la jungle du Kivu, qui revient sur une p\u00e9riode trouble de l\u2019histoire contemporaine de la r\u00e9gion des Grands Lacs. <\/b><\/span><\/p>\n<p class=\"p2\"><span class=\"s1\"><i>La Mis\u00e9ricorde de la Jungle<\/i> retrace le voyage au bout de la jungle du Kivu de deux soldats congolais et rwandais forc\u00e9s de s\u2019allier pour survivre \u00e0 l\u2019hostilit\u00e9 de la for\u00eat comme \u00e0 la folie de la guerre. Il s\u2019agit du deuxi\u00e8me long m\u00e9trage de Jo\u00ebl Karekezi.\u00a0<\/span><\/p>\n<p class=\"p2\"><span class=\"s1\"><i>La Mis\u00e9ricorde de la Jungle<\/i> est un road-movie \u00e0 pied, \u00e0 travers la jungle, qui suit les errances de deux soldats que tout oppose, une jeune recrue congolaise et un h\u00e9ros de guerre rwandais, forc\u00e9s de s\u2019\u00e9pauler pour \u00e9chapper aux factions adverses. Au coeur du Kivu, ils combattent dans une guerre floue en plein territoire ennemi, seuls et sans ressources face \u00e0 l\u2019inextricable jungle congolaise, aussi dense qu\u2019hostile. Affam\u00e9s, assoiff\u00e9s, les deux hommes luttent pour conserver leur lucidit\u00e9, confront\u00e9s \u00e0 la duret\u00e9 de la jungle, comme \u00e0 leurs propres d\u00e9mons. <\/span><\/p>\n<p class=\"p2\"><span class=\"s1\">Au coeur de cette jungle myst\u00e9rieuse \u00e0 l\u2019aura fantastique, l\u2019absurdit\u00e9 de cette guerre sans limites r\u00e9sonne en \u00e9cho aux atrocit\u00e9s commises. Le film relate une p\u00e9riode floue de l\u2019histoire r\u00e9cente de la r\u00e9gion, la deuxi\u00e8me guerre du Congo, sise \u00e0 la fronti\u00e8re entre la RDC et le Rwanda. L\u2019opacit\u00e9 de la for\u00eat, la perte des rep\u00e8res subies par les protagonistes est aussi bien physique que psychologique. Quand on ne sait plus qui se bat contre qui, pourquoi encore se battre?<\/span><\/p>\n<p>V\u00e9ritable aventure m\u00e9taphysique, le film donne corps \u00e0 cette jungle qui devient un v\u00e9ritable personnage du film, \u00e0 la fois protagoniste et antagoniste du r\u00e9cit, que la direction artistique voulue par le cin\u00e9aste donne v\u00e9ritablement \u00e0 ressentir. Un coup de fouet sensoriel, doubl\u00e9 d&rsquo;un questionnement intime sur l&rsquo;ineptie des conflits qui opposent les humains depuis la nuit des temps.<\/p>\n<p><img loading=\"lazy\" decoding=\"async\" class=\"alignnone size-large wp-image-212372\" src=\"https:\/\/www.cinevox.be\/wp-content\/uploads\/2018\/08\/MisericordeDeLaJungle2-800x406.jpg\" alt=\"MisericordeDeLaJungle2\" width=\"618\" height=\"314\" srcset=\"https:\/\/w-l-c.be\/wp-content\/uploads\/2018\/08\/MisericordeDeLaJungle2-800x406.jpg 800w, https:\/\/w-l-c.be\/wp-content\/uploads\/2018\/08\/MisericordeDeLaJungle2-480x244.jpg 480w, https:\/\/w-l-c.be\/wp-content\/uploads\/2018\/08\/MisericordeDeLaJungle2-768x390.jpg 768w, https:\/\/w-l-c.be\/wp-content\/uploads\/2018\/08\/MisericordeDeLaJungle2.jpg 1030w\" sizes=\"auto, (max-width: 618px) 100vw, 618px\" \/><\/p>\n<p class=\"p1\"><span class=\"s1\">Dans les deux r\u00f4les principaux, on retrouve le com\u00e9dien belge Marc Zinga, d\u00e9couvert dans <i>Les Rayures du Z\u00e8bre<\/i> de Beno\u00eet Mariage, aper\u00e7u chez James Bond (<i>Spectre<\/i>), puis en haut de l\u2019affiche de <i>Bienvenue \u00e0 Marly-Gomont, Qu\u2019Allah b\u00e9nisse la France<\/i> ou plus r\u00e9cemment <i>Nos patriotes<\/i>. St\u00e9phane Bak, d\u00e9couvert sur sc\u00e8ne puis en tant que chroniqueur notamment au <i>Grand Journal<\/i> \u00e0 l\u2019\u00e2ge de 15 ans, est r\u00e9v\u00e9l\u00e9 au cin\u00e9ma par <i>Les H\u00e9ritiers<\/i> de Marie-Castille Mention-Schaar.\u00a0<\/span><\/p>\n<p class=\"p1\"><span class=\"s1\"><i>La Mis\u00e9ricorde de la Jungle<\/i> est produit en Belgique par Aur\u00e9lien Bodinaux, qui est \u00e9galement co-auteur du sc\u00e9nario, pour N\u00e9on Rouge. Il sort ce mercredi dans les salles belges.\u00a0<\/span><\/p>\n","protected":false},"excerpt":{"rendered":"<p>Avec La Mis\u00e9ricorde de la Jungle, Jo\u00ebl Karekezi entraine ses protagonistes dans une odyss\u00e9e anti-militariste au coeur de la jungle du Kivu, qui revient sur une p\u00e9riode trouble de l\u2019histoire contemporaine de la r\u00e9gion des Grands Lacs. La Mis\u00e9ricorde de la Jungle retrace le voyage au bout de la jungle du Kivu de deux soldats &hellip;<\/p>\n","protected":false},"author":343,"featured_media":213079,"comment_status":"closed","ping_status":"closed","sticky":false,"template":"","format":"standard","meta":{"ngg_post_thumbnail":0,"footnotes":""},"categories":[10,12],"tags":[3884,3885,4187,3889],"class_list":["post-213078","post","type-post","status-publish","format-standard","has-post-thumbnail","","category-a-l-affiche","category-awards","tag-joel-karekezi","tag-marc-zinga","tag-newsletter-fr","tag-the-mercy-of-the-jungle"],"yoast_head":"<!-- This site is optimized with the Yoast SEO plugin v20.4 - https:\/\/yoast.com\/wordpress\/plugins\/seo\/ -->\n<title>&quot;La Mis\u00e9ricorde de la Jungle&quot;, odyss\u00e9e anti-militariste au coeur de la jungle... - w-l-c<\/title>\n<meta name=\"robots\" content=\"noindex, follow, max-snippet:-1, max-image-preview:large, max-video-preview:-1\" \/>\n<meta property=\"og:locale\" content=\"fr_FR\" \/>\n<meta property=\"og:type\" content=\"article\" \/>\n<meta property=\"og:title\" content=\"&quot;La Mis\u00e9ricorde de la Jungle&quot;, odyss\u00e9e anti-militariste au coeur de la jungle... - w-l-c\" \/>\n<meta property=\"og:description\" content=\"Avec La Mis\u00e9ricorde de la Jungle, Jo\u00ebl Karekezi entraine ses protagonistes dans une odyss\u00e9e anti-militariste au coeur de la jungle du Kivu, qui revient sur une p\u00e9riode trouble de l\u2019histoire contemporaine de la r\u00e9gion des Grands Lacs. La Mis\u00e9ricorde de la Jungle retrace le voyage au bout de la jungle du Kivu de deux soldats &hellip;\" \/>\n<meta property=\"og:url\" content=\"https:\/\/w-l-c.be\/fr\/odyssee-anti-militariste-au-coeur-de-la-jungle\/\" \/>\n<meta property=\"og:site_name\" content=\"w-l-c\" \/>\n<meta property=\"article:published_time\" content=\"2018-09-11T07:13:28+00:00\" \/>\n<meta property=\"article:modified_time\" content=\"2019-05-09T06:57:56+00:00\" \/>\n<meta property=\"og:image\" content=\"https:\/\/w-l-c.be\/wp-content\/uploads\/2018\/09\/mercyofthejungle_0HERO.jpg\" \/>\n\t<meta property=\"og:image:width\" content=\"1200\" \/>\n\t<meta property=\"og:image:height\" content=\"600\" \/>\n\t<meta property=\"og:image:type\" content=\"image\/jpeg\" \/>\n<meta name=\"author\" content=\"Aurore Engelen\" \/>\n<meta name=\"twitter:card\" content=\"summary_large_image\" \/>\n<meta name=\"twitter:label1\" content=\"\u00c9crit par\" \/>\n\t<meta name=\"twitter:data1\" content=\"Aurore Engelen\" \/>\n\t<meta name=\"twitter:label2\" content=\"Dur\u00e9e de lecture estim\u00e9e\" \/>\n\t<meta name=\"twitter:data2\" content=\"2 minutes\" \/>\n<script type=\"application\/ld+json\" class=\"yoast-schema-graph\">{\"@context\":\"https:\/\/schema.org\",\"@graph\":[{\"@type\":\"WebPage\",\"@id\":\"https:\/\/w-l-c.be\/fr\/odyssee-anti-militariste-au-coeur-de-la-jungle\/\",\"url\":\"https:\/\/w-l-c.be\/fr\/odyssee-anti-militariste-au-coeur-de-la-jungle\/\",\"name\":\"\\\"La Mis\u00e9ricorde de la Jungle\\\", odyss\u00e9e anti-militariste au coeur de la jungle... - w-l-c\",\"isPartOf\":{\"@id\":\"https:\/\/w-l-c.be\/fr\/#website\"},\"datePublished\":\"2018-09-11T07:13:28+00:00\",\"dateModified\":\"2019-05-09T06:57:56+00:00\",\"author\":{\"@id\":\"https:\/\/w-l-c.be\/fr\/#\/schema\/person\/8084b68c6b176142d073695c654dc7cf\"},\"breadcrumb\":{\"@id\":\"https:\/\/w-l-c.be\/fr\/odyssee-anti-militariste-au-coeur-de-la-jungle\/#breadcrumb\"},\"inLanguage\":\"fr-FR\",\"potentialAction\":[{\"@type\":\"ReadAction\",\"target\":[\"https:\/\/w-l-c.be\/fr\/odyssee-anti-militariste-au-coeur-de-la-jungle\/\"]}]},{\"@type\":\"BreadcrumbList\",\"@id\":\"https:\/\/w-l-c.be\/fr\/odyssee-anti-militariste-au-coeur-de-la-jungle\/#breadcrumb\",\"itemListElement\":[{\"@type\":\"ListItem\",\"position\":1,\"name\":\"Accueil\",\"item\":\"https:\/\/w-l-c.be\/fr\/\"},{\"@type\":\"ListItem\",\"position\":2,\"name\":\"\u00ab\u00a0La Mis\u00e9ricorde de la Jungle\u00a0\u00bb, odyss\u00e9e anti-militariste au coeur de la jungle&#8230;\"}]},{\"@type\":\"WebSite\",\"@id\":\"https:\/\/w-l-c.be\/fr\/#website\",\"url\":\"https:\/\/w-l-c.be\/fr\/\",\"name\":\"w-l-c\",\"description\":\"Le cin\u00e9ma vu par les belges\",\"potentialAction\":[{\"@type\":\"SearchAction\",\"target\":{\"@type\":\"EntryPoint\",\"urlTemplate\":\"https:\/\/w-l-c.be\/fr\/?s={search_term_string}\"},\"query-input\":\"required name=search_term_string\"}],\"inLanguage\":\"fr-FR\"},{\"@type\":\"Person\",\"@id\":\"https:\/\/w-l-c.be\/fr\/#\/schema\/person\/8084b68c6b176142d073695c654dc7cf\",\"name\":\"Aurore Engelen\",\"url\":\"https:\/\/w-l-c.be\/fr\/author\/aurore-engelen\/\"}]}<\/script>\n<!-- \/ Yoast SEO plugin. -->","yoast_head_json":{"title":"\"La Mis\u00e9ricorde de la Jungle\", odyss\u00e9e anti-militariste au coeur de la jungle... - w-l-c","robots":{"index":"noindex","follow":"follow","max-snippet":"max-snippet:-1","max-image-preview":"max-image-preview:large","max-video-preview":"max-video-preview:-1"},"og_locale":"fr_FR","og_type":"article","og_title":"\"La Mis\u00e9ricorde de la Jungle\", odyss\u00e9e anti-militariste au coeur de la jungle... - w-l-c","og_description":"Avec La Mis\u00e9ricorde de la Jungle, Jo\u00ebl Karekezi entraine ses protagonistes dans une odyss\u00e9e anti-militariste au coeur de la jungle du Kivu, qui revient sur une p\u00e9riode trouble de l\u2019histoire contemporaine de la r\u00e9gion des Grands Lacs. La Mis\u00e9ricorde de la Jungle retrace le voyage au bout de la jungle du Kivu de deux soldats &hellip;","og_url":"https:\/\/w-l-c.be\/fr\/odyssee-anti-militariste-au-coeur-de-la-jungle\/","og_site_name":"w-l-c","article_published_time":"2018-09-11T07:13:28+00:00","article_modified_time":"2019-05-09T06:57:56+00:00","og_image":[{"width":1200,"height":600,"url":"https:\/\/w-l-c.be\/wp-content\/uploads\/2018\/09\/mercyofthejungle_0HERO.jpg","type":"image\/jpeg"}],"author":"Aurore Engelen","twitter_card":"summary_large_image","twitter_misc":{"\u00c9crit par":"Aurore Engelen","Dur\u00e9e de lecture estim\u00e9e":"2 minutes"},"schema":{"@context":"https:\/\/schema.org","@graph":[{"@type":"WebPage","@id":"https:\/\/w-l-c.be\/fr\/odyssee-anti-militariste-au-coeur-de-la-jungle\/","url":"https:\/\/w-l-c.be\/fr\/odyssee-anti-militariste-au-coeur-de-la-jungle\/","name":"\"La Mis\u00e9ricorde de la Jungle\", odyss\u00e9e anti-militariste au coeur de la jungle... - w-l-c","isPartOf":{"@id":"https:\/\/w-l-c.be\/fr\/#website"},"datePublished":"2018-09-11T07:13:28+00:00","dateModified":"2019-05-09T06:57:56+00:00","author":{"@id":"https:\/\/w-l-c.be\/fr\/#\/schema\/person\/8084b68c6b176142d073695c654dc7cf"},"breadcrumb":{"@id":"https:\/\/w-l-c.be\/fr\/odyssee-anti-militariste-au-coeur-de-la-jungle\/#breadcrumb"},"inLanguage":"fr-FR","potentialAction":[{"@type":"ReadAction","target":["https:\/\/w-l-c.be\/fr\/odyssee-anti-militariste-au-coeur-de-la-jungle\/"]}]},{"@type":"BreadcrumbList","@id":"https:\/\/w-l-c.be\/fr\/odyssee-anti-militariste-au-coeur-de-la-jungle\/#breadcrumb","itemListElement":[{"@type":"ListItem","position":1,"name":"Accueil","item":"https:\/\/w-l-c.be\/fr\/"},{"@type":"ListItem","position":2,"name":"\u00ab\u00a0La Mis\u00e9ricorde de la Jungle\u00a0\u00bb, odyss\u00e9e anti-militariste au coeur de la jungle&#8230;"}]},{"@type":"WebSite","@id":"https:\/\/w-l-c.be\/fr\/#website","url":"https:\/\/w-l-c.be\/fr\/","name":"w-l-c","description":"Le cin\u00e9ma vu par les belges","potentialAction":[{"@type":"SearchAction","target":{"@type":"EntryPoint","urlTemplate":"https:\/\/w-l-c.be\/fr\/?s={search_term_string}"},"query-input":"required name=search_term_string"}],"inLanguage":"fr-FR"},{"@type":"Person","@id":"https:\/\/w-l-c.be\/fr\/#\/schema\/person\/8084b68c6b176142d073695c654dc7cf","name":"Aurore Engelen","url":"https:\/\/w-l-c.be\/fr\/author\/aurore-engelen\/"}]}},"_links":{"self":[{"href":"https:\/\/w-l-c.be\/fr\/wp-json\/wp\/v2\/posts\/213078","targetHints":{"allow":["GET"]}}],"collection":[{"href":"https:\/\/w-l-c.be\/fr\/wp-json\/wp\/v2\/posts"}],"about":[{"href":"https:\/\/w-l-c.be\/fr\/wp-json\/wp\/v2\/types\/post"}],"author":[{"embeddable":true,"href":"https:\/\/w-l-c.be\/fr\/wp-json\/wp\/v2\/users\/343"}],"replies":[{"embeddable":true,"href":"https:\/\/w-l-c.be\/fr\/wp-json\/wp\/v2\/comments?post=213078"}],"version-history":[{"count":0,"href":"https:\/\/w-l-c.be\/fr\/wp-json\/wp\/v2\/posts\/213078\/revisions"}],"wp:featuredmedia":[{"embeddable":true,"href":"https:\/\/w-l-c.be\/fr\/wp-json\/wp\/v2\/media\/213079"}],"wp:attachment":[{"href":"https:\/\/w-l-c.be\/fr\/wp-json\/wp\/v2\/media?parent=213078"}],"wp:term":[{"taxonomy":"category","embeddable":true,"href":"https:\/\/w-l-c.be\/fr\/wp-json\/wp\/v2\/categories?post=213078"},{"taxonomy":"post_tag","embeddable":true,"href":"https:\/\/w-l-c.be\/fr\/wp-json\/wp\/v2\/tags?post=213078"}],"curies":[{"name":"wp","href":"https:\/\/api.w.org\/{rel}","templated":true}]}}