
{"id":215821,"date":"2018-12-29T10:06:42","date_gmt":"2018-12-29T09:06:42","guid":{"rendered":"https:\/\/www.cinevox.be\/?p=215821"},"modified":"2018-12-30T09:56:09","modified_gmt":"2018-12-30T08:56:09","slug":"flashback-2018-flashforward-2019-jawad-rhalib","status":"publish","type":"post","link":"https:\/\/w-l-c.be\/fr\/flashback-2018-flashforward-2019-jawad-rhalib\/","title":{"rendered":"Flashback 2018\/ Flashforward 2019: Jawad Rhalib"},"content":{"rendered":"\n<h3 class=\"wp-block-heading\">Jawad RHALIB, r\u00e9alisateur<\/h3>\n\n\n\n<h4 class=\"wp-block-heading\">Actualit\u00e9 2018<\/h4>\n\n\n\n<p>Apr\u00e8s avoir oeuvr\u00e9 aussi bien dans le domaine du documentaire (<em>El Ejido, la loi du profit, Les Damn\u00e9s de la mer<\/em>) que dans celui de la fiction (<em><a href=\"https:\/\/www.cinevox.be\/fr\/7-rue-folie-petits-meurtres-amies\/\">7, rue de la folie<\/a>, <a href=\"https:\/\/www.cinevox.be\/fr\/insoumise-de-jawad-rhalib-interviews\/\">Insoumise<\/a><\/em>), Jawad Rhalib pr\u00e9sentait en avril dernier en premi\u00e8re mondiale au prestigieux festival Visions du R\u00e9el son nouveau documentaire, <em><a href=\"https:\/\/www.cinevox.be\/fr\/au-temps-ou-les-arabes-dansaient\/\">Au temps o\u00f9 les Arabes dansaient<\/a><\/em>. Le film parcourt les festivals (il \u00e9tait notamment s\u00e9lectionn\u00e9 \u00e0 Toronto cet automne), le film est sorti en salle en Belgique en octobre dernier.&nbsp;<\/p>\n\n\n\n<figure class=\"wp-block-image\"><img loading=\"lazy\" decoding=\"async\" width=\"800\" height=\"395\" src=\"https:\/\/www.cinevox.be\/wp-content\/uploads\/2018\/12\/FlashBack2018-800x395.jpg\" alt=\"\" class=\"wp-image-215808\" srcset=\"https:\/\/w-l-c.be\/wp-content\/uploads\/2018\/12\/FlashBack2018-800x395.jpg 800w, https:\/\/w-l-c.be\/wp-content\/uploads\/2018\/12\/FlashBack2018-480x237.jpg 480w, https:\/\/w-l-c.be\/wp-content\/uploads\/2018\/12\/FlashBack2018-768x380.jpg 768w, https:\/\/w-l-c.be\/wp-content\/uploads\/2018\/12\/FlashBack2018.jpg 1509w\" sizes=\"auto, (max-width: 800px) 100vw, 800px\" \/><\/figure>\n\n\n\n<h4 class=\"wp-block-heading\">Meilleur souvenir cin\u00e9matographique?<\/h4>\n\n\n\n<p><em>Le Livre d&rsquo;image<\/em> par Jean-Luc Godard<br><\/p>\n\n\n\n<h4 class=\"wp-block-heading\">Meilleur moment sur le plan professionnel?<\/h4>\n\n\n\n<p>Mes rencontres scolaires autour de <em>Au temps o\u00f9 les arabes dansaient<\/em><br><\/p>\n\n\n\n<h4 class=\"wp-block-heading\">La femme et\/ou l\u2019homme du cin\u00e9ma belge en 2018?<\/h4>\n\n\n\n<p>Yolande Moreau<br><\/p>\n\n\n\n<h4 class=\"wp-block-heading\">Votre film belge pr\u00e9f\u00e9r\u00e9 en 2018?<\/h4>\n\n\n\n<p><em><a href=\"https:\/\/www.cinevox.be\/fr\/troisiemes-noces-deuxiemes-chances\/\">Troisi\u00e8mes noces <\/a><\/em>par David Lambert<br><br><\/p>\n\n\n\n<figure class=\"wp-block-image\"><img loading=\"lazy\" decoding=\"async\" width=\"800\" height=\"395\" src=\"https:\/\/www.cinevox.be\/wp-content\/uploads\/2018\/12\/Flashforward-800x395.jpg\" alt=\"\" class=\"wp-image-215810\" srcset=\"https:\/\/w-l-c.be\/wp-content\/uploads\/2018\/12\/Flashforward-800x395.jpg 800w, https:\/\/w-l-c.be\/wp-content\/uploads\/2018\/12\/Flashforward-480x237.jpg 480w, https:\/\/w-l-c.be\/wp-content\/uploads\/2018\/12\/Flashforward-768x379.jpg 768w, https:\/\/w-l-c.be\/wp-content\/uploads\/2018\/12\/Flashforward.jpg 1510w\" sizes=\"auto, (max-width: 800px) 100vw, 800px\" \/><\/figure>\n\n\n\n<h4 class=\"wp-block-heading\">Qu\u2019attendez-vous de 2019?<\/h4>\n\n\n\n<p>Plus de soutiens public et professionnel au cin\u00e9ma documentaire d&rsquo;auteur belge<br><\/p>\n\n\n\n<h4 class=\"wp-block-heading\">Quel est le film (ou le talent) belge que vous aimeriez (re)voir en 2019?<\/h4>\n\n\n\n<p>Beno\u00eet Verhaert <br><\/p>\n\n\n\n<h4 class=\"wp-block-heading\">Vos projets pour 2019?<\/h4>\n\n\n\n<p>Tournage \u00e0 partir de janvier 2019, mais le sujet reste secret pour le moment.<br><\/p>\n","protected":false},"excerpt":{"rendered":"<p>Jawad RHALIB, r\u00e9alisateur Actualit\u00e9 2018 Apr\u00e8s avoir oeuvr\u00e9 aussi bien dans le domaine du documentaire (El Ejido, la loi du profit, Les Damn\u00e9s de la mer) que dans celui de la fiction (7, rue de la folie, Insoumise), Jawad Rhalib pr\u00e9sentait en avril dernier en premi\u00e8re mondiale au prestigieux festival Visions du R\u00e9el son nouveau &hellip;<\/p>\n","protected":false},"author":343,"featured_media":215822,"comment_status":"closed","ping_status":"closed","sticky":false,"template":"","format":"standard","meta":{"ngg_post_thumbnail":0,"footnotes":""},"categories":[1978],"tags":[1937],"class_list":["post-215821","post","type-post","status-publish","format-standard","has-post-thumbnail","","category-interviews","tag-jawad-rhalib"],"yoast_head":"<!-- This site is optimized with the Yoast SEO plugin v20.4 - https:\/\/yoast.com\/wordpress\/plugins\/seo\/ -->\n<title>Flashback 2018\/ Flashforward 2019: Jawad Rhalib - w-l-c<\/title>\n<meta name=\"robots\" content=\"noindex, follow, max-snippet:-1, max-image-preview:large, max-video-preview:-1\" \/>\n<meta property=\"og:locale\" content=\"fr_FR\" \/>\n<meta property=\"og:type\" content=\"article\" \/>\n<meta property=\"og:title\" content=\"Flashback 2018\/ Flashforward 2019: Jawad Rhalib - w-l-c\" \/>\n<meta property=\"og:description\" content=\"Jawad RHALIB, r\u00e9alisateur Actualit\u00e9 2018 Apr\u00e8s avoir oeuvr\u00e9 aussi bien dans le domaine du documentaire (El Ejido, la loi du profit, Les Damn\u00e9s de la mer) que dans celui de la fiction (7, rue de la folie, Insoumise), Jawad Rhalib pr\u00e9sentait en avril dernier en premi\u00e8re mondiale au prestigieux festival Visions du R\u00e9el son nouveau &hellip;\" \/>\n<meta property=\"og:url\" content=\"https:\/\/w-l-c.be\/fr\/flashback-2018-flashforward-2019-jawad-rhalib\/\" \/>\n<meta property=\"og:site_name\" content=\"w-l-c\" \/>\n<meta property=\"article:published_time\" content=\"2018-12-29T09:06:42+00:00\" \/>\n<meta property=\"article:modified_time\" content=\"2018-12-30T08:56:09+00:00\" \/>\n<meta property=\"og:image\" content=\"https:\/\/w-l-c.be\/wp-content\/uploads\/2018\/12\/PHOTO-JAWAD.jpeg\" \/>\n\t<meta property=\"og:image:width\" content=\"713\" \/>\n\t<meta property=\"og:image:height\" content=\"441\" \/>\n\t<meta property=\"og:image:type\" content=\"image\/jpeg\" \/>\n<meta name=\"author\" content=\"Aurore Engelen\" \/>\n<meta name=\"twitter:card\" content=\"summary_large_image\" \/>\n<meta name=\"twitter:label1\" content=\"\u00c9crit par\" \/>\n\t<meta name=\"twitter:data1\" content=\"Aurore Engelen\" \/>\n\t<meta name=\"twitter:label2\" content=\"Dur\u00e9e de lecture estim\u00e9e\" \/>\n\t<meta name=\"twitter:data2\" content=\"1 minute\" \/>\n<script type=\"application\/ld+json\" class=\"yoast-schema-graph\">{\"@context\":\"https:\/\/schema.org\",\"@graph\":[{\"@type\":\"WebPage\",\"@id\":\"https:\/\/w-l-c.be\/fr\/flashback-2018-flashforward-2019-jawad-rhalib\/\",\"url\":\"https:\/\/w-l-c.be\/fr\/flashback-2018-flashforward-2019-jawad-rhalib\/\",\"name\":\"Flashback 2018\/ Flashforward 2019: Jawad Rhalib - w-l-c\",\"isPartOf\":{\"@id\":\"https:\/\/w-l-c.be\/fr\/#website\"},\"datePublished\":\"2018-12-29T09:06:42+00:00\",\"dateModified\":\"2018-12-30T08:56:09+00:00\",\"author\":{\"@id\":\"https:\/\/w-l-c.be\/fr\/#\/schema\/person\/8084b68c6b176142d073695c654dc7cf\"},\"breadcrumb\":{\"@id\":\"https:\/\/w-l-c.be\/fr\/flashback-2018-flashforward-2019-jawad-rhalib\/#breadcrumb\"},\"inLanguage\":\"fr-FR\",\"potentialAction\":[{\"@type\":\"ReadAction\",\"target\":[\"https:\/\/w-l-c.be\/fr\/flashback-2018-flashforward-2019-jawad-rhalib\/\"]}]},{\"@type\":\"BreadcrumbList\",\"@id\":\"https:\/\/w-l-c.be\/fr\/flashback-2018-flashforward-2019-jawad-rhalib\/#breadcrumb\",\"itemListElement\":[{\"@type\":\"ListItem\",\"position\":1,\"name\":\"Accueil\",\"item\":\"https:\/\/w-l-c.be\/fr\/\"},{\"@type\":\"ListItem\",\"position\":2,\"name\":\"Flashback 2018\/ Flashforward 2019: Jawad Rhalib\"}]},{\"@type\":\"WebSite\",\"@id\":\"https:\/\/w-l-c.be\/fr\/#website\",\"url\":\"https:\/\/w-l-c.be\/fr\/\",\"name\":\"w-l-c\",\"description\":\"Le cin\u00e9ma vu par les belges\",\"potentialAction\":[{\"@type\":\"SearchAction\",\"target\":{\"@type\":\"EntryPoint\",\"urlTemplate\":\"https:\/\/w-l-c.be\/fr\/?s={search_term_string}\"},\"query-input\":\"required name=search_term_string\"}],\"inLanguage\":\"fr-FR\"},{\"@type\":\"Person\",\"@id\":\"https:\/\/w-l-c.be\/fr\/#\/schema\/person\/8084b68c6b176142d073695c654dc7cf\",\"name\":\"Aurore Engelen\",\"url\":\"https:\/\/w-l-c.be\/fr\/author\/aurore-engelen\/\"}]}<\/script>\n<!-- \/ Yoast SEO plugin. -->","yoast_head_json":{"title":"Flashback 2018\/ Flashforward 2019: Jawad Rhalib - w-l-c","robots":{"index":"noindex","follow":"follow","max-snippet":"max-snippet:-1","max-image-preview":"max-image-preview:large","max-video-preview":"max-video-preview:-1"},"og_locale":"fr_FR","og_type":"article","og_title":"Flashback 2018\/ Flashforward 2019: Jawad Rhalib - w-l-c","og_description":"Jawad RHALIB, r\u00e9alisateur Actualit\u00e9 2018 Apr\u00e8s avoir oeuvr\u00e9 aussi bien dans le domaine du documentaire (El Ejido, la loi du profit, Les Damn\u00e9s de la mer) que dans celui de la fiction (7, rue de la folie, Insoumise), Jawad Rhalib pr\u00e9sentait en avril dernier en premi\u00e8re mondiale au prestigieux festival Visions du R\u00e9el son nouveau &hellip;","og_url":"https:\/\/w-l-c.be\/fr\/flashback-2018-flashforward-2019-jawad-rhalib\/","og_site_name":"w-l-c","article_published_time":"2018-12-29T09:06:42+00:00","article_modified_time":"2018-12-30T08:56:09+00:00","og_image":[{"width":713,"height":441,"url":"https:\/\/w-l-c.be\/wp-content\/uploads\/2018\/12\/PHOTO-JAWAD.jpeg","type":"image\/jpeg"}],"author":"Aurore Engelen","twitter_card":"summary_large_image","twitter_misc":{"\u00c9crit par":"Aurore Engelen","Dur\u00e9e de lecture estim\u00e9e":"1 minute"},"schema":{"@context":"https:\/\/schema.org","@graph":[{"@type":"WebPage","@id":"https:\/\/w-l-c.be\/fr\/flashback-2018-flashforward-2019-jawad-rhalib\/","url":"https:\/\/w-l-c.be\/fr\/flashback-2018-flashforward-2019-jawad-rhalib\/","name":"Flashback 2018\/ Flashforward 2019: Jawad Rhalib - w-l-c","isPartOf":{"@id":"https:\/\/w-l-c.be\/fr\/#website"},"datePublished":"2018-12-29T09:06:42+00:00","dateModified":"2018-12-30T08:56:09+00:00","author":{"@id":"https:\/\/w-l-c.be\/fr\/#\/schema\/person\/8084b68c6b176142d073695c654dc7cf"},"breadcrumb":{"@id":"https:\/\/w-l-c.be\/fr\/flashback-2018-flashforward-2019-jawad-rhalib\/#breadcrumb"},"inLanguage":"fr-FR","potentialAction":[{"@type":"ReadAction","target":["https:\/\/w-l-c.be\/fr\/flashback-2018-flashforward-2019-jawad-rhalib\/"]}]},{"@type":"BreadcrumbList","@id":"https:\/\/w-l-c.be\/fr\/flashback-2018-flashforward-2019-jawad-rhalib\/#breadcrumb","itemListElement":[{"@type":"ListItem","position":1,"name":"Accueil","item":"https:\/\/w-l-c.be\/fr\/"},{"@type":"ListItem","position":2,"name":"Flashback 2018\/ Flashforward 2019: Jawad Rhalib"}]},{"@type":"WebSite","@id":"https:\/\/w-l-c.be\/fr\/#website","url":"https:\/\/w-l-c.be\/fr\/","name":"w-l-c","description":"Le cin\u00e9ma vu par les belges","potentialAction":[{"@type":"SearchAction","target":{"@type":"EntryPoint","urlTemplate":"https:\/\/w-l-c.be\/fr\/?s={search_term_string}"},"query-input":"required name=search_term_string"}],"inLanguage":"fr-FR"},{"@type":"Person","@id":"https:\/\/w-l-c.be\/fr\/#\/schema\/person\/8084b68c6b176142d073695c654dc7cf","name":"Aurore Engelen","url":"https:\/\/w-l-c.be\/fr\/author\/aurore-engelen\/"}]}},"_links":{"self":[{"href":"https:\/\/w-l-c.be\/fr\/wp-json\/wp\/v2\/posts\/215821","targetHints":{"allow":["GET"]}}],"collection":[{"href":"https:\/\/w-l-c.be\/fr\/wp-json\/wp\/v2\/posts"}],"about":[{"href":"https:\/\/w-l-c.be\/fr\/wp-json\/wp\/v2\/types\/post"}],"author":[{"embeddable":true,"href":"https:\/\/w-l-c.be\/fr\/wp-json\/wp\/v2\/users\/343"}],"replies":[{"embeddable":true,"href":"https:\/\/w-l-c.be\/fr\/wp-json\/wp\/v2\/comments?post=215821"}],"version-history":[{"count":0,"href":"https:\/\/w-l-c.be\/fr\/wp-json\/wp\/v2\/posts\/215821\/revisions"}],"wp:featuredmedia":[{"embeddable":true,"href":"https:\/\/w-l-c.be\/fr\/wp-json\/wp\/v2\/media\/215822"}],"wp:attachment":[{"href":"https:\/\/w-l-c.be\/fr\/wp-json\/wp\/v2\/media?parent=215821"}],"wp:term":[{"taxonomy":"category","embeddable":true,"href":"https:\/\/w-l-c.be\/fr\/wp-json\/wp\/v2\/categories?post=215821"},{"taxonomy":"post_tag","embeddable":true,"href":"https:\/\/w-l-c.be\/fr\/wp-json\/wp\/v2\/tags?post=215821"}],"curies":[{"name":"wp","href":"https:\/\/api.w.org\/{rel}","templated":true}]}}