
{"id":215925,"date":"2018-12-28T08:29:25","date_gmt":"2018-12-28T07:29:25","guid":{"rendered":"https:\/\/www.cinevox.be\/?p=215925"},"modified":"2018-12-29T10:14:07","modified_gmt":"2018-12-29T09:14:07","slug":"flashback-2018-flashforward-2019-dimitri-linder","status":"publish","type":"post","link":"https:\/\/w-l-c.be\/fr\/flashback-2018-flashforward-2019-dimitri-linder\/","title":{"rendered":"Flashback 2018\/ Flashforward 2019: Dimitri Linder"},"content":{"rendered":"\n<h3 class=\"wp-block-heading\">Dimitri LINDER, r\u00e9alisateur<\/h3>\n\n\n\n<h4 class=\"wp-block-heading\">Actualit\u00e9 2018<\/h4>\n\n\n\n<p>En octobre dernier \u00e9t\u00e9 montr\u00e9 en premi\u00e8re mondiale au Festival International du Film Francophone de Namur <em><a href=\"https:\/\/www.cinevox.be\/fr\/pour-vivre-heureux-amours-empechees\/\">Pour vivre heureux<\/a><\/em>, le premier long m\u00e9trage de Dimitri Linder, co-r\u00e9alis\u00e9 avec Sarah Salima Glamine. Le film y fit sensation, puisqu&rsquo;il y remporte trois prix: le Prix de la critique, le Prix du public, et le Prix Cinevox! Le film est sorti dans les salles belges le 5 d\u00e9cembre dernier. <\/p>\n\n\n\n<figure class=\"wp-block-image\"><img loading=\"lazy\" decoding=\"async\" width=\"800\" height=\"395\" src=\"https:\/\/www.cinevox.be\/wp-content\/uploads\/2018\/12\/FlashBack2018-800x395.jpg\" alt=\"\" class=\"wp-image-215808\" srcset=\"https:\/\/w-l-c.be\/wp-content\/uploads\/2018\/12\/FlashBack2018-800x395.jpg 800w, https:\/\/w-l-c.be\/wp-content\/uploads\/2018\/12\/FlashBack2018-480x237.jpg 480w, https:\/\/w-l-c.be\/wp-content\/uploads\/2018\/12\/FlashBack2018-768x380.jpg 768w, https:\/\/w-l-c.be\/wp-content\/uploads\/2018\/12\/FlashBack2018.jpg 1509w\" sizes=\"auto, (max-width: 800px) 100vw, 800px\" \/><\/figure>\n\n\n\n<h4 class=\"wp-block-heading\">Meilleur souvenir cin\u00e9matographique?<\/h4>\n\n\n\n<p><em>Les Fr\u00e8res Sisters.<\/em><br><\/p>\n\n\n\n<h4 class=\"wp-block-heading\">Meilleur moment sur le plan professionnel?<\/h4>\n\n\n\n<p>Le moment le plus \u00e9mouvant (hormis celui ou ceux que Salima a cit\u00e9) a sans doute \u00e9t\u00e9 la r\u00e9action euphorique des jeunes \u00e0 la fin d&rsquo;une avant-premi\u00e8re \u00ab\u00a0sp\u00e9ciale scolaire\u00a0\u00bb de <em>Pour vivre heureux<\/em>.<br><\/p>\n\n\n\n<h4 class=\"wp-block-heading\">La femme et\/ou l\u2019homme du cin\u00e9ma belge en 2018?<\/h4>\n\n\n\n<p>Serge Larivi\u00e8re (<a href=\"https:\/\/www.cinevox.be\/fr\/serge-lariviere-1957-2018\/\">malheureusement disparu cette ann\u00e9e<\/a>).<br><\/p>\n\n\n\n<h4 class=\"wp-block-heading\">Votre film belge pr\u00e9f\u00e9r\u00e9 en 2018?<\/h4>\n\n\n\n<p>J&rsquo;ai beaucoup aim\u00e9 le travail de Fran\u00e7ois Bierry sur <em>Vihta<\/em>, pr\u00e9cis, original, ing\u00e9nieux, dr\u00f4le, efficace, bien jou\u00e9, bien mis en sc\u00e8ne, bref, ce sera mon pr\u00e9f\u00e9r\u00e9.<br><\/p>\n\n\n\n<figure class=\"wp-block-image\"><img loading=\"lazy\" decoding=\"async\" width=\"800\" height=\"395\" src=\"https:\/\/www.cinevox.be\/wp-content\/uploads\/2018\/12\/Flashforward-800x395.jpg\" alt=\"\" class=\"wp-image-215810\" srcset=\"https:\/\/w-l-c.be\/wp-content\/uploads\/2018\/12\/Flashforward-800x395.jpg 800w, https:\/\/w-l-c.be\/wp-content\/uploads\/2018\/12\/Flashforward-480x237.jpg 480w, https:\/\/w-l-c.be\/wp-content\/uploads\/2018\/12\/Flashforward-768x379.jpg 768w, https:\/\/w-l-c.be\/wp-content\/uploads\/2018\/12\/Flashforward.jpg 1510w\" sizes=\"auto, (max-width: 800px) 100vw, 800px\" \/><\/figure>\n\n\n\n<h4 class=\"wp-block-heading\">Qu\u2019attendez-vous de 2019?<\/h4>\n\n\n\n<p>Plus de coh\u00e9rence.<br><\/p>\n\n\n\n<h4 class=\"wp-block-heading\">Quel est le film (ou le talent) belge que vous aimeriez (re)voir en 2019?<\/h4>\n\n\n\n<p>Je pense que Salom\u00e9 Dewaels a un talent fou. J&rsquo;esp\u00e8re qu&rsquo;en 2019, on lui proposera un r\u00f4le qui lui permettra de mettre en lumi\u00e8re toute l&rsquo;\u00e9tendue de son talent.<br><\/p>\n\n\n\n<h4 class=\"wp-block-heading\">Vos projets pour 2019?<\/h4>\n\n\n\n<p>Accompagner notre film tout au long de sa route et reprendre le sentier de l&rsquo;\u00e9criture. M&rsquo;occuper de mon fils et de celui qui va arriver. Et prendre soin de leur m\u00e8re qui est aussi ma partenaire dans le travail et complice de vie.<br><\/p>\n","protected":false},"excerpt":{"rendered":"<p>Dimitri LINDER, r\u00e9alisateur Actualit\u00e9 2018 En octobre dernier \u00e9t\u00e9 montr\u00e9 en premi\u00e8re mondiale au Festival International du Film Francophone de Namur Pour vivre heureux, le premier long m\u00e9trage de Dimitri Linder, co-r\u00e9alis\u00e9 avec Sarah Salima Glamine. Le film y fit sensation, puisqu&rsquo;il y remporte trois prix: le Prix de la critique, le Prix du public, &hellip;<\/p>\n","protected":false},"author":343,"featured_media":215926,"comment_status":"closed","ping_status":"closed","sticky":false,"template":"","format":"standard","meta":{"ngg_post_thumbnail":0,"footnotes":""},"categories":[1978],"tags":[2804],"class_list":["post-215925","post","type-post","status-publish","format-standard","has-post-thumbnail","","category-interviews","tag-dimitri-linder"],"yoast_head":"<!-- This site is optimized with the Yoast SEO plugin v20.4 - https:\/\/yoast.com\/wordpress\/plugins\/seo\/ -->\n<title>Flashback 2018\/ Flashforward 2019: Dimitri Linder - w-l-c<\/title>\n<meta name=\"robots\" content=\"noindex, follow, max-snippet:-1, max-image-preview:large, max-video-preview:-1\" \/>\n<meta property=\"og:locale\" content=\"fr_FR\" \/>\n<meta property=\"og:type\" content=\"article\" \/>\n<meta property=\"og:title\" content=\"Flashback 2018\/ Flashforward 2019: Dimitri Linder - w-l-c\" \/>\n<meta property=\"og:description\" content=\"Dimitri LINDER, r\u00e9alisateur Actualit\u00e9 2018 En octobre dernier \u00e9t\u00e9 montr\u00e9 en premi\u00e8re mondiale au Festival International du Film Francophone de Namur Pour vivre heureux, le premier long m\u00e9trage de Dimitri Linder, co-r\u00e9alis\u00e9 avec Sarah Salima Glamine. Le film y fit sensation, puisqu&rsquo;il y remporte trois prix: le Prix de la critique, le Prix du public, &hellip;\" \/>\n<meta property=\"og:url\" content=\"https:\/\/w-l-c.be\/fr\/flashback-2018-flashforward-2019-dimitri-linder\/\" \/>\n<meta property=\"og:site_name\" content=\"w-l-c\" \/>\n<meta property=\"article:published_time\" content=\"2018-12-28T07:29:25+00:00\" \/>\n<meta property=\"article:modified_time\" content=\"2018-12-29T09:14:07+00:00\" \/>\n<meta property=\"og:image\" content=\"https:\/\/w-l-c.be\/wp-content\/uploads\/2018\/12\/IMG_4218.jpeg\" \/>\n\t<meta property=\"og:image:width\" content=\"2260\" \/>\n\t<meta property=\"og:image:height\" content=\"1612\" \/>\n\t<meta property=\"og:image:type\" content=\"image\/jpeg\" \/>\n<meta name=\"author\" content=\"Aurore Engelen\" \/>\n<meta name=\"twitter:card\" content=\"summary_large_image\" \/>\n<meta name=\"twitter:label1\" content=\"\u00c9crit par\" \/>\n\t<meta name=\"twitter:data1\" content=\"Aurore Engelen\" \/>\n\t<meta name=\"twitter:label2\" content=\"Dur\u00e9e de lecture estim\u00e9e\" \/>\n\t<meta name=\"twitter:data2\" content=\"1 minute\" \/>\n<script type=\"application\/ld+json\" class=\"yoast-schema-graph\">{\"@context\":\"https:\/\/schema.org\",\"@graph\":[{\"@type\":\"WebPage\",\"@id\":\"https:\/\/w-l-c.be\/fr\/flashback-2018-flashforward-2019-dimitri-linder\/\",\"url\":\"https:\/\/w-l-c.be\/fr\/flashback-2018-flashforward-2019-dimitri-linder\/\",\"name\":\"Flashback 2018\/ Flashforward 2019: Dimitri Linder - w-l-c\",\"isPartOf\":{\"@id\":\"https:\/\/w-l-c.be\/fr\/#website\"},\"datePublished\":\"2018-12-28T07:29:25+00:00\",\"dateModified\":\"2018-12-29T09:14:07+00:00\",\"author\":{\"@id\":\"https:\/\/w-l-c.be\/fr\/#\/schema\/person\/8084b68c6b176142d073695c654dc7cf\"},\"breadcrumb\":{\"@id\":\"https:\/\/w-l-c.be\/fr\/flashback-2018-flashforward-2019-dimitri-linder\/#breadcrumb\"},\"inLanguage\":\"fr-FR\",\"potentialAction\":[{\"@type\":\"ReadAction\",\"target\":[\"https:\/\/w-l-c.be\/fr\/flashback-2018-flashforward-2019-dimitri-linder\/\"]}]},{\"@type\":\"BreadcrumbList\",\"@id\":\"https:\/\/w-l-c.be\/fr\/flashback-2018-flashforward-2019-dimitri-linder\/#breadcrumb\",\"itemListElement\":[{\"@type\":\"ListItem\",\"position\":1,\"name\":\"Accueil\",\"item\":\"https:\/\/w-l-c.be\/fr\/\"},{\"@type\":\"ListItem\",\"position\":2,\"name\":\"Flashback 2018\/ Flashforward 2019: Dimitri Linder\"}]},{\"@type\":\"WebSite\",\"@id\":\"https:\/\/w-l-c.be\/fr\/#website\",\"url\":\"https:\/\/w-l-c.be\/fr\/\",\"name\":\"w-l-c\",\"description\":\"Le cin\u00e9ma vu par les belges\",\"potentialAction\":[{\"@type\":\"SearchAction\",\"target\":{\"@type\":\"EntryPoint\",\"urlTemplate\":\"https:\/\/w-l-c.be\/fr\/?s={search_term_string}\"},\"query-input\":\"required name=search_term_string\"}],\"inLanguage\":\"fr-FR\"},{\"@type\":\"Person\",\"@id\":\"https:\/\/w-l-c.be\/fr\/#\/schema\/person\/8084b68c6b176142d073695c654dc7cf\",\"name\":\"Aurore Engelen\",\"url\":\"https:\/\/w-l-c.be\/fr\/author\/aurore-engelen\/\"}]}<\/script>\n<!-- \/ Yoast SEO plugin. -->","yoast_head_json":{"title":"Flashback 2018\/ Flashforward 2019: Dimitri Linder - w-l-c","robots":{"index":"noindex","follow":"follow","max-snippet":"max-snippet:-1","max-image-preview":"max-image-preview:large","max-video-preview":"max-video-preview:-1"},"og_locale":"fr_FR","og_type":"article","og_title":"Flashback 2018\/ Flashforward 2019: Dimitri Linder - w-l-c","og_description":"Dimitri LINDER, r\u00e9alisateur Actualit\u00e9 2018 En octobre dernier \u00e9t\u00e9 montr\u00e9 en premi\u00e8re mondiale au Festival International du Film Francophone de Namur Pour vivre heureux, le premier long m\u00e9trage de Dimitri Linder, co-r\u00e9alis\u00e9 avec Sarah Salima Glamine. Le film y fit sensation, puisqu&rsquo;il y remporte trois prix: le Prix de la critique, le Prix du public, &hellip;","og_url":"https:\/\/w-l-c.be\/fr\/flashback-2018-flashforward-2019-dimitri-linder\/","og_site_name":"w-l-c","article_published_time":"2018-12-28T07:29:25+00:00","article_modified_time":"2018-12-29T09:14:07+00:00","og_image":[{"width":2260,"height":1612,"url":"https:\/\/w-l-c.be\/wp-content\/uploads\/2018\/12\/IMG_4218.jpeg","type":"image\/jpeg"}],"author":"Aurore Engelen","twitter_card":"summary_large_image","twitter_misc":{"\u00c9crit par":"Aurore Engelen","Dur\u00e9e de lecture estim\u00e9e":"1 minute"},"schema":{"@context":"https:\/\/schema.org","@graph":[{"@type":"WebPage","@id":"https:\/\/w-l-c.be\/fr\/flashback-2018-flashforward-2019-dimitri-linder\/","url":"https:\/\/w-l-c.be\/fr\/flashback-2018-flashforward-2019-dimitri-linder\/","name":"Flashback 2018\/ Flashforward 2019: Dimitri Linder - w-l-c","isPartOf":{"@id":"https:\/\/w-l-c.be\/fr\/#website"},"datePublished":"2018-12-28T07:29:25+00:00","dateModified":"2018-12-29T09:14:07+00:00","author":{"@id":"https:\/\/w-l-c.be\/fr\/#\/schema\/person\/8084b68c6b176142d073695c654dc7cf"},"breadcrumb":{"@id":"https:\/\/w-l-c.be\/fr\/flashback-2018-flashforward-2019-dimitri-linder\/#breadcrumb"},"inLanguage":"fr-FR","potentialAction":[{"@type":"ReadAction","target":["https:\/\/w-l-c.be\/fr\/flashback-2018-flashforward-2019-dimitri-linder\/"]}]},{"@type":"BreadcrumbList","@id":"https:\/\/w-l-c.be\/fr\/flashback-2018-flashforward-2019-dimitri-linder\/#breadcrumb","itemListElement":[{"@type":"ListItem","position":1,"name":"Accueil","item":"https:\/\/w-l-c.be\/fr\/"},{"@type":"ListItem","position":2,"name":"Flashback 2018\/ Flashforward 2019: Dimitri Linder"}]},{"@type":"WebSite","@id":"https:\/\/w-l-c.be\/fr\/#website","url":"https:\/\/w-l-c.be\/fr\/","name":"w-l-c","description":"Le cin\u00e9ma vu par les belges","potentialAction":[{"@type":"SearchAction","target":{"@type":"EntryPoint","urlTemplate":"https:\/\/w-l-c.be\/fr\/?s={search_term_string}"},"query-input":"required name=search_term_string"}],"inLanguage":"fr-FR"},{"@type":"Person","@id":"https:\/\/w-l-c.be\/fr\/#\/schema\/person\/8084b68c6b176142d073695c654dc7cf","name":"Aurore Engelen","url":"https:\/\/w-l-c.be\/fr\/author\/aurore-engelen\/"}]}},"_links":{"self":[{"href":"https:\/\/w-l-c.be\/fr\/wp-json\/wp\/v2\/posts\/215925","targetHints":{"allow":["GET"]}}],"collection":[{"href":"https:\/\/w-l-c.be\/fr\/wp-json\/wp\/v2\/posts"}],"about":[{"href":"https:\/\/w-l-c.be\/fr\/wp-json\/wp\/v2\/types\/post"}],"author":[{"embeddable":true,"href":"https:\/\/w-l-c.be\/fr\/wp-json\/wp\/v2\/users\/343"}],"replies":[{"embeddable":true,"href":"https:\/\/w-l-c.be\/fr\/wp-json\/wp\/v2\/comments?post=215925"}],"version-history":[{"count":0,"href":"https:\/\/w-l-c.be\/fr\/wp-json\/wp\/v2\/posts\/215925\/revisions"}],"wp:featuredmedia":[{"embeddable":true,"href":"https:\/\/w-l-c.be\/fr\/wp-json\/wp\/v2\/media\/215926"}],"wp:attachment":[{"href":"https:\/\/w-l-c.be\/fr\/wp-json\/wp\/v2\/media?parent=215925"}],"wp:term":[{"taxonomy":"category","embeddable":true,"href":"https:\/\/w-l-c.be\/fr\/wp-json\/wp\/v2\/categories?post=215925"},{"taxonomy":"post_tag","embeddable":true,"href":"https:\/\/w-l-c.be\/fr\/wp-json\/wp\/v2\/tags?post=215925"}],"curies":[{"name":"wp","href":"https:\/\/api.w.org\/{rel}","templated":true}]}}