
{"id":216033,"date":"2019-01-02T09:23:40","date_gmt":"2019-01-02T08:23:40","guid":{"rendered":"https:\/\/www.cinevox.be\/?p=216033"},"modified":"2019-01-02T09:23:42","modified_gmt":"2019-01-02T08:23:42","slug":"yoann-blanc-a-laffiche-de-fortuna","status":"publish","type":"post","link":"https:\/\/w-l-c.be\/fr\/yoann-blanc-a-laffiche-de-fortuna\/","title":{"rendered":"Yoann Blanc \u00e0 l&rsquo;affiche de \u00ab\u00a0Fortuna\u00a0\u00bb"},"content":{"rendered":"\n<p><strong>C&rsquo;est aujourd&rsquo;hui que sort le nouveau long m\u00e9trage de Germinal Roaux, <em>Fortuna<\/em>, pr\u00e9sent\u00e9 l&rsquo;ann\u00e9e derni\u00e8re \u00e0 Berlin. Il y a re\u00e7u l&rsquo;Ours de Cristal du Meilleur Film, et le Grand Prix du Jury international. <\/strong><\/p>\n\n\n\n<p>Fortuna, jeune Ethiopienne de 14 ans, est accueillie avec d\u2019autres r\u00e9fugi\u00e9s par une communaut\u00e9 de religieux catholiques dans un monast\u00e8re des Alpes suisses. Elle y rencontre Kabir, un jeune Africain dont elle tombe amoureuse. C\u2019est l\u2019hiver et \u00e0 mesure que la neige recouvre les sommets, le monast\u00e8re devient leur refuge mais aussi le th\u00e9\u00e2tre d\u2019\u00e9v\u00e9nements qui viennent \u00e9branler la vie paisible des chanoines.<\/p>\n\n\n\n<p>Ceux-ci vont-ils renoncer \u00e0 leur tradition d\u2019hospitalit\u00e9? Parviendront-ils \u00e0 guider Fortuna vers sa nouvelle vie ?<\/p>\n\n\n\n<figure class=\"wp-block-embed-youtube wp-block-embed is-type-video is-provider-youtube wp-embed-aspect-16-9 wp-has-aspect-ratio\"><div class=\"wp-block-embed__wrapper\">\n<iframe loading=\"lazy\" title=\"FORTUNA de Germinal Roaux - Bande-annonce\" width=\"618\" height=\"348\" src=\"https:\/\/www.youtube.com\/embed\/UWt0P3bxnB8?feature=oembed\" frameborder=\"0\" allow=\"accelerometer; autoplay; clipboard-write; encrypted-media; gyroscope; picture-in-picture; web-share\" referrerpolicy=\"strict-origin-when-cross-origin\" allowfullscreen><\/iframe>\n<\/div><\/figure>\n\n\n\n<p>Ce drame \u00e9minemment d&rsquo;actualit\u00e9 porte un regard bouleversant sur la question des r\u00e9fugi\u00e9s. Coproduit en Belgique par Need production (d\u00e9j\u00e0 prim\u00e9 \u00e0 Berlin l&rsquo;ann\u00e9e pr\u00e9c\u00e9dente pour <em>F\u00e9licit\u00e9<\/em> d&rsquo;Alain Gomis, d\u00e9cid\u00e9ment), on retrouve au g\u00e9n\u00e9rique le h\u00e9ros de <em>La Tr\u00eave<\/em>, Yoann Blanc. <\/p>\n","protected":false},"excerpt":{"rendered":"<p>C&rsquo;est aujourd&rsquo;hui que sort le nouveau long m\u00e9trage de Germinal Roaux, Fortuna, pr\u00e9sent\u00e9 l&rsquo;ann\u00e9e derni\u00e8re \u00e0 Berlin. Il y a re\u00e7u l&rsquo;Ours de Cristal du Meilleur Film, et le Grand Prix du Jury international. Fortuna, jeune Ethiopienne de 14 ans, est accueillie avec d\u2019autres r\u00e9fugi\u00e9s par une communaut\u00e9 de religieux catholiques dans un monast\u00e8re des &hellip;<\/p>\n","protected":false},"author":343,"featured_media":215874,"comment_status":"closed","ping_status":"closed","sticky":false,"template":"","format":"standard","meta":{"ngg_post_thumbnail":0,"footnotes":""},"categories":[10],"tags":[],"class_list":["post-216033","post","type-post","status-publish","format-standard","has-post-thumbnail","","category-a-l-affiche"],"yoast_head":"<!-- This site is optimized with the Yoast SEO plugin v20.4 - https:\/\/yoast.com\/wordpress\/plugins\/seo\/ -->\n<title>Yoann Blanc \u00e0 l&#039;affiche de &quot;Fortuna&quot; - w-l-c<\/title>\n<meta name=\"robots\" content=\"noindex, follow, max-snippet:-1, max-image-preview:large, max-video-preview:-1\" \/>\n<meta property=\"og:locale\" content=\"fr_FR\" \/>\n<meta property=\"og:type\" content=\"article\" \/>\n<meta property=\"og:title\" content=\"Yoann Blanc \u00e0 l&#039;affiche de &quot;Fortuna&quot; - w-l-c\" \/>\n<meta property=\"og:description\" content=\"C&rsquo;est aujourd&rsquo;hui que sort le nouveau long m\u00e9trage de Germinal Roaux, Fortuna, pr\u00e9sent\u00e9 l&rsquo;ann\u00e9e derni\u00e8re \u00e0 Berlin. Il y a re\u00e7u l&rsquo;Ours de Cristal du Meilleur Film, et le Grand Prix du Jury international. Fortuna, jeune Ethiopienne de 14 ans, est accueillie avec d\u2019autres r\u00e9fugi\u00e9s par une communaut\u00e9 de religieux catholiques dans un monast\u00e8re des &hellip;\" \/>\n<meta property=\"og:url\" content=\"https:\/\/w-l-c.be\/fr\/yoann-blanc-a-laffiche-de-fortuna\/\" \/>\n<meta property=\"og:site_name\" content=\"w-l-c\" \/>\n<meta property=\"article:published_time\" content=\"2019-01-02T08:23:40+00:00\" \/>\n<meta property=\"article:modified_time\" content=\"2019-01-02T08:23:42+00:00\" \/>\n<meta property=\"og:image\" content=\"https:\/\/w-l-c.be\/wp-content\/uploads\/2018\/12\/fortuna_photo01_redim.jpg\" \/>\n\t<meta property=\"og:image:width\" content=\"1920\" \/>\n\t<meta property=\"og:image:height\" content=\"1343\" \/>\n\t<meta property=\"og:image:type\" content=\"image\/jpeg\" \/>\n<meta name=\"author\" content=\"Aurore Engelen\" \/>\n<meta name=\"twitter:card\" content=\"summary_large_image\" \/>\n<meta name=\"twitter:label1\" content=\"\u00c9crit par\" \/>\n\t<meta name=\"twitter:data1\" content=\"Aurore Engelen\" \/>\n\t<meta name=\"twitter:label2\" content=\"Dur\u00e9e de lecture estim\u00e9e\" \/>\n\t<meta name=\"twitter:data2\" content=\"1 minute\" \/>\n<script type=\"application\/ld+json\" class=\"yoast-schema-graph\">{\"@context\":\"https:\/\/schema.org\",\"@graph\":[{\"@type\":\"WebPage\",\"@id\":\"https:\/\/w-l-c.be\/fr\/yoann-blanc-a-laffiche-de-fortuna\/\",\"url\":\"https:\/\/w-l-c.be\/fr\/yoann-blanc-a-laffiche-de-fortuna\/\",\"name\":\"Yoann Blanc \u00e0 l'affiche de \\\"Fortuna\\\" - w-l-c\",\"isPartOf\":{\"@id\":\"https:\/\/w-l-c.be\/fr\/#website\"},\"datePublished\":\"2019-01-02T08:23:40+00:00\",\"dateModified\":\"2019-01-02T08:23:42+00:00\",\"author\":{\"@id\":\"https:\/\/w-l-c.be\/fr\/#\/schema\/person\/8084b68c6b176142d073695c654dc7cf\"},\"breadcrumb\":{\"@id\":\"https:\/\/w-l-c.be\/fr\/yoann-blanc-a-laffiche-de-fortuna\/#breadcrumb\"},\"inLanguage\":\"fr-FR\",\"potentialAction\":[{\"@type\":\"ReadAction\",\"target\":[\"https:\/\/w-l-c.be\/fr\/yoann-blanc-a-laffiche-de-fortuna\/\"]}]},{\"@type\":\"BreadcrumbList\",\"@id\":\"https:\/\/w-l-c.be\/fr\/yoann-blanc-a-laffiche-de-fortuna\/#breadcrumb\",\"itemListElement\":[{\"@type\":\"ListItem\",\"position\":1,\"name\":\"Accueil\",\"item\":\"https:\/\/w-l-c.be\/fr\/\"},{\"@type\":\"ListItem\",\"position\":2,\"name\":\"Yoann Blanc \u00e0 l&rsquo;affiche de \u00ab\u00a0Fortuna\u00a0\u00bb\"}]},{\"@type\":\"WebSite\",\"@id\":\"https:\/\/w-l-c.be\/fr\/#website\",\"url\":\"https:\/\/w-l-c.be\/fr\/\",\"name\":\"w-l-c\",\"description\":\"Le cin\u00e9ma vu par les belges\",\"potentialAction\":[{\"@type\":\"SearchAction\",\"target\":{\"@type\":\"EntryPoint\",\"urlTemplate\":\"https:\/\/w-l-c.be\/fr\/?s={search_term_string}\"},\"query-input\":\"required name=search_term_string\"}],\"inLanguage\":\"fr-FR\"},{\"@type\":\"Person\",\"@id\":\"https:\/\/w-l-c.be\/fr\/#\/schema\/person\/8084b68c6b176142d073695c654dc7cf\",\"name\":\"Aurore Engelen\",\"url\":\"https:\/\/w-l-c.be\/fr\/author\/aurore-engelen\/\"}]}<\/script>\n<!-- \/ Yoast SEO plugin. -->","yoast_head_json":{"title":"Yoann Blanc \u00e0 l'affiche de \"Fortuna\" - w-l-c","robots":{"index":"noindex","follow":"follow","max-snippet":"max-snippet:-1","max-image-preview":"max-image-preview:large","max-video-preview":"max-video-preview:-1"},"og_locale":"fr_FR","og_type":"article","og_title":"Yoann Blanc \u00e0 l'affiche de \"Fortuna\" - w-l-c","og_description":"C&rsquo;est aujourd&rsquo;hui que sort le nouveau long m\u00e9trage de Germinal Roaux, Fortuna, pr\u00e9sent\u00e9 l&rsquo;ann\u00e9e derni\u00e8re \u00e0 Berlin. Il y a re\u00e7u l&rsquo;Ours de Cristal du Meilleur Film, et le Grand Prix du Jury international. Fortuna, jeune Ethiopienne de 14 ans, est accueillie avec d\u2019autres r\u00e9fugi\u00e9s par une communaut\u00e9 de religieux catholiques dans un monast\u00e8re des &hellip;","og_url":"https:\/\/w-l-c.be\/fr\/yoann-blanc-a-laffiche-de-fortuna\/","og_site_name":"w-l-c","article_published_time":"2019-01-02T08:23:40+00:00","article_modified_time":"2019-01-02T08:23:42+00:00","og_image":[{"width":1920,"height":1343,"url":"https:\/\/w-l-c.be\/wp-content\/uploads\/2018\/12\/fortuna_photo01_redim.jpg","type":"image\/jpeg"}],"author":"Aurore Engelen","twitter_card":"summary_large_image","twitter_misc":{"\u00c9crit par":"Aurore Engelen","Dur\u00e9e de lecture estim\u00e9e":"1 minute"},"schema":{"@context":"https:\/\/schema.org","@graph":[{"@type":"WebPage","@id":"https:\/\/w-l-c.be\/fr\/yoann-blanc-a-laffiche-de-fortuna\/","url":"https:\/\/w-l-c.be\/fr\/yoann-blanc-a-laffiche-de-fortuna\/","name":"Yoann Blanc \u00e0 l'affiche de \"Fortuna\" - w-l-c","isPartOf":{"@id":"https:\/\/w-l-c.be\/fr\/#website"},"datePublished":"2019-01-02T08:23:40+00:00","dateModified":"2019-01-02T08:23:42+00:00","author":{"@id":"https:\/\/w-l-c.be\/fr\/#\/schema\/person\/8084b68c6b176142d073695c654dc7cf"},"breadcrumb":{"@id":"https:\/\/w-l-c.be\/fr\/yoann-blanc-a-laffiche-de-fortuna\/#breadcrumb"},"inLanguage":"fr-FR","potentialAction":[{"@type":"ReadAction","target":["https:\/\/w-l-c.be\/fr\/yoann-blanc-a-laffiche-de-fortuna\/"]}]},{"@type":"BreadcrumbList","@id":"https:\/\/w-l-c.be\/fr\/yoann-blanc-a-laffiche-de-fortuna\/#breadcrumb","itemListElement":[{"@type":"ListItem","position":1,"name":"Accueil","item":"https:\/\/w-l-c.be\/fr\/"},{"@type":"ListItem","position":2,"name":"Yoann Blanc \u00e0 l&rsquo;affiche de \u00ab\u00a0Fortuna\u00a0\u00bb"}]},{"@type":"WebSite","@id":"https:\/\/w-l-c.be\/fr\/#website","url":"https:\/\/w-l-c.be\/fr\/","name":"w-l-c","description":"Le cin\u00e9ma vu par les belges","potentialAction":[{"@type":"SearchAction","target":{"@type":"EntryPoint","urlTemplate":"https:\/\/w-l-c.be\/fr\/?s={search_term_string}"},"query-input":"required name=search_term_string"}],"inLanguage":"fr-FR"},{"@type":"Person","@id":"https:\/\/w-l-c.be\/fr\/#\/schema\/person\/8084b68c6b176142d073695c654dc7cf","name":"Aurore Engelen","url":"https:\/\/w-l-c.be\/fr\/author\/aurore-engelen\/"}]}},"_links":{"self":[{"href":"https:\/\/w-l-c.be\/fr\/wp-json\/wp\/v2\/posts\/216033","targetHints":{"allow":["GET"]}}],"collection":[{"href":"https:\/\/w-l-c.be\/fr\/wp-json\/wp\/v2\/posts"}],"about":[{"href":"https:\/\/w-l-c.be\/fr\/wp-json\/wp\/v2\/types\/post"}],"author":[{"embeddable":true,"href":"https:\/\/w-l-c.be\/fr\/wp-json\/wp\/v2\/users\/343"}],"replies":[{"embeddable":true,"href":"https:\/\/w-l-c.be\/fr\/wp-json\/wp\/v2\/comments?post=216033"}],"version-history":[{"count":0,"href":"https:\/\/w-l-c.be\/fr\/wp-json\/wp\/v2\/posts\/216033\/revisions"}],"wp:featuredmedia":[{"embeddable":true,"href":"https:\/\/w-l-c.be\/fr\/wp-json\/wp\/v2\/media\/215874"}],"wp:attachment":[{"href":"https:\/\/w-l-c.be\/fr\/wp-json\/wp\/v2\/media?parent=216033"}],"wp:term":[{"taxonomy":"category","embeddable":true,"href":"https:\/\/w-l-c.be\/fr\/wp-json\/wp\/v2\/categories?post=216033"},{"taxonomy":"post_tag","embeddable":true,"href":"https:\/\/w-l-c.be\/fr\/wp-json\/wp\/v2\/tags?post=216033"}],"curies":[{"name":"wp","href":"https:\/\/api.w.org\/{rel}","templated":true}]}}