
{"id":216035,"date":"2019-01-02T09:47:20","date_gmt":"2019-01-02T08:47:20","guid":{"rendered":"https:\/\/www.cinevox.be\/?p=216035"},"modified":"2019-01-03T13:34:15","modified_gmt":"2019-01-03T12:34:15","slug":"cinevox-77-nicole-palo-et-fabrice-adde-nous-parlent-de-emma-peeters","status":"publish","type":"post","link":"https:\/\/w-l-c.be\/fr\/cinevox-77-nicole-palo-et-fabrice-adde-nous-parlent-de-emma-peeters\/","title":{"rendered":"Capsule #77: Nicole Palo et Fabrice Adde nous parlent de \u00ab\u00a0Emma Peeters\u00a0\u00bb"},"content":{"rendered":"\n<p><strong>La r\u00e9alisatrice Nicole Palo et son com\u00e9dien principal Fabrice Adde nous parlent de <em>Emma Peeters<\/em>, com\u00e9die pop, romantique et belge (!) qui sort au printemps.<\/strong><\/p>\n\n\n\n<p>A la une \u00e9galement, la sortie le 6 f\u00e9vrier de <em><a href=\"https:\/\/www.cinevox.be\/fr\/seule-a-mariage-belle-echappee\/\">Seule \u00e0 mon mariage<\/a><\/em>, le premier long m\u00e9trage virevoltant de Marta Bergman, et la 9e \u00e9dition des Magritte du Cin\u00e9ma, qui se tiendra le 2 f\u00e9vrier prochain. <\/p>\n","protected":false},"excerpt":{"rendered":"<p>La r\u00e9alisatrice Nicole Palo et son com\u00e9dien principal Fabrice Adde nous parlent de Emma Peeters, com\u00e9die pop, romantique et belge (!) qui sort au printemps. A la une \u00e9galement, la sortie le 6 f\u00e9vrier de Seule \u00e0 mon mariage, le premier long m\u00e9trage virevoltant de Marta Bergman, et la 9e \u00e9dition des Magritte du Cin\u00e9ma, &hellip;<\/p>\n","protected":false},"author":343,"featured_media":216036,"comment_status":"closed","ping_status":"closed","sticky":false,"template":"","format":"standard","meta":{"ngg_post_thumbnail":0,"footnotes":""},"categories":[1886],"tags":[],"class_list":["post-216035","post","type-post","status-publish","format-standard","has-post-thumbnail","","category-cinevox"],"yoast_head":"<!-- This site is optimized with the Yoast SEO plugin v20.4 - https:\/\/yoast.com\/wordpress\/plugins\/seo\/ -->\n<title>Capsule #77: Nicole Palo et Fabrice Adde nous parlent de &quot;Emma Peeters&quot; - w-l-c<\/title>\n<meta name=\"robots\" content=\"noindex, follow, max-snippet:-1, max-image-preview:large, max-video-preview:-1\" \/>\n<meta property=\"og:locale\" content=\"fr_FR\" \/>\n<meta property=\"og:type\" content=\"article\" \/>\n<meta property=\"og:title\" content=\"Capsule #77: Nicole Palo et Fabrice Adde nous parlent de &quot;Emma Peeters&quot; - w-l-c\" \/>\n<meta property=\"og:description\" content=\"La r\u00e9alisatrice Nicole Palo et son com\u00e9dien principal Fabrice Adde nous parlent de Emma Peeters, com\u00e9die pop, romantique et belge (!) qui sort au printemps. A la une \u00e9galement, la sortie le 6 f\u00e9vrier de Seule \u00e0 mon mariage, le premier long m\u00e9trage virevoltant de Marta Bergman, et la 9e \u00e9dition des Magritte du Cin\u00e9ma, &hellip;\" \/>\n<meta property=\"og:url\" content=\"https:\/\/w-l-c.be\/fr\/cinevox-77-nicole-palo-et-fabrice-adde-nous-parlent-de-emma-peeters\/\" \/>\n<meta property=\"og:site_name\" content=\"w-l-c\" \/>\n<meta property=\"article:published_time\" content=\"2019-01-02T08:47:20+00:00\" \/>\n<meta property=\"article:modified_time\" content=\"2019-01-03T12:34:15+00:00\" \/>\n<meta property=\"og:image\" content=\"https:\/\/w-l-c.be\/wp-content\/uploads\/2019\/01\/Capsule77.jpg\" \/>\n\t<meta property=\"og:image:width\" content=\"3800\" \/>\n\t<meta property=\"og:image:height\" content=\"2128\" \/>\n\t<meta property=\"og:image:type\" content=\"image\/jpeg\" \/>\n<meta name=\"author\" content=\"Aurore Engelen\" \/>\n<meta name=\"twitter:card\" content=\"summary_large_image\" \/>\n<meta name=\"twitter:label1\" content=\"\u00c9crit par\" \/>\n\t<meta name=\"twitter:data1\" content=\"Aurore Engelen\" \/>\n<script type=\"application\/ld+json\" class=\"yoast-schema-graph\">{\"@context\":\"https:\/\/schema.org\",\"@graph\":[{\"@type\":\"WebPage\",\"@id\":\"https:\/\/w-l-c.be\/fr\/cinevox-77-nicole-palo-et-fabrice-adde-nous-parlent-de-emma-peeters\/\",\"url\":\"https:\/\/w-l-c.be\/fr\/cinevox-77-nicole-palo-et-fabrice-adde-nous-parlent-de-emma-peeters\/\",\"name\":\"Capsule #77: Nicole Palo et Fabrice Adde nous parlent de \\\"Emma Peeters\\\" - w-l-c\",\"isPartOf\":{\"@id\":\"https:\/\/w-l-c.be\/fr\/#website\"},\"datePublished\":\"2019-01-02T08:47:20+00:00\",\"dateModified\":\"2019-01-03T12:34:15+00:00\",\"author\":{\"@id\":\"https:\/\/w-l-c.be\/fr\/#\/schema\/person\/8084b68c6b176142d073695c654dc7cf\"},\"breadcrumb\":{\"@id\":\"https:\/\/w-l-c.be\/fr\/cinevox-77-nicole-palo-et-fabrice-adde-nous-parlent-de-emma-peeters\/#breadcrumb\"},\"inLanguage\":\"fr-FR\",\"potentialAction\":[{\"@type\":\"ReadAction\",\"target\":[\"https:\/\/w-l-c.be\/fr\/cinevox-77-nicole-palo-et-fabrice-adde-nous-parlent-de-emma-peeters\/\"]}]},{\"@type\":\"BreadcrumbList\",\"@id\":\"https:\/\/w-l-c.be\/fr\/cinevox-77-nicole-palo-et-fabrice-adde-nous-parlent-de-emma-peeters\/#breadcrumb\",\"itemListElement\":[{\"@type\":\"ListItem\",\"position\":1,\"name\":\"Accueil\",\"item\":\"https:\/\/w-l-c.be\/fr\/\"},{\"@type\":\"ListItem\",\"position\":2,\"name\":\"Capsule #77: Nicole Palo et Fabrice Adde nous parlent de \u00ab\u00a0Emma Peeters\u00a0\u00bb\"}]},{\"@type\":\"WebSite\",\"@id\":\"https:\/\/w-l-c.be\/fr\/#website\",\"url\":\"https:\/\/w-l-c.be\/fr\/\",\"name\":\"w-l-c\",\"description\":\"Le cin\u00e9ma vu par les belges\",\"potentialAction\":[{\"@type\":\"SearchAction\",\"target\":{\"@type\":\"EntryPoint\",\"urlTemplate\":\"https:\/\/w-l-c.be\/fr\/?s={search_term_string}\"},\"query-input\":\"required name=search_term_string\"}],\"inLanguage\":\"fr-FR\"},{\"@type\":\"Person\",\"@id\":\"https:\/\/w-l-c.be\/fr\/#\/schema\/person\/8084b68c6b176142d073695c654dc7cf\",\"name\":\"Aurore Engelen\",\"url\":\"https:\/\/w-l-c.be\/fr\/author\/aurore-engelen\/\"}]}<\/script>\n<!-- \/ Yoast SEO plugin. -->","yoast_head_json":{"title":"Capsule #77: Nicole Palo et Fabrice Adde nous parlent de \"Emma Peeters\" - w-l-c","robots":{"index":"noindex","follow":"follow","max-snippet":"max-snippet:-1","max-image-preview":"max-image-preview:large","max-video-preview":"max-video-preview:-1"},"og_locale":"fr_FR","og_type":"article","og_title":"Capsule #77: Nicole Palo et Fabrice Adde nous parlent de \"Emma Peeters\" - w-l-c","og_description":"La r\u00e9alisatrice Nicole Palo et son com\u00e9dien principal Fabrice Adde nous parlent de Emma Peeters, com\u00e9die pop, romantique et belge (!) qui sort au printemps. A la une \u00e9galement, la sortie le 6 f\u00e9vrier de Seule \u00e0 mon mariage, le premier long m\u00e9trage virevoltant de Marta Bergman, et la 9e \u00e9dition des Magritte du Cin\u00e9ma, &hellip;","og_url":"https:\/\/w-l-c.be\/fr\/cinevox-77-nicole-palo-et-fabrice-adde-nous-parlent-de-emma-peeters\/","og_site_name":"w-l-c","article_published_time":"2019-01-02T08:47:20+00:00","article_modified_time":"2019-01-03T12:34:15+00:00","og_image":[{"width":3800,"height":2128,"url":"https:\/\/w-l-c.be\/wp-content\/uploads\/2019\/01\/Capsule77.jpg","type":"image\/jpeg"}],"author":"Aurore Engelen","twitter_card":"summary_large_image","twitter_misc":{"\u00c9crit par":"Aurore Engelen"},"schema":{"@context":"https:\/\/schema.org","@graph":[{"@type":"WebPage","@id":"https:\/\/w-l-c.be\/fr\/cinevox-77-nicole-palo-et-fabrice-adde-nous-parlent-de-emma-peeters\/","url":"https:\/\/w-l-c.be\/fr\/cinevox-77-nicole-palo-et-fabrice-adde-nous-parlent-de-emma-peeters\/","name":"Capsule #77: Nicole Palo et Fabrice Adde nous parlent de \"Emma Peeters\" - w-l-c","isPartOf":{"@id":"https:\/\/w-l-c.be\/fr\/#website"},"datePublished":"2019-01-02T08:47:20+00:00","dateModified":"2019-01-03T12:34:15+00:00","author":{"@id":"https:\/\/w-l-c.be\/fr\/#\/schema\/person\/8084b68c6b176142d073695c654dc7cf"},"breadcrumb":{"@id":"https:\/\/w-l-c.be\/fr\/cinevox-77-nicole-palo-et-fabrice-adde-nous-parlent-de-emma-peeters\/#breadcrumb"},"inLanguage":"fr-FR","potentialAction":[{"@type":"ReadAction","target":["https:\/\/w-l-c.be\/fr\/cinevox-77-nicole-palo-et-fabrice-adde-nous-parlent-de-emma-peeters\/"]}]},{"@type":"BreadcrumbList","@id":"https:\/\/w-l-c.be\/fr\/cinevox-77-nicole-palo-et-fabrice-adde-nous-parlent-de-emma-peeters\/#breadcrumb","itemListElement":[{"@type":"ListItem","position":1,"name":"Accueil","item":"https:\/\/w-l-c.be\/fr\/"},{"@type":"ListItem","position":2,"name":"Capsule #77: Nicole Palo et Fabrice Adde nous parlent de \u00ab\u00a0Emma Peeters\u00a0\u00bb"}]},{"@type":"WebSite","@id":"https:\/\/w-l-c.be\/fr\/#website","url":"https:\/\/w-l-c.be\/fr\/","name":"w-l-c","description":"Le cin\u00e9ma vu par les belges","potentialAction":[{"@type":"SearchAction","target":{"@type":"EntryPoint","urlTemplate":"https:\/\/w-l-c.be\/fr\/?s={search_term_string}"},"query-input":"required name=search_term_string"}],"inLanguage":"fr-FR"},{"@type":"Person","@id":"https:\/\/w-l-c.be\/fr\/#\/schema\/person\/8084b68c6b176142d073695c654dc7cf","name":"Aurore Engelen","url":"https:\/\/w-l-c.be\/fr\/author\/aurore-engelen\/"}]}},"_links":{"self":[{"href":"https:\/\/w-l-c.be\/fr\/wp-json\/wp\/v2\/posts\/216035","targetHints":{"allow":["GET"]}}],"collection":[{"href":"https:\/\/w-l-c.be\/fr\/wp-json\/wp\/v2\/posts"}],"about":[{"href":"https:\/\/w-l-c.be\/fr\/wp-json\/wp\/v2\/types\/post"}],"author":[{"embeddable":true,"href":"https:\/\/w-l-c.be\/fr\/wp-json\/wp\/v2\/users\/343"}],"replies":[{"embeddable":true,"href":"https:\/\/w-l-c.be\/fr\/wp-json\/wp\/v2\/comments?post=216035"}],"version-history":[{"count":0,"href":"https:\/\/w-l-c.be\/fr\/wp-json\/wp\/v2\/posts\/216035\/revisions"}],"wp:featuredmedia":[{"embeddable":true,"href":"https:\/\/w-l-c.be\/fr\/wp-json\/wp\/v2\/media\/216036"}],"wp:attachment":[{"href":"https:\/\/w-l-c.be\/fr\/wp-json\/wp\/v2\/media?parent=216035"}],"wp:term":[{"taxonomy":"category","embeddable":true,"href":"https:\/\/w-l-c.be\/fr\/wp-json\/wp\/v2\/categories?post=216035"},{"taxonomy":"post_tag","embeddable":true,"href":"https:\/\/w-l-c.be\/fr\/wp-json\/wp\/v2\/tags?post=216035"}],"curies":[{"name":"wp","href":"https:\/\/api.w.org\/{rel}","templated":true}]}}