
{"id":216044,"date":"2019-01-03T11:25:23","date_gmt":"2019-01-03T10:25:23","guid":{"rendered":"https:\/\/www.cinevox.be\/?p=216044"},"modified":"2019-01-04T09:47:19","modified_gmt":"2019-01-04T08:47:19","slug":"flashback-2018-flashforward-2019-emmanuelle-bonmariage","status":"publish","type":"post","link":"https:\/\/w-l-c.be\/fr\/flashback-2018-flashforward-2019-emmanuelle-bonmariage\/","title":{"rendered":"Flashback 2018\/ Flashforward 2019: Emmanuelle Bonmariage"},"content":{"rendered":"\n<h3 class=\"wp-block-heading\">Emmanuelle BONMARIAGE, r\u00e9alisatrice<\/h3>\n\n\n\n<h4 class=\"wp-block-heading\">Actualit\u00e9 2018<\/h4>\n\n\n\n<p>Apr\u00e8s une formation de com\u00e9dienne, <a href=\"https:\/\/www.cinevox.be\/fr\/emmanuelle-bonmariage-la-camera-de-manu-est-un-bouclier-qui-le-protege-mais-cest-aussi-une-arme\/\">Emmanuelle Bonmariage<\/a> travaille beaucoup au th\u00e9\u00e2tre, jusqu&rsquo;\u00e0 ce que son p\u00e8re, le cin\u00e9aste Manu Bonmariage, lui confie une cam\u00e9ra. Elle d\u00e9cide alors de la tourner vers lui, et sort en mai 2018 son premier documentaire, <em><a href=\"https:\/\/www.cinevox.be\/fr\/manu-memoires-de-lhomme-a-camera\/\">Manu, l&rsquo;homme qui ne voulait pas l\u00e2cher sa cam\u00e9ra.<\/a><\/em><\/p>\n\n\n\n<figure class=\"wp-block-image\"><img loading=\"lazy\" decoding=\"async\" width=\"800\" height=\"395\" src=\"https:\/\/www.cinevox.be\/wp-content\/uploads\/2018\/12\/FlashBack2018-800x395.jpg\" alt=\"\" class=\"wp-image-215808\" srcset=\"https:\/\/w-l-c.be\/wp-content\/uploads\/2018\/12\/FlashBack2018-800x395.jpg 800w, https:\/\/w-l-c.be\/wp-content\/uploads\/2018\/12\/FlashBack2018-480x237.jpg 480w, https:\/\/w-l-c.be\/wp-content\/uploads\/2018\/12\/FlashBack2018-768x380.jpg 768w, https:\/\/w-l-c.be\/wp-content\/uploads\/2018\/12\/FlashBack2018.jpg 1509w\" sizes=\"auto, (max-width: 800px) 100vw, 800px\" \/><\/figure>\n\n\n\n<h4 class=\"wp-block-heading\">Meilleur moment sur le plan professionnel?<\/h4>\n\n\n\n<p>Montage et sortie de mon premier film, <em>Manu<\/em>&#8230;<\/p>\n\n\n\n<h4 class=\"wp-block-heading\">La femme et\/ou l\u2019homme du cin\u00e9ma belge en 2018?<\/h4>\n\n\n\n<p>Lukas Dhont<\/p>\n\n\n\n<h4 class=\"wp-block-heading\">Votre film belge pr\u00e9f\u00e9r\u00e9 en 2018?<\/h4>\n\n\n\n<p><em><a href=\"https:\/\/www.cinevox.be\/fr\/girl-a-corps-perdu\/\">Girl<\/a><\/em> de Lukas Dhont<\/p>\n\n\n\n<figure class=\"wp-block-image\"><img loading=\"lazy\" decoding=\"async\" width=\"800\" height=\"395\" src=\"https:\/\/www.cinevox.be\/wp-content\/uploads\/2018\/12\/Flashforward-800x395.jpg\" alt=\"\" class=\"wp-image-215810\" srcset=\"https:\/\/w-l-c.be\/wp-content\/uploads\/2018\/12\/Flashforward-800x395.jpg 800w, https:\/\/w-l-c.be\/wp-content\/uploads\/2018\/12\/Flashforward-480x237.jpg 480w, https:\/\/w-l-c.be\/wp-content\/uploads\/2018\/12\/Flashforward-768x379.jpg 768w, https:\/\/w-l-c.be\/wp-content\/uploads\/2018\/12\/Flashforward.jpg 1510w\" sizes=\"auto, (max-width: 800px) 100vw, 800px\" \/><\/figure>\n\n\n\n<h4 class=\"wp-block-heading\">Qu\u2019attendez-vous de 2019?<\/h4>\n\n\n\n<p>Une nouvelle production possible pour un second film ! <br><\/p>\n\n\n\n<h4 class=\"wp-block-heading\">Quel est le film (ou le talent) belge que vous aimeriez (re)voir en 2019?<\/h4>\n\n\n\n<p>Victor Polster<br><\/p>\n\n\n\n<h4 class=\"wp-block-heading\">Vos projets pour 2019?<\/h4>\n\n\n\n<p>Mise en route d&rsquo;un prochain film&#8230; <br><\/p>\n","protected":false},"excerpt":{"rendered":"<p>Emmanuelle BONMARIAGE, r\u00e9alisatrice Actualit\u00e9 2018 Apr\u00e8s une formation de com\u00e9dienne, Emmanuelle Bonmariage travaille beaucoup au th\u00e9\u00e2tre, jusqu&rsquo;\u00e0 ce que son p\u00e8re, le cin\u00e9aste Manu Bonmariage, lui confie une cam\u00e9ra. Elle d\u00e9cide alors de la tourner vers lui, et sort en mai 2018 son premier documentaire, Manu, l&rsquo;homme qui ne voulait pas l\u00e2cher sa cam\u00e9ra. Meilleur &hellip;<\/p>\n","protected":false},"author":343,"featured_media":210300,"comment_status":"closed","ping_status":"closed","sticky":false,"template":"","format":"standard","meta":{"ngg_post_thumbnail":0,"footnotes":""},"categories":[1978],"tags":[3565],"class_list":["post-216044","post","type-post","status-publish","format-standard","has-post-thumbnail","","category-interviews","tag-emmanuelle-bonmariage"],"yoast_head":"<!-- This site is optimized with the Yoast SEO plugin v20.4 - https:\/\/yoast.com\/wordpress\/plugins\/seo\/ -->\n<title>Flashback 2018\/ Flashforward 2019: Emmanuelle Bonmariage - w-l-c<\/title>\n<meta name=\"robots\" content=\"noindex, follow, max-snippet:-1, max-image-preview:large, max-video-preview:-1\" \/>\n<meta property=\"og:locale\" content=\"fr_FR\" \/>\n<meta property=\"og:type\" content=\"article\" \/>\n<meta property=\"og:title\" content=\"Flashback 2018\/ Flashforward 2019: Emmanuelle Bonmariage - w-l-c\" \/>\n<meta property=\"og:description\" content=\"Emmanuelle BONMARIAGE, r\u00e9alisatrice Actualit\u00e9 2018 Apr\u00e8s une formation de com\u00e9dienne, Emmanuelle Bonmariage travaille beaucoup au th\u00e9\u00e2tre, jusqu&rsquo;\u00e0 ce que son p\u00e8re, le cin\u00e9aste Manu Bonmariage, lui confie une cam\u00e9ra. Elle d\u00e9cide alors de la tourner vers lui, et sort en mai 2018 son premier documentaire, Manu, l&rsquo;homme qui ne voulait pas l\u00e2cher sa cam\u00e9ra. Meilleur &hellip;\" \/>\n<meta property=\"og:url\" content=\"https:\/\/w-l-c.be\/fr\/flashback-2018-flashforward-2019-emmanuelle-bonmariage\/\" \/>\n<meta property=\"og:site_name\" content=\"w-l-c\" \/>\n<meta property=\"article:published_time\" content=\"2019-01-03T10:25:23+00:00\" \/>\n<meta property=\"article:modified_time\" content=\"2019-01-04T08:47:19+00:00\" \/>\n<meta property=\"og:image\" content=\"https:\/\/w-l-c.be\/wp-content\/uploads\/2018\/06\/IMG_8219.jpg\" \/>\n\t<meta property=\"og:image:width\" content=\"4032\" \/>\n\t<meta property=\"og:image:height\" content=\"3024\" \/>\n\t<meta property=\"og:image:type\" content=\"image\/jpeg\" \/>\n<meta name=\"author\" content=\"Aurore Engelen\" \/>\n<meta name=\"twitter:card\" content=\"summary_large_image\" \/>\n<meta name=\"twitter:label1\" content=\"\u00c9crit par\" \/>\n\t<meta name=\"twitter:data1\" content=\"Aurore Engelen\" \/>\n\t<meta name=\"twitter:label2\" content=\"Dur\u00e9e de lecture estim\u00e9e\" \/>\n\t<meta name=\"twitter:data2\" content=\"1 minute\" \/>\n<script type=\"application\/ld+json\" class=\"yoast-schema-graph\">{\"@context\":\"https:\/\/schema.org\",\"@graph\":[{\"@type\":\"WebPage\",\"@id\":\"https:\/\/w-l-c.be\/fr\/flashback-2018-flashforward-2019-emmanuelle-bonmariage\/\",\"url\":\"https:\/\/w-l-c.be\/fr\/flashback-2018-flashforward-2019-emmanuelle-bonmariage\/\",\"name\":\"Flashback 2018\/ Flashforward 2019: Emmanuelle Bonmariage - w-l-c\",\"isPartOf\":{\"@id\":\"https:\/\/w-l-c.be\/fr\/#website\"},\"datePublished\":\"2019-01-03T10:25:23+00:00\",\"dateModified\":\"2019-01-04T08:47:19+00:00\",\"author\":{\"@id\":\"https:\/\/w-l-c.be\/fr\/#\/schema\/person\/8084b68c6b176142d073695c654dc7cf\"},\"breadcrumb\":{\"@id\":\"https:\/\/w-l-c.be\/fr\/flashback-2018-flashforward-2019-emmanuelle-bonmariage\/#breadcrumb\"},\"inLanguage\":\"fr-FR\",\"potentialAction\":[{\"@type\":\"ReadAction\",\"target\":[\"https:\/\/w-l-c.be\/fr\/flashback-2018-flashforward-2019-emmanuelle-bonmariage\/\"]}]},{\"@type\":\"BreadcrumbList\",\"@id\":\"https:\/\/w-l-c.be\/fr\/flashback-2018-flashforward-2019-emmanuelle-bonmariage\/#breadcrumb\",\"itemListElement\":[{\"@type\":\"ListItem\",\"position\":1,\"name\":\"Accueil\",\"item\":\"https:\/\/w-l-c.be\/fr\/\"},{\"@type\":\"ListItem\",\"position\":2,\"name\":\"Flashback 2018\/ Flashforward 2019: Emmanuelle Bonmariage\"}]},{\"@type\":\"WebSite\",\"@id\":\"https:\/\/w-l-c.be\/fr\/#website\",\"url\":\"https:\/\/w-l-c.be\/fr\/\",\"name\":\"w-l-c\",\"description\":\"Le cin\u00e9ma vu par les belges\",\"potentialAction\":[{\"@type\":\"SearchAction\",\"target\":{\"@type\":\"EntryPoint\",\"urlTemplate\":\"https:\/\/w-l-c.be\/fr\/?s={search_term_string}\"},\"query-input\":\"required name=search_term_string\"}],\"inLanguage\":\"fr-FR\"},{\"@type\":\"Person\",\"@id\":\"https:\/\/w-l-c.be\/fr\/#\/schema\/person\/8084b68c6b176142d073695c654dc7cf\",\"name\":\"Aurore Engelen\",\"url\":\"https:\/\/w-l-c.be\/fr\/author\/aurore-engelen\/\"}]}<\/script>\n<!-- \/ Yoast SEO plugin. -->","yoast_head_json":{"title":"Flashback 2018\/ Flashforward 2019: Emmanuelle Bonmariage - w-l-c","robots":{"index":"noindex","follow":"follow","max-snippet":"max-snippet:-1","max-image-preview":"max-image-preview:large","max-video-preview":"max-video-preview:-1"},"og_locale":"fr_FR","og_type":"article","og_title":"Flashback 2018\/ Flashforward 2019: Emmanuelle Bonmariage - w-l-c","og_description":"Emmanuelle BONMARIAGE, r\u00e9alisatrice Actualit\u00e9 2018 Apr\u00e8s une formation de com\u00e9dienne, Emmanuelle Bonmariage travaille beaucoup au th\u00e9\u00e2tre, jusqu&rsquo;\u00e0 ce que son p\u00e8re, le cin\u00e9aste Manu Bonmariage, lui confie une cam\u00e9ra. Elle d\u00e9cide alors de la tourner vers lui, et sort en mai 2018 son premier documentaire, Manu, l&rsquo;homme qui ne voulait pas l\u00e2cher sa cam\u00e9ra. Meilleur &hellip;","og_url":"https:\/\/w-l-c.be\/fr\/flashback-2018-flashforward-2019-emmanuelle-bonmariage\/","og_site_name":"w-l-c","article_published_time":"2019-01-03T10:25:23+00:00","article_modified_time":"2019-01-04T08:47:19+00:00","og_image":[{"width":4032,"height":3024,"url":"https:\/\/w-l-c.be\/wp-content\/uploads\/2018\/06\/IMG_8219.jpg","type":"image\/jpeg"}],"author":"Aurore Engelen","twitter_card":"summary_large_image","twitter_misc":{"\u00c9crit par":"Aurore Engelen","Dur\u00e9e de lecture estim\u00e9e":"1 minute"},"schema":{"@context":"https:\/\/schema.org","@graph":[{"@type":"WebPage","@id":"https:\/\/w-l-c.be\/fr\/flashback-2018-flashforward-2019-emmanuelle-bonmariage\/","url":"https:\/\/w-l-c.be\/fr\/flashback-2018-flashforward-2019-emmanuelle-bonmariage\/","name":"Flashback 2018\/ Flashforward 2019: Emmanuelle Bonmariage - w-l-c","isPartOf":{"@id":"https:\/\/w-l-c.be\/fr\/#website"},"datePublished":"2019-01-03T10:25:23+00:00","dateModified":"2019-01-04T08:47:19+00:00","author":{"@id":"https:\/\/w-l-c.be\/fr\/#\/schema\/person\/8084b68c6b176142d073695c654dc7cf"},"breadcrumb":{"@id":"https:\/\/w-l-c.be\/fr\/flashback-2018-flashforward-2019-emmanuelle-bonmariage\/#breadcrumb"},"inLanguage":"fr-FR","potentialAction":[{"@type":"ReadAction","target":["https:\/\/w-l-c.be\/fr\/flashback-2018-flashforward-2019-emmanuelle-bonmariage\/"]}]},{"@type":"BreadcrumbList","@id":"https:\/\/w-l-c.be\/fr\/flashback-2018-flashforward-2019-emmanuelle-bonmariage\/#breadcrumb","itemListElement":[{"@type":"ListItem","position":1,"name":"Accueil","item":"https:\/\/w-l-c.be\/fr\/"},{"@type":"ListItem","position":2,"name":"Flashback 2018\/ Flashforward 2019: Emmanuelle Bonmariage"}]},{"@type":"WebSite","@id":"https:\/\/w-l-c.be\/fr\/#website","url":"https:\/\/w-l-c.be\/fr\/","name":"w-l-c","description":"Le cin\u00e9ma vu par les belges","potentialAction":[{"@type":"SearchAction","target":{"@type":"EntryPoint","urlTemplate":"https:\/\/w-l-c.be\/fr\/?s={search_term_string}"},"query-input":"required name=search_term_string"}],"inLanguage":"fr-FR"},{"@type":"Person","@id":"https:\/\/w-l-c.be\/fr\/#\/schema\/person\/8084b68c6b176142d073695c654dc7cf","name":"Aurore Engelen","url":"https:\/\/w-l-c.be\/fr\/author\/aurore-engelen\/"}]}},"_links":{"self":[{"href":"https:\/\/w-l-c.be\/fr\/wp-json\/wp\/v2\/posts\/216044","targetHints":{"allow":["GET"]}}],"collection":[{"href":"https:\/\/w-l-c.be\/fr\/wp-json\/wp\/v2\/posts"}],"about":[{"href":"https:\/\/w-l-c.be\/fr\/wp-json\/wp\/v2\/types\/post"}],"author":[{"embeddable":true,"href":"https:\/\/w-l-c.be\/fr\/wp-json\/wp\/v2\/users\/343"}],"replies":[{"embeddable":true,"href":"https:\/\/w-l-c.be\/fr\/wp-json\/wp\/v2\/comments?post=216044"}],"version-history":[{"count":0,"href":"https:\/\/w-l-c.be\/fr\/wp-json\/wp\/v2\/posts\/216044\/revisions"}],"wp:featuredmedia":[{"embeddable":true,"href":"https:\/\/w-l-c.be\/fr\/wp-json\/wp\/v2\/media\/210300"}],"wp:attachment":[{"href":"https:\/\/w-l-c.be\/fr\/wp-json\/wp\/v2\/media?parent=216044"}],"wp:term":[{"taxonomy":"category","embeddable":true,"href":"https:\/\/w-l-c.be\/fr\/wp-json\/wp\/v2\/categories?post=216044"},{"taxonomy":"post_tag","embeddable":true,"href":"https:\/\/w-l-c.be\/fr\/wp-json\/wp\/v2\/tags?post=216044"}],"curies":[{"name":"wp","href":"https:\/\/api.w.org\/{rel}","templated":true}]}}