
{"id":216062,"date":"2019-01-04T09:43:28","date_gmt":"2019-01-04T08:43:28","guid":{"rendered":"https:\/\/www.cinevox.be\/?p=216062"},"modified":"2019-01-07T10:03:24","modified_gmt":"2019-01-07T09:03:24","slug":"flashback-2018-flashforward-2019-samuel-tilman","status":"publish","type":"post","link":"https:\/\/w-l-c.be\/fr\/flashback-2018-flashforward-2019-samuel-tilman\/","title":{"rendered":"Flashback 2018\/ Flashforward 2019: Samuel Tilman"},"content":{"rendered":"\n<h3 class=\"wp-block-heading\">Samuel TILMAN, r\u00e9alisateur<\/h3>\n\n\n\n<h4 class=\"wp-block-heading\">Actualit\u00e9 2018<\/h4>\n\n\n\n<p>Apr\u00e8s s&rsquo;\u00eatre distingu\u00e9 avec ses courts m\u00e9trages (son deuxi\u00e8me film, <em>Nuit Blanche<\/em>, a d&rsquo;ailleurs remport\u00e9 le Magritte du Meilleur Court M\u00e9trage en 2011), et ses documentaires, notamment les docufictions anim\u00e9s <em>Kongo<\/em> et <em>Le Dernier Gaulois<\/em>, Samuel Tilman sortait cette ann\u00e9e au mois de mars son premier long m\u00e9trage, <em><a href=\"https:\/\/www.cinevox.be\/fr\/part-dombre-benefice-doute\/\">Une part d&rsquo;ombre<\/a><\/em>, avec Fabrizio Rongione, son complice de toujours en t\u00eate d&rsquo;affiche, et une belle pl\u00e9iade de com\u00e9diens belges (Natacha R\u00e9gnier, Saule,Steve Driesen, Yoann Blanc, Myriem Akhieddiou, Erika Sainte&#8230;).<\/p>\n\n\n\n<figure class=\"wp-block-image\"><img loading=\"lazy\" decoding=\"async\" width=\"800\" height=\"395\" src=\"https:\/\/www.cinevox.be\/wp-content\/uploads\/2018\/12\/FlashBack2018-800x395.jpg\" alt=\"\" class=\"wp-image-215808\" srcset=\"https:\/\/w-l-c.be\/wp-content\/uploads\/2018\/12\/FlashBack2018-800x395.jpg 800w, https:\/\/w-l-c.be\/wp-content\/uploads\/2018\/12\/FlashBack2018-480x237.jpg 480w, https:\/\/w-l-c.be\/wp-content\/uploads\/2018\/12\/FlashBack2018-768x380.jpg 768w, https:\/\/w-l-c.be\/wp-content\/uploads\/2018\/12\/FlashBack2018.jpg 1509w\" sizes=\"auto, (max-width: 800px) 100vw, 800px\" \/><\/figure>\n\n\n\n<h4 class=\"wp-block-heading\">Meilleur souvenir cin\u00e9matographique?<br><\/h4>\n\n\n\n<p>Le tournage \u00e0 Tunis de <em>Noura<\/em>, de Hinde Boujemaa, que nous co-produisons avec Eklektik Productions.<\/p>\n\n\n\n<h4 class=\"wp-block-heading\" id=\"mce_6\">Meilleur moment sur le plan professionnel?<\/h4>\n\n\n\n<p>Le plus r\u00e9cent: la pr\u00e9-nomination du court-m\u00e9trage <em>May Day<\/em> (autre co-production) aux Oscars.<br><\/p>\n\n\n\n<h4 class=\"wp-block-heading\">La femme et\/ou l\u2019homme du cin\u00e9ma belge en 2018?<\/h4>\n\n\n\n<p>Guillaume Senez<br><\/p>\n\n\n\n<h4 class=\"wp-block-heading\">Votre film belge pr\u00e9f\u00e9r\u00e9 en 2018?<\/h4>\n\n\n\n<p>La d\u00e9cence m&rsquo;interdit de citer <em>Une part d&rsquo;ombre<\/em>&#8230; donc <em>Nos Batailles<\/em>!<br><\/p>\n\n\n\n<figure class=\"wp-block-image\"><img loading=\"lazy\" decoding=\"async\" width=\"800\" height=\"395\" src=\"https:\/\/www.cinevox.be\/wp-content\/uploads\/2018\/12\/Flashforward-800x395.jpg\" alt=\"\" class=\"wp-image-215810\" srcset=\"https:\/\/w-l-c.be\/wp-content\/uploads\/2018\/12\/Flashforward-800x395.jpg 800w, https:\/\/w-l-c.be\/wp-content\/uploads\/2018\/12\/Flashforward-480x237.jpg 480w, https:\/\/w-l-c.be\/wp-content\/uploads\/2018\/12\/Flashforward-768x379.jpg 768w, https:\/\/w-l-c.be\/wp-content\/uploads\/2018\/12\/Flashforward.jpg 1510w\" sizes=\"auto, (max-width: 800px) 100vw, 800px\" \/><\/figure>\n\n\n\n<h4 class=\"wp-block-heading\">Qu\u2019attendez-vous de 2019?<\/h4>\n\n\n\n<p>L&rsquo;inspiration et le plaisir<br><\/p>\n\n\n\n<h4 class=\"wp-block-heading\">Quel est le film (ou le talent) belge que vous aimeriez (re)voir en 2019?<\/h4>\n\n\n\n<p>Curieux de d\u00e9couvrir bient\u00f4t le nouveau film d&rsquo;Olivier Masset-Depasse<br><\/p>\n\n\n\n<h4 class=\"wp-block-heading\">Vos projets pour 2019?<\/h4>\n\n\n\n<p>Plusieurs envies&#8230; \u00e0 concr\u00e9tiser!<br><\/p>\n","protected":false},"excerpt":{"rendered":"<p>Samuel TILMAN, r\u00e9alisateur Actualit\u00e9 2018 Apr\u00e8s s&rsquo;\u00eatre distingu\u00e9 avec ses courts m\u00e9trages (son deuxi\u00e8me film, Nuit Blanche, a d&rsquo;ailleurs remport\u00e9 le Magritte du Meilleur Court M\u00e9trage en 2011), et ses documentaires, notamment les docufictions anim\u00e9s Kongo et Le Dernier Gaulois, Samuel Tilman sortait cette ann\u00e9e au mois de mars son premier long m\u00e9trage, Une part &hellip;<\/p>\n","protected":false},"author":343,"featured_media":216063,"comment_status":"closed","ping_status":"closed","sticky":false,"template":"","format":"standard","meta":{"ngg_post_thumbnail":0,"footnotes":""},"categories":[1978],"tags":[2505],"class_list":["post-216062","post","type-post","status-publish","format-standard","has-post-thumbnail","","category-interviews","tag-samuel-tilman"],"yoast_head":"<!-- This site is optimized with the Yoast SEO plugin v20.4 - https:\/\/yoast.com\/wordpress\/plugins\/seo\/ -->\n<title>Flashback 2018\/ Flashforward 2019: Samuel Tilman - w-l-c<\/title>\n<meta name=\"robots\" content=\"noindex, follow, max-snippet:-1, max-image-preview:large, max-video-preview:-1\" \/>\n<meta property=\"og:locale\" content=\"fr_FR\" \/>\n<meta property=\"og:type\" content=\"article\" \/>\n<meta property=\"og:title\" content=\"Flashback 2018\/ Flashforward 2019: Samuel Tilman - w-l-c\" \/>\n<meta property=\"og:description\" content=\"Samuel TILMAN, r\u00e9alisateur Actualit\u00e9 2018 Apr\u00e8s s&rsquo;\u00eatre distingu\u00e9 avec ses courts m\u00e9trages (son deuxi\u00e8me film, Nuit Blanche, a d&rsquo;ailleurs remport\u00e9 le Magritte du Meilleur Court M\u00e9trage en 2011), et ses documentaires, notamment les docufictions anim\u00e9s Kongo et Le Dernier Gaulois, Samuel Tilman sortait cette ann\u00e9e au mois de mars son premier long m\u00e9trage, Une part &hellip;\" \/>\n<meta property=\"og:url\" content=\"https:\/\/w-l-c.be\/fr\/flashback-2018-flashforward-2019-samuel-tilman\/\" \/>\n<meta property=\"og:site_name\" content=\"w-l-c\" \/>\n<meta property=\"article:published_time\" content=\"2019-01-04T08:43:28+00:00\" \/>\n<meta property=\"article:modified_time\" content=\"2019-01-07T09:03:24+00:00\" \/>\n<meta property=\"og:image\" content=\"https:\/\/w-l-c.be\/wp-content\/uploads\/2019\/01\/SamuelTilman.jpg\" \/>\n\t<meta property=\"og:image:width\" content=\"620\" \/>\n\t<meta property=\"og:image:height\" content=\"435\" \/>\n\t<meta property=\"og:image:type\" content=\"image\/jpeg\" \/>\n<meta name=\"author\" content=\"Aurore Engelen\" \/>\n<meta name=\"twitter:card\" content=\"summary_large_image\" \/>\n<meta name=\"twitter:label1\" content=\"\u00c9crit par\" \/>\n\t<meta name=\"twitter:data1\" content=\"Aurore Engelen\" \/>\n\t<meta name=\"twitter:label2\" content=\"Dur\u00e9e de lecture estim\u00e9e\" \/>\n\t<meta name=\"twitter:data2\" content=\"1 minute\" \/>\n<script type=\"application\/ld+json\" class=\"yoast-schema-graph\">{\"@context\":\"https:\/\/schema.org\",\"@graph\":[{\"@type\":\"WebPage\",\"@id\":\"https:\/\/w-l-c.be\/fr\/flashback-2018-flashforward-2019-samuel-tilman\/\",\"url\":\"https:\/\/w-l-c.be\/fr\/flashback-2018-flashforward-2019-samuel-tilman\/\",\"name\":\"Flashback 2018\/ Flashforward 2019: Samuel Tilman - w-l-c\",\"isPartOf\":{\"@id\":\"https:\/\/w-l-c.be\/fr\/#website\"},\"datePublished\":\"2019-01-04T08:43:28+00:00\",\"dateModified\":\"2019-01-07T09:03:24+00:00\",\"author\":{\"@id\":\"https:\/\/w-l-c.be\/fr\/#\/schema\/person\/8084b68c6b176142d073695c654dc7cf\"},\"breadcrumb\":{\"@id\":\"https:\/\/w-l-c.be\/fr\/flashback-2018-flashforward-2019-samuel-tilman\/#breadcrumb\"},\"inLanguage\":\"fr-FR\",\"potentialAction\":[{\"@type\":\"ReadAction\",\"target\":[\"https:\/\/w-l-c.be\/fr\/flashback-2018-flashforward-2019-samuel-tilman\/\"]}]},{\"@type\":\"BreadcrumbList\",\"@id\":\"https:\/\/w-l-c.be\/fr\/flashback-2018-flashforward-2019-samuel-tilman\/#breadcrumb\",\"itemListElement\":[{\"@type\":\"ListItem\",\"position\":1,\"name\":\"Accueil\",\"item\":\"https:\/\/w-l-c.be\/fr\/\"},{\"@type\":\"ListItem\",\"position\":2,\"name\":\"Flashback 2018\/ Flashforward 2019: Samuel Tilman\"}]},{\"@type\":\"WebSite\",\"@id\":\"https:\/\/w-l-c.be\/fr\/#website\",\"url\":\"https:\/\/w-l-c.be\/fr\/\",\"name\":\"w-l-c\",\"description\":\"Le cin\u00e9ma vu par les belges\",\"potentialAction\":[{\"@type\":\"SearchAction\",\"target\":{\"@type\":\"EntryPoint\",\"urlTemplate\":\"https:\/\/w-l-c.be\/fr\/?s={search_term_string}\"},\"query-input\":\"required name=search_term_string\"}],\"inLanguage\":\"fr-FR\"},{\"@type\":\"Person\",\"@id\":\"https:\/\/w-l-c.be\/fr\/#\/schema\/person\/8084b68c6b176142d073695c654dc7cf\",\"name\":\"Aurore Engelen\",\"url\":\"https:\/\/w-l-c.be\/fr\/author\/aurore-engelen\/\"}]}<\/script>\n<!-- \/ Yoast SEO plugin. -->","yoast_head_json":{"title":"Flashback 2018\/ Flashforward 2019: Samuel Tilman - w-l-c","robots":{"index":"noindex","follow":"follow","max-snippet":"max-snippet:-1","max-image-preview":"max-image-preview:large","max-video-preview":"max-video-preview:-1"},"og_locale":"fr_FR","og_type":"article","og_title":"Flashback 2018\/ Flashforward 2019: Samuel Tilman - w-l-c","og_description":"Samuel TILMAN, r\u00e9alisateur Actualit\u00e9 2018 Apr\u00e8s s&rsquo;\u00eatre distingu\u00e9 avec ses courts m\u00e9trages (son deuxi\u00e8me film, Nuit Blanche, a d&rsquo;ailleurs remport\u00e9 le Magritte du Meilleur Court M\u00e9trage en 2011), et ses documentaires, notamment les docufictions anim\u00e9s Kongo et Le Dernier Gaulois, Samuel Tilman sortait cette ann\u00e9e au mois de mars son premier long m\u00e9trage, Une part &hellip;","og_url":"https:\/\/w-l-c.be\/fr\/flashback-2018-flashforward-2019-samuel-tilman\/","og_site_name":"w-l-c","article_published_time":"2019-01-04T08:43:28+00:00","article_modified_time":"2019-01-07T09:03:24+00:00","og_image":[{"width":620,"height":435,"url":"https:\/\/w-l-c.be\/wp-content\/uploads\/2019\/01\/SamuelTilman.jpg","type":"image\/jpeg"}],"author":"Aurore Engelen","twitter_card":"summary_large_image","twitter_misc":{"\u00c9crit par":"Aurore Engelen","Dur\u00e9e de lecture estim\u00e9e":"1 minute"},"schema":{"@context":"https:\/\/schema.org","@graph":[{"@type":"WebPage","@id":"https:\/\/w-l-c.be\/fr\/flashback-2018-flashforward-2019-samuel-tilman\/","url":"https:\/\/w-l-c.be\/fr\/flashback-2018-flashforward-2019-samuel-tilman\/","name":"Flashback 2018\/ Flashforward 2019: Samuel Tilman - w-l-c","isPartOf":{"@id":"https:\/\/w-l-c.be\/fr\/#website"},"datePublished":"2019-01-04T08:43:28+00:00","dateModified":"2019-01-07T09:03:24+00:00","author":{"@id":"https:\/\/w-l-c.be\/fr\/#\/schema\/person\/8084b68c6b176142d073695c654dc7cf"},"breadcrumb":{"@id":"https:\/\/w-l-c.be\/fr\/flashback-2018-flashforward-2019-samuel-tilman\/#breadcrumb"},"inLanguage":"fr-FR","potentialAction":[{"@type":"ReadAction","target":["https:\/\/w-l-c.be\/fr\/flashback-2018-flashforward-2019-samuel-tilman\/"]}]},{"@type":"BreadcrumbList","@id":"https:\/\/w-l-c.be\/fr\/flashback-2018-flashforward-2019-samuel-tilman\/#breadcrumb","itemListElement":[{"@type":"ListItem","position":1,"name":"Accueil","item":"https:\/\/w-l-c.be\/fr\/"},{"@type":"ListItem","position":2,"name":"Flashback 2018\/ Flashforward 2019: Samuel Tilman"}]},{"@type":"WebSite","@id":"https:\/\/w-l-c.be\/fr\/#website","url":"https:\/\/w-l-c.be\/fr\/","name":"w-l-c","description":"Le cin\u00e9ma vu par les belges","potentialAction":[{"@type":"SearchAction","target":{"@type":"EntryPoint","urlTemplate":"https:\/\/w-l-c.be\/fr\/?s={search_term_string}"},"query-input":"required name=search_term_string"}],"inLanguage":"fr-FR"},{"@type":"Person","@id":"https:\/\/w-l-c.be\/fr\/#\/schema\/person\/8084b68c6b176142d073695c654dc7cf","name":"Aurore Engelen","url":"https:\/\/w-l-c.be\/fr\/author\/aurore-engelen\/"}]}},"_links":{"self":[{"href":"https:\/\/w-l-c.be\/fr\/wp-json\/wp\/v2\/posts\/216062","targetHints":{"allow":["GET"]}}],"collection":[{"href":"https:\/\/w-l-c.be\/fr\/wp-json\/wp\/v2\/posts"}],"about":[{"href":"https:\/\/w-l-c.be\/fr\/wp-json\/wp\/v2\/types\/post"}],"author":[{"embeddable":true,"href":"https:\/\/w-l-c.be\/fr\/wp-json\/wp\/v2\/users\/343"}],"replies":[{"embeddable":true,"href":"https:\/\/w-l-c.be\/fr\/wp-json\/wp\/v2\/comments?post=216062"}],"version-history":[{"count":0,"href":"https:\/\/w-l-c.be\/fr\/wp-json\/wp\/v2\/posts\/216062\/revisions"}],"wp:featuredmedia":[{"embeddable":true,"href":"https:\/\/w-l-c.be\/fr\/wp-json\/wp\/v2\/media\/216063"}],"wp:attachment":[{"href":"https:\/\/w-l-c.be\/fr\/wp-json\/wp\/v2\/media?parent=216062"}],"wp:term":[{"taxonomy":"category","embeddable":true,"href":"https:\/\/w-l-c.be\/fr\/wp-json\/wp\/v2\/categories?post=216062"},{"taxonomy":"post_tag","embeddable":true,"href":"https:\/\/w-l-c.be\/fr\/wp-json\/wp\/v2\/tags?post=216062"}],"curies":[{"name":"wp","href":"https:\/\/api.w.org\/{rel}","templated":true}]}}