
{"id":216544,"date":"2019-01-24T11:11:48","date_gmt":"2019-01-24T10:11:48","guid":{"rendered":"https:\/\/www.cinevox.be\/?p=216544"},"modified":"2019-01-25T15:10:08","modified_gmt":"2019-01-25T14:10:08","slug":"lanimation-au-coeur-des-magritte-raoul-servais-magritte-dhonneur","status":"publish","type":"post","link":"https:\/\/w-l-c.be\/fr\/lanimation-au-coeur-des-magritte-raoul-servais-magritte-dhonneur\/","title":{"rendered":"L&rsquo;animation au coeur des Magritte: Raoul Servais, Magritte d&rsquo;honneur"},"content":{"rendered":"<p><strong>Apr\u00e8s la Pr\u00e9sidence attribu\u00e9e \u00e0 l&rsquo;\u00e9lectrique duo form\u00e9 par Patar &amp; Aubier, champions du cin\u00e9ma d&rsquo;animation, les Magritte du Cin\u00e9ma viennent d&rsquo;annoncer que le Magritte d&rsquo;honneur 2019 serait remis au cin\u00e9aste belge Raoul Servais, premi\u00e8re Palme d&rsquo;or du cin\u00e9ma belge en 1979. Il succ\u00e8de ainsi \u00e0 Sandrine Bonnaire, Andr\u00e9 Dussolier, Vincent Lindon, Pierre Richard, Emir Kusturica, Costa-Gavras, Nathalie Baye et Andr\u00e9 Delvaux.<\/strong><\/p>\n<p>Premi\u00e8re Palme d&rsquo;Or du cin\u00e9ma belge, Lion d&rsquo;Or \u00e0 Venise, inventeur de la servaisgraphie&#8230; Raoul Servais a marqu\u00e9 de son empreinte le cin\u00e9ma d&rsquo;animation belge et mondial. Aujourd&rsquo;hui \u00e2g\u00e9 de 90 ans, le cin\u00e9aste d\u00e9borde encore d&rsquo;\u00e9nergie et de projets.\u00a0Il a ainsi r\u00e9cemment publi\u00e9\u00a0<em>L&rsquo;Eternel Pr\u00e9sent<\/em>, roman dystopique qu&rsquo;il a lui-m\u00eame illustr\u00e9, et une aile permanente lui \u00e9tant d\u00e9di\u00e9e a r\u00e9cemment ouvert au Mu.ZEE \u00e0 Ostende.<\/p>\n<p>Le teaser du DVD r\u00e9cemment \u00e9dit\u00e9 par le Cinematek qui a remast\u00e9ris\u00e9 14 de ses courts m\u00e9trages donne une id\u00e9e de l&rsquo;\u00e9tendu de ses talents et de sa cr\u00e9ativit\u00e9.<\/p>\n<p><iframe loading=\"lazy\" src=\"https:\/\/www.youtube.com\/embed\/kFo20BJlmhY?start=25\" width=\"560\" height=\"315\" frameborder=\"0\" allowfullscreen=\"allowfullscreen\"><\/iframe><\/p>\n<p>Raoul Servais est n\u00e9 en 1928 \u00e0 Ostende. Son enfance\u00a0s&rsquo;\u00e9coule, heureuse, dans cette grandiose ville victorienne, tout \u00e0 la joie de jouer avec ses crayons de couleur, et \u00e0 la fascination de d\u00e9couvrir les petits dessins anim\u00e9s de\u00a0<em>Felix le Chat<\/em>\u00a0ainsi que les films de Charlie Chaplin projet\u00e9s par son p\u00e8re dans la r\u00e9sidence familiale sur un petit projecteur de table. Mais cette f\u00e9licit\u00e9 est brutalement interrompue par la guerre, qui le fait passer de l&rsquo;opulence \u00e0 la peur et la mis\u00e8re, et qui viendra hanter son oeuvre avec la r\u00e9gularit\u00e9 d&rsquo;un m\u00e9tronome.<\/p>\n<p>Apr\u00e8s la guerre, il int\u00e8gre les Beaux-Arts de Gand, et sa sp\u00e9cialisation en peinture monumentale l&#8217;emm\u00e8ne sur les pas de Ren\u00e9 Magritte, qu&rsquo;il accompagne lors de la r\u00e9alisation de sa fresque g\u00e9ante,\u00a0Le Domaine Enchant\u00e9, pour le casino\u00a0de Knokke. Avec son ami le peintre Maurice Boel, il relance le Cin\u00e9-Club d&rsquo;Ostende, une v\u00e9ritable institution cr\u00e9\u00e9e avant la guerre par le cin\u00e9aste Henri Storck et le peintre surr\u00e9aliste F\u00e9lix Labisse.\u00a0Il r\u00e9alise son premier film,\u00a0<em>Les Lumi\u00e8res du Port<\/em>,\u00a0en 1953 avec l?aide financi\u00e8re et logistique de sa famille et de ses amis. Le film remporte le Grand Prix du Festival du Film Belge, lui confirmant ainsi que l\u00e0 est bien sa voie&#8230;<\/p>\n<p><img loading=\"lazy\" decoding=\"async\" class=\"alignnone size-large wp-image-200374\" src=\"https:\/\/www.cinevox.be\/wp-content\/uploads\/2017\/06\/Havenlichten-Raoul-Servais-793x600.jpg\" alt=\"Havenlichten-Raoul-Servais\" width=\"618\" height=\"468\" srcset=\"https:\/\/w-l-c.be\/wp-content\/uploads\/2017\/06\/Havenlichten-Raoul-Servais-793x600.jpg 793w, https:\/\/w-l-c.be\/wp-content\/uploads\/2017\/06\/Havenlichten-Raoul-Servais-357x270.jpg 357w, https:\/\/w-l-c.be\/wp-content\/uploads\/2017\/06\/Havenlichten-Raoul-Servais-768x581.jpg 768w, https:\/\/w-l-c.be\/wp-content\/uploads\/2017\/06\/Havenlichten-Raoul-Servais.jpg 895w\" sizes=\"auto, (max-width: 618px) 100vw, 618px\" \/><\/p>\n<p>Il encha\u00eene alors les oeuvres et les prix. Tout au long de sa carri\u00e8re, il remet sans cesse en question son art, d\u00e9veloppant de nouvelles techniques (les \u00e9l\u00e9ments d\u00e9coup\u00e9s de\u00a0<em>Fausse Note<\/em>, l&rsquo;hommage \u00e0 la peinture expressionniste flamande dans\u00a0<em>Pegasus<\/em>), jusqu&rsquo;\u00e0 l&rsquo;invention de la servaisgraphie,\u00a0\u00ab un syst\u00e8me de trucage permettant d&rsquo;une part l&rsquo;incrustation de personnages film\u00e9s en vues r\u00e9elles dans des d\u00e9cors de cr\u00e9ation graphique et, d&rsquo;autre part, un syst\u00e8me augmentant la qualit\u00e9 de ces d\u00e9cors \u00bb, lors de la r\u00e9alisation d&rsquo;<em>Harpya<\/em>, court m\u00e9trage qui lui valut sa Palme d&rsquo;or. Il d\u00e9veloppa ensuite la technique avec son seul long m\u00e9trage\u00a0<em>Taxandria<\/em>, film devenu culte sorti en 1994, qu&rsquo;il perfectionna pour l&rsquo;amour de l&rsquo;art dans\u00a0<em>Papillons de Nuit<\/em>.<\/p>\n<p><img loading=\"lazy\" decoding=\"async\" class=\"alignnone size-large wp-image-200376\" src=\"https:\/\/www.cinevox.be\/wp-content\/uploads\/2017\/06\/Taxandria-800x449.jpg\" alt=\"\" width=\"618\" height=\"347\" srcset=\"https:\/\/w-l-c.be\/wp-content\/uploads\/2017\/06\/Taxandria-800x449.jpg 800w, https:\/\/w-l-c.be\/wp-content\/uploads\/2017\/06\/Taxandria-200x113.jpg 200w, https:\/\/w-l-c.be\/wp-content\/uploads\/2017\/06\/Taxandria-480x270.jpg 480w, https:\/\/w-l-c.be\/wp-content\/uploads\/2017\/06\/Taxandria-768x431.jpg 768w, https:\/\/w-l-c.be\/wp-content\/uploads\/2017\/06\/Taxandria.jpg 1361w\" sizes=\"auto, (max-width: 618px) 100vw, 618px\" \/><\/p>\n<p>L&rsquo;\u00e9ternel jeune homme apparaissait r\u00e9cemment dans le documentaire\u00a0<a href=\"https:\/\/www.cinevox.be\/fr\/belge-histoire-festival-de-cannes-voyage-coeur-cinema-belge\/\"><em>La belge histoire du Festival de Cannes<\/em><\/a>, chevauchant son scooter \u00e0 trois roues sur les routes de Flandres, et y pr\u00e9sentant sa Palme d&rsquo;Or pr\u00e9cieusement conserv\u00e9e. Son film\u00a0<em>Harpya<\/em>\u00a0avait d&rsquo;ailleurs l&rsquo;insigne honneur d&rsquo;\u00eatre \u00e0 nouveau programm\u00e9 sur la Croisette en 2017 \u00e0 l&rsquo;occasion des 70 ans du Festival de Cannes. Dans <em>Raoul Servais, m\u00e9moires d&rsquo;un artisan<\/em>, il\u00a0se confie sur son \u00ab\u00a0passage\u00a0\u00bb au digital, qui le\u00a0fait redevenir d\u00e9butant et s&rsquo;en remettre avec curiosit\u00e9 et bienveillance \u00e0 la ma\u00eetrise de ses assistants. Alors qu&rsquo;il travaille encore aujourd&rsquo;hui sur une s\u00e9rie de films pour la t\u00e9l\u00e9vision, il y confiait regretter n\u00e9anmoins l&rsquo;odeur et le toucher de ses vieilles feuilles de cellophane. En 2015, son dernier film en date,\u00a0<em>Tank<\/em>, \u00e9tait prim\u00e9 au Festival de Valladolid.<\/p>\n<p>Rendez-vous le 2 f\u00e9vrier prochain pour cet hommage qui s&rsquo;annonce charg\u00e9 en \u00e9motion.<\/p>\n","protected":false},"excerpt":{"rendered":"<p>Apr\u00e8s la Pr\u00e9sidence attribu\u00e9e \u00e0 l&rsquo;\u00e9lectrique duo form\u00e9 par Patar &amp; Aubier, champions du cin\u00e9ma d&rsquo;animation, les Magritte du Cin\u00e9ma viennent d&rsquo;annoncer que le Magritte d&rsquo;honneur 2019 serait remis au cin\u00e9aste belge Raoul Servais, premi\u00e8re Palme d&rsquo;or du cin\u00e9ma belge en 1979. Il succ\u00e8de ainsi \u00e0 Sandrine Bonnaire, Andr\u00e9 Dussolier, Vincent Lindon, Pierre Richard, Emir &hellip;<\/p>\n","protected":false},"author":343,"featured_media":216546,"comment_status":"closed","ping_status":"closed","sticky":false,"template":"","format":"standard","meta":{"ngg_post_thumbnail":0,"footnotes":""},"categories":[12],"tags":[1881,1671],"class_list":["post-216544","post","type-post","status-publish","format-standard","has-post-thumbnail","","category-awards","tag-magritte","tag-raoul-servais"],"yoast_head":"<!-- This site is optimized with the Yoast SEO plugin v20.4 - https:\/\/yoast.com\/wordpress\/plugins\/seo\/ -->\n<title>L&#039;animation au coeur des Magritte: Raoul Servais, Magritte d&#039;honneur - w-l-c<\/title>\n<meta name=\"robots\" content=\"noindex, follow, max-snippet:-1, max-image-preview:large, max-video-preview:-1\" \/>\n<meta property=\"og:locale\" content=\"fr_FR\" \/>\n<meta property=\"og:type\" content=\"article\" \/>\n<meta property=\"og:title\" content=\"L&#039;animation au coeur des Magritte: Raoul Servais, Magritte d&#039;honneur - w-l-c\" \/>\n<meta property=\"og:description\" content=\"Apr\u00e8s la Pr\u00e9sidence attribu\u00e9e \u00e0 l&rsquo;\u00e9lectrique duo form\u00e9 par Patar &amp; Aubier, champions du cin\u00e9ma d&rsquo;animation, les Magritte du Cin\u00e9ma viennent d&rsquo;annoncer que le Magritte d&rsquo;honneur 2019 serait remis au cin\u00e9aste belge Raoul Servais, premi\u00e8re Palme d&rsquo;or du cin\u00e9ma belge en 1979. Il succ\u00e8de ainsi \u00e0 Sandrine Bonnaire, Andr\u00e9 Dussolier, Vincent Lindon, Pierre Richard, Emir &hellip;\" \/>\n<meta property=\"og:url\" content=\"https:\/\/w-l-c.be\/fr\/lanimation-au-coeur-des-magritte-raoul-servais-magritte-dhonneur\/\" \/>\n<meta property=\"og:site_name\" content=\"w-l-c\" \/>\n<meta property=\"article:published_time\" content=\"2019-01-24T10:11:48+00:00\" \/>\n<meta property=\"article:modified_time\" content=\"2019-01-25T14:10:08+00:00\" \/>\n<meta property=\"og:image\" content=\"https:\/\/w-l-c.be\/wp-content\/uploads\/2019\/01\/RaoulServaisOK.jpg\" \/>\n\t<meta property=\"og:image:width\" content=\"640\" \/>\n\t<meta property=\"og:image:height\" content=\"427\" \/>\n\t<meta property=\"og:image:type\" content=\"image\/jpeg\" \/>\n<meta name=\"author\" content=\"Aurore Engelen\" \/>\n<meta name=\"twitter:card\" content=\"summary_large_image\" \/>\n<meta name=\"twitter:label1\" content=\"\u00c9crit par\" \/>\n\t<meta name=\"twitter:data1\" content=\"Aurore Engelen\" \/>\n\t<meta name=\"twitter:label2\" content=\"Dur\u00e9e de lecture estim\u00e9e\" \/>\n\t<meta name=\"twitter:data2\" content=\"3 minutes\" \/>\n<script type=\"application\/ld+json\" class=\"yoast-schema-graph\">{\"@context\":\"https:\/\/schema.org\",\"@graph\":[{\"@type\":\"WebPage\",\"@id\":\"https:\/\/w-l-c.be\/fr\/lanimation-au-coeur-des-magritte-raoul-servais-magritte-dhonneur\/\",\"url\":\"https:\/\/w-l-c.be\/fr\/lanimation-au-coeur-des-magritte-raoul-servais-magritte-dhonneur\/\",\"name\":\"L'animation au coeur des Magritte: Raoul Servais, Magritte d'honneur - w-l-c\",\"isPartOf\":{\"@id\":\"https:\/\/w-l-c.be\/fr\/#website\"},\"datePublished\":\"2019-01-24T10:11:48+00:00\",\"dateModified\":\"2019-01-25T14:10:08+00:00\",\"author\":{\"@id\":\"https:\/\/w-l-c.be\/fr\/#\/schema\/person\/8084b68c6b176142d073695c654dc7cf\"},\"breadcrumb\":{\"@id\":\"https:\/\/w-l-c.be\/fr\/lanimation-au-coeur-des-magritte-raoul-servais-magritte-dhonneur\/#breadcrumb\"},\"inLanguage\":\"fr-FR\",\"potentialAction\":[{\"@type\":\"ReadAction\",\"target\":[\"https:\/\/w-l-c.be\/fr\/lanimation-au-coeur-des-magritte-raoul-servais-magritte-dhonneur\/\"]}]},{\"@type\":\"BreadcrumbList\",\"@id\":\"https:\/\/w-l-c.be\/fr\/lanimation-au-coeur-des-magritte-raoul-servais-magritte-dhonneur\/#breadcrumb\",\"itemListElement\":[{\"@type\":\"ListItem\",\"position\":1,\"name\":\"Accueil\",\"item\":\"https:\/\/w-l-c.be\/fr\/\"},{\"@type\":\"ListItem\",\"position\":2,\"name\":\"L&rsquo;animation au coeur des Magritte: Raoul Servais, Magritte d&rsquo;honneur\"}]},{\"@type\":\"WebSite\",\"@id\":\"https:\/\/w-l-c.be\/fr\/#website\",\"url\":\"https:\/\/w-l-c.be\/fr\/\",\"name\":\"w-l-c\",\"description\":\"Le cin\u00e9ma vu par les belges\",\"potentialAction\":[{\"@type\":\"SearchAction\",\"target\":{\"@type\":\"EntryPoint\",\"urlTemplate\":\"https:\/\/w-l-c.be\/fr\/?s={search_term_string}\"},\"query-input\":\"required name=search_term_string\"}],\"inLanguage\":\"fr-FR\"},{\"@type\":\"Person\",\"@id\":\"https:\/\/w-l-c.be\/fr\/#\/schema\/person\/8084b68c6b176142d073695c654dc7cf\",\"name\":\"Aurore Engelen\",\"url\":\"https:\/\/w-l-c.be\/fr\/author\/aurore-engelen\/\"}]}<\/script>\n<!-- \/ Yoast SEO plugin. -->","yoast_head_json":{"title":"L'animation au coeur des Magritte: Raoul Servais, Magritte d'honneur - w-l-c","robots":{"index":"noindex","follow":"follow","max-snippet":"max-snippet:-1","max-image-preview":"max-image-preview:large","max-video-preview":"max-video-preview:-1"},"og_locale":"fr_FR","og_type":"article","og_title":"L'animation au coeur des Magritte: Raoul Servais, Magritte d'honneur - w-l-c","og_description":"Apr\u00e8s la Pr\u00e9sidence attribu\u00e9e \u00e0 l&rsquo;\u00e9lectrique duo form\u00e9 par Patar &amp; Aubier, champions du cin\u00e9ma d&rsquo;animation, les Magritte du Cin\u00e9ma viennent d&rsquo;annoncer que le Magritte d&rsquo;honneur 2019 serait remis au cin\u00e9aste belge Raoul Servais, premi\u00e8re Palme d&rsquo;or du cin\u00e9ma belge en 1979. Il succ\u00e8de ainsi \u00e0 Sandrine Bonnaire, Andr\u00e9 Dussolier, Vincent Lindon, Pierre Richard, Emir &hellip;","og_url":"https:\/\/w-l-c.be\/fr\/lanimation-au-coeur-des-magritte-raoul-servais-magritte-dhonneur\/","og_site_name":"w-l-c","article_published_time":"2019-01-24T10:11:48+00:00","article_modified_time":"2019-01-25T14:10:08+00:00","og_image":[{"width":640,"height":427,"url":"https:\/\/w-l-c.be\/wp-content\/uploads\/2019\/01\/RaoulServaisOK.jpg","type":"image\/jpeg"}],"author":"Aurore Engelen","twitter_card":"summary_large_image","twitter_misc":{"\u00c9crit par":"Aurore Engelen","Dur\u00e9e de lecture estim\u00e9e":"3 minutes"},"schema":{"@context":"https:\/\/schema.org","@graph":[{"@type":"WebPage","@id":"https:\/\/w-l-c.be\/fr\/lanimation-au-coeur-des-magritte-raoul-servais-magritte-dhonneur\/","url":"https:\/\/w-l-c.be\/fr\/lanimation-au-coeur-des-magritte-raoul-servais-magritte-dhonneur\/","name":"L'animation au coeur des Magritte: Raoul Servais, Magritte d'honneur - w-l-c","isPartOf":{"@id":"https:\/\/w-l-c.be\/fr\/#website"},"datePublished":"2019-01-24T10:11:48+00:00","dateModified":"2019-01-25T14:10:08+00:00","author":{"@id":"https:\/\/w-l-c.be\/fr\/#\/schema\/person\/8084b68c6b176142d073695c654dc7cf"},"breadcrumb":{"@id":"https:\/\/w-l-c.be\/fr\/lanimation-au-coeur-des-magritte-raoul-servais-magritte-dhonneur\/#breadcrumb"},"inLanguage":"fr-FR","potentialAction":[{"@type":"ReadAction","target":["https:\/\/w-l-c.be\/fr\/lanimation-au-coeur-des-magritte-raoul-servais-magritte-dhonneur\/"]}]},{"@type":"BreadcrumbList","@id":"https:\/\/w-l-c.be\/fr\/lanimation-au-coeur-des-magritte-raoul-servais-magritte-dhonneur\/#breadcrumb","itemListElement":[{"@type":"ListItem","position":1,"name":"Accueil","item":"https:\/\/w-l-c.be\/fr\/"},{"@type":"ListItem","position":2,"name":"L&rsquo;animation au coeur des Magritte: Raoul Servais, Magritte d&rsquo;honneur"}]},{"@type":"WebSite","@id":"https:\/\/w-l-c.be\/fr\/#website","url":"https:\/\/w-l-c.be\/fr\/","name":"w-l-c","description":"Le cin\u00e9ma vu par les belges","potentialAction":[{"@type":"SearchAction","target":{"@type":"EntryPoint","urlTemplate":"https:\/\/w-l-c.be\/fr\/?s={search_term_string}"},"query-input":"required name=search_term_string"}],"inLanguage":"fr-FR"},{"@type":"Person","@id":"https:\/\/w-l-c.be\/fr\/#\/schema\/person\/8084b68c6b176142d073695c654dc7cf","name":"Aurore Engelen","url":"https:\/\/w-l-c.be\/fr\/author\/aurore-engelen\/"}]}},"_links":{"self":[{"href":"https:\/\/w-l-c.be\/fr\/wp-json\/wp\/v2\/posts\/216544","targetHints":{"allow":["GET"]}}],"collection":[{"href":"https:\/\/w-l-c.be\/fr\/wp-json\/wp\/v2\/posts"}],"about":[{"href":"https:\/\/w-l-c.be\/fr\/wp-json\/wp\/v2\/types\/post"}],"author":[{"embeddable":true,"href":"https:\/\/w-l-c.be\/fr\/wp-json\/wp\/v2\/users\/343"}],"replies":[{"embeddable":true,"href":"https:\/\/w-l-c.be\/fr\/wp-json\/wp\/v2\/comments?post=216544"}],"version-history":[{"count":0,"href":"https:\/\/w-l-c.be\/fr\/wp-json\/wp\/v2\/posts\/216544\/revisions"}],"wp:featuredmedia":[{"embeddable":true,"href":"https:\/\/w-l-c.be\/fr\/wp-json\/wp\/v2\/media\/216546"}],"wp:attachment":[{"href":"https:\/\/w-l-c.be\/fr\/wp-json\/wp\/v2\/media?parent=216544"}],"wp:term":[{"taxonomy":"category","embeddable":true,"href":"https:\/\/w-l-c.be\/fr\/wp-json\/wp\/v2\/categories?post=216544"},{"taxonomy":"post_tag","embeddable":true,"href":"https:\/\/w-l-c.be\/fr\/wp-json\/wp\/v2\/tags?post=216544"}],"curies":[{"name":"wp","href":"https:\/\/api.w.org\/{rel}","templated":true}]}}