
{"id":216679,"date":"2019-02-02T23:03:15","date_gmt":"2019-02-02T22:03:15","guid":{"rendered":"https:\/\/www.cinevox.be\/?p=216679"},"modified":"2019-02-04T17:37:56","modified_gmt":"2019-02-04T16:37:56","slug":"nos-batailles-grand-vainqueur-des-magritte-du-cinema-2019","status":"publish","type":"post","link":"https:\/\/w-l-c.be\/fr\/nos-batailles-grand-vainqueur-des-magritte-du-cinema-2019\/","title":{"rendered":"\u00ab\u00a0Nos batailles\u00a0\u00bb grand vainqueur des Magritte du Cin\u00e9ma 2019"},"content":{"rendered":"<p class=\"p1\"><strong><span class=\"s1\">Le film a remport\u00e9 5 des 7 prix pour lesquels il \u00e9tait en lice, et notamment les prix du Meilleur film et de la Meilleure r\u00e9alisation. Il est talonn\u00e9 par le ph\u00e9nom\u00e8ne <em>Girl<\/em>, qui d\u00e9croche 4 statuettes, dont celle du Meilleur acteur pour Victor Polster, et du Meilleur sc\u00e9nario. <em>Tueurs<\/em> ne re\u00e7oit qu\u2019un prestigieux troph\u00e9e, celui de la Meilleure actrice pour Lubna Azabal, tandis que la direction artistique de <em>Laissez bronzer les cadavres<\/em> a su convaincre l\u2019Acad\u00e9mie, qui lui d\u00e9cerne trois prix, Meilleure image, Meilleur son et Meilleur d\u00e9cors.<\/span><\/strong><\/p>\n<p class=\"p1\"><span class=\"s1\">Cette 9e \u00e9dition des Magritte couronne donc le travail de <strong>Guillaume Senez<\/strong>. Laur\u00e9at du Magritte du Meilleur premier film il y a deux ans avec <a href=\"https:\/\/www.cinevox.be\/fr\/keeper\/\"><em>Keeper<\/em><\/a>, il transforme l\u2019essai avec son deuxi\u00e8me long m\u00e9trage, <a href=\"https:\/\/www.cinevox.be\/fr\/nos-batailles-metamorphose-dun-pere\/\"><em><strong>Nos batailles<\/strong><\/em><\/a>, qui lui vaut les prestigieux troph\u00e9es du Meilleur Film et de la Meilleure r\u00e9alisation. Sa direction d\u2019acteur, remarquable, est \u00e9galement salu\u00e9e via les Prix du Meilleur espoir f\u00e9minin et de la Meilleure actrice dans un second r\u00f4le attribu\u00e9s \u00e0<strong> Lena Girard Voss<\/strong> et \u00e0 <a href=\"https:\/\/www.cinevox.be\/fr\/lucie-debay-travailler-dans-ces-conditions-cest-un-luxe-pour-les-comediens\/\"><strong>Lucie Debay<\/strong><\/a>. Quant \u00e0 <strong>Julie Brenta<\/strong>, elle remporte son deuxi\u00e8me Magritte du Meilleur montage, apr\u00e8s celui remport\u00e9 en 2017 pour <em>Keeper<\/em>. Un beau palmar\u00e8s pour Isabelle Truc, la productrice attitr\u00e9e de Senez, qui l\u2019accompagne depuis ses d\u00e9buts, et qui avait d\u00e9j\u00e0 remport\u00e9 l&rsquo;ann\u00e9e derni\u00e8re le Magritte du Meilleur documentaire pour <em>Burning Out<\/em> de J\u00e9rome Le Maire.\u00a0<\/span><\/p>\n<p class=\"p1\"><span class=\"s1\">Autre film tr\u00e8s attendu, et nomm\u00e9 pas moins de 9 fois, <strong><a href=\"https:\/\/www.cinevox.be\/fr\/girl-a-corps-perdu\/\"><em>Girl<\/em><\/a><\/strong> se fait une jolie place au palmar\u00e8s, en remportant un Magritte du Meilleur film flamand qui lui semblait presque acquis d\u2019avance, mais aussi le Magritte du Meilleur sc\u00e9nario, attribu\u00e9 \u00e0 Lukas Dhont et Angelo Thijssens, et celui du Meilleur acteur dans un second r\u00f4le pour Arieh Worthalter, dont la c\u00f4te n\u2019en finit plus de monter, et qui sera \u00e0 l\u2019affiche de <em>Duelles<\/em> d\u2019olivier Masset Depasse qui sort dans les salles belges le 24 avril prochain. Comme pr\u00e9vu ou presque, le jeune et magn\u00e9tique <strong>Victor Polster<\/strong> coiffe au poteau ses chevronn\u00e9s adversaires et ram\u00e8ne chez lui le Magritte du Meilleur acteur, du haut de ses 16 printemps.<\/span><\/p>\n<p><img loading=\"lazy\" decoding=\"async\" class=\"alignnone size-large wp-image-216694\" src=\"https:\/\/www.cinevox.be\/wp-content\/uploads\/2019\/02\/VictorPolsterCinevox-800x535.jpg\" alt=\"\" width=\"618\" height=\"413\" srcset=\"https:\/\/w-l-c.be\/wp-content\/uploads\/2019\/02\/VictorPolsterCinevox-800x535.jpg 800w, https:\/\/w-l-c.be\/wp-content\/uploads\/2019\/02\/VictorPolsterCinevox-404x270.jpg 404w, https:\/\/w-l-c.be\/wp-content\/uploads\/2019\/02\/VictorPolsterCinevox-768x513.jpg 768w, https:\/\/w-l-c.be\/wp-content\/uploads\/2019\/02\/VictorPolsterCinevox-110x75.jpg 110w, https:\/\/w-l-c.be\/wp-content\/uploads\/2019\/02\/VictorPolsterCinevox.jpg 1616w\" sizes=\"auto, (max-width: 618px) 100vw, 618px\" \/><\/p>\n<p class=\"p1\"><span class=\"s1\"><a href=\"https:\/\/www.cinevox.be\/fr\/tueurs-polar-100-belge-100-haletant\/\"><em><strong>Tueurs<\/strong><\/em><\/a> affichait \u00e9galement 9 nominations au compteur. Un beau total pour un film d\u2019action dans les r\u00e8gles de l\u2019art, genre peu r\u00e9pandu dans le cin\u00e9ma belge francophone. Le film ne repart qu\u2019avec une seule statuette, mais une belle, celle du Magritte de la Meilleure actrice d\u00e9cern\u00e9e \u00e0 <strong>Lubna Azabal<\/strong>, qui empoche donc sa troisi\u00e8me statuette oblongue apr\u00e8s <em>Incendies<\/em> en 2012 et <em>La Marche<\/em> en 2015!<\/span><\/p>\n<p><img loading=\"lazy\" decoding=\"async\" class=\"alignnone size-large wp-image-216692\" src=\"https:\/\/www.cinevox.be\/wp-content\/uploads\/2019\/02\/IMG00850-800x589.jpg\" alt=\"\" width=\"618\" height=\"455\" srcset=\"https:\/\/w-l-c.be\/wp-content\/uploads\/2019\/02\/IMG00850-800x589.jpg 800w, https:\/\/w-l-c.be\/wp-content\/uploads\/2019\/02\/IMG00850-367x270.jpg 367w, https:\/\/w-l-c.be\/wp-content\/uploads\/2019\/02\/IMG00850-768x565.jpg 768w, https:\/\/w-l-c.be\/wp-content\/uploads\/2019\/02\/IMG00850.jpg 1192w\" sizes=\"auto, (max-width: 618px) 100vw, 618px\" \/><\/p>\n<p class=\"p1\"><span class=\"s1\"><a href=\"https:\/\/www.cinevox.be\/fr\/laissez-bronzer-cadavres-feu-dartifice-sensoriel\/\"><em><strong>Laissez bronzer les cadavres<\/strong><\/em><\/a>, autre challenger et flamboyant film de genre, comptabilisait quant \u00e0 lui 8 nominations. Si le film n\u2019obtient pas la r\u00e9compense supr\u00eame, sa direction artistique hautement sensorielle est salu\u00e9e par les votants, qui lui attribuent les Magritte du Meilleur son, des Meilleurs d\u00e9cors, et de la Meilleure image pour le chef op\u00e9rateur <strong>Manu Dacosse<\/strong>, dont c\u2019\u00e9tait la 5e nomination (et le 3e prix!). Une cons\u00e9cration sur ses terres pour ce chef op\u00e9rateur que l\u2019on retrouve aussi bien au g\u00e9n\u00e9rique de Cattet &amp; Forzani que de Fabrice du Welz ou Fran\u00e7ois Ozon.<\/span><\/p>\n<p class=\"p1\"><span class=\"s1\">Sorti au printemps dernier, <a href=\"https:\/\/www.cinevox.be\/fr\/bitter-flowers-amer-exil\/\"><em><strong>Bitter Flowers<\/strong><\/em><\/a>, film \u00e0 la fois \u00e2pre et d\u00e9licat sur l\u2019exil d\u2019une jeune femme chinoise partie chercher une vie meilleure en Europe \u00e9tait nomm\u00e9 dans les cat\u00e9gories Meilleur film, Meilleure r\u00e9alisation, et Meilleure r\u00e9alisation. Il remporte le Magritte du Meilleur premier film. <\/span><\/p>\n<p class=\"p1\"><span class=\"s1\">C\u00f4t\u00e9 documentaire, la statuette vient confirmer le beau succ\u00e8s public de <a href=\"https:\/\/www.cinevox.be\/fr\/juge-soumise-retour-grande-forme-grand-ecran-de-strip-tease\/\"><em><strong>Ni juge ni soumise<\/strong><\/em><\/a>, de Yves Hinant et Jean Libon. Un prix donc pour Artemis Production, \u00e9galement \u00e0 l\u2019oeuvre derri\u00e8re <em>Mon Ket<\/em> de Fran\u00e7ois Damiens, grand succ\u00e8s populaire \u00e9galement, qui repart bredouille de la C\u00e9r\u00e9monie.<\/span><\/p>\n<p class=\"p1\"><span class=\"s1\">Notons que le Magritte de la Meilleure musique est revenu pour la premi\u00e8re fois \u00e0 la bande originale d\u2019un film documentaire, celle compos\u00e9e par <strong>Simon Fransquet<\/strong> pour <em>Au temps o\u00f9 les Arabes dansaient<\/em> de Jawad Rhalib. Musique toujours dans la cat\u00e9gorie du Meilleur espoir masculin, attribu\u00e9 \u00e0 <strong>Thomas Mustin<\/strong> alias Mustii pour <em>L\u2019Echange des Princesses<\/em>, aussi \u00e0 l\u2019aise sur sc\u00e8ne que devant la cam\u00e9ra. <\/span><\/p>\n<p class=\"p1\"><span class=\"s1\">Du c\u00f4t\u00e9 des courts m\u00e9trages enfin, le Magritte du Meilleur court m\u00e9trage d\u2019animation revient au petit bijou r\u00e9tro de Gerlando Infuso, <em><strong>La Bague au doigt<\/strong><\/em>, tandis que le Magritte du Meilleur court m\u00e9trage de fiction revient \u00e0 <em><strong>Icare<\/strong><\/em> de Nicolas Boucart, encore tout aur\u00e9ol\u00e9 de sa pr\u00e9-s\u00e9lection aux Oscars. C\u2019est donc un deuxi\u00e8me Magritte pour la jeune productrice Annabella Nezri apr\u00e8s celui obtenu pour le documentaire <em>En bataille<\/em> d\u2019Eve Duchemin en 2017. Et une fois encore, c\u2019est la d\u00e9cid\u00e9ment incontournable soci\u00e9t\u00e9 de production H\u00e9licotronc qui rentre \u00e0 la maison avec le Magritte du Meilleur court m\u00e9trage sous le bras, pour la quatri\u00e8me ann\u00e9e d\u2019affil\u00e9e!<\/span><\/p>\n<h4 class=\"p1\"><span class=\"s1\">Le palmar\u00e8s en d\u00e9tail<\/span><\/h4>\n<p class=\"p4\"><span class=\"s1\"><b>MEILLEUR FILM<\/b><\/span><\/p>\n<p class=\"p1\"><span class=\"s2\"><b><i>Nos batailles<\/i><\/b><\/span><span class=\"s1\"> de Guillaume Senez, produit par Isabelle Truc (Iota Production)<\/span><\/p>\n<p class=\"p4\"><span class=\"s1\"><b>MEILLEUR PREMIER FILM<\/b><\/span><\/p>\n<p class=\"p1\"><span class=\"s2\"><b><i>Bitter Flowers<\/i> <\/b><\/span><span class=\"s1\">d\u2019Olivier Meys, produit par Val\u00e9rie Bournonville et Joseph Rouschop (Tarantula)<\/span><\/p>\n<p class=\"p4\"><span class=\"s1\"><b>MAGRITTE DE LA MEILLEURE R\u00c9ALISATION<\/b><\/span><\/p>\n<p class=\"p4\"><span class=\"s1\"><b><i>Nos batailles<\/i><\/b> de <\/span><span class=\"s3\">Guillaume Senez<\/span><\/p>\n<p class=\"p4\"><span class=\"s1\"><b>MEILLEUR FILM FLAMAND<\/b><\/span><\/p>\n<p class=\"p1\"><span class=\"s2\"><b><i>Girl<\/i><\/b><\/span><span class=\"s1\"> de Lukas Dhont, produit par Dirk Impens (Menuet)<\/span><\/p>\n<p class=\"p4\"><span class=\"s1\"><b>MEILLEUR FILM ETRANGER EN COPRODUCTION<\/b><\/span><\/p>\n<p class=\"p1\"><span class=\"s2\"><b><i>L\u2019homme qui tua Don Quichotte<\/i><\/b><\/span><span class=\"s1\"> de Terry Gilliam, coproduit par S\u00e9bastien Delloye (Entre Chien et Loup)<\/span><\/p>\n<p class=\"p4\"><span class=\"s1\"><b>MEILLEUR SCENARIO ORIGINAL OU ADAPTATION<\/b><\/span><\/p>\n<p class=\"p1\"><span class=\"s2\"><b><i>Girl<\/i><\/b> :<\/span><span class=\"s1\"> Lukas Dhont, Angelo Tijssens<\/span><\/p>\n<p class=\"p4\"><span class=\"s1\"><b>MEILLEURE ACTRICE<\/b><\/span><\/p>\n<p class=\"p1\"><span class=\"s1\"><b><i>Tueurs<\/i><\/b> : <\/span><span class=\"s2\"><b>Lubna Azabal<\/b><\/span><span class=\"s1\"> (r\u00f4le : Lucie Tesla)<\/span><\/p>\n<p class=\"p4\"><span class=\"s1\"><b>MEILLEUR ACTEUR<\/b><\/span><\/p>\n<p class=\"p1\"><span class=\"s1\"><b><i>Girl<\/i><\/b> : <\/span><span class=\"s2\"><b>Victor Polster<\/b><\/span><span class=\"s1\"> (r\u00f4le : Lara)<\/span><\/p>\n<p class=\"p4\"><span class=\"s1\"><b>MEILLEURE ACTRICE DANS UN SECOND ROLE<\/b><\/span><\/p>\n<p class=\"p1\"><span class=\"s1\"><b><i>Nos batailles<\/i><\/b> : <\/span><span class=\"s2\"><b>Lucie Debay<\/b><\/span><span class=\"s1\"> (r\u00f4le : Laura)<\/span><\/p>\n<p class=\"p4\"><span class=\"s1\"><b>MEILLEUR ACTEUR DANS UN SECOND ROLE<\/b><\/span><\/p>\n<p class=\"p1\"><span class=\"s1\"><b><i>Girl<\/i><\/b>: <\/span><span class=\"s2\"><b>Arieh Worthalter<\/b><\/span><span class=\"s1\"> (r\u00f4le : Mathias)<\/span><\/p>\n<p class=\"p4\"><span class=\"s1\"><b>MEILLEUR ESPOIR FEMININ<\/b><\/span><\/p>\n<p class=\"p1\"><span class=\"s1\"><b><i>Nos batailles <\/i><\/b>: <\/span><span class=\"s2\"><b>Lena Girard Voss<\/b><\/span><span class=\"s1\"> (r\u00f4le : Rose)<\/span><\/p>\n<p class=\"p4\"><span class=\"s1\"><b>MEILLEUR ESPOIR MASCULIN<\/b><\/span><\/p>\n<p class=\"p1\"><span class=\"s1\"><b><i>L\u2019\u00e9change des princesses<\/i><\/b> : <\/span><span class=\"s2\"><b>Thomas Mustin<\/b><\/span><span class=\"s1\"> (r\u00f4le : Duc de Cond\u00e9)<\/span><\/p>\n<p class=\"p4\"><span class=\"s1\"><b>MEILLEURE IMAGE<\/b><\/span><\/p>\n<p class=\"p1\"><span class=\"s1\"><b><i>Laissez bronzer les cadavres<\/i><\/b> : <\/span><span class=\"s2\"><b>Manu Dacosse<\/b><\/span><\/p>\n<p class=\"p4\"><span class=\"s1\"><b>MEILLEUR SON<\/b><\/span><\/p>\n<p class=\"p4\"><span class=\"s3\"><b><i>Laissez bronzer les cadavres<\/i><\/b> : <\/span><span class=\"s1\"><b>Yves Bemelmans, Beno\u00eet Biral, Dan Bruylandt, Olivier Thys<\/b><\/span><\/p>\n<p class=\"p4\"><span class=\"s1\"><b>MEILLEURS DECORS<\/b><\/span><\/p>\n<p class=\"p1\"><span class=\"s1\"><b><i>Laissez bronzer les cadavres <\/i><\/b>: <\/span><span class=\"s2\"><b>Alina Santos<\/b><\/span><\/p>\n<p class=\"p4\"><span class=\"s1\"><b>MEILLEURS COSTUMES<\/b><\/span><\/p>\n<p class=\"p1\"><span class=\"s1\"><b><i>Bye bye Germany <\/i><\/b>: <\/span><span class=\"s2\"><b>Nathalie Leborgne<\/b><\/span><\/p>\n<p class=\"p4\"><span class=\"s1\"><b>MEILLEURE MUSIQUE ORIGINALE<\/b><\/span><\/p>\n<p class=\"p1\"><span class=\"s1\"><b><i>Au temps o\u00f9 les Arabes dansaient<\/i><\/b> : <\/span><span class=\"s2\"><b>Simon Fransquet<\/b><\/span><\/p>\n<p class=\"p4\"><span class=\"s1\"><b>MEILLEUR MONTAGE<\/b><\/span><\/p>\n<p class=\"p1\"><span class=\"s1\"><b><i>Nos batailles<\/i><\/b> : <\/span><span class=\"s2\"><b>Julie Brenta<\/b><\/span><\/p>\n<p class=\"p4\"><span class=\"s1\"><b>MEILLEUR COURT METRAGE DE FICTION<\/b><\/span><\/p>\n<p class=\"p1\"><span class=\"s2\"><b><i>Icare<\/i> <\/b><\/span><span class=\"s1\">de Nicolas Boucart, produit par Julie Esparbes et Anthony Rey (H\u00e9licotronc)<\/span><\/p>\n<p class=\"p4\"><span class=\"s1\"><b>MEILLEUR COURT METRAGE D\u2019ANIMATION<\/b><\/span><\/p>\n<p class=\"p1\"><span class=\"s2\"><b><i>La bague au doigt<\/i><\/b><\/span><span class=\"s1\"><i> <\/i>de Gerlando Infuso, produit par Annabella Nezri (Kwassa Films)<\/span><\/p>\n<p class=\"p4\"><span class=\"s1\"><b>MEILLEUR DOCUMENTAIRE<\/b><\/span><\/p>\n<p class=\"p1\"><span class=\"s2\"><b><i>Ni juge ni soumise<\/i><\/b><\/span><span class=\"s1\"> de Jean Libon et Yves Hinant, produit par Patrick Quinet (Art\u00e9mis Productions)<\/span><\/p>\n","protected":false},"excerpt":{"rendered":"<p>Le film a remport\u00e9 5 des 7 prix pour lesquels il \u00e9tait en lice, et notamment les prix du Meilleur film et de la Meilleure r\u00e9alisation. Il est talonn\u00e9 par le ph\u00e9nom\u00e8ne Girl, qui d\u00e9croche 4 statuettes, dont celle du Meilleur acteur pour Victor Polster, et du Meilleur sc\u00e9nario. Tueurs ne re\u00e7oit qu\u2019un prestigieux troph\u00e9e, &hellip;<\/p>\n","protected":false},"author":343,"featured_media":216690,"comment_status":"closed","ping_status":"closed","sticky":false,"template":"","format":"standard","meta":{"ngg_post_thumbnail":0,"footnotes":""},"categories":[12],"tags":[],"class_list":["post-216679","post","type-post","status-publish","format-standard","has-post-thumbnail","","category-awards"],"yoast_head":"<!-- This site is optimized with the Yoast SEO plugin v20.4 - https:\/\/yoast.com\/wordpress\/plugins\/seo\/ -->\n<title>&quot;Nos batailles&quot; grand vainqueur des Magritte du Cin\u00e9ma 2019 - w-l-c<\/title>\n<meta name=\"robots\" content=\"noindex, follow, max-snippet:-1, max-image-preview:large, max-video-preview:-1\" \/>\n<meta property=\"og:locale\" content=\"fr_FR\" \/>\n<meta property=\"og:type\" content=\"article\" \/>\n<meta property=\"og:title\" content=\"&quot;Nos batailles&quot; grand vainqueur des Magritte du Cin\u00e9ma 2019 - w-l-c\" \/>\n<meta property=\"og:description\" content=\"Le film a remport\u00e9 5 des 7 prix pour lesquels il \u00e9tait en lice, et notamment les prix du Meilleur film et de la Meilleure r\u00e9alisation. Il est talonn\u00e9 par le ph\u00e9nom\u00e8ne Girl, qui d\u00e9croche 4 statuettes, dont celle du Meilleur acteur pour Victor Polster, et du Meilleur sc\u00e9nario. Tueurs ne re\u00e7oit qu\u2019un prestigieux troph\u00e9e, &hellip;\" \/>\n<meta property=\"og:url\" content=\"https:\/\/w-l-c.be\/fr\/nos-batailles-grand-vainqueur-des-magritte-du-cinema-2019\/\" \/>\n<meta property=\"og:site_name\" content=\"w-l-c\" \/>\n<meta property=\"article:published_time\" content=\"2019-02-02T22:03:15+00:00\" \/>\n<meta property=\"article:modified_time\" content=\"2019-02-04T16:37:56+00:00\" \/>\n<meta property=\"og:image\" content=\"https:\/\/w-l-c.be\/wp-content\/uploads\/2019\/02\/IMG00571.jpg\" \/>\n\t<meta property=\"og:image:width\" content=\"1616\" \/>\n\t<meta property=\"og:image:height\" content=\"1080\" \/>\n\t<meta property=\"og:image:type\" content=\"image\/jpeg\" \/>\n<meta name=\"author\" content=\"Aurore Engelen\" \/>\n<meta name=\"twitter:card\" content=\"summary_large_image\" \/>\n<meta name=\"twitter:label1\" content=\"\u00c9crit par\" \/>\n\t<meta name=\"twitter:data1\" content=\"Aurore Engelen\" \/>\n\t<meta name=\"twitter:label2\" content=\"Dur\u00e9e de lecture estim\u00e9e\" \/>\n\t<meta name=\"twitter:data2\" content=\"6 minutes\" \/>\n<script type=\"application\/ld+json\" class=\"yoast-schema-graph\">{\"@context\":\"https:\/\/schema.org\",\"@graph\":[{\"@type\":\"WebPage\",\"@id\":\"https:\/\/w-l-c.be\/fr\/nos-batailles-grand-vainqueur-des-magritte-du-cinema-2019\/\",\"url\":\"https:\/\/w-l-c.be\/fr\/nos-batailles-grand-vainqueur-des-magritte-du-cinema-2019\/\",\"name\":\"\\\"Nos batailles\\\" grand vainqueur des Magritte du Cin\u00e9ma 2019 - w-l-c\",\"isPartOf\":{\"@id\":\"https:\/\/w-l-c.be\/fr\/#website\"},\"datePublished\":\"2019-02-02T22:03:15+00:00\",\"dateModified\":\"2019-02-04T16:37:56+00:00\",\"author\":{\"@id\":\"https:\/\/w-l-c.be\/fr\/#\/schema\/person\/8084b68c6b176142d073695c654dc7cf\"},\"breadcrumb\":{\"@id\":\"https:\/\/w-l-c.be\/fr\/nos-batailles-grand-vainqueur-des-magritte-du-cinema-2019\/#breadcrumb\"},\"inLanguage\":\"fr-FR\",\"potentialAction\":[{\"@type\":\"ReadAction\",\"target\":[\"https:\/\/w-l-c.be\/fr\/nos-batailles-grand-vainqueur-des-magritte-du-cinema-2019\/\"]}]},{\"@type\":\"BreadcrumbList\",\"@id\":\"https:\/\/w-l-c.be\/fr\/nos-batailles-grand-vainqueur-des-magritte-du-cinema-2019\/#breadcrumb\",\"itemListElement\":[{\"@type\":\"ListItem\",\"position\":1,\"name\":\"Accueil\",\"item\":\"https:\/\/w-l-c.be\/fr\/\"},{\"@type\":\"ListItem\",\"position\":2,\"name\":\"\u00ab\u00a0Nos batailles\u00a0\u00bb grand vainqueur des Magritte du Cin\u00e9ma 2019\"}]},{\"@type\":\"WebSite\",\"@id\":\"https:\/\/w-l-c.be\/fr\/#website\",\"url\":\"https:\/\/w-l-c.be\/fr\/\",\"name\":\"w-l-c\",\"description\":\"Le cin\u00e9ma vu par les belges\",\"potentialAction\":[{\"@type\":\"SearchAction\",\"target\":{\"@type\":\"EntryPoint\",\"urlTemplate\":\"https:\/\/w-l-c.be\/fr\/?s={search_term_string}\"},\"query-input\":\"required name=search_term_string\"}],\"inLanguage\":\"fr-FR\"},{\"@type\":\"Person\",\"@id\":\"https:\/\/w-l-c.be\/fr\/#\/schema\/person\/8084b68c6b176142d073695c654dc7cf\",\"name\":\"Aurore Engelen\",\"url\":\"https:\/\/w-l-c.be\/fr\/author\/aurore-engelen\/\"}]}<\/script>\n<!-- \/ Yoast SEO plugin. -->","yoast_head_json":{"title":"\"Nos batailles\" grand vainqueur des Magritte du Cin\u00e9ma 2019 - w-l-c","robots":{"index":"noindex","follow":"follow","max-snippet":"max-snippet:-1","max-image-preview":"max-image-preview:large","max-video-preview":"max-video-preview:-1"},"og_locale":"fr_FR","og_type":"article","og_title":"\"Nos batailles\" grand vainqueur des Magritte du Cin\u00e9ma 2019 - w-l-c","og_description":"Le film a remport\u00e9 5 des 7 prix pour lesquels il \u00e9tait en lice, et notamment les prix du Meilleur film et de la Meilleure r\u00e9alisation. Il est talonn\u00e9 par le ph\u00e9nom\u00e8ne Girl, qui d\u00e9croche 4 statuettes, dont celle du Meilleur acteur pour Victor Polster, et du Meilleur sc\u00e9nario. Tueurs ne re\u00e7oit qu\u2019un prestigieux troph\u00e9e, &hellip;","og_url":"https:\/\/w-l-c.be\/fr\/nos-batailles-grand-vainqueur-des-magritte-du-cinema-2019\/","og_site_name":"w-l-c","article_published_time":"2019-02-02T22:03:15+00:00","article_modified_time":"2019-02-04T16:37:56+00:00","og_image":[{"width":1616,"height":1080,"url":"https:\/\/w-l-c.be\/wp-content\/uploads\/2019\/02\/IMG00571.jpg","type":"image\/jpeg"}],"author":"Aurore Engelen","twitter_card":"summary_large_image","twitter_misc":{"\u00c9crit par":"Aurore Engelen","Dur\u00e9e de lecture estim\u00e9e":"6 minutes"},"schema":{"@context":"https:\/\/schema.org","@graph":[{"@type":"WebPage","@id":"https:\/\/w-l-c.be\/fr\/nos-batailles-grand-vainqueur-des-magritte-du-cinema-2019\/","url":"https:\/\/w-l-c.be\/fr\/nos-batailles-grand-vainqueur-des-magritte-du-cinema-2019\/","name":"\"Nos batailles\" grand vainqueur des Magritte du Cin\u00e9ma 2019 - w-l-c","isPartOf":{"@id":"https:\/\/w-l-c.be\/fr\/#website"},"datePublished":"2019-02-02T22:03:15+00:00","dateModified":"2019-02-04T16:37:56+00:00","author":{"@id":"https:\/\/w-l-c.be\/fr\/#\/schema\/person\/8084b68c6b176142d073695c654dc7cf"},"breadcrumb":{"@id":"https:\/\/w-l-c.be\/fr\/nos-batailles-grand-vainqueur-des-magritte-du-cinema-2019\/#breadcrumb"},"inLanguage":"fr-FR","potentialAction":[{"@type":"ReadAction","target":["https:\/\/w-l-c.be\/fr\/nos-batailles-grand-vainqueur-des-magritte-du-cinema-2019\/"]}]},{"@type":"BreadcrumbList","@id":"https:\/\/w-l-c.be\/fr\/nos-batailles-grand-vainqueur-des-magritte-du-cinema-2019\/#breadcrumb","itemListElement":[{"@type":"ListItem","position":1,"name":"Accueil","item":"https:\/\/w-l-c.be\/fr\/"},{"@type":"ListItem","position":2,"name":"\u00ab\u00a0Nos batailles\u00a0\u00bb grand vainqueur des Magritte du Cin\u00e9ma 2019"}]},{"@type":"WebSite","@id":"https:\/\/w-l-c.be\/fr\/#website","url":"https:\/\/w-l-c.be\/fr\/","name":"w-l-c","description":"Le cin\u00e9ma vu par les belges","potentialAction":[{"@type":"SearchAction","target":{"@type":"EntryPoint","urlTemplate":"https:\/\/w-l-c.be\/fr\/?s={search_term_string}"},"query-input":"required name=search_term_string"}],"inLanguage":"fr-FR"},{"@type":"Person","@id":"https:\/\/w-l-c.be\/fr\/#\/schema\/person\/8084b68c6b176142d073695c654dc7cf","name":"Aurore Engelen","url":"https:\/\/w-l-c.be\/fr\/author\/aurore-engelen\/"}]}},"_links":{"self":[{"href":"https:\/\/w-l-c.be\/fr\/wp-json\/wp\/v2\/posts\/216679","targetHints":{"allow":["GET"]}}],"collection":[{"href":"https:\/\/w-l-c.be\/fr\/wp-json\/wp\/v2\/posts"}],"about":[{"href":"https:\/\/w-l-c.be\/fr\/wp-json\/wp\/v2\/types\/post"}],"author":[{"embeddable":true,"href":"https:\/\/w-l-c.be\/fr\/wp-json\/wp\/v2\/users\/343"}],"replies":[{"embeddable":true,"href":"https:\/\/w-l-c.be\/fr\/wp-json\/wp\/v2\/comments?post=216679"}],"version-history":[{"count":0,"href":"https:\/\/w-l-c.be\/fr\/wp-json\/wp\/v2\/posts\/216679\/revisions"}],"wp:featuredmedia":[{"embeddable":true,"href":"https:\/\/w-l-c.be\/fr\/wp-json\/wp\/v2\/media\/216690"}],"wp:attachment":[{"href":"https:\/\/w-l-c.be\/fr\/wp-json\/wp\/v2\/media?parent=216679"}],"wp:term":[{"taxonomy":"category","embeddable":true,"href":"https:\/\/w-l-c.be\/fr\/wp-json\/wp\/v2\/categories?post=216679"},{"taxonomy":"post_tag","embeddable":true,"href":"https:\/\/w-l-c.be\/fr\/wp-json\/wp\/v2\/tags?post=216679"}],"curies":[{"name":"wp","href":"https:\/\/api.w.org\/{rel}","templated":true}]}}