
{"id":216797,"date":"2019-02-04T16:53:13","date_gmt":"2019-02-04T15:53:13","guid":{"rendered":"https:\/\/www.cinevox.be\/?p=216797"},"modified":"2019-02-05T10:05:58","modified_gmt":"2019-02-05T09:05:58","slug":"magritte-2019-les-reactions-a-chaud-des-laureats","status":"publish","type":"post","link":"https:\/\/w-l-c.be\/fr\/magritte-2019-les-reactions-a-chaud-des-laureats\/","title":{"rendered":"Magritte 2019: les r\u00e9actions \u00e0 chaud des laur\u00e9ats"},"content":{"rendered":"<p><strong>Surprise, \u00e9motion, et \u00ab\u00a0Je ne m&rsquo;y attendais pas du tout\u00a0\u00bb&#8230;<\/strong><\/p>\n<p><strong>Plong\u00e9e au coeur de la salle de presse pour d\u00e9couvrir les \u00e9motions \u00e0 chaud des laur\u00e9ats de cette 9e \u00e9dition des Magritte du cin\u00e9ma, avec Lena Girard Voss, Thomas Mustin, Nicolas Boucart, Simon Fransquet, Lucie Debay, Guillaume Senez, Lukas Dhont, Victor Polster et Lubna Azabal.<\/strong><\/p>\n<p>https:\/\/www.facebook.com\/cinevoxetvous\/videos\/383968769029921\/<\/p>\n<p>&nbsp;<\/p>\n","protected":false},"excerpt":{"rendered":"<p>Surprise, \u00e9motion, et \u00ab\u00a0Je ne m&rsquo;y attendais pas du tout\u00a0\u00bb&#8230; Plong\u00e9e au coeur de la salle de presse pour d\u00e9couvrir les \u00e9motions \u00e0 chaud des laur\u00e9ats de cette 9e \u00e9dition des Magritte du cin\u00e9ma, avec Lena Girard Voss, Thomas Mustin, Nicolas Boucart, Simon Fransquet, Lucie Debay, Guillaume Senez, Lukas Dhont, Victor Polster et Lubna Azabal. &hellip;<\/p>\n","protected":false},"author":343,"featured_media":216800,"comment_status":"closed","ping_status":"closed","sticky":false,"template":"","format":"standard","meta":{"ngg_post_thumbnail":0,"footnotes":""},"categories":[12],"tags":[],"class_list":["post-216797","post","type-post","status-publish","format-standard","has-post-thumbnail","","category-awards"],"yoast_head":"<!-- This site is optimized with the Yoast SEO plugin v20.4 - https:\/\/yoast.com\/wordpress\/plugins\/seo\/ -->\n<title>Magritte 2019: les r\u00e9actions \u00e0 chaud des laur\u00e9ats - w-l-c<\/title>\n<meta name=\"robots\" content=\"noindex, follow, max-snippet:-1, max-image-preview:large, max-video-preview:-1\" \/>\n<meta property=\"og:locale\" content=\"fr_FR\" \/>\n<meta property=\"og:type\" content=\"article\" \/>\n<meta property=\"og:title\" content=\"Magritte 2019: les r\u00e9actions \u00e0 chaud des laur\u00e9ats - w-l-c\" \/>\n<meta property=\"og:description\" content=\"Surprise, \u00e9motion, et \u00ab\u00a0Je ne m&rsquo;y attendais pas du tout\u00a0\u00bb&#8230; Plong\u00e9e au coeur de la salle de presse pour d\u00e9couvrir les \u00e9motions \u00e0 chaud des laur\u00e9ats de cette 9e \u00e9dition des Magritte du cin\u00e9ma, avec Lena Girard Voss, Thomas Mustin, Nicolas Boucart, Simon Fransquet, Lucie Debay, Guillaume Senez, Lukas Dhont, Victor Polster et Lubna Azabal. &hellip;\" \/>\n<meta property=\"og:url\" content=\"https:\/\/w-l-c.be\/fr\/magritte-2019-les-reactions-a-chaud-des-laureats\/\" \/>\n<meta property=\"og:site_name\" content=\"w-l-c\" \/>\n<meta property=\"article:published_time\" content=\"2019-02-04T15:53:13+00:00\" \/>\n<meta property=\"article:modified_time\" content=\"2019-02-05T09:05:58+00:00\" \/>\n<meta property=\"og:image\" content=\"https:\/\/w-l-c.be\/wp-content\/uploads\/2019\/02\/ReactionsLaureats.jpg\" \/>\n\t<meta property=\"og:image:width\" content=\"1200\" \/>\n\t<meta property=\"og:image:height\" content=\"600\" \/>\n\t<meta property=\"og:image:type\" content=\"image\/jpeg\" \/>\n<meta name=\"author\" content=\"Aurore Engelen\" \/>\n<meta name=\"twitter:card\" content=\"summary_large_image\" \/>\n<meta name=\"twitter:label1\" content=\"\u00c9crit par\" \/>\n\t<meta name=\"twitter:data1\" content=\"Aurore Engelen\" \/>\n<script type=\"application\/ld+json\" class=\"yoast-schema-graph\">{\"@context\":\"https:\/\/schema.org\",\"@graph\":[{\"@type\":\"WebPage\",\"@id\":\"https:\/\/w-l-c.be\/fr\/magritte-2019-les-reactions-a-chaud-des-laureats\/\",\"url\":\"https:\/\/w-l-c.be\/fr\/magritte-2019-les-reactions-a-chaud-des-laureats\/\",\"name\":\"Magritte 2019: les r\u00e9actions \u00e0 chaud des laur\u00e9ats - w-l-c\",\"isPartOf\":{\"@id\":\"https:\/\/w-l-c.be\/fr\/#website\"},\"datePublished\":\"2019-02-04T15:53:13+00:00\",\"dateModified\":\"2019-02-05T09:05:58+00:00\",\"author\":{\"@id\":\"https:\/\/w-l-c.be\/fr\/#\/schema\/person\/8084b68c6b176142d073695c654dc7cf\"},\"breadcrumb\":{\"@id\":\"https:\/\/w-l-c.be\/fr\/magritte-2019-les-reactions-a-chaud-des-laureats\/#breadcrumb\"},\"inLanguage\":\"fr-FR\",\"potentialAction\":[{\"@type\":\"ReadAction\",\"target\":[\"https:\/\/w-l-c.be\/fr\/magritte-2019-les-reactions-a-chaud-des-laureats\/\"]}]},{\"@type\":\"BreadcrumbList\",\"@id\":\"https:\/\/w-l-c.be\/fr\/magritte-2019-les-reactions-a-chaud-des-laureats\/#breadcrumb\",\"itemListElement\":[{\"@type\":\"ListItem\",\"position\":1,\"name\":\"Accueil\",\"item\":\"https:\/\/w-l-c.be\/fr\/\"},{\"@type\":\"ListItem\",\"position\":2,\"name\":\"Magritte 2019: les r\u00e9actions \u00e0 chaud des laur\u00e9ats\"}]},{\"@type\":\"WebSite\",\"@id\":\"https:\/\/w-l-c.be\/fr\/#website\",\"url\":\"https:\/\/w-l-c.be\/fr\/\",\"name\":\"w-l-c\",\"description\":\"Le cin\u00e9ma vu par les belges\",\"potentialAction\":[{\"@type\":\"SearchAction\",\"target\":{\"@type\":\"EntryPoint\",\"urlTemplate\":\"https:\/\/w-l-c.be\/fr\/?s={search_term_string}\"},\"query-input\":\"required name=search_term_string\"}],\"inLanguage\":\"fr-FR\"},{\"@type\":\"Person\",\"@id\":\"https:\/\/w-l-c.be\/fr\/#\/schema\/person\/8084b68c6b176142d073695c654dc7cf\",\"name\":\"Aurore Engelen\",\"url\":\"https:\/\/w-l-c.be\/fr\/author\/aurore-engelen\/\"}]}<\/script>\n<!-- \/ Yoast SEO plugin. -->","yoast_head_json":{"title":"Magritte 2019: les r\u00e9actions \u00e0 chaud des laur\u00e9ats - w-l-c","robots":{"index":"noindex","follow":"follow","max-snippet":"max-snippet:-1","max-image-preview":"max-image-preview:large","max-video-preview":"max-video-preview:-1"},"og_locale":"fr_FR","og_type":"article","og_title":"Magritte 2019: les r\u00e9actions \u00e0 chaud des laur\u00e9ats - w-l-c","og_description":"Surprise, \u00e9motion, et \u00ab\u00a0Je ne m&rsquo;y attendais pas du tout\u00a0\u00bb&#8230; Plong\u00e9e au coeur de la salle de presse pour d\u00e9couvrir les \u00e9motions \u00e0 chaud des laur\u00e9ats de cette 9e \u00e9dition des Magritte du cin\u00e9ma, avec Lena Girard Voss, Thomas Mustin, Nicolas Boucart, Simon Fransquet, Lucie Debay, Guillaume Senez, Lukas Dhont, Victor Polster et Lubna Azabal. &hellip;","og_url":"https:\/\/w-l-c.be\/fr\/magritte-2019-les-reactions-a-chaud-des-laureats\/","og_site_name":"w-l-c","article_published_time":"2019-02-04T15:53:13+00:00","article_modified_time":"2019-02-05T09:05:58+00:00","og_image":[{"width":1200,"height":600,"url":"https:\/\/w-l-c.be\/wp-content\/uploads\/2019\/02\/ReactionsLaureats.jpg","type":"image\/jpeg"}],"author":"Aurore Engelen","twitter_card":"summary_large_image","twitter_misc":{"\u00c9crit par":"Aurore Engelen"},"schema":{"@context":"https:\/\/schema.org","@graph":[{"@type":"WebPage","@id":"https:\/\/w-l-c.be\/fr\/magritte-2019-les-reactions-a-chaud-des-laureats\/","url":"https:\/\/w-l-c.be\/fr\/magritte-2019-les-reactions-a-chaud-des-laureats\/","name":"Magritte 2019: les r\u00e9actions \u00e0 chaud des laur\u00e9ats - w-l-c","isPartOf":{"@id":"https:\/\/w-l-c.be\/fr\/#website"},"datePublished":"2019-02-04T15:53:13+00:00","dateModified":"2019-02-05T09:05:58+00:00","author":{"@id":"https:\/\/w-l-c.be\/fr\/#\/schema\/person\/8084b68c6b176142d073695c654dc7cf"},"breadcrumb":{"@id":"https:\/\/w-l-c.be\/fr\/magritte-2019-les-reactions-a-chaud-des-laureats\/#breadcrumb"},"inLanguage":"fr-FR","potentialAction":[{"@type":"ReadAction","target":["https:\/\/w-l-c.be\/fr\/magritte-2019-les-reactions-a-chaud-des-laureats\/"]}]},{"@type":"BreadcrumbList","@id":"https:\/\/w-l-c.be\/fr\/magritte-2019-les-reactions-a-chaud-des-laureats\/#breadcrumb","itemListElement":[{"@type":"ListItem","position":1,"name":"Accueil","item":"https:\/\/w-l-c.be\/fr\/"},{"@type":"ListItem","position":2,"name":"Magritte 2019: les r\u00e9actions \u00e0 chaud des laur\u00e9ats"}]},{"@type":"WebSite","@id":"https:\/\/w-l-c.be\/fr\/#website","url":"https:\/\/w-l-c.be\/fr\/","name":"w-l-c","description":"Le cin\u00e9ma vu par les belges","potentialAction":[{"@type":"SearchAction","target":{"@type":"EntryPoint","urlTemplate":"https:\/\/w-l-c.be\/fr\/?s={search_term_string}"},"query-input":"required name=search_term_string"}],"inLanguage":"fr-FR"},{"@type":"Person","@id":"https:\/\/w-l-c.be\/fr\/#\/schema\/person\/8084b68c6b176142d073695c654dc7cf","name":"Aurore Engelen","url":"https:\/\/w-l-c.be\/fr\/author\/aurore-engelen\/"}]}},"_links":{"self":[{"href":"https:\/\/w-l-c.be\/fr\/wp-json\/wp\/v2\/posts\/216797","targetHints":{"allow":["GET"]}}],"collection":[{"href":"https:\/\/w-l-c.be\/fr\/wp-json\/wp\/v2\/posts"}],"about":[{"href":"https:\/\/w-l-c.be\/fr\/wp-json\/wp\/v2\/types\/post"}],"author":[{"embeddable":true,"href":"https:\/\/w-l-c.be\/fr\/wp-json\/wp\/v2\/users\/343"}],"replies":[{"embeddable":true,"href":"https:\/\/w-l-c.be\/fr\/wp-json\/wp\/v2\/comments?post=216797"}],"version-history":[{"count":0,"href":"https:\/\/w-l-c.be\/fr\/wp-json\/wp\/v2\/posts\/216797\/revisions"}],"wp:featuredmedia":[{"embeddable":true,"href":"https:\/\/w-l-c.be\/fr\/wp-json\/wp\/v2\/media\/216800"}],"wp:attachment":[{"href":"https:\/\/w-l-c.be\/fr\/wp-json\/wp\/v2\/media?parent=216797"}],"wp:term":[{"taxonomy":"category","embeddable":true,"href":"https:\/\/w-l-c.be\/fr\/wp-json\/wp\/v2\/categories?post=216797"},{"taxonomy":"post_tag","embeddable":true,"href":"https:\/\/w-l-c.be\/fr\/wp-json\/wp\/v2\/tags?post=216797"}],"curies":[{"name":"wp","href":"https:\/\/api.w.org\/{rel}","templated":true}]}}