
{"id":217072,"date":"2019-02-12T10:39:17","date_gmt":"2019-02-12T09:39:17","guid":{"rendered":"https:\/\/www.cinevox.be\/?p=217072"},"modified":"2019-02-12T10:39:17","modified_gmt":"2019-02-12T09:39:17","slug":"felix-van-groeningen-jorge-leon-et-sophie-bruneau-aux-rencontres-images-mentales","status":"publish","type":"post","link":"https:\/\/w-l-c.be\/fr\/felix-van-groeningen-jorge-leon-et-sophie-bruneau-aux-rencontres-images-mentales\/","title":{"rendered":"Felix Van Groeningen, Jorge Leon et Sophie Bruneau aux Rencontres Images Mentales"},"content":{"rendered":"<p><strong>Les Rencontres Images Mentales se tiendront du 20 au 23 f\u00e9vrier prochains \u00e0 Bruxelles. Ces festival revient sur la repr\u00e9sentation au cin\u00e9ma des maladies mentales, en interrogent le regard des cin\u00e9astes sur la folie, et propose \u00e9galement des productions issues d&rsquo;ateliers men\u00e9s dans des instituts de sant\u00e9 mentale.<\/strong><\/p>\n<p>Quelles sont les images de la personne en souffrance mentale? Quelle image peut-elle ou veut-elle donner? L&rsquo;image de la maladie mentale v\u00e9hicul\u00e9e par les m\u00e9dias est encore aujourd&rsquo;hui tr\u00e8s stigmatisante. C&rsquo;est le plus souvent \u00e0 l&rsquo;occasion d&rsquo;\u00e9v\u00e8nements dramatique que cette question est \u00e9voqu\u00e9e. Le cin\u00e9ma, et le point de vue de ses auteurs, permet de donner une image plus complexe et moins caricaturale de la folie, en adoptant le prisme du point de vue de l&rsquo;auteur.<\/p>\n<p><img loading=\"lazy\" decoding=\"async\" class=\"alignnone size-large wp-image-217073\" src=\"https:\/\/www.cinevox.be\/wp-content\/uploads\/2019\/02\/gIYSiZwx-800x430.jpeg\" alt=\"\" width=\"618\" height=\"332\" srcset=\"https:\/\/w-l-c.be\/wp-content\/uploads\/2019\/02\/gIYSiZwx-800x430.jpeg 800w, https:\/\/w-l-c.be\/wp-content\/uploads\/2019\/02\/gIYSiZwx-480x258.jpeg 480w, https:\/\/w-l-c.be\/wp-content\/uploads\/2019\/02\/gIYSiZwx-768x413.jpeg 768w, https:\/\/w-l-c.be\/wp-content\/uploads\/2019\/02\/gIYSiZwx.jpeg 1754w\" sizes=\"auto, (max-width: 618px) 100vw, 618px\" \/><\/p>\n<p>C&rsquo;est une th\u00e9matique que l&rsquo;on rencontre \u00e9videmment dans certains films belges. Le Festival sera ainsi l&rsquo;occasion de red\u00e9couvrir, en pr\u00e9sence de la r\u00e9alisatrice, <strong><em>R\u00eaver sous le capitalisme<\/em><\/strong> <strong>de Sophie Bruneau<\/strong> (le 23.02 \u00e0 16h30). Douze personnes y racontent puis interpr\u00e8tent le souvenir d&rsquo;un r\u00eave de travail. Ces \u00e2mes que l&rsquo;on malm\u00e8ne, d\u00e9crivent, de fa\u00e7on po\u00e9tique et politique, leur souffrance subjective au travail.<\/p>\n<p>Dans le cadre des soir\u00e9es grand format, on retrouvera le mercredi 20 f\u00e9vrier le cin\u00e9aste <strong>F\u00e9lix Van Groeningen<\/strong>, qui viendra pr\u00e9senter son dernier film, <em><strong>Beautiful Boy<\/strong><\/em>,\u00a0qui raconte l\u2019expe\u0301rience de\u0301chirante et inspirante de la survie et du re\u0301tablissement d\u2019une famille prisonnie\u0300re de l\u2019addiction depuis de nombreuses anne\u0301es.<\/p>\n<p>Enfin le jeudi 21 f\u00e9vrier, rencontre avec Jorge Leon autour de son documentaire hybride Mitra, inspir\u00e9\u00a0du parcours de la psychanalyste iranienne Mitra Kadivar, une re\u0301flexion sur l\u2019enfermement et l\u2019alte\u0301rite\u0301. Un doux chant d\u2019humanite\u0301.<\/p>\n<p>Le programme du festival est disponible <a href=\"https:\/\/www.psymages.be\/\">ici<\/a>.<\/p>\n<h4>A lire aussi:<\/h4>\n<p><a href=\"https:\/\/www.cinevox.be\/fr\/quand-le-capitalisme-et-son-des-humanisme-sinfiltre-jusque-dans-nos-reves\/\"><em>R\u00eaver sous le capitalisme<\/em>, l&rsquo;\u00e9quation impossible<\/a><\/p>\n<p><a href=\"https:\/\/www.cinevox.be\/fr\/beautiful-boy-la-croisade-dun-pere\/\"><em>Beautiful Boy,<\/em> la croisade d&rsquo;un p\u00e8re<\/a><\/p>\n<p><a href=\"https:\/\/www.cinevox.be\/fr\/sortie-ce-mercredi-de-mitra-de-jorge-leon\/\"><em>Mitra<\/em>, atypique et singulier<\/a><\/p>\n<p>&nbsp;<\/p>\n","protected":false},"excerpt":{"rendered":"<p>Les Rencontres Images Mentales se tiendront du 20 au 23 f\u00e9vrier prochains \u00e0 Bruxelles. Ces festival revient sur la repr\u00e9sentation au cin\u00e9ma des maladies mentales, en interrogent le regard des cin\u00e9astes sur la folie, et propose \u00e9galement des productions issues d&rsquo;ateliers men\u00e9s dans des instituts de sant\u00e9 mentale. Quelles sont les images de la personne &hellip;<\/p>\n","protected":false},"author":343,"featured_media":217075,"comment_status":"closed","ping_status":"closed","sticky":false,"template":"","format":"standard","meta":{"ngg_post_thumbnail":0,"footnotes":""},"categories":[53],"tags":[],"class_list":["post-217072","post","type-post","status-publish","format-standard","has-post-thumbnail","","category-coming-soon"],"yoast_head":"<!-- This site is optimized with the Yoast SEO plugin v20.4 - https:\/\/yoast.com\/wordpress\/plugins\/seo\/ -->\n<title>Felix Van Groeningen, Jorge Leon et Sophie Bruneau aux Rencontres Images Mentales - w-l-c<\/title>\n<meta name=\"robots\" content=\"noindex, follow, max-snippet:-1, max-image-preview:large, max-video-preview:-1\" \/>\n<meta property=\"og:locale\" content=\"fr_FR\" \/>\n<meta property=\"og:type\" content=\"article\" \/>\n<meta property=\"og:title\" content=\"Felix Van Groeningen, Jorge Leon et Sophie Bruneau aux Rencontres Images Mentales - w-l-c\" \/>\n<meta property=\"og:description\" content=\"Les Rencontres Images Mentales se tiendront du 20 au 23 f\u00e9vrier prochains \u00e0 Bruxelles. Ces festival revient sur la repr\u00e9sentation au cin\u00e9ma des maladies mentales, en interrogent le regard des cin\u00e9astes sur la folie, et propose \u00e9galement des productions issues d&rsquo;ateliers men\u00e9s dans des instituts de sant\u00e9 mentale. Quelles sont les images de la personne &hellip;\" \/>\n<meta property=\"og:url\" content=\"https:\/\/w-l-c.be\/fr\/felix-van-groeningen-jorge-leon-et-sophie-bruneau-aux-rencontres-images-mentales\/\" \/>\n<meta property=\"og:site_name\" content=\"w-l-c\" \/>\n<meta property=\"article:published_time\" content=\"2019-02-12T09:39:17+00:00\" \/>\n<meta property=\"og:image\" content=\"https:\/\/w-l-c.be\/wp-content\/uploads\/2019\/02\/RIM2019.jpg\" \/>\n\t<meta property=\"og:image:width\" content=\"1200\" \/>\n\t<meta property=\"og:image:height\" content=\"600\" \/>\n\t<meta property=\"og:image:type\" content=\"image\/jpeg\" \/>\n<meta name=\"author\" content=\"Aurore Engelen\" \/>\n<meta name=\"twitter:card\" content=\"summary_large_image\" \/>\n<meta name=\"twitter:label1\" content=\"\u00c9crit par\" \/>\n\t<meta name=\"twitter:data1\" content=\"Aurore Engelen\" \/>\n\t<meta name=\"twitter:label2\" content=\"Dur\u00e9e de lecture estim\u00e9e\" \/>\n\t<meta name=\"twitter:data2\" content=\"2 minutes\" \/>\n<script type=\"application\/ld+json\" class=\"yoast-schema-graph\">{\"@context\":\"https:\/\/schema.org\",\"@graph\":[{\"@type\":\"WebPage\",\"@id\":\"https:\/\/w-l-c.be\/fr\/felix-van-groeningen-jorge-leon-et-sophie-bruneau-aux-rencontres-images-mentales\/\",\"url\":\"https:\/\/w-l-c.be\/fr\/felix-van-groeningen-jorge-leon-et-sophie-bruneau-aux-rencontres-images-mentales\/\",\"name\":\"Felix Van Groeningen, Jorge Leon et Sophie Bruneau aux Rencontres Images Mentales - w-l-c\",\"isPartOf\":{\"@id\":\"https:\/\/w-l-c.be\/fr\/#website\"},\"datePublished\":\"2019-02-12T09:39:17+00:00\",\"dateModified\":\"2019-02-12T09:39:17+00:00\",\"author\":{\"@id\":\"https:\/\/w-l-c.be\/fr\/#\/schema\/person\/8084b68c6b176142d073695c654dc7cf\"},\"breadcrumb\":{\"@id\":\"https:\/\/w-l-c.be\/fr\/felix-van-groeningen-jorge-leon-et-sophie-bruneau-aux-rencontres-images-mentales\/#breadcrumb\"},\"inLanguage\":\"fr-FR\",\"potentialAction\":[{\"@type\":\"ReadAction\",\"target\":[\"https:\/\/w-l-c.be\/fr\/felix-van-groeningen-jorge-leon-et-sophie-bruneau-aux-rencontres-images-mentales\/\"]}]},{\"@type\":\"BreadcrumbList\",\"@id\":\"https:\/\/w-l-c.be\/fr\/felix-van-groeningen-jorge-leon-et-sophie-bruneau-aux-rencontres-images-mentales\/#breadcrumb\",\"itemListElement\":[{\"@type\":\"ListItem\",\"position\":1,\"name\":\"Accueil\",\"item\":\"https:\/\/w-l-c.be\/fr\/\"},{\"@type\":\"ListItem\",\"position\":2,\"name\":\"Felix Van Groeningen, Jorge Leon et Sophie Bruneau aux Rencontres Images Mentales\"}]},{\"@type\":\"WebSite\",\"@id\":\"https:\/\/w-l-c.be\/fr\/#website\",\"url\":\"https:\/\/w-l-c.be\/fr\/\",\"name\":\"w-l-c\",\"description\":\"Le cin\u00e9ma vu par les belges\",\"potentialAction\":[{\"@type\":\"SearchAction\",\"target\":{\"@type\":\"EntryPoint\",\"urlTemplate\":\"https:\/\/w-l-c.be\/fr\/?s={search_term_string}\"},\"query-input\":\"required name=search_term_string\"}],\"inLanguage\":\"fr-FR\"},{\"@type\":\"Person\",\"@id\":\"https:\/\/w-l-c.be\/fr\/#\/schema\/person\/8084b68c6b176142d073695c654dc7cf\",\"name\":\"Aurore Engelen\",\"url\":\"https:\/\/w-l-c.be\/fr\/author\/aurore-engelen\/\"}]}<\/script>\n<!-- \/ Yoast SEO plugin. -->","yoast_head_json":{"title":"Felix Van Groeningen, Jorge Leon et Sophie Bruneau aux Rencontres Images Mentales - w-l-c","robots":{"index":"noindex","follow":"follow","max-snippet":"max-snippet:-1","max-image-preview":"max-image-preview:large","max-video-preview":"max-video-preview:-1"},"og_locale":"fr_FR","og_type":"article","og_title":"Felix Van Groeningen, Jorge Leon et Sophie Bruneau aux Rencontres Images Mentales - w-l-c","og_description":"Les Rencontres Images Mentales se tiendront du 20 au 23 f\u00e9vrier prochains \u00e0 Bruxelles. Ces festival revient sur la repr\u00e9sentation au cin\u00e9ma des maladies mentales, en interrogent le regard des cin\u00e9astes sur la folie, et propose \u00e9galement des productions issues d&rsquo;ateliers men\u00e9s dans des instituts de sant\u00e9 mentale. Quelles sont les images de la personne &hellip;","og_url":"https:\/\/w-l-c.be\/fr\/felix-van-groeningen-jorge-leon-et-sophie-bruneau-aux-rencontres-images-mentales\/","og_site_name":"w-l-c","article_published_time":"2019-02-12T09:39:17+00:00","og_image":[{"width":1200,"height":600,"url":"https:\/\/w-l-c.be\/wp-content\/uploads\/2019\/02\/RIM2019.jpg","type":"image\/jpeg"}],"author":"Aurore Engelen","twitter_card":"summary_large_image","twitter_misc":{"\u00c9crit par":"Aurore Engelen","Dur\u00e9e de lecture estim\u00e9e":"2 minutes"},"schema":{"@context":"https:\/\/schema.org","@graph":[{"@type":"WebPage","@id":"https:\/\/w-l-c.be\/fr\/felix-van-groeningen-jorge-leon-et-sophie-bruneau-aux-rencontres-images-mentales\/","url":"https:\/\/w-l-c.be\/fr\/felix-van-groeningen-jorge-leon-et-sophie-bruneau-aux-rencontres-images-mentales\/","name":"Felix Van Groeningen, Jorge Leon et Sophie Bruneau aux Rencontres Images Mentales - w-l-c","isPartOf":{"@id":"https:\/\/w-l-c.be\/fr\/#website"},"datePublished":"2019-02-12T09:39:17+00:00","dateModified":"2019-02-12T09:39:17+00:00","author":{"@id":"https:\/\/w-l-c.be\/fr\/#\/schema\/person\/8084b68c6b176142d073695c654dc7cf"},"breadcrumb":{"@id":"https:\/\/w-l-c.be\/fr\/felix-van-groeningen-jorge-leon-et-sophie-bruneau-aux-rencontres-images-mentales\/#breadcrumb"},"inLanguage":"fr-FR","potentialAction":[{"@type":"ReadAction","target":["https:\/\/w-l-c.be\/fr\/felix-van-groeningen-jorge-leon-et-sophie-bruneau-aux-rencontres-images-mentales\/"]}]},{"@type":"BreadcrumbList","@id":"https:\/\/w-l-c.be\/fr\/felix-van-groeningen-jorge-leon-et-sophie-bruneau-aux-rencontres-images-mentales\/#breadcrumb","itemListElement":[{"@type":"ListItem","position":1,"name":"Accueil","item":"https:\/\/w-l-c.be\/fr\/"},{"@type":"ListItem","position":2,"name":"Felix Van Groeningen, Jorge Leon et Sophie Bruneau aux Rencontres Images Mentales"}]},{"@type":"WebSite","@id":"https:\/\/w-l-c.be\/fr\/#website","url":"https:\/\/w-l-c.be\/fr\/","name":"w-l-c","description":"Le cin\u00e9ma vu par les belges","potentialAction":[{"@type":"SearchAction","target":{"@type":"EntryPoint","urlTemplate":"https:\/\/w-l-c.be\/fr\/?s={search_term_string}"},"query-input":"required name=search_term_string"}],"inLanguage":"fr-FR"},{"@type":"Person","@id":"https:\/\/w-l-c.be\/fr\/#\/schema\/person\/8084b68c6b176142d073695c654dc7cf","name":"Aurore Engelen","url":"https:\/\/w-l-c.be\/fr\/author\/aurore-engelen\/"}]}},"_links":{"self":[{"href":"https:\/\/w-l-c.be\/fr\/wp-json\/wp\/v2\/posts\/217072","targetHints":{"allow":["GET"]}}],"collection":[{"href":"https:\/\/w-l-c.be\/fr\/wp-json\/wp\/v2\/posts"}],"about":[{"href":"https:\/\/w-l-c.be\/fr\/wp-json\/wp\/v2\/types\/post"}],"author":[{"embeddable":true,"href":"https:\/\/w-l-c.be\/fr\/wp-json\/wp\/v2\/users\/343"}],"replies":[{"embeddable":true,"href":"https:\/\/w-l-c.be\/fr\/wp-json\/wp\/v2\/comments?post=217072"}],"version-history":[{"count":0,"href":"https:\/\/w-l-c.be\/fr\/wp-json\/wp\/v2\/posts\/217072\/revisions"}],"wp:featuredmedia":[{"embeddable":true,"href":"https:\/\/w-l-c.be\/fr\/wp-json\/wp\/v2\/media\/217075"}],"wp:attachment":[{"href":"https:\/\/w-l-c.be\/fr\/wp-json\/wp\/v2\/media?parent=217072"}],"wp:term":[{"taxonomy":"category","embeddable":true,"href":"https:\/\/w-l-c.be\/fr\/wp-json\/wp\/v2\/categories?post=217072"},{"taxonomy":"post_tag","embeddable":true,"href":"https:\/\/w-l-c.be\/fr\/wp-json\/wp\/v2\/tags?post=217072"}],"curies":[{"name":"wp","href":"https:\/\/api.w.org\/{rel}","templated":true}]}}