
{"id":218007,"date":"2019-03-11T12:29:11","date_gmt":"2019-03-11T11:29:11","guid":{"rendered":"https:\/\/www.cinevox.be\/?p=218007"},"modified":"2019-03-11T12:30:19","modified_gmt":"2019-03-11T11:30:19","slug":"moustier-fete-le-cinema-belge","status":"publish","type":"post","link":"https:\/\/w-l-c.be\/fr\/moustier-fete-le-cinema-belge\/","title":{"rendered":"Moustier f\u00eate le cin\u00e9ma belge!"},"content":{"rendered":"<p><strong>Le Festival du Cin\u00e9ma belge de Moustier revient d\u00e8s ce soir pour sa 31e (!) \u00e9dition, toujours aussi passionn\u00e9e par le cin\u00e9ma du Plat Pays.<\/strong><\/p>\n<p>Au programme de cette \u00e9dition, une ouverture hyper glamour avec la projection de <strong><em>Duelles<\/em><\/strong>, d&rsquo;Olivier Masset-Depasse, l&rsquo;occasion pour le public de rencontrer le r\u00e9alisateur et son h\u00e9ro\u00efne, Anne Coesens, invit\u00e9s d&rsquo;honneur du festival.<\/p>\n<p>Le public pourra ensuite d\u00e9couvrir ou re-d\u00e9couvrir jusqu&rsquo;au 17 mars des longs m\u00e9trages belges ayant marqu\u00e9 les derniers mois \u00e9coul\u00e9s, souvent en pr\u00e9sence d&rsquo;invit\u00e9s venus d\u00e9fendre les films, ainsi la jeune cin\u00e9aste Sarah Hirtt, qui viendra pr\u00e9senter son premier long m\u00e9trage, <strong><em>Escapada<\/em><\/strong>, une com\u00e9die familiale attachante qui sort ce mercredi 13 mars dans les salles belges.<\/p>\n<p>Au programme \u00e9galement, les deux films multi-laur\u00e9ats des Magritte,<strong><em> Nos bataille<\/em><\/strong>s, de Guillaume Senez, et <em><strong>Girl<\/strong><\/em> de Lukas Dhont, mais aussi les deux cartons du box-office 2018, <em><strong>Mon Ket<\/strong><\/em>, premier long m\u00e9trage de Fran\u00e7ois Damiens, et <em><strong>Ni juge ni soumise<\/strong><\/em>, le documentaire d&rsquo;Yves Hinant et Jean Libon, Magritte du Meilleur documentaire ET C\u00e9sar du meilleur documentaire, excusez du peu.<\/p>\n<p>Une chance \u00e9galement de voir ou revoir <em><strong>Pour vivre heureux<\/strong><\/em> de Salima Sarah Glamine et Dimitri Linder, Prix Cinevox lors du dernier FIFF, le dernier Joachim Lafosse, <em><strong>Continuer<\/strong><\/em>, avec l&rsquo;\u00e9mouvante et opini\u00e2tre Virginie Efira, <strong><em>Niet Schieten<\/em><\/strong>, le brulot sur la gestion de l&rsquo;affaire des Tueurs du Brabant sign\u00e9 Stijn Coninx, avec un Jan Decleir une fois encore magistral, la d\u00e9licieuse <em><strong>Emma Peeters<\/strong><\/em>, pour lequel Nicole Palo vient de recevoir le Prix de la Meilleure r\u00e9alisatrice \u00e0 Monte-Carlo, ou encore les films familiaux, <strong><em>Le Quatuor \u00e0 Cornes<\/em><\/strong> et <strong><em>Les Ritournelles de la Chouette<\/em><\/strong>.<\/p>\n<p>Alors pressez-vous d\u00e8s ce soir \u00e0 Moustier!<\/p>\n<h4>A LIRE AUSSI<\/h4>\n<p><a href=\"https:\/\/www.cinevox.be\/fr\/duelles-au-sommet\/\"><em>Duelles<\/em> au sommet<\/a><\/p>\n<p><a href=\"https:\/\/www.cinevox.be\/fr\/escapada-se-liberer-de-lheritage-familial\/\"><em>Escapada<\/em>, se lib\u00e9rer de l&rsquo;h\u00e9ritage familial<\/a><\/p>\n<p><a href=\"https:\/\/www.cinevox.be\/fr\/nos-batailles-metamorphose-dun-pere\/\"><em>Nos batailles<\/em>, m\u00e9tamorphose d&rsquo;un p\u00e8re<\/a><\/p>\n<p><a href=\"https:\/\/www.cinevox.be\/fr\/girl-a-corps-perdu\/\"><em>Girl<\/em>, \u00e0 corps perdu<\/a><\/p>\n<p><a href=\"https:\/\/www.cinevox.be\/fr\/ket-pari-tenu-francois-damiens\/\"><em>Mon ket<\/em>: pari tenu pour Fran\u00e7ois Damiens<\/a><\/p>\n<p><a href=\"https:\/\/www.cinevox.be\/fr\/juge-soumise-retour-grande-forme-grand-ecran-de-strip-tease\/\"><em>Ni juge ni soumise<\/em>, retour en grande forme de Strip Tease sur grand \u00e9cran<\/a><\/p>\n<p><a href=\"https:\/\/www.cinevox.be\/fr\/pour-vivre-heureux-amours-empechees\/\"><em>Pour vivre heureux<\/em>, amours emp\u00each\u00e9es<\/a><\/p>\n<p><a href=\"https:\/\/www.cinevox.be\/fr\/continuer-epopee-de-lintime\/\"><em>Continuer<\/em>, spectaculaire \u00e9pop\u00e9e intime<\/a><\/p>\n<p><a href=\"https:\/\/www.cinevox.be\/fr\/jan-decleir-magistral-dans-niet-schieten-le-nouveau-stijn-coninx\/\">Niet Schieten, un Jan Decleir magistral<\/a><\/p>\n<p><a href=\"https:\/\/www.cinevox.be\/fr\/nicole-palo-cette-selection-a-venise-en-vrai-jen-revais\/\">Rencontre avec Nicole Palo, r\u00e9alisatrice de Emma Peeters<\/a><\/p>\n<p><a href=\"https:\/\/www.cinevox.be\/fr\/le-quatuor-a-cornes\/\"><em>Le Quatuor \u00e0 cornes<\/em>, au cin\u00e9ma en famille<\/a><\/p>\n<p><a href=\"https:\/\/www.cinevox.be\/fr\/la-chouette-du-cinema-est-de-retour-avec-ses-ritournelles\/\">Les Ritournelles de la Chouette: la chouette est de retour!<\/a><\/p>\n<p>&nbsp;<\/p>\n","protected":false},"excerpt":{"rendered":"<p>Le Festival du Cin\u00e9ma belge de Moustier revient d\u00e8s ce soir pour sa 31e (!) \u00e9dition, toujours aussi passionn\u00e9e par le cin\u00e9ma du Plat Pays. Au programme de cette \u00e9dition, une ouverture hyper glamour avec la projection de Duelles, d&rsquo;Olivier Masset-Depasse, l&rsquo;occasion pour le public de rencontrer le r\u00e9alisateur et son h\u00e9ro\u00efne, Anne Coesens, invit\u00e9s &hellip;<\/p>\n","protected":false},"author":343,"featured_media":217805,"comment_status":"closed","ping_status":"closed","sticky":false,"template":"","format":"standard","meta":{"ngg_post_thumbnail":0,"footnotes":""},"categories":[12],"tags":[],"class_list":["post-218007","post","type-post","status-publish","format-standard","has-post-thumbnail","","category-awards"],"yoast_head":"<!-- This site is optimized with the Yoast SEO plugin v20.4 - https:\/\/yoast.com\/wordpress\/plugins\/seo\/ -->\n<title>Moustier f\u00eate le cin\u00e9ma belge! - w-l-c<\/title>\n<meta name=\"robots\" content=\"noindex, follow, max-snippet:-1, max-image-preview:large, max-video-preview:-1\" \/>\n<meta property=\"og:locale\" content=\"fr_FR\" \/>\n<meta property=\"og:type\" content=\"article\" \/>\n<meta property=\"og:title\" content=\"Moustier f\u00eate le cin\u00e9ma belge! - w-l-c\" \/>\n<meta property=\"og:description\" content=\"Le Festival du Cin\u00e9ma belge de Moustier revient d\u00e8s ce soir pour sa 31e (!) \u00e9dition, toujours aussi passionn\u00e9e par le cin\u00e9ma du Plat Pays. Au programme de cette \u00e9dition, une ouverture hyper glamour avec la projection de Duelles, d&rsquo;Olivier Masset-Depasse, l&rsquo;occasion pour le public de rencontrer le r\u00e9alisateur et son h\u00e9ro\u00efne, Anne Coesens, invit\u00e9s &hellip;\" \/>\n<meta property=\"og:url\" content=\"https:\/\/w-l-c.be\/fr\/moustier-fete-le-cinema-belge\/\" \/>\n<meta property=\"og:site_name\" content=\"w-l-c\" \/>\n<meta property=\"article:published_time\" content=\"2019-03-11T11:29:11+00:00\" \/>\n<meta property=\"article:modified_time\" content=\"2019-03-11T11:30:19+00:00\" \/>\n<meta property=\"og:image\" content=\"https:\/\/w-l-c.be\/wp-content\/uploads\/2019\/03\/Moustier.jpg\" \/>\n\t<meta property=\"og:image:width\" content=\"640\" \/>\n\t<meta property=\"og:image:height\" content=\"360\" \/>\n\t<meta property=\"og:image:type\" content=\"image\/jpeg\" \/>\n<meta name=\"author\" content=\"Aurore Engelen\" \/>\n<meta name=\"twitter:card\" content=\"summary_large_image\" \/>\n<meta name=\"twitter:label1\" content=\"\u00c9crit par\" \/>\n\t<meta name=\"twitter:data1\" content=\"Aurore Engelen\" \/>\n\t<meta name=\"twitter:label2\" content=\"Dur\u00e9e de lecture estim\u00e9e\" \/>\n\t<meta name=\"twitter:data2\" content=\"2 minutes\" \/>\n<script type=\"application\/ld+json\" class=\"yoast-schema-graph\">{\"@context\":\"https:\/\/schema.org\",\"@graph\":[{\"@type\":\"WebPage\",\"@id\":\"https:\/\/w-l-c.be\/fr\/moustier-fete-le-cinema-belge\/\",\"url\":\"https:\/\/w-l-c.be\/fr\/moustier-fete-le-cinema-belge\/\",\"name\":\"Moustier f\u00eate le cin\u00e9ma belge! - w-l-c\",\"isPartOf\":{\"@id\":\"https:\/\/w-l-c.be\/fr\/#website\"},\"datePublished\":\"2019-03-11T11:29:11+00:00\",\"dateModified\":\"2019-03-11T11:30:19+00:00\",\"author\":{\"@id\":\"https:\/\/w-l-c.be\/fr\/#\/schema\/person\/8084b68c6b176142d073695c654dc7cf\"},\"breadcrumb\":{\"@id\":\"https:\/\/w-l-c.be\/fr\/moustier-fete-le-cinema-belge\/#breadcrumb\"},\"inLanguage\":\"fr-FR\",\"potentialAction\":[{\"@type\":\"ReadAction\",\"target\":[\"https:\/\/w-l-c.be\/fr\/moustier-fete-le-cinema-belge\/\"]}]},{\"@type\":\"BreadcrumbList\",\"@id\":\"https:\/\/w-l-c.be\/fr\/moustier-fete-le-cinema-belge\/#breadcrumb\",\"itemListElement\":[{\"@type\":\"ListItem\",\"position\":1,\"name\":\"Accueil\",\"item\":\"https:\/\/w-l-c.be\/fr\/\"},{\"@type\":\"ListItem\",\"position\":2,\"name\":\"Moustier f\u00eate le cin\u00e9ma belge!\"}]},{\"@type\":\"WebSite\",\"@id\":\"https:\/\/w-l-c.be\/fr\/#website\",\"url\":\"https:\/\/w-l-c.be\/fr\/\",\"name\":\"w-l-c\",\"description\":\"Le cin\u00e9ma vu par les belges\",\"potentialAction\":[{\"@type\":\"SearchAction\",\"target\":{\"@type\":\"EntryPoint\",\"urlTemplate\":\"https:\/\/w-l-c.be\/fr\/?s={search_term_string}\"},\"query-input\":\"required name=search_term_string\"}],\"inLanguage\":\"fr-FR\"},{\"@type\":\"Person\",\"@id\":\"https:\/\/w-l-c.be\/fr\/#\/schema\/person\/8084b68c6b176142d073695c654dc7cf\",\"name\":\"Aurore Engelen\",\"url\":\"https:\/\/w-l-c.be\/fr\/author\/aurore-engelen\/\"}]}<\/script>\n<!-- \/ Yoast SEO plugin. -->","yoast_head_json":{"title":"Moustier f\u00eate le cin\u00e9ma belge! - w-l-c","robots":{"index":"noindex","follow":"follow","max-snippet":"max-snippet:-1","max-image-preview":"max-image-preview:large","max-video-preview":"max-video-preview:-1"},"og_locale":"fr_FR","og_type":"article","og_title":"Moustier f\u00eate le cin\u00e9ma belge! - w-l-c","og_description":"Le Festival du Cin\u00e9ma belge de Moustier revient d\u00e8s ce soir pour sa 31e (!) \u00e9dition, toujours aussi passionn\u00e9e par le cin\u00e9ma du Plat Pays. Au programme de cette \u00e9dition, une ouverture hyper glamour avec la projection de Duelles, d&rsquo;Olivier Masset-Depasse, l&rsquo;occasion pour le public de rencontrer le r\u00e9alisateur et son h\u00e9ro\u00efne, Anne Coesens, invit\u00e9s &hellip;","og_url":"https:\/\/w-l-c.be\/fr\/moustier-fete-le-cinema-belge\/","og_site_name":"w-l-c","article_published_time":"2019-03-11T11:29:11+00:00","article_modified_time":"2019-03-11T11:30:19+00:00","og_image":[{"width":640,"height":360,"url":"https:\/\/w-l-c.be\/wp-content\/uploads\/2019\/03\/Moustier.jpg","type":"image\/jpeg"}],"author":"Aurore Engelen","twitter_card":"summary_large_image","twitter_misc":{"\u00c9crit par":"Aurore Engelen","Dur\u00e9e de lecture estim\u00e9e":"2 minutes"},"schema":{"@context":"https:\/\/schema.org","@graph":[{"@type":"WebPage","@id":"https:\/\/w-l-c.be\/fr\/moustier-fete-le-cinema-belge\/","url":"https:\/\/w-l-c.be\/fr\/moustier-fete-le-cinema-belge\/","name":"Moustier f\u00eate le cin\u00e9ma belge! - w-l-c","isPartOf":{"@id":"https:\/\/w-l-c.be\/fr\/#website"},"datePublished":"2019-03-11T11:29:11+00:00","dateModified":"2019-03-11T11:30:19+00:00","author":{"@id":"https:\/\/w-l-c.be\/fr\/#\/schema\/person\/8084b68c6b176142d073695c654dc7cf"},"breadcrumb":{"@id":"https:\/\/w-l-c.be\/fr\/moustier-fete-le-cinema-belge\/#breadcrumb"},"inLanguage":"fr-FR","potentialAction":[{"@type":"ReadAction","target":["https:\/\/w-l-c.be\/fr\/moustier-fete-le-cinema-belge\/"]}]},{"@type":"BreadcrumbList","@id":"https:\/\/w-l-c.be\/fr\/moustier-fete-le-cinema-belge\/#breadcrumb","itemListElement":[{"@type":"ListItem","position":1,"name":"Accueil","item":"https:\/\/w-l-c.be\/fr\/"},{"@type":"ListItem","position":2,"name":"Moustier f\u00eate le cin\u00e9ma belge!"}]},{"@type":"WebSite","@id":"https:\/\/w-l-c.be\/fr\/#website","url":"https:\/\/w-l-c.be\/fr\/","name":"w-l-c","description":"Le cin\u00e9ma vu par les belges","potentialAction":[{"@type":"SearchAction","target":{"@type":"EntryPoint","urlTemplate":"https:\/\/w-l-c.be\/fr\/?s={search_term_string}"},"query-input":"required name=search_term_string"}],"inLanguage":"fr-FR"},{"@type":"Person","@id":"https:\/\/w-l-c.be\/fr\/#\/schema\/person\/8084b68c6b176142d073695c654dc7cf","name":"Aurore Engelen","url":"https:\/\/w-l-c.be\/fr\/author\/aurore-engelen\/"}]}},"_links":{"self":[{"href":"https:\/\/w-l-c.be\/fr\/wp-json\/wp\/v2\/posts\/218007","targetHints":{"allow":["GET"]}}],"collection":[{"href":"https:\/\/w-l-c.be\/fr\/wp-json\/wp\/v2\/posts"}],"about":[{"href":"https:\/\/w-l-c.be\/fr\/wp-json\/wp\/v2\/types\/post"}],"author":[{"embeddable":true,"href":"https:\/\/w-l-c.be\/fr\/wp-json\/wp\/v2\/users\/343"}],"replies":[{"embeddable":true,"href":"https:\/\/w-l-c.be\/fr\/wp-json\/wp\/v2\/comments?post=218007"}],"version-history":[{"count":0,"href":"https:\/\/w-l-c.be\/fr\/wp-json\/wp\/v2\/posts\/218007\/revisions"}],"wp:featuredmedia":[{"embeddable":true,"href":"https:\/\/w-l-c.be\/fr\/wp-json\/wp\/v2\/media\/217805"}],"wp:attachment":[{"href":"https:\/\/w-l-c.be\/fr\/wp-json\/wp\/v2\/media?parent=218007"}],"wp:term":[{"taxonomy":"category","embeddable":true,"href":"https:\/\/w-l-c.be\/fr\/wp-json\/wp\/v2\/categories?post=218007"},{"taxonomy":"post_tag","embeddable":true,"href":"https:\/\/w-l-c.be\/fr\/wp-json\/wp\/v2\/tags?post=218007"}],"curies":[{"name":"wp","href":"https:\/\/api.w.org\/{rel}","templated":true}]}}