
{"id":219584,"date":"2019-05-07T13:19:37","date_gmt":"2019-05-07T11:19:37","guid":{"rendered":"https:\/\/www.cinevox.be\/?p=219584"},"modified":"2019-05-07T13:19:37","modified_gmt":"2019-05-07T11:19:37","slug":"une-belge-en-cloture-du-festival-de-cannes","status":"publish","type":"post","link":"https:\/\/w-l-c.be\/fr\/une-belge-en-cloture-du-festival-de-cannes\/","title":{"rendered":"Une Belge en cl\u00f4ture du Festival de Cannes!"},"content":{"rendered":"<p><strong>Le Festival de Cannes a r\u00e9v\u00e9l\u00e9 hier le nom de son film de cl\u00f4ture, que l&rsquo;on appellera d\u00e9sormais la Derni\u00e8re S\u00e9ance. Et surprise surprise, on retrouvera Mara Taquin, jeune com\u00e9dienne belge, sur les Marches et au g\u00e9n\u00e9rique de <em>Hors norme<\/em>, le nouveau film du duo form\u00e9 par Olivier Nakache et Eric Toledano, auteurs, excusez du peu des cartons populaires que furent <em>Intouchables<\/em> et <em>Le Sens de la f\u00eate<\/em>.<\/strong><\/p>\n<p><i>Hors Normes<\/i> est une com\u00e9die sociale qui renouvelle, comme \u00e0 chacun de leurs films, l\u2019univers de Nakache et Toledano. Vincent Cassel et Reda Kateb y accompagnent de nombreux acteurs non professionnels et jeunes ados autistes. La mise en sc\u00e8ne met tous les personnages au m\u00eame niveau dans une \u0153uvre qui \u00e9voque avec acuit\u00e9 le social et le contemporain, o\u00f9 le monde collectif est \u00e0 nouveau au c\u0153ur du film : ici celui des travailleurs sociaux, des b\u00e9n\u00e9voles et des professionnels de la sant\u00e9 qui se battent pour accompagner les adolescents autistes. Comme \u00e0 leur habitude, les deux cin\u00e9astes ne l\u00e9sinent pas avec l\u2019amour de l\u2019humanit\u00e9, la croyance dans la vie de groupe et l\u2019humour comme premier et ultime rempart des rapports humains.<\/p>\n<p>La com\u00e9dienne Mara Taquin y interpr\u00e8te le r\u00f4le de Morgane, une jeune \u00e9ducatrice. Si son nom ne vous dit (peut-\u00eatre) rien, vous avez surement d\u00e9j\u00e0 vu Mara Taquin sur le petit ou le grand \u00e9cran. A l&rsquo;affiche de nombreux courts m\u00e9trages belges (et notamment <em>Iris apr\u00e8s la nuit<\/em> de Gabriel Vanderpas, <em>Dispersion<\/em> de Nikita Trocki, ou encore <em>Avenue Louise<\/em> de Thierry Dory en comp\u00e9tition lors du dernier Brussels Short Film Festival), elle figure \u00e9galement au casting de la deuxi\u00e8me saison d&rsquo;<em>Ennemi Public<\/em>, elle est l&rsquo;un des membres de la secte entretenue par le Marchand de Jouet. Gilles de Voghel, l&rsquo;un des auteurs de la s\u00e9rie, soulignait d&rsquo;ailleurs sa performance lors d&rsquo;<a href=\"https:\/\/www.cinevox.be\/fr\/ennemi-public-dans-le-fond-cest-un-western-rencontre-avec-les-auteurs-de-la-serie\/\">une r\u00e9cente interview<\/a>.<\/p>\n<figure id=\"attachment_219587\" aria-describedby=\"caption-attachment-219587\" style=\"width: 618px\" class=\"wp-caption alignnone\"><img loading=\"lazy\" decoding=\"async\" class=\"size-large wp-image-219587\" src=\"https:\/\/www.cinevox.be\/wp-content\/uploads\/2019\/05\/IrisApresLaNuit-800x340.jpg\" alt=\"\" width=\"618\" height=\"263\" srcset=\"https:\/\/w-l-c.be\/wp-content\/uploads\/2019\/05\/IrisApresLaNuit-800x340.jpg 800w, https:\/\/w-l-c.be\/wp-content\/uploads\/2019\/05\/IrisApresLaNuit-480x204.jpg 480w, https:\/\/w-l-c.be\/wp-content\/uploads\/2019\/05\/IrisApresLaNuit-768x326.jpg 768w, https:\/\/w-l-c.be\/wp-content\/uploads\/2019\/05\/IrisApresLaNuit.jpg 888w\" sizes=\"auto, (max-width: 618px) 100vw, 618px\" \/><figcaption id=\"caption-attachment-219587\" class=\"wp-caption-text\">Dans \u00ab\u00a0Iris apr\u00e8s la nuit\u00a0\u00bb de Gabriel Vanderpas<\/figcaption><\/figure>\n<p>On la retrouvera bient\u00f4t sur le grand \u00e9cran, puisqu&rsquo;elle jouera cet \u00e9t\u00e9 dans <em>La Ruche<\/em>, premier long m\u00e9trage de Christophe Hermans, aux c\u00f4t\u00e9s de Sophie Breyer, autre jeune espoir du cin\u00e9ma belge d\u00e9couverte quant \u00e0 elle dans <em>La Tr\u00eave<\/em>!<\/p>\n<p>On la d\u00e9couvrera en salles le 23 octobre prochain, date de sortie de Hors norme en Belgique, et qui sait, peut-\u00eatre avant \u00e7a au Festival de Namur!<\/p>\n<p>&nbsp;<\/p>\n","protected":false},"excerpt":{"rendered":"<p>Le Festival de Cannes a r\u00e9v\u00e9l\u00e9 hier le nom de son film de cl\u00f4ture, que l&rsquo;on appellera d\u00e9sormais la Derni\u00e8re S\u00e9ance. Et surprise surprise, on retrouvera Mara Taquin, jeune com\u00e9dienne belge, sur les Marches et au g\u00e9n\u00e9rique de Hors norme, le nouveau film du duo form\u00e9 par Olivier Nakache et Eric Toledano, auteurs, excusez du &hellip;<\/p>\n","protected":false},"author":343,"featured_media":219585,"comment_status":"closed","ping_status":"closed","sticky":false,"template":"","format":"standard","meta":{"ngg_post_thumbnail":0,"footnotes":""},"categories":[1923],"tags":[4257,4256,4255],"class_list":["post-219584","post","type-post","status-publish","format-standard","has-post-thumbnail","","category-en-bref","tag-festival-de-cannes","tag-hors-norme","tag-mara-taquin"],"yoast_head":"<!-- This site is optimized with the Yoast SEO plugin v20.4 - https:\/\/yoast.com\/wordpress\/plugins\/seo\/ -->\n<title>Une Belge en cl\u00f4ture du Festival de Cannes! - w-l-c<\/title>\n<meta name=\"robots\" content=\"noindex, follow, max-snippet:-1, max-image-preview:large, max-video-preview:-1\" \/>\n<meta property=\"og:locale\" content=\"fr_FR\" \/>\n<meta property=\"og:type\" content=\"article\" \/>\n<meta property=\"og:title\" content=\"Une Belge en cl\u00f4ture du Festival de Cannes! - w-l-c\" \/>\n<meta property=\"og:description\" content=\"Le Festival de Cannes a r\u00e9v\u00e9l\u00e9 hier le nom de son film de cl\u00f4ture, que l&rsquo;on appellera d\u00e9sormais la Derni\u00e8re S\u00e9ance. Et surprise surprise, on retrouvera Mara Taquin, jeune com\u00e9dienne belge, sur les Marches et au g\u00e9n\u00e9rique de Hors norme, le nouveau film du duo form\u00e9 par Olivier Nakache et Eric Toledano, auteurs, excusez du &hellip;\" \/>\n<meta property=\"og:url\" content=\"https:\/\/w-l-c.be\/fr\/une-belge-en-cloture-du-festival-de-cannes\/\" \/>\n<meta property=\"og:site_name\" content=\"w-l-c\" \/>\n<meta property=\"article:published_time\" content=\"2019-05-07T11:19:37+00:00\" \/>\n<meta property=\"og:image\" content=\"https:\/\/w-l-c.be\/wp-content\/uploads\/2019\/05\/Sans-titre.jpg\" \/>\n\t<meta property=\"og:image:width\" content=\"1200\" \/>\n\t<meta property=\"og:image:height\" content=\"658\" \/>\n\t<meta property=\"og:image:type\" content=\"image\/jpeg\" \/>\n<meta name=\"author\" content=\"Aurore Engelen\" \/>\n<meta name=\"twitter:card\" content=\"summary_large_image\" \/>\n<meta name=\"twitter:label1\" content=\"\u00c9crit par\" \/>\n\t<meta name=\"twitter:data1\" content=\"Aurore Engelen\" \/>\n\t<meta name=\"twitter:label2\" content=\"Dur\u00e9e de lecture estim\u00e9e\" \/>\n\t<meta name=\"twitter:data2\" content=\"2 minutes\" \/>\n<script type=\"application\/ld+json\" class=\"yoast-schema-graph\">{\"@context\":\"https:\/\/schema.org\",\"@graph\":[{\"@type\":\"WebPage\",\"@id\":\"https:\/\/w-l-c.be\/fr\/une-belge-en-cloture-du-festival-de-cannes\/\",\"url\":\"https:\/\/w-l-c.be\/fr\/une-belge-en-cloture-du-festival-de-cannes\/\",\"name\":\"Une Belge en cl\u00f4ture du Festival de Cannes! - w-l-c\",\"isPartOf\":{\"@id\":\"https:\/\/w-l-c.be\/fr\/#website\"},\"datePublished\":\"2019-05-07T11:19:37+00:00\",\"dateModified\":\"2019-05-07T11:19:37+00:00\",\"author\":{\"@id\":\"https:\/\/w-l-c.be\/fr\/#\/schema\/person\/8084b68c6b176142d073695c654dc7cf\"},\"breadcrumb\":{\"@id\":\"https:\/\/w-l-c.be\/fr\/une-belge-en-cloture-du-festival-de-cannes\/#breadcrumb\"},\"inLanguage\":\"fr-FR\",\"potentialAction\":[{\"@type\":\"ReadAction\",\"target\":[\"https:\/\/w-l-c.be\/fr\/une-belge-en-cloture-du-festival-de-cannes\/\"]}]},{\"@type\":\"BreadcrumbList\",\"@id\":\"https:\/\/w-l-c.be\/fr\/une-belge-en-cloture-du-festival-de-cannes\/#breadcrumb\",\"itemListElement\":[{\"@type\":\"ListItem\",\"position\":1,\"name\":\"Accueil\",\"item\":\"https:\/\/w-l-c.be\/fr\/\"},{\"@type\":\"ListItem\",\"position\":2,\"name\":\"Une Belge en cl\u00f4ture du Festival de Cannes!\"}]},{\"@type\":\"WebSite\",\"@id\":\"https:\/\/w-l-c.be\/fr\/#website\",\"url\":\"https:\/\/w-l-c.be\/fr\/\",\"name\":\"w-l-c\",\"description\":\"Le cin\u00e9ma vu par les belges\",\"potentialAction\":[{\"@type\":\"SearchAction\",\"target\":{\"@type\":\"EntryPoint\",\"urlTemplate\":\"https:\/\/w-l-c.be\/fr\/?s={search_term_string}\"},\"query-input\":\"required name=search_term_string\"}],\"inLanguage\":\"fr-FR\"},{\"@type\":\"Person\",\"@id\":\"https:\/\/w-l-c.be\/fr\/#\/schema\/person\/8084b68c6b176142d073695c654dc7cf\",\"name\":\"Aurore Engelen\",\"url\":\"https:\/\/w-l-c.be\/fr\/author\/aurore-engelen\/\"}]}<\/script>\n<!-- \/ Yoast SEO plugin. -->","yoast_head_json":{"title":"Une Belge en cl\u00f4ture du Festival de Cannes! - w-l-c","robots":{"index":"noindex","follow":"follow","max-snippet":"max-snippet:-1","max-image-preview":"max-image-preview:large","max-video-preview":"max-video-preview:-1"},"og_locale":"fr_FR","og_type":"article","og_title":"Une Belge en cl\u00f4ture du Festival de Cannes! - w-l-c","og_description":"Le Festival de Cannes a r\u00e9v\u00e9l\u00e9 hier le nom de son film de cl\u00f4ture, que l&rsquo;on appellera d\u00e9sormais la Derni\u00e8re S\u00e9ance. Et surprise surprise, on retrouvera Mara Taquin, jeune com\u00e9dienne belge, sur les Marches et au g\u00e9n\u00e9rique de Hors norme, le nouveau film du duo form\u00e9 par Olivier Nakache et Eric Toledano, auteurs, excusez du &hellip;","og_url":"https:\/\/w-l-c.be\/fr\/une-belge-en-cloture-du-festival-de-cannes\/","og_site_name":"w-l-c","article_published_time":"2019-05-07T11:19:37+00:00","og_image":[{"width":1200,"height":658,"url":"https:\/\/w-l-c.be\/wp-content\/uploads\/2019\/05\/Sans-titre.jpg","type":"image\/jpeg"}],"author":"Aurore Engelen","twitter_card":"summary_large_image","twitter_misc":{"\u00c9crit par":"Aurore Engelen","Dur\u00e9e de lecture estim\u00e9e":"2 minutes"},"schema":{"@context":"https:\/\/schema.org","@graph":[{"@type":"WebPage","@id":"https:\/\/w-l-c.be\/fr\/une-belge-en-cloture-du-festival-de-cannes\/","url":"https:\/\/w-l-c.be\/fr\/une-belge-en-cloture-du-festival-de-cannes\/","name":"Une Belge en cl\u00f4ture du Festival de Cannes! - w-l-c","isPartOf":{"@id":"https:\/\/w-l-c.be\/fr\/#website"},"datePublished":"2019-05-07T11:19:37+00:00","dateModified":"2019-05-07T11:19:37+00:00","author":{"@id":"https:\/\/w-l-c.be\/fr\/#\/schema\/person\/8084b68c6b176142d073695c654dc7cf"},"breadcrumb":{"@id":"https:\/\/w-l-c.be\/fr\/une-belge-en-cloture-du-festival-de-cannes\/#breadcrumb"},"inLanguage":"fr-FR","potentialAction":[{"@type":"ReadAction","target":["https:\/\/w-l-c.be\/fr\/une-belge-en-cloture-du-festival-de-cannes\/"]}]},{"@type":"BreadcrumbList","@id":"https:\/\/w-l-c.be\/fr\/une-belge-en-cloture-du-festival-de-cannes\/#breadcrumb","itemListElement":[{"@type":"ListItem","position":1,"name":"Accueil","item":"https:\/\/w-l-c.be\/fr\/"},{"@type":"ListItem","position":2,"name":"Une Belge en cl\u00f4ture du Festival de Cannes!"}]},{"@type":"WebSite","@id":"https:\/\/w-l-c.be\/fr\/#website","url":"https:\/\/w-l-c.be\/fr\/","name":"w-l-c","description":"Le cin\u00e9ma vu par les belges","potentialAction":[{"@type":"SearchAction","target":{"@type":"EntryPoint","urlTemplate":"https:\/\/w-l-c.be\/fr\/?s={search_term_string}"},"query-input":"required name=search_term_string"}],"inLanguage":"fr-FR"},{"@type":"Person","@id":"https:\/\/w-l-c.be\/fr\/#\/schema\/person\/8084b68c6b176142d073695c654dc7cf","name":"Aurore Engelen","url":"https:\/\/w-l-c.be\/fr\/author\/aurore-engelen\/"}]}},"_links":{"self":[{"href":"https:\/\/w-l-c.be\/fr\/wp-json\/wp\/v2\/posts\/219584","targetHints":{"allow":["GET"]}}],"collection":[{"href":"https:\/\/w-l-c.be\/fr\/wp-json\/wp\/v2\/posts"}],"about":[{"href":"https:\/\/w-l-c.be\/fr\/wp-json\/wp\/v2\/types\/post"}],"author":[{"embeddable":true,"href":"https:\/\/w-l-c.be\/fr\/wp-json\/wp\/v2\/users\/343"}],"replies":[{"embeddable":true,"href":"https:\/\/w-l-c.be\/fr\/wp-json\/wp\/v2\/comments?post=219584"}],"version-history":[{"count":0,"href":"https:\/\/w-l-c.be\/fr\/wp-json\/wp\/v2\/posts\/219584\/revisions"}],"wp:featuredmedia":[{"embeddable":true,"href":"https:\/\/w-l-c.be\/fr\/wp-json\/wp\/v2\/media\/219585"}],"wp:attachment":[{"href":"https:\/\/w-l-c.be\/fr\/wp-json\/wp\/v2\/media?parent=219584"}],"wp:term":[{"taxonomy":"category","embeddable":true,"href":"https:\/\/w-l-c.be\/fr\/wp-json\/wp\/v2\/categories?post=219584"},{"taxonomy":"post_tag","embeddable":true,"href":"https:\/\/w-l-c.be\/fr\/wp-json\/wp\/v2\/tags?post=219584"}],"curies":[{"name":"wp","href":"https:\/\/api.w.org\/{rel}","templated":true}]}}