
{"id":219619,"date":"2019-05-08T15:56:37","date_gmt":"2019-05-08T13:56:37","guid":{"rendered":"https:\/\/www.cinevox.be\/?p=219619"},"modified":"2019-05-10T10:16:29","modified_gmt":"2019-05-10T08:16:29","slug":"sur-le-tournage-de-fils-de-plouc","status":"publish","type":"post","link":"https:\/\/w-l-c.be\/fr\/sur-le-tournage-de-fils-de-plouc\/","title":{"rendered":"Sur le tournage de&#8230; \u00ab\u00a0Fils de Plouc\u00a0\u00bb"},"content":{"rendered":"<p><strong>Passage \u00e9clair sur le tournage de <em>Fils de plouc<\/em>, premier long m\u00e9trage de Lenny et Harpo Guit, tourn\u00e9 en avril dernier \u00e0 Bruxelles.\u00a0<\/strong><\/p>\n<h4>Le contexte<\/h4>\n<p>Bruxelles, le 28 avril 2019. 15 jours d\u00e9j\u00e0 que l&rsquo;\u00e9quipe de <em>Fils de Plouc<\/em> a d\u00e9but\u00e9 le tournage du premier long m\u00e9trage des fr\u00e8res Guit. Un tournage express et \u00e0 haute teneur \u00e9nerg\u00e9tique, puisqu&rsquo;il ne reste que trois jours pour boucler le projet. Autant dire que tout le monde met les bouch\u00e9es doubles pour tout faire entrer, m\u00eame au chausse-pied, dans le planning.<\/p>\n<p>Si le timing est si serr\u00e9, c&rsquo;est que <em>Fils de plouc<\/em> est le premier projet issu de l&rsquo;appel \u00e0 projet du Centre du Cin\u00e9ma destin\u00e9 aux films \u00e0 production l\u00e9g\u00e8re \u00e0 entrer en tournage (voir nos articles \u00e0 ce sujet <a href=\"https:\/\/www.cinevox.be\/fr\/nouvelle-opportunite-jeunes-realisateurs-trices-4-productions-legeres-soutenues-centre-cinema\/\">ici<\/a> et <a href=\"https:\/\/www.cinevox.be\/fr\/casting-de-luxe-pour-productions-legeres\/\">ici<\/a>).<\/p>\n<p class=\"p1\"><span class=\"s1\"><em>\u00ab\u00a0On est ici dans un format de production qui ressemble fort \u00e0 un format de s\u00e9rie, on tourne 5 \u00e0 6 minutes utiles par jour, un<span class=\"Apple-converted-space\">\u00a0 <\/span>rythme assez effr\u00e9n\u00e9,<\/em> nous explique le producteur, David Borgeaud. <\/span><em><span class=\"s1\">Mais ce rythme impos\u00e9 par des contraintes financi\u00e8res nous donne beaucoup de libert\u00e9 dans la fa\u00e7on de mettre les choses en place.\u00a0<\/span><span class=\"s1\">En tant que producteurs, on doit satisfaire leurs exigences en terme de d\u00e9co, costumes, etc, les laisser aller au bout de leurs intentions, tout en maitrisant le budget. C\u2019est beaucoup de travail de pr\u00e9paration surtout. Mais f<\/span><span class=\"s1\">inalement, la plus grande contrainte, c\u2019est le calendrier, car il faut boucler le film en deux ans\u2026\u00a0\u00bb<\/span><\/em><\/p>\n<figure id=\"attachment_219629\" aria-describedby=\"caption-attachment-219629\" style=\"width: 618px\" class=\"wp-caption alignnone\"><img loading=\"lazy\" decoding=\"async\" class=\"wp-image-219629 size-large\" src=\"https:\/\/www.cinevox.be\/wp-content\/uploads\/2019\/05\/Fils-de-plouc-cedric-bourgeois-2-800x533.jpg\" alt=\"Fils-de-plouc-cedric-bourgeois-2\" width=\"618\" height=\"412\" srcset=\"https:\/\/w-l-c.be\/wp-content\/uploads\/2019\/05\/Fils-de-plouc-cedric-bourgeois-2-800x533.jpg 800w, https:\/\/w-l-c.be\/wp-content\/uploads\/2019\/05\/Fils-de-plouc-cedric-bourgeois-2-405x270.jpg 405w, https:\/\/w-l-c.be\/wp-content\/uploads\/2019\/05\/Fils-de-plouc-cedric-bourgeois-2-768x512.jpg 768w\" sizes=\"auto, (max-width: 618px) 100vw, 618px\" \/><figcaption id=\"caption-attachment-219629\" class=\"wp-caption-text\">Tout le monde au combo. Avec le pull jaune, Lenny Guit.<\/figcaption><\/figure>\n<p>&nbsp;<\/p>\n<p>Un moyen aussi pour Roue Libre Production (\u00e0 qui l&rsquo;on doit notamment la web-s\u00e9rie \u00e0 succ\u00e8s <em>La Th\u00e9orie du Y<\/em> &#8211; dont la 2e saison est actuellement en tournage -, ou encore le court m\u00e9trage <em>Kapitalistis<\/em> de Pablo Munoz Gomez, prim\u00e9 dans le monde entier), de passer en douceur le cap du premier long m\u00e9trage.<\/p>\n<p>De leurs c\u00f4t\u00e9s, les deux r\u00e9alisateurs ont l&rsquo;air enti\u00e8rement satisfaits des conditions de production: <em>\u00ab\u00a0<span class=\"s1\">On travaille avec tous les gens avec lesquels on a toujours travaill\u00e9, mais cette fois-ci\u2026 produits et pay\u00e9s!\u00a0\u00bb <\/span><\/em><span class=\"s1\">Pour mieux comprendre, penchons-nous un peu sur leurs parcours&#8230;<\/span><\/p>\n<h4><\/h4>\n<h4>Lenny &amp; Harpo, Harpo &amp; Lenny<\/h4>\n<p>Les fr\u00e8res Guit sont parisiens, mais ont d\u00e9barqu\u00e9 \u00e0 Bruxelles il y a quelques ann\u00e9es pour suivre leurs \u00e9tudes, de cin\u00e9ma en montage\/scripte \u00e0 l&rsquo;IAD pour Lenny, et en th\u00e9\u00e2tre au Conservatoire d&rsquo;Art Dramatique pour Harpo (qui interpr\u00e8te d&rsquo;ailleurs l&rsquo;un des deux fr\u00e8res dans le film). Leur p\u00e8re, qui travaille lui aussi dans l&rsquo;audiovisuel, les a biberonn\u00e9s au cin\u00e9ma, r\u00e9sultat des courses, les deux fr\u00e8res r\u00e9alisent de petits films depuis leur plus tendre enfance, faits de bric et de broc, et en parfaits autodidactes. Avec la formation viennent des courts m\u00e9trages un peu plus \u00e9tudi\u00e9s, qui tournent en festival.<\/p>\n<figure id=\"attachment_219623\" aria-describedby=\"caption-attachment-219623\" style=\"width: 618px\" class=\"wp-caption alignnone\"><img loading=\"lazy\" decoding=\"async\" class=\"size-large wp-image-219623\" src=\"https:\/\/www.cinevox.be\/wp-content\/uploads\/2019\/05\/Fils-de-plouc-cedric-bourgeois-1-800x533.jpg\" alt=\"Fils-de-plouc-cedric-bourgeois-1\" width=\"618\" height=\"412\" srcset=\"https:\/\/w-l-c.be\/wp-content\/uploads\/2019\/05\/Fils-de-plouc-cedric-bourgeois-1-800x533.jpg 800w, https:\/\/w-l-c.be\/wp-content\/uploads\/2019\/05\/Fils-de-plouc-cedric-bourgeois-1-405x270.jpg 405w, https:\/\/w-l-c.be\/wp-content\/uploads\/2019\/05\/Fils-de-plouc-cedric-bourgeois-1-768x512.jpg 768w\" sizes=\"auto, (max-width: 618px) 100vw, 618px\" \/><figcaption id=\"caption-attachment-219623\" class=\"wp-caption-text\">\u00ab\u00a0Fils de plouc\u00a0\u00bb de Lenny et Harpo Guit &#8211; Roue Libre Production &#8211; Photo: C\u00e9dric Bourgeois<\/figcaption><\/figure>\n<p>&nbsp;<\/p>\n<p class=\"p1\"><span class=\"s1\"><em>\u00ab\u00a0On se dit qu\u2019on n\u2019est pas faits pour faire du cin\u00e9ma de fa\u00e7on classique, du coup ce format nous convient bien. Et on n\u2019a rien \u00e0 perdre!\u00a0\u00bb<\/em> Cet appel, c&rsquo;\u00e9tait l&rsquo;occasion id\u00e9ale de passer au long, finalement&#8230;<\/span><\/p>\n<p class=\"p1\"><em><span class=\"s1\">\u00ab\u00a0On adore les buddy movies, ce ressort comique qui consiste \u00e0 \u00ab coller \u00bb deux personnages que tout oppose l\u2019un \u00e0 l\u2019autre et on s\u2019est demand\u00e9 ce qui pourrait justifier que nos deux personnages soient toujours fourr\u00e9s l\u2019un avec l\u2019autre, alors qu\u2019ils se d\u00e9testent. Il nous fallait deux fr\u00e8res, \u00e9videmment.\u00a0\u00bb\u00a0<\/span><\/em><\/p>\n<p class=\"p1\"><span class=\"s1\">Quand on leur demande quelles sont leurs inspirations, ils citent en vrac les com\u00e9dies am\u00e9ricaines r\u00e9centes, Judd Appatow, Adam McKay, mais aussi les com\u00e9dies italiennes des ann\u00e9es 60\/70 comme <em>Les Monstres<\/em> de Dino Risi ou <em>Affreux, Sales et M\u00e9chants<\/em> d&rsquo;Ettore Scola, ou encore les s\u00e9ries britanniques comme <em>The Office<\/em> qui a r\u00e9v\u00e9l\u00e9 Ricky Gervais. <\/span><\/p>\n<p class=\"p1\"><span class=\"s1\">Un humour volontiers grossier (<em>\u00ab\u00a0mais jamais vulgaire comme disait Depardieu qui citait Coluche\u00a0\u00bb<\/em>), pourquoi pas trash, et surtout, qui ose tout. <em>\u00ab\u00a0En \u00e9crivant, on se disait que la sc\u00e8ne d\u2019apr\u00e8s devait toujours \u00eatre pire que la pr\u00e9c\u00e9dente, ce qui a entrain\u00e9 une sorte d\u2019escalade, voire de surench\u00e8re.\u00a0\u00bb<\/em><\/span><\/p>\n<p class=\"p1\"><span class=\"s1\"><em>\u00ab\u00a0C\u2019est tr\u00e8s amusant et en m\u00eame temps tout \u00e0 fait d\u00e9routant d\u2019entrer dans leur univers. On a souvent le sentiment qu\u2019ils vont un cran trop loin dans l\u2019exc\u00e8s, et pourtant \u00e7a marche \u00e0 chaque fois!\u00a0\u00bb<\/em> rench\u00e9rit leur producteur, David Borgeaud.\u00a0<\/span><\/p>\n<h4><\/h4>\n<h4>Mais de quoi \u00e7a parle, finalement ?<\/h4>\n<p><em>Fils de plouc<\/em>, c&rsquo;est vingt-quatre heures dans la vie de deux fr\u00e8res affreux, sales et m\u00e9chants qui ne font que des conneries. Livr\u00e9s \u00e0 eux-m\u00eames, ils vont encha\u00eener les rencontres \u00e9tranges avec, pour seule arme, un instinct de survie hors du commun. Ca c&rsquo;est le synopsis officiel.<\/p>\n<p>Quand il s&rsquo;agit de pitcher le film, les deux fr\u00e8res se d\u00e9robent, et confient la t\u00e2che \u00e0 l&rsquo;un de leurs com\u00e9diens, Tom Adjibi (vu dans <em>Deux jours, une nuit, Je me tue \u00e0 le dire<\/em> ou <em>May Day<\/em>), qui joue Diego, un musicien qui r\u00eave de tourner des clips \u00e0 la PNL pour percer dans le milieu.<\/p>\n<figure id=\"attachment_219625\" aria-describedby=\"caption-attachment-219625\" style=\"width: 618px\" class=\"wp-caption alignnone\"><img loading=\"lazy\" decoding=\"async\" class=\"size-large wp-image-219625\" src=\"https:\/\/www.cinevox.be\/wp-content\/uploads\/2019\/05\/IMG_7498-800x600.jpeg\" alt=\"\" width=\"618\" height=\"464\" srcset=\"https:\/\/w-l-c.be\/wp-content\/uploads\/2019\/05\/IMG_7498-800x600.jpeg 800w, https:\/\/w-l-c.be\/wp-content\/uploads\/2019\/05\/IMG_7498-360x270.jpeg 360w, https:\/\/w-l-c.be\/wp-content\/uploads\/2019\/05\/IMG_7498-768x576.jpeg 768w\" sizes=\"auto, (max-width: 618px) 100vw, 618px\" \/><figcaption id=\"caption-attachment-219625\" class=\"wp-caption-text\">Tom Adjibi, alias AJB<\/figcaption><\/figure>\n<p>&nbsp;<\/p>\n<p class=\"p1\"><span class=\"s1\">\u00ab\u00a0Fils de Plouc<em>, c&rsquo;est l&rsquo;histoire deux fr\u00e8res qui recherchent leurs origines. Ils viennent de Bretagne, et vivent de tout et de rien \u00e0 Bruxelles. Ils trainent, ils gal\u00e8rent, ils volent, vendent de la drogue. Bref, ils cherchent \u00e0 se faire de la thune, tout en trouvant un but \u00e0 leur vie. Leur m\u00e8re d\u00e9barque un jour \u00e0 Bruxelles, et va tout bouleverser.\u00a0\u00bb <\/em><\/span><\/p>\n<p class=\"p1\"><span class=\"s1\">Mais \u00e0 quoi ressemble-t-il, ce film? <em>\u00ab\u00a0Si je devais vraiment le d\u00e9finir, bien qu&rsquo;il soit inclassable, je dirais que c<\/em><\/span><span class=\"s1\"><em>\u2019est un film hip hop trash, avec un c\u00f4t\u00e9 Bisounours. Un bon gros m\u00e9lange de styles, comme Alain Resnais qui rencontrerait <\/em>La Soupe aux choux<em>.\u00a0\u00bb<\/em> <\/span><\/p>\n<p class=\"p1\"><span class=\"s1\">Ca part dans tous les sens, en somme? <em>\u00ab\u00a0Voil\u00e0! C&rsquo;est \u00e7a! Mais avec une \u00e9nergie folle&#8230;\u00a0\u00bb<\/em><\/span><\/p>\n<p class=\"p1\"><span class=\"s1\"><em>\u00ab\u00a0Ce qui nous a vraiment s\u00e9duits dans le film finalement, c&rsquo;est sa libert\u00e9 de ton. Ce film l\u00e0 ne serait jamais pass\u00e9 dans une commission \u00ab classique \u00bb, c\u2019est trop libre, d\u00e9construit, improvis\u00e9. C&rsquo;est une v\u00e9ritable explosion cr\u00e9ative en fait,<\/em> confirme David Borgeaud. <em>Mais ce qui nous a confort\u00e9s dans notre conviction, c&rsquo;est l&rsquo;accueil que nous ont fait les acteurs confirm\u00e9s qui se sont engag\u00e9s sur le projet, que ce soit Claire Bodson<\/em> (NDLR &#8211; bient\u00f4t \u00e0 l&rsquo;affiche du <em>Jeune Ahmed<\/em>), <em>qui joue le r\u00f4le de leur m\u00e8re, ou des gens comme Mathieu Amalric ou Yannick Renier, qui sont pass\u00e9s tourner une ou deux sc\u00e8nes.\u00a0\u00bb <\/em><\/span><\/p>\n<p class=\"p1\"><span class=\"s1\">Dans les deux r\u00f4les principaux, on retrouve donc Harpo Guit, et Maximilien Delmelle, un camarade artistique de longue date. A leurs c\u00f4t\u00e9s, Cha\u00efda Suku Suku, Toni D\u2019Antonio ou Habib Ben Tanfous.\u00a0<\/span><\/p>\n<p class=\"p1\"><span class=\"s1\"><em>\u00ab\u00a0Au final, malgr\u00e9 des conditions de tournage contraignantes, on s&rsquo;aper\u00e7oit que l&rsquo;on revient \u00e0 l&rsquo;essentiel, et qu&rsquo;il y a une vraie \u00e9mulation collective et artistique, <\/em>conclue David Borgeaud.<em>\u00ab\u00a0<\/em><\/span><\/p>\n<p>On a h\u00e2te de voir le film fini, ce qui ne devrait logiquement pas trop tarder, et pourrait m\u00eame arriver d&rsquo;ici fin 2019. To be continued&#8230;<\/p>\n<p>&nbsp;<\/p>\n","protected":false},"excerpt":{"rendered":"<p>Passage \u00e9clair sur le tournage de Fils de plouc, premier long m\u00e9trage de Lenny et Harpo Guit, tourn\u00e9 en avril dernier \u00e0 Bruxelles.\u00a0 Le contexte Bruxelles, le 28 avril 2019. 15 jours d\u00e9j\u00e0 que l&rsquo;\u00e9quipe de Fils de Plouc a d\u00e9but\u00e9 le tournage du premier long m\u00e9trage des fr\u00e8res Guit. Un tournage express et \u00e0 &hellip;<\/p>\n","protected":false},"author":343,"featured_media":219621,"comment_status":"closed","ping_status":"closed","sticky":false,"template":"","format":"standard","meta":{"ngg_post_thumbnail":0,"footnotes":""},"categories":[53],"tags":[4271,4273,4272,4274],"class_list":["post-219619","post","type-post","status-publish","format-standard","has-post-thumbnail","","category-coming-soon","tag-fils-de-plouc","tag-harpo-gruit","tag-lenny-gruit","tag-roue-libre"],"yoast_head":"<!-- This site is optimized with the Yoast SEO plugin v20.4 - https:\/\/yoast.com\/wordpress\/plugins\/seo\/ -->\n<title>Sur le tournage de... &quot;Fils de Plouc&quot; - w-l-c<\/title>\n<meta name=\"robots\" content=\"noindex, follow, max-snippet:-1, max-image-preview:large, max-video-preview:-1\" \/>\n<meta property=\"og:locale\" content=\"fr_FR\" \/>\n<meta property=\"og:type\" content=\"article\" \/>\n<meta property=\"og:title\" content=\"Sur le tournage de... &quot;Fils de Plouc&quot; - w-l-c\" \/>\n<meta property=\"og:description\" content=\"Passage \u00e9clair sur le tournage de Fils de plouc, premier long m\u00e9trage de Lenny et Harpo Guit, tourn\u00e9 en avril dernier \u00e0 Bruxelles.\u00a0 Le contexte Bruxelles, le 28 avril 2019. 15 jours d\u00e9j\u00e0 que l&rsquo;\u00e9quipe de Fils de Plouc a d\u00e9but\u00e9 le tournage du premier long m\u00e9trage des fr\u00e8res Guit. Un tournage express et \u00e0 &hellip;\" \/>\n<meta property=\"og:url\" content=\"https:\/\/w-l-c.be\/fr\/sur-le-tournage-de-fils-de-plouc\/\" \/>\n<meta property=\"og:site_name\" content=\"w-l-c\" \/>\n<meta property=\"article:published_time\" content=\"2019-05-08T13:56:37+00:00\" \/>\n<meta property=\"article:modified_time\" content=\"2019-05-10T08:16:29+00:00\" \/>\n<meta property=\"og:image\" content=\"https:\/\/w-l-c.be\/wp-content\/uploads\/2019\/05\/Fils-de-plouc-cedric-bourgeois-3.jpg\" \/>\n\t<meta property=\"og:image:width\" content=\"4608\" \/>\n\t<meta property=\"og:image:height\" content=\"3072\" \/>\n\t<meta property=\"og:image:type\" content=\"image\/jpeg\" \/>\n<meta name=\"author\" content=\"Aurore Engelen\" \/>\n<meta name=\"twitter:card\" content=\"summary_large_image\" \/>\n<meta name=\"twitter:label1\" content=\"\u00c9crit par\" \/>\n\t<meta name=\"twitter:data1\" content=\"Aurore Engelen\" \/>\n\t<meta name=\"twitter:label2\" content=\"Dur\u00e9e de lecture estim\u00e9e\" \/>\n\t<meta name=\"twitter:data2\" content=\"6 minutes\" \/>\n<script type=\"application\/ld+json\" class=\"yoast-schema-graph\">{\"@context\":\"https:\/\/schema.org\",\"@graph\":[{\"@type\":\"WebPage\",\"@id\":\"https:\/\/w-l-c.be\/fr\/sur-le-tournage-de-fils-de-plouc\/\",\"url\":\"https:\/\/w-l-c.be\/fr\/sur-le-tournage-de-fils-de-plouc\/\",\"name\":\"Sur le tournage de... \\\"Fils de Plouc\\\" - w-l-c\",\"isPartOf\":{\"@id\":\"https:\/\/w-l-c.be\/fr\/#website\"},\"datePublished\":\"2019-05-08T13:56:37+00:00\",\"dateModified\":\"2019-05-10T08:16:29+00:00\",\"author\":{\"@id\":\"https:\/\/w-l-c.be\/fr\/#\/schema\/person\/8084b68c6b176142d073695c654dc7cf\"},\"breadcrumb\":{\"@id\":\"https:\/\/w-l-c.be\/fr\/sur-le-tournage-de-fils-de-plouc\/#breadcrumb\"},\"inLanguage\":\"fr-FR\",\"potentialAction\":[{\"@type\":\"ReadAction\",\"target\":[\"https:\/\/w-l-c.be\/fr\/sur-le-tournage-de-fils-de-plouc\/\"]}]},{\"@type\":\"BreadcrumbList\",\"@id\":\"https:\/\/w-l-c.be\/fr\/sur-le-tournage-de-fils-de-plouc\/#breadcrumb\",\"itemListElement\":[{\"@type\":\"ListItem\",\"position\":1,\"name\":\"Accueil\",\"item\":\"https:\/\/w-l-c.be\/fr\/\"},{\"@type\":\"ListItem\",\"position\":2,\"name\":\"Sur le tournage de&#8230; \u00ab\u00a0Fils de Plouc\u00a0\u00bb\"}]},{\"@type\":\"WebSite\",\"@id\":\"https:\/\/w-l-c.be\/fr\/#website\",\"url\":\"https:\/\/w-l-c.be\/fr\/\",\"name\":\"w-l-c\",\"description\":\"Le cin\u00e9ma vu par les belges\",\"potentialAction\":[{\"@type\":\"SearchAction\",\"target\":{\"@type\":\"EntryPoint\",\"urlTemplate\":\"https:\/\/w-l-c.be\/fr\/?s={search_term_string}\"},\"query-input\":\"required name=search_term_string\"}],\"inLanguage\":\"fr-FR\"},{\"@type\":\"Person\",\"@id\":\"https:\/\/w-l-c.be\/fr\/#\/schema\/person\/8084b68c6b176142d073695c654dc7cf\",\"name\":\"Aurore Engelen\",\"url\":\"https:\/\/w-l-c.be\/fr\/author\/aurore-engelen\/\"}]}<\/script>\n<!-- \/ Yoast SEO plugin. -->","yoast_head_json":{"title":"Sur le tournage de... \"Fils de Plouc\" - w-l-c","robots":{"index":"noindex","follow":"follow","max-snippet":"max-snippet:-1","max-image-preview":"max-image-preview:large","max-video-preview":"max-video-preview:-1"},"og_locale":"fr_FR","og_type":"article","og_title":"Sur le tournage de... \"Fils de Plouc\" - w-l-c","og_description":"Passage \u00e9clair sur le tournage de Fils de plouc, premier long m\u00e9trage de Lenny et Harpo Guit, tourn\u00e9 en avril dernier \u00e0 Bruxelles.\u00a0 Le contexte Bruxelles, le 28 avril 2019. 15 jours d\u00e9j\u00e0 que l&rsquo;\u00e9quipe de Fils de Plouc a d\u00e9but\u00e9 le tournage du premier long m\u00e9trage des fr\u00e8res Guit. Un tournage express et \u00e0 &hellip;","og_url":"https:\/\/w-l-c.be\/fr\/sur-le-tournage-de-fils-de-plouc\/","og_site_name":"w-l-c","article_published_time":"2019-05-08T13:56:37+00:00","article_modified_time":"2019-05-10T08:16:29+00:00","og_image":[{"width":4608,"height":3072,"url":"https:\/\/w-l-c.be\/wp-content\/uploads\/2019\/05\/Fils-de-plouc-cedric-bourgeois-3.jpg","type":"image\/jpeg"}],"author":"Aurore Engelen","twitter_card":"summary_large_image","twitter_misc":{"\u00c9crit par":"Aurore Engelen","Dur\u00e9e de lecture estim\u00e9e":"6 minutes"},"schema":{"@context":"https:\/\/schema.org","@graph":[{"@type":"WebPage","@id":"https:\/\/w-l-c.be\/fr\/sur-le-tournage-de-fils-de-plouc\/","url":"https:\/\/w-l-c.be\/fr\/sur-le-tournage-de-fils-de-plouc\/","name":"Sur le tournage de... \"Fils de Plouc\" - w-l-c","isPartOf":{"@id":"https:\/\/w-l-c.be\/fr\/#website"},"datePublished":"2019-05-08T13:56:37+00:00","dateModified":"2019-05-10T08:16:29+00:00","author":{"@id":"https:\/\/w-l-c.be\/fr\/#\/schema\/person\/8084b68c6b176142d073695c654dc7cf"},"breadcrumb":{"@id":"https:\/\/w-l-c.be\/fr\/sur-le-tournage-de-fils-de-plouc\/#breadcrumb"},"inLanguage":"fr-FR","potentialAction":[{"@type":"ReadAction","target":["https:\/\/w-l-c.be\/fr\/sur-le-tournage-de-fils-de-plouc\/"]}]},{"@type":"BreadcrumbList","@id":"https:\/\/w-l-c.be\/fr\/sur-le-tournage-de-fils-de-plouc\/#breadcrumb","itemListElement":[{"@type":"ListItem","position":1,"name":"Accueil","item":"https:\/\/w-l-c.be\/fr\/"},{"@type":"ListItem","position":2,"name":"Sur le tournage de&#8230; \u00ab\u00a0Fils de Plouc\u00a0\u00bb"}]},{"@type":"WebSite","@id":"https:\/\/w-l-c.be\/fr\/#website","url":"https:\/\/w-l-c.be\/fr\/","name":"w-l-c","description":"Le cin\u00e9ma vu par les belges","potentialAction":[{"@type":"SearchAction","target":{"@type":"EntryPoint","urlTemplate":"https:\/\/w-l-c.be\/fr\/?s={search_term_string}"},"query-input":"required name=search_term_string"}],"inLanguage":"fr-FR"},{"@type":"Person","@id":"https:\/\/w-l-c.be\/fr\/#\/schema\/person\/8084b68c6b176142d073695c654dc7cf","name":"Aurore Engelen","url":"https:\/\/w-l-c.be\/fr\/author\/aurore-engelen\/"}]}},"_links":{"self":[{"href":"https:\/\/w-l-c.be\/fr\/wp-json\/wp\/v2\/posts\/219619","targetHints":{"allow":["GET"]}}],"collection":[{"href":"https:\/\/w-l-c.be\/fr\/wp-json\/wp\/v2\/posts"}],"about":[{"href":"https:\/\/w-l-c.be\/fr\/wp-json\/wp\/v2\/types\/post"}],"author":[{"embeddable":true,"href":"https:\/\/w-l-c.be\/fr\/wp-json\/wp\/v2\/users\/343"}],"replies":[{"embeddable":true,"href":"https:\/\/w-l-c.be\/fr\/wp-json\/wp\/v2\/comments?post=219619"}],"version-history":[{"count":0,"href":"https:\/\/w-l-c.be\/fr\/wp-json\/wp\/v2\/posts\/219619\/revisions"}],"wp:featuredmedia":[{"embeddable":true,"href":"https:\/\/w-l-c.be\/fr\/wp-json\/wp\/v2\/media\/219621"}],"wp:attachment":[{"href":"https:\/\/w-l-c.be\/fr\/wp-json\/wp\/v2\/media?parent=219619"}],"wp:term":[{"taxonomy":"category","embeddable":true,"href":"https:\/\/w-l-c.be\/fr\/wp-json\/wp\/v2\/categories?post=219619"},{"taxonomy":"post_tag","embeddable":true,"href":"https:\/\/w-l-c.be\/fr\/wp-json\/wp\/v2\/tags?post=219619"}],"curies":[{"name":"wp","href":"https:\/\/api.w.org\/{rel}","templated":true}]}}