
{"id":219640,"date":"2019-05-09T08:57:16","date_gmt":"2019-05-09T06:57:16","guid":{"rendered":"https:\/\/www.cinevox.be\/?p=219640"},"modified":"2019-05-09T08:57:16","modified_gmt":"2019-05-09T06:57:16","slug":"casting-enfants-les-blagues-de-toto","status":"publish","type":"post","link":"https:\/\/w-l-c.be\/fr\/casting-enfants-les-blagues-de-toto\/","title":{"rendered":"Casting enfants: \u00ab\u00a0Les Blagues de Toto\u00a0\u00bb"},"content":{"rendered":"<p class=\"p1\"><strong><span class=\"s1\">Dans le cadre du long m\u00e9trage <em>Les Blagues de Toto, le film<\/em>, r\u00e9alis\u00e9 par Pascal Bourdiaux, dont le tournage aura lieu au Luxembourg et en Belgique entre le 20 juin et le 14 ao\u00fbt 2019, nous recherchons deux gar\u00e7ons entre 9 et 11 ans mesurant entre 135 et 145 cm maximum, sans accent, pour de petits r\u00f4les dans le film avec environ 12 jours de tournage :<\/span><\/strong><\/p>\n<p class=\"p1\"><span class=\"s1\">JONAS : casse-cou, bagarreur ou un peu rond ou les deux<br \/>\nARNOLD : r\u00eaveur, un peu dans la lune<\/span><\/p>\n<p class=\"p1\"><span class=\"s1\">Si votre enfant correspond au profil recherch\u00e9, merci d\u2019envoyer un mail \u00e0 l\u2019adresse totolefilmcasting@gmail.com avec les informations suivantes :<\/span><\/p>\n<ul>\n<li class=\"p1\"><span class=\"s1\">Nom et pr\u00e9nom de votre enfant, \u00e2ge, taille et coordonn\u00e9es compl\u00e8tes (dont ville de r\u00e9sidence et t\u00e9l\u00e9phone)<\/span><\/li>\n<li class=\"p1\"><span class=\"s1\">2 photos et une petite vid\u00e9o de pr\u00e9sentation de votre enfant<\/span><\/li>\n<\/ul>\n<p class=\"p1\"><span class=\"s1\">Nous contacterons uniquement les personnes qui correspondent au profil recherch\u00e9.<\/span><\/p>\n<p class=\"p1\"><span class=\"s1\">totolefilmcasting@gmail.com<\/span><\/p>\n","protected":false},"excerpt":{"rendered":"<p>Dans le cadre du long m\u00e9trage Les Blagues de Toto, le film, r\u00e9alis\u00e9 par Pascal Bourdiaux, dont le tournage aura lieu au Luxembourg et en Belgique entre le 20 juin et le 14 ao\u00fbt 2019, nous recherchons deux gar\u00e7ons entre 9 et 11 ans mesurant entre 135 et 145 cm maximum, sans accent, pour de &hellip;<\/p>\n","protected":false},"author":343,"featured_media":210916,"comment_status":"closed","ping_status":"closed","sticky":false,"template":"","format":"standard","meta":{"ngg_post_thumbnail":0,"footnotes":""},"categories":[20],"tags":[],"class_list":["post-219640","post","type-post","status-publish","format-standard","has-post-thumbnail","","category-cinejobs"],"yoast_head":"<!-- This site is optimized with the Yoast SEO plugin v20.4 - https:\/\/yoast.com\/wordpress\/plugins\/seo\/ -->\n<title>Casting enfants: &quot;Les Blagues de Toto&quot; - w-l-c<\/title>\n<meta name=\"robots\" content=\"noindex, follow, max-snippet:-1, max-image-preview:large, max-video-preview:-1\" \/>\n<meta property=\"og:locale\" content=\"fr_FR\" \/>\n<meta property=\"og:type\" content=\"article\" \/>\n<meta property=\"og:title\" content=\"Casting enfants: &quot;Les Blagues de Toto&quot; - w-l-c\" \/>\n<meta property=\"og:description\" content=\"Dans le cadre du long m\u00e9trage Les Blagues de Toto, le film, r\u00e9alis\u00e9 par Pascal Bourdiaux, dont le tournage aura lieu au Luxembourg et en Belgique entre le 20 juin et le 14 ao\u00fbt 2019, nous recherchons deux gar\u00e7ons entre 9 et 11 ans mesurant entre 135 et 145 cm maximum, sans accent, pour de &hellip;\" \/>\n<meta property=\"og:url\" content=\"https:\/\/w-l-c.be\/fr\/casting-enfants-les-blagues-de-toto\/\" \/>\n<meta property=\"og:site_name\" content=\"w-l-c\" \/>\n<meta property=\"article:published_time\" content=\"2019-05-09T06:57:16+00:00\" \/>\n<meta property=\"og:image\" content=\"https:\/\/w-l-c.be\/wp-content\/uploads\/2018\/06\/Casting.jpg\" \/>\n\t<meta property=\"og:image:width\" content=\"1024\" \/>\n\t<meta property=\"og:image:height\" content=\"512\" \/>\n\t<meta property=\"og:image:type\" content=\"image\/jpeg\" \/>\n<meta name=\"author\" content=\"Aurore Engelen\" \/>\n<meta name=\"twitter:card\" content=\"summary_large_image\" \/>\n<meta name=\"twitter:label1\" content=\"\u00c9crit par\" \/>\n\t<meta name=\"twitter:data1\" content=\"Aurore Engelen\" \/>\n\t<meta name=\"twitter:label2\" content=\"Dur\u00e9e de lecture estim\u00e9e\" \/>\n\t<meta name=\"twitter:data2\" content=\"1 minute\" \/>\n<script type=\"application\/ld+json\" class=\"yoast-schema-graph\">{\"@context\":\"https:\/\/schema.org\",\"@graph\":[{\"@type\":\"WebPage\",\"@id\":\"https:\/\/w-l-c.be\/fr\/casting-enfants-les-blagues-de-toto\/\",\"url\":\"https:\/\/w-l-c.be\/fr\/casting-enfants-les-blagues-de-toto\/\",\"name\":\"Casting enfants: \\\"Les Blagues de Toto\\\" - w-l-c\",\"isPartOf\":{\"@id\":\"https:\/\/w-l-c.be\/fr\/#website\"},\"datePublished\":\"2019-05-09T06:57:16+00:00\",\"dateModified\":\"2019-05-09T06:57:16+00:00\",\"author\":{\"@id\":\"https:\/\/w-l-c.be\/fr\/#\/schema\/person\/8084b68c6b176142d073695c654dc7cf\"},\"breadcrumb\":{\"@id\":\"https:\/\/w-l-c.be\/fr\/casting-enfants-les-blagues-de-toto\/#breadcrumb\"},\"inLanguage\":\"fr-FR\",\"potentialAction\":[{\"@type\":\"ReadAction\",\"target\":[\"https:\/\/w-l-c.be\/fr\/casting-enfants-les-blagues-de-toto\/\"]}]},{\"@type\":\"BreadcrumbList\",\"@id\":\"https:\/\/w-l-c.be\/fr\/casting-enfants-les-blagues-de-toto\/#breadcrumb\",\"itemListElement\":[{\"@type\":\"ListItem\",\"position\":1,\"name\":\"Accueil\",\"item\":\"https:\/\/w-l-c.be\/fr\/\"},{\"@type\":\"ListItem\",\"position\":2,\"name\":\"Casting enfants: \u00ab\u00a0Les Blagues de Toto\u00a0\u00bb\"}]},{\"@type\":\"WebSite\",\"@id\":\"https:\/\/w-l-c.be\/fr\/#website\",\"url\":\"https:\/\/w-l-c.be\/fr\/\",\"name\":\"w-l-c\",\"description\":\"Le cin\u00e9ma vu par les belges\",\"potentialAction\":[{\"@type\":\"SearchAction\",\"target\":{\"@type\":\"EntryPoint\",\"urlTemplate\":\"https:\/\/w-l-c.be\/fr\/?s={search_term_string}\"},\"query-input\":\"required name=search_term_string\"}],\"inLanguage\":\"fr-FR\"},{\"@type\":\"Person\",\"@id\":\"https:\/\/w-l-c.be\/fr\/#\/schema\/person\/8084b68c6b176142d073695c654dc7cf\",\"name\":\"Aurore Engelen\",\"url\":\"https:\/\/w-l-c.be\/fr\/author\/aurore-engelen\/\"}]}<\/script>\n<!-- \/ Yoast SEO plugin. -->","yoast_head_json":{"title":"Casting enfants: \"Les Blagues de Toto\" - w-l-c","robots":{"index":"noindex","follow":"follow","max-snippet":"max-snippet:-1","max-image-preview":"max-image-preview:large","max-video-preview":"max-video-preview:-1"},"og_locale":"fr_FR","og_type":"article","og_title":"Casting enfants: \"Les Blagues de Toto\" - w-l-c","og_description":"Dans le cadre du long m\u00e9trage Les Blagues de Toto, le film, r\u00e9alis\u00e9 par Pascal Bourdiaux, dont le tournage aura lieu au Luxembourg et en Belgique entre le 20 juin et le 14 ao\u00fbt 2019, nous recherchons deux gar\u00e7ons entre 9 et 11 ans mesurant entre 135 et 145 cm maximum, sans accent, pour de &hellip;","og_url":"https:\/\/w-l-c.be\/fr\/casting-enfants-les-blagues-de-toto\/","og_site_name":"w-l-c","article_published_time":"2019-05-09T06:57:16+00:00","og_image":[{"width":1024,"height":512,"url":"https:\/\/w-l-c.be\/wp-content\/uploads\/2018\/06\/Casting.jpg","type":"image\/jpeg"}],"author":"Aurore Engelen","twitter_card":"summary_large_image","twitter_misc":{"\u00c9crit par":"Aurore Engelen","Dur\u00e9e de lecture estim\u00e9e":"1 minute"},"schema":{"@context":"https:\/\/schema.org","@graph":[{"@type":"WebPage","@id":"https:\/\/w-l-c.be\/fr\/casting-enfants-les-blagues-de-toto\/","url":"https:\/\/w-l-c.be\/fr\/casting-enfants-les-blagues-de-toto\/","name":"Casting enfants: \"Les Blagues de Toto\" - w-l-c","isPartOf":{"@id":"https:\/\/w-l-c.be\/fr\/#website"},"datePublished":"2019-05-09T06:57:16+00:00","dateModified":"2019-05-09T06:57:16+00:00","author":{"@id":"https:\/\/w-l-c.be\/fr\/#\/schema\/person\/8084b68c6b176142d073695c654dc7cf"},"breadcrumb":{"@id":"https:\/\/w-l-c.be\/fr\/casting-enfants-les-blagues-de-toto\/#breadcrumb"},"inLanguage":"fr-FR","potentialAction":[{"@type":"ReadAction","target":["https:\/\/w-l-c.be\/fr\/casting-enfants-les-blagues-de-toto\/"]}]},{"@type":"BreadcrumbList","@id":"https:\/\/w-l-c.be\/fr\/casting-enfants-les-blagues-de-toto\/#breadcrumb","itemListElement":[{"@type":"ListItem","position":1,"name":"Accueil","item":"https:\/\/w-l-c.be\/fr\/"},{"@type":"ListItem","position":2,"name":"Casting enfants: \u00ab\u00a0Les Blagues de Toto\u00a0\u00bb"}]},{"@type":"WebSite","@id":"https:\/\/w-l-c.be\/fr\/#website","url":"https:\/\/w-l-c.be\/fr\/","name":"w-l-c","description":"Le cin\u00e9ma vu par les belges","potentialAction":[{"@type":"SearchAction","target":{"@type":"EntryPoint","urlTemplate":"https:\/\/w-l-c.be\/fr\/?s={search_term_string}"},"query-input":"required name=search_term_string"}],"inLanguage":"fr-FR"},{"@type":"Person","@id":"https:\/\/w-l-c.be\/fr\/#\/schema\/person\/8084b68c6b176142d073695c654dc7cf","name":"Aurore Engelen","url":"https:\/\/w-l-c.be\/fr\/author\/aurore-engelen\/"}]}},"_links":{"self":[{"href":"https:\/\/w-l-c.be\/fr\/wp-json\/wp\/v2\/posts\/219640","targetHints":{"allow":["GET"]}}],"collection":[{"href":"https:\/\/w-l-c.be\/fr\/wp-json\/wp\/v2\/posts"}],"about":[{"href":"https:\/\/w-l-c.be\/fr\/wp-json\/wp\/v2\/types\/post"}],"author":[{"embeddable":true,"href":"https:\/\/w-l-c.be\/fr\/wp-json\/wp\/v2\/users\/343"}],"replies":[{"embeddable":true,"href":"https:\/\/w-l-c.be\/fr\/wp-json\/wp\/v2\/comments?post=219640"}],"version-history":[{"count":0,"href":"https:\/\/w-l-c.be\/fr\/wp-json\/wp\/v2\/posts\/219640\/revisions"}],"wp:featuredmedia":[{"embeddable":true,"href":"https:\/\/w-l-c.be\/fr\/wp-json\/wp\/v2\/media\/210916"}],"wp:attachment":[{"href":"https:\/\/w-l-c.be\/fr\/wp-json\/wp\/v2\/media?parent=219640"}],"wp:term":[{"taxonomy":"category","embeddable":true,"href":"https:\/\/w-l-c.be\/fr\/wp-json\/wp\/v2\/categories?post=219640"},{"taxonomy":"post_tag","embeddable":true,"href":"https:\/\/w-l-c.be\/fr\/wp-json\/wp\/v2\/tags?post=219640"}],"curies":[{"name":"wp","href":"https:\/\/api.w.org\/{rel}","templated":true}]}}