
{"id":219987,"date":"2019-05-23T12:40:08","date_gmt":"2019-05-23T10:40:08","guid":{"rendered":"https:\/\/www.cinevox.be\/?p=219987"},"modified":"2019-05-23T12:40:08","modified_gmt":"2019-05-23T10:40:08","slug":"casting-5-etoiles-pour-alain-berliner","status":"publish","type":"post","link":"https:\/\/w-l-c.be\/fr\/casting-5-etoiles-pour-alain-berliner\/","title":{"rendered":"Casting 5 \u00e9toiles pour Alain Berliner!"},"content":{"rendered":"<p><strong>Le r\u00e9alisateur belge Alain Berliner (<em>Ma vie en rose, J&rsquo;aurais aim\u00e9 \u00eatre un danseur<\/em>) tournera l&rsquo;ann\u00e9e prochaine son nouveau film, en anglais, avec un casting international de haut vol!<\/strong><\/p>\n<p>Second to Nun se passe dans le Sud de la France, pendant le Festival de Cannes. Construit comme un film choral, on y suit diff\u00e9rents personnages avec comme background le plus grand Festival de cin\u00e9ma du monde, ses paillettes et ses secrets qui se trament dans l&rsquo;arri\u00e8re-pays, et notamment les \u00eeles de L\u00e9rins. En haut de l&rsquo;affiche, on retrouve Claudia Cardinale, Brigitte Fossey et Rossy de Palma, l\u00e9gendes du cin\u00e9ma europ\u00e9en, et les acteurs am\u00e9ricains Raul Torres (vu dans les s\u00e9ries Billions, Jack Ryan ou The Punisher) et Larry Cech, \u00e9galement auteur du sc\u00e9nario.<\/p>\n<p>Le casting sera \u00e9toff\u00e9 par de nombreux acteurs et actrices qui joueront leur propre r\u00f4le, dans cette histoire qui d\u00e9voile les coulisses du monde du cin\u00e9ma.<\/p>\n<p>Le film sera produit en Belgique par Artemis Productions, \u00e0 qui l&rsquo;on doit r\u00e9cemment des films aussi divers que <em>Mon Ket, Ni juge ni soumise<\/em> ou <em>Escapada<\/em>.<\/p>\n<p>&nbsp;<\/p>\n","protected":false},"excerpt":{"rendered":"<p>Le r\u00e9alisateur belge Alain Berliner (Ma vie en rose, J&rsquo;aurais aim\u00e9 \u00eatre un danseur) tournera l&rsquo;ann\u00e9e prochaine son nouveau film, en anglais, avec un casting international de haut vol! Second to Nun se passe dans le Sud de la France, pendant le Festival de Cannes. Construit comme un film choral, on y suit diff\u00e9rents personnages &hellip;<\/p>\n","protected":false},"author":343,"featured_media":219988,"comment_status":"closed","ping_status":"closed","sticky":false,"template":"","format":"standard","meta":{"ngg_post_thumbnail":0,"footnotes":""},"categories":[12],"tags":[2431,4316],"class_list":["post-219987","post","type-post","status-publish","format-standard","has-post-thumbnail","","category-awards","tag-alain-berliner","tag-second-to-nun"],"yoast_head":"<!-- This site is optimized with the Yoast SEO plugin v20.4 - https:\/\/yoast.com\/wordpress\/plugins\/seo\/ -->\n<title>Casting 5 \u00e9toiles pour Alain Berliner! - w-l-c<\/title>\n<meta name=\"robots\" content=\"noindex, follow, max-snippet:-1, max-image-preview:large, max-video-preview:-1\" \/>\n<meta property=\"og:locale\" content=\"fr_FR\" \/>\n<meta property=\"og:type\" content=\"article\" \/>\n<meta property=\"og:title\" content=\"Casting 5 \u00e9toiles pour Alain Berliner! - w-l-c\" \/>\n<meta property=\"og:description\" content=\"Le r\u00e9alisateur belge Alain Berliner (Ma vie en rose, J&rsquo;aurais aim\u00e9 \u00eatre un danseur) tournera l&rsquo;ann\u00e9e prochaine son nouveau film, en anglais, avec un casting international de haut vol! Second to Nun se passe dans le Sud de la France, pendant le Festival de Cannes. Construit comme un film choral, on y suit diff\u00e9rents personnages &hellip;\" \/>\n<meta property=\"og:url\" content=\"https:\/\/w-l-c.be\/fr\/casting-5-etoiles-pour-alain-berliner\/\" \/>\n<meta property=\"og:site_name\" content=\"w-l-c\" \/>\n<meta property=\"article:published_time\" content=\"2019-05-23T10:40:08+00:00\" \/>\n<meta property=\"og:image\" content=\"https:\/\/w-l-c.be\/wp-content\/uploads\/2019\/05\/FotoJet-1.jpg\" \/>\n\t<meta property=\"og:image:width\" content=\"1200\" \/>\n\t<meta property=\"og:image:height\" content=\"658\" \/>\n\t<meta property=\"og:image:type\" content=\"image\/jpeg\" \/>\n<meta name=\"author\" content=\"Aurore Engelen\" \/>\n<meta name=\"twitter:card\" content=\"summary_large_image\" \/>\n<meta name=\"twitter:label1\" content=\"\u00c9crit par\" \/>\n\t<meta name=\"twitter:data1\" content=\"Aurore Engelen\" \/>\n\t<meta name=\"twitter:label2\" content=\"Dur\u00e9e de lecture estim\u00e9e\" \/>\n\t<meta name=\"twitter:data2\" content=\"1 minute\" \/>\n<script type=\"application\/ld+json\" class=\"yoast-schema-graph\">{\"@context\":\"https:\/\/schema.org\",\"@graph\":[{\"@type\":\"WebPage\",\"@id\":\"https:\/\/w-l-c.be\/fr\/casting-5-etoiles-pour-alain-berliner\/\",\"url\":\"https:\/\/w-l-c.be\/fr\/casting-5-etoiles-pour-alain-berliner\/\",\"name\":\"Casting 5 \u00e9toiles pour Alain Berliner! - w-l-c\",\"isPartOf\":{\"@id\":\"https:\/\/w-l-c.be\/fr\/#website\"},\"datePublished\":\"2019-05-23T10:40:08+00:00\",\"dateModified\":\"2019-05-23T10:40:08+00:00\",\"author\":{\"@id\":\"https:\/\/w-l-c.be\/fr\/#\/schema\/person\/8084b68c6b176142d073695c654dc7cf\"},\"breadcrumb\":{\"@id\":\"https:\/\/w-l-c.be\/fr\/casting-5-etoiles-pour-alain-berliner\/#breadcrumb\"},\"inLanguage\":\"fr-FR\",\"potentialAction\":[{\"@type\":\"ReadAction\",\"target\":[\"https:\/\/w-l-c.be\/fr\/casting-5-etoiles-pour-alain-berliner\/\"]}]},{\"@type\":\"BreadcrumbList\",\"@id\":\"https:\/\/w-l-c.be\/fr\/casting-5-etoiles-pour-alain-berliner\/#breadcrumb\",\"itemListElement\":[{\"@type\":\"ListItem\",\"position\":1,\"name\":\"Accueil\",\"item\":\"https:\/\/w-l-c.be\/fr\/\"},{\"@type\":\"ListItem\",\"position\":2,\"name\":\"Casting 5 \u00e9toiles pour Alain Berliner!\"}]},{\"@type\":\"WebSite\",\"@id\":\"https:\/\/w-l-c.be\/fr\/#website\",\"url\":\"https:\/\/w-l-c.be\/fr\/\",\"name\":\"w-l-c\",\"description\":\"Le cin\u00e9ma vu par les belges\",\"potentialAction\":[{\"@type\":\"SearchAction\",\"target\":{\"@type\":\"EntryPoint\",\"urlTemplate\":\"https:\/\/w-l-c.be\/fr\/?s={search_term_string}\"},\"query-input\":\"required name=search_term_string\"}],\"inLanguage\":\"fr-FR\"},{\"@type\":\"Person\",\"@id\":\"https:\/\/w-l-c.be\/fr\/#\/schema\/person\/8084b68c6b176142d073695c654dc7cf\",\"name\":\"Aurore Engelen\",\"url\":\"https:\/\/w-l-c.be\/fr\/author\/aurore-engelen\/\"}]}<\/script>\n<!-- \/ Yoast SEO plugin. -->","yoast_head_json":{"title":"Casting 5 \u00e9toiles pour Alain Berliner! - w-l-c","robots":{"index":"noindex","follow":"follow","max-snippet":"max-snippet:-1","max-image-preview":"max-image-preview:large","max-video-preview":"max-video-preview:-1"},"og_locale":"fr_FR","og_type":"article","og_title":"Casting 5 \u00e9toiles pour Alain Berliner! - w-l-c","og_description":"Le r\u00e9alisateur belge Alain Berliner (Ma vie en rose, J&rsquo;aurais aim\u00e9 \u00eatre un danseur) tournera l&rsquo;ann\u00e9e prochaine son nouveau film, en anglais, avec un casting international de haut vol! Second to Nun se passe dans le Sud de la France, pendant le Festival de Cannes. Construit comme un film choral, on y suit diff\u00e9rents personnages &hellip;","og_url":"https:\/\/w-l-c.be\/fr\/casting-5-etoiles-pour-alain-berliner\/","og_site_name":"w-l-c","article_published_time":"2019-05-23T10:40:08+00:00","og_image":[{"width":1200,"height":658,"url":"https:\/\/w-l-c.be\/wp-content\/uploads\/2019\/05\/FotoJet-1.jpg","type":"image\/jpeg"}],"author":"Aurore Engelen","twitter_card":"summary_large_image","twitter_misc":{"\u00c9crit par":"Aurore Engelen","Dur\u00e9e de lecture estim\u00e9e":"1 minute"},"schema":{"@context":"https:\/\/schema.org","@graph":[{"@type":"WebPage","@id":"https:\/\/w-l-c.be\/fr\/casting-5-etoiles-pour-alain-berliner\/","url":"https:\/\/w-l-c.be\/fr\/casting-5-etoiles-pour-alain-berliner\/","name":"Casting 5 \u00e9toiles pour Alain Berliner! - w-l-c","isPartOf":{"@id":"https:\/\/w-l-c.be\/fr\/#website"},"datePublished":"2019-05-23T10:40:08+00:00","dateModified":"2019-05-23T10:40:08+00:00","author":{"@id":"https:\/\/w-l-c.be\/fr\/#\/schema\/person\/8084b68c6b176142d073695c654dc7cf"},"breadcrumb":{"@id":"https:\/\/w-l-c.be\/fr\/casting-5-etoiles-pour-alain-berliner\/#breadcrumb"},"inLanguage":"fr-FR","potentialAction":[{"@type":"ReadAction","target":["https:\/\/w-l-c.be\/fr\/casting-5-etoiles-pour-alain-berliner\/"]}]},{"@type":"BreadcrumbList","@id":"https:\/\/w-l-c.be\/fr\/casting-5-etoiles-pour-alain-berliner\/#breadcrumb","itemListElement":[{"@type":"ListItem","position":1,"name":"Accueil","item":"https:\/\/w-l-c.be\/fr\/"},{"@type":"ListItem","position":2,"name":"Casting 5 \u00e9toiles pour Alain Berliner!"}]},{"@type":"WebSite","@id":"https:\/\/w-l-c.be\/fr\/#website","url":"https:\/\/w-l-c.be\/fr\/","name":"w-l-c","description":"Le cin\u00e9ma vu par les belges","potentialAction":[{"@type":"SearchAction","target":{"@type":"EntryPoint","urlTemplate":"https:\/\/w-l-c.be\/fr\/?s={search_term_string}"},"query-input":"required name=search_term_string"}],"inLanguage":"fr-FR"},{"@type":"Person","@id":"https:\/\/w-l-c.be\/fr\/#\/schema\/person\/8084b68c6b176142d073695c654dc7cf","name":"Aurore Engelen","url":"https:\/\/w-l-c.be\/fr\/author\/aurore-engelen\/"}]}},"_links":{"self":[{"href":"https:\/\/w-l-c.be\/fr\/wp-json\/wp\/v2\/posts\/219987","targetHints":{"allow":["GET"]}}],"collection":[{"href":"https:\/\/w-l-c.be\/fr\/wp-json\/wp\/v2\/posts"}],"about":[{"href":"https:\/\/w-l-c.be\/fr\/wp-json\/wp\/v2\/types\/post"}],"author":[{"embeddable":true,"href":"https:\/\/w-l-c.be\/fr\/wp-json\/wp\/v2\/users\/343"}],"replies":[{"embeddable":true,"href":"https:\/\/w-l-c.be\/fr\/wp-json\/wp\/v2\/comments?post=219987"}],"version-history":[{"count":0,"href":"https:\/\/w-l-c.be\/fr\/wp-json\/wp\/v2\/posts\/219987\/revisions"}],"wp:featuredmedia":[{"embeddable":true,"href":"https:\/\/w-l-c.be\/fr\/wp-json\/wp\/v2\/media\/219988"}],"wp:attachment":[{"href":"https:\/\/w-l-c.be\/fr\/wp-json\/wp\/v2\/media?parent=219987"}],"wp:term":[{"taxonomy":"category","embeddable":true,"href":"https:\/\/w-l-c.be\/fr\/wp-json\/wp\/v2\/categories?post=219987"},{"taxonomy":"post_tag","embeddable":true,"href":"https:\/\/w-l-c.be\/fr\/wp-json\/wp\/v2\/tags?post=219987"}],"curies":[{"name":"wp","href":"https:\/\/api.w.org\/{rel}","templated":true}]}}