
{"id":220353,"date":"2019-06-12T08:55:47","date_gmt":"2019-06-12T06:55:47","guid":{"rendered":"https:\/\/www.cinevox.be\/?p=220353"},"modified":"2019-06-13T09:21:10","modified_gmt":"2019-06-13T07:21:10","slug":"astrid-whettnall-deputee","status":"publish","type":"post","link":"https:\/\/w-l-c.be\/fr\/astrid-whettnall-deputee\/","title":{"rendered":"Astrid Whettnall, d\u00e9put\u00e9e?"},"content":{"rendered":"<p><strong><em>Baron Noir<\/em>, la s\u00e9rie politique de Canal +, reviendra bient\u00f4t pour une 3e saison pleine de promesses, actuellement en tournage, au casting de laquelle on retrouvera notamment la com\u00e9dienne belge Astrid Whettnall, dont les ambitions prennent visiblement une nouvelle ampleur&#8230;<\/strong><\/p>\n<p>Toujours \u00e0 ses c\u00f4t\u00e9s, Kad Merad, h\u00e9ros de la s\u00e9rie, mais aussi Anna Mouglalis, Fran\u00e7ois Morel, Rachida Brakni, Alex Lutz, Pascal Elb\u00e9, Patric Mille, Hugo Becker. Retrouvera-t-on \u00e9galement Erika Sainte ou encore Philippe R\u00e9simont, \u00e0 l&rsquo;affiche des deux premi\u00e8res saisons?<\/p>\n<p>Mais o\u00f9 en est-on des aventures politiques du Baron Noir, aka Philippe Rickwaert, interpr\u00e9t\u00e9 par Kad Merad?<\/p>\n<p>Apr\u00e8s avoir si longtemps oeuvr\u00e9 dans l\u2019ombre et \u201cfait\u201d les deux derniers Pr\u00e9sidents de la R\u00e9publique, Le Baron Noir d\u00e9cide de pr\u00e9senter sa propre candidature \u00e0 la pr\u00e9sidentielle.<\/p>\n<p>Car en France, ce scrutin-roi est la \u00ab m\u00e8re de toutes les batailles \u00bb, l\u2019\u00e9lection autour de laquelle tout s\u2019organise et se redispose. Tout en d\u00e9pend : les autres \u00e9lections, le sort des partis et de leurs dirigeants. Or, dans le contexte international de mont\u00e9e du populisme, cette \u00e9lection si particuli\u00e8re dont d\u2019aucuns professent qu\u2019elle \u00ab rend fou \u00bb, devient aussi ouverte qu\u2019incertaine.<\/p>\n<p>Si notre h\u00e9ros cumule les handicaps &#8211; trop \u00ab\u00a0ancien monde\u00a0\u00bb pour faire neuf, un casier judiciaire qu\u2019il traine comme un boulet &#8211; il dispose n\u00e9anmoins d\u2019une force rare qui semblait endormie pour toujours \u00e0 l\u2019heure des fake news et des r\u00e9seaux sociaux : le sens politique.<\/p>\n<p>Fin du tournage en octobre, pour une diffusion d\u00e9but 2020?<\/p>\n<blockquote class=\"instagram-media\" style=\"background: #FFF; border: 0; border-radius: 3px; box-shadow: 0 0 1px 0 rgba(0,0,0,0.5),0 1px 10px 0 rgba(0,0,0,0.15); margin: 1px; max-width: 540px; min-width: 326px; padding: 0; width: calc(100% - 2px);\" data-instgrm-captioned=\"\" data-instgrm-permalink=\"https:\/\/www.instagram.com\/p\/ByKaGa3AmgY\/\" data-instgrm-version=\"12\">\n<div style=\"padding: 16px;\">\n<p>&nbsp;<\/p>\n<div style=\"display: flex; flex-direction: row; align-items: center;\">\n<div style=\"background-color: #f4f4f4; border-radius: 50%; flex-grow: 0; height: 40px; margin-right: 14px; width: 40px;\"><\/div>\n<div style=\"display: flex; flex-direction: column; flex-grow: 1; justify-content: center;\">\n<div style=\"background-color: #f4f4f4; border-radius: 4px; flex-grow: 0; height: 14px; margin-bottom: 6px; width: 100px;\"><\/div>\n<div style=\"background-color: #f4f4f4; border-radius: 4px; flex-grow: 0; height: 14px; width: 60px;\"><\/div>\n<\/div>\n<\/div>\n<div style=\"padding: 19% 0;\"><\/div>\n<div style=\"display: block; height: 50px; margin: 0 auto 12px; width: 50px;\"><\/div>\n<div style=\"padding-top: 8px;\">\n<div style=\"color: #3897f0; font-family: Arial,sans-serif; font-size: 14px; font-style: normal; font-weight: 550; line-height: 18px;\">Voir cette publication sur Instagram<\/div>\n<\/div>\n<div style=\"padding: 12.5% 0;\"><\/div>\n<div style=\"display: flex; flex-direction: row; margin-bottom: 14px; align-items: center;\">\n<div>\n<div style=\"background-color: #f4f4f4; border-radius: 50%; height: 12.5px; width: 12.5px; transform: translateX(0px) translateY(7px);\"><\/div>\n<div style=\"background-color: #f4f4f4; height: 12.5px; transform: rotate(-45deg) translateX(3px) translateY(1px); width: 12.5px; flex-grow: 0; margin-right: 14px; margin-left: 2px;\"><\/div>\n<div style=\"background-color: #f4f4f4; border-radius: 50%; height: 12.5px; width: 12.5px; transform: translateX(9px) translateY(-18px);\"><\/div>\n<\/div>\n<div style=\"margin-left: 8px;\">\n<div style=\"background-color: #f4f4f4; border-radius: 50%; flex-grow: 0; height: 20px; width: 20px;\"><\/div>\n<div style=\"width: 0; height: 0; border-top: 2px solid transparent; border-left: 6px solid #f4f4f4; border-bottom: 2px solid transparent; transform: translateX(16px) translateY(-4px) rotate(30deg);\"><\/div>\n<\/div>\n<div style=\"margin-left: auto;\">\n<div style=\"width: 0px; border-top: 8px solid #F4F4F4; border-right: 8px solid transparent; transform: translateY(16px);\"><\/div>\n<div style=\"background-color: #f4f4f4; flex-grow: 0; height: 12px; width: 16px; transform: translateY(-4px);\"><\/div>\n<div style=\"width: 0; height: 0; border-top: 8px solid #F4F4F4; border-left: 8px solid transparent; transform: translateY(-4px) translateX(8px);\"><\/div>\n<\/div>\n<\/div>\n<p>&nbsp;<\/p>\n<p style=\"margin: 8px 0 0 0; padding: 0 4px;\"><a style=\"color: #000; font-family: Arial,sans-serif; font-size: 14px; font-style: normal; font-weight: normal; line-height: 17px; text-decoration: none; word-wrap: break-word;\" href=\"https:\/\/www.instagram.com\/p\/ByKaGa3AmgY\/\" target=\"_blank\" rel=\"noopener noreferrer\">J\u2019ai le soutien de #francoismorel , qui dit mieux? @morelexplo #baronnoir saison 3.<\/a><\/p>\n<p style=\"color: #c9c8cd; font-family: Arial,sans-serif; font-size: 14px; line-height: 17px; margin-bottom: 0; margin-top: 8px; overflow: hidden; padding: 8px 0 7px; text-align: center; text-overflow: ellipsis; white-space: nowrap;\">Une publication partag\u00e9e par <a style=\"color: #c9c8cd; font-family: Arial,sans-serif; font-size: 14px; font-style: normal; font-weight: normal; line-height: 17px;\" href=\"https:\/\/www.instagram.com\/astrid_whettnall\/\" target=\"_blank\" rel=\"noopener noreferrer\"> Astrid Whettnall<\/a> (@astrid_whettnall) le <time style=\"font-family: Arial,sans-serif; font-size: 14px; line-height: 17px;\" datetime=\"2019-06-01T09:46:25+00:00\">1 Juin 2019 \u00e0 2 :46 PDT<\/time><\/p>\n<\/div>\n<\/blockquote>\n<p><script async src=\"\/\/www.instagram.com\/embed.js\"><\/script><\/p>\n","protected":false},"excerpt":{"rendered":"<p>Baron Noir, la s\u00e9rie politique de Canal +, reviendra bient\u00f4t pour une 3e saison pleine de promesses, actuellement en tournage, au casting de laquelle on retrouvera notamment la com\u00e9dienne belge Astrid Whettnall, dont les ambitions prennent visiblement une nouvelle ampleur&#8230; Toujours \u00e0 ses c\u00f4t\u00e9s, Kad Merad, h\u00e9ros de la s\u00e9rie, mais aussi Anna Mouglalis, Fran\u00e7ois &hellip;<\/p>\n","protected":false},"author":343,"featured_media":220356,"comment_status":"closed","ping_status":"closed","sticky":false,"template":"","format":"standard","meta":{"ngg_post_thumbnail":0,"footnotes":""},"categories":[53],"tags":[3079,4187],"class_list":["post-220353","post","type-post","status-publish","format-standard","has-post-thumbnail","","category-coming-soon","tag-astrid-whettnall","tag-newsletter-fr"],"yoast_head":"<!-- This site is optimized with the Yoast SEO plugin v20.4 - https:\/\/yoast.com\/wordpress\/plugins\/seo\/ -->\n<title>Astrid Whettnall, d\u00e9put\u00e9e? - w-l-c<\/title>\n<meta name=\"robots\" content=\"noindex, follow, max-snippet:-1, max-image-preview:large, max-video-preview:-1\" \/>\n<meta property=\"og:locale\" content=\"fr_FR\" \/>\n<meta property=\"og:type\" content=\"article\" \/>\n<meta property=\"og:title\" content=\"Astrid Whettnall, d\u00e9put\u00e9e? - w-l-c\" \/>\n<meta property=\"og:description\" content=\"Baron Noir, la s\u00e9rie politique de Canal +, reviendra bient\u00f4t pour une 3e saison pleine de promesses, actuellement en tournage, au casting de laquelle on retrouvera notamment la com\u00e9dienne belge Astrid Whettnall, dont les ambitions prennent visiblement une nouvelle ampleur&#8230; Toujours \u00e0 ses c\u00f4t\u00e9s, Kad Merad, h\u00e9ros de la s\u00e9rie, mais aussi Anna Mouglalis, Fran\u00e7ois &hellip;\" \/>\n<meta property=\"og:url\" content=\"https:\/\/w-l-c.be\/fr\/astrid-whettnall-deputee\/\" \/>\n<meta property=\"og:site_name\" content=\"w-l-c\" \/>\n<meta property=\"article:published_time\" content=\"2019-06-12T06:55:47+00:00\" \/>\n<meta property=\"article:modified_time\" content=\"2019-06-13T07:21:10+00:00\" \/>\n<meta property=\"og:image\" content=\"https:\/\/w-l-c.be\/wp-content\/uploads\/2019\/06\/AstridWhettnallDepute\u0301e.jpg\" \/>\n\t<meta property=\"og:image:width\" content=\"997\" \/>\n\t<meta property=\"og:image:height\" content=\"531\" \/>\n\t<meta property=\"og:image:type\" content=\"image\/jpeg\" \/>\n<meta name=\"author\" content=\"Aurore Engelen\" \/>\n<meta name=\"twitter:card\" content=\"summary_large_image\" \/>\n<meta name=\"twitter:label1\" content=\"\u00c9crit par\" \/>\n\t<meta name=\"twitter:data1\" content=\"Aurore Engelen\" \/>\n\t<meta name=\"twitter:label2\" content=\"Dur\u00e9e de lecture estim\u00e9e\" \/>\n\t<meta name=\"twitter:data2\" content=\"1 minute\" \/>\n<script type=\"application\/ld+json\" class=\"yoast-schema-graph\">{\"@context\":\"https:\/\/schema.org\",\"@graph\":[{\"@type\":\"WebPage\",\"@id\":\"https:\/\/w-l-c.be\/fr\/astrid-whettnall-deputee\/\",\"url\":\"https:\/\/w-l-c.be\/fr\/astrid-whettnall-deputee\/\",\"name\":\"Astrid Whettnall, d\u00e9put\u00e9e? - w-l-c\",\"isPartOf\":{\"@id\":\"https:\/\/w-l-c.be\/fr\/#website\"},\"datePublished\":\"2019-06-12T06:55:47+00:00\",\"dateModified\":\"2019-06-13T07:21:10+00:00\",\"author\":{\"@id\":\"https:\/\/w-l-c.be\/fr\/#\/schema\/person\/8084b68c6b176142d073695c654dc7cf\"},\"breadcrumb\":{\"@id\":\"https:\/\/w-l-c.be\/fr\/astrid-whettnall-deputee\/#breadcrumb\"},\"inLanguage\":\"fr-FR\",\"potentialAction\":[{\"@type\":\"ReadAction\",\"target\":[\"https:\/\/w-l-c.be\/fr\/astrid-whettnall-deputee\/\"]}]},{\"@type\":\"BreadcrumbList\",\"@id\":\"https:\/\/w-l-c.be\/fr\/astrid-whettnall-deputee\/#breadcrumb\",\"itemListElement\":[{\"@type\":\"ListItem\",\"position\":1,\"name\":\"Accueil\",\"item\":\"https:\/\/w-l-c.be\/fr\/\"},{\"@type\":\"ListItem\",\"position\":2,\"name\":\"Astrid Whettnall, d\u00e9put\u00e9e?\"}]},{\"@type\":\"WebSite\",\"@id\":\"https:\/\/w-l-c.be\/fr\/#website\",\"url\":\"https:\/\/w-l-c.be\/fr\/\",\"name\":\"w-l-c\",\"description\":\"Le cin\u00e9ma vu par les belges\",\"potentialAction\":[{\"@type\":\"SearchAction\",\"target\":{\"@type\":\"EntryPoint\",\"urlTemplate\":\"https:\/\/w-l-c.be\/fr\/?s={search_term_string}\"},\"query-input\":\"required name=search_term_string\"}],\"inLanguage\":\"fr-FR\"},{\"@type\":\"Person\",\"@id\":\"https:\/\/w-l-c.be\/fr\/#\/schema\/person\/8084b68c6b176142d073695c654dc7cf\",\"name\":\"Aurore Engelen\",\"url\":\"https:\/\/w-l-c.be\/fr\/author\/aurore-engelen\/\"}]}<\/script>\n<!-- \/ Yoast SEO plugin. -->","yoast_head_json":{"title":"Astrid Whettnall, d\u00e9put\u00e9e? - w-l-c","robots":{"index":"noindex","follow":"follow","max-snippet":"max-snippet:-1","max-image-preview":"max-image-preview:large","max-video-preview":"max-video-preview:-1"},"og_locale":"fr_FR","og_type":"article","og_title":"Astrid Whettnall, d\u00e9put\u00e9e? - w-l-c","og_description":"Baron Noir, la s\u00e9rie politique de Canal +, reviendra bient\u00f4t pour une 3e saison pleine de promesses, actuellement en tournage, au casting de laquelle on retrouvera notamment la com\u00e9dienne belge Astrid Whettnall, dont les ambitions prennent visiblement une nouvelle ampleur&#8230; Toujours \u00e0 ses c\u00f4t\u00e9s, Kad Merad, h\u00e9ros de la s\u00e9rie, mais aussi Anna Mouglalis, Fran\u00e7ois &hellip;","og_url":"https:\/\/w-l-c.be\/fr\/astrid-whettnall-deputee\/","og_site_name":"w-l-c","article_published_time":"2019-06-12T06:55:47+00:00","article_modified_time":"2019-06-13T07:21:10+00:00","og_image":[{"width":997,"height":531,"url":"https:\/\/w-l-c.be\/wp-content\/uploads\/2019\/06\/AstridWhettnallDepute\u0301e.jpg","type":"image\/jpeg"}],"author":"Aurore Engelen","twitter_card":"summary_large_image","twitter_misc":{"\u00c9crit par":"Aurore Engelen","Dur\u00e9e de lecture estim\u00e9e":"1 minute"},"schema":{"@context":"https:\/\/schema.org","@graph":[{"@type":"WebPage","@id":"https:\/\/w-l-c.be\/fr\/astrid-whettnall-deputee\/","url":"https:\/\/w-l-c.be\/fr\/astrid-whettnall-deputee\/","name":"Astrid Whettnall, d\u00e9put\u00e9e? - w-l-c","isPartOf":{"@id":"https:\/\/w-l-c.be\/fr\/#website"},"datePublished":"2019-06-12T06:55:47+00:00","dateModified":"2019-06-13T07:21:10+00:00","author":{"@id":"https:\/\/w-l-c.be\/fr\/#\/schema\/person\/8084b68c6b176142d073695c654dc7cf"},"breadcrumb":{"@id":"https:\/\/w-l-c.be\/fr\/astrid-whettnall-deputee\/#breadcrumb"},"inLanguage":"fr-FR","potentialAction":[{"@type":"ReadAction","target":["https:\/\/w-l-c.be\/fr\/astrid-whettnall-deputee\/"]}]},{"@type":"BreadcrumbList","@id":"https:\/\/w-l-c.be\/fr\/astrid-whettnall-deputee\/#breadcrumb","itemListElement":[{"@type":"ListItem","position":1,"name":"Accueil","item":"https:\/\/w-l-c.be\/fr\/"},{"@type":"ListItem","position":2,"name":"Astrid Whettnall, d\u00e9put\u00e9e?"}]},{"@type":"WebSite","@id":"https:\/\/w-l-c.be\/fr\/#website","url":"https:\/\/w-l-c.be\/fr\/","name":"w-l-c","description":"Le cin\u00e9ma vu par les belges","potentialAction":[{"@type":"SearchAction","target":{"@type":"EntryPoint","urlTemplate":"https:\/\/w-l-c.be\/fr\/?s={search_term_string}"},"query-input":"required name=search_term_string"}],"inLanguage":"fr-FR"},{"@type":"Person","@id":"https:\/\/w-l-c.be\/fr\/#\/schema\/person\/8084b68c6b176142d073695c654dc7cf","name":"Aurore Engelen","url":"https:\/\/w-l-c.be\/fr\/author\/aurore-engelen\/"}]}},"_links":{"self":[{"href":"https:\/\/w-l-c.be\/fr\/wp-json\/wp\/v2\/posts\/220353","targetHints":{"allow":["GET"]}}],"collection":[{"href":"https:\/\/w-l-c.be\/fr\/wp-json\/wp\/v2\/posts"}],"about":[{"href":"https:\/\/w-l-c.be\/fr\/wp-json\/wp\/v2\/types\/post"}],"author":[{"embeddable":true,"href":"https:\/\/w-l-c.be\/fr\/wp-json\/wp\/v2\/users\/343"}],"replies":[{"embeddable":true,"href":"https:\/\/w-l-c.be\/fr\/wp-json\/wp\/v2\/comments?post=220353"}],"version-history":[{"count":0,"href":"https:\/\/w-l-c.be\/fr\/wp-json\/wp\/v2\/posts\/220353\/revisions"}],"wp:featuredmedia":[{"embeddable":true,"href":"https:\/\/w-l-c.be\/fr\/wp-json\/wp\/v2\/media\/220356"}],"wp:attachment":[{"href":"https:\/\/w-l-c.be\/fr\/wp-json\/wp\/v2\/media?parent=220353"}],"wp:term":[{"taxonomy":"category","embeddable":true,"href":"https:\/\/w-l-c.be\/fr\/wp-json\/wp\/v2\/categories?post=220353"},{"taxonomy":"post_tag","embeddable":true,"href":"https:\/\/w-l-c.be\/fr\/wp-json\/wp\/v2\/tags?post=220353"}],"curies":[{"name":"wp","href":"https:\/\/api.w.org\/{rel}","templated":true}]}}