
{"id":220386,"date":"2019-06-12T11:39:32","date_gmt":"2019-06-12T09:39:32","guid":{"rendered":"https:\/\/www.cinevox.be\/?p=220386"},"modified":"2019-06-12T11:42:46","modified_gmt":"2019-06-12T09:42:46","slug":"appel-a-projets-productions-legeres-2019-cest-parti","status":"publish","type":"post","link":"https:\/\/w-l-c.be\/fr\/appel-a-projets-productions-legeres-2019-cest-parti\/","title":{"rendered":"Appel \u00e0 projets productions l\u00e9g\u00e8res 2019: c&rsquo;est parti!"},"content":{"rendered":"<div><strong>Vous avez une \u00e9criture personnelle et singuli\u00e8re ? Vous voulez tester des nouvelles pistes de r\u00e9alisation ? Vous souhaitez travailler avec un calendrier de production l\u00e9ger et autonome ? Vous venez d\u2019un autre secteur artistique et souhaitez vous frotter \u00e0 la r\u00e9alisation de fiction ? Cet appel \u00e0 projet est fait pour vous !<\/strong><\/div>\n<div>Alors que 8 projets prometteurs soutenus <a href=\"http:\/\/2q1yk.r.ca.d.sendibm2.com\/mk\/cl\/f\/Fu7gjyqcPORGPJ0HBaeAusyGTWxkXsmazLkQpDaDORX_KYopjgdstwqcK5vp91zRaVWcq-iPmpWgx7xualIHPe0OYNOByxsjRaupWeJFCGCnf4wd0iCzT17H4ylpaPkqhtmRQDW57XrP550GqOTUOGMfNLJWe4ht7l8qF6RkutI_Ub4_ay3zntAH3XgN0QTjdE3uttKUXK7G0Lfq5D7AwML06SpJNtodmeSvyrCExDfVrKLU-dhyQZQ8kz3YOfrDpxqjg2ho3mf_xD9kJdwxoFbspxLl_ermJ_87IcGzCEciMEZijm9ySNFZcUo-kOW5HH_P61z2Uv0XVtsmIIlpcpIiBjZgoF2HC20ltMDkUsm2j7hHoDwe0AYxd2OR6JjbRtqgZEncQF_Z1WAuVg\">fin 2017<\/a> et <a href=\"http:\/\/2q1yk.r.ca.d.sendibm2.com\/mk\/cl\/f\/BlChC5VkqaANoT6DtPQ2OiDAM-HTTubMh1Y2_f1zGoZK05-Bt0bTpBiMXuulT8VZc8w5nLWLwSJsTktS5mXjv7Oj-FXptNcSECu3JkHf5jjBotoN6wjMlkpS1GgSugfbKL4WNtmPIeliCarSQbfn7s9UlghXjvXMi0gCgfr6iAyrUWb6ui0zfBpBVn3V9Fi7ogouwyQSpKMP5GLVdCpF8W6FoYa7xPNrv7QSRBviVTT1DIGzfMga2IR7V4KewuWtcBesOpNgyTKkiefDJllRrehJVhFqItkSjv-i8yr-qRD5LGiMXx_gY9bYanTP0yacTBGlLQJ1hcmFkxjCRoQx35iif6Hnk4VP0UYpYGcvLU5Ezq6-JoIEhUqYB26LkbTORqEQYgjyg6tSbp7K8Q\">fin 2018<\/a> sont en cours de r\u00e9alisation, le Centre du Cin\u00e9ma et de l\u2019Audiovisuel lance pour la troisi\u00e8me fois son appel \u00e0 projets annuel d\u00e9di\u00e9 aux films de fiction r\u00e9alis\u00e9s dans des conditions de productions l\u00e9g\u00e8res. Rappelez-vous, nous passions r\u00e9cemment sur le set de <a href=\"https:\/\/www.cinevox.be\/fr\/sur-le-tournage-de-fils-de-plouc\/\"><em>Fils de Plouc<\/em><\/a>, le premier film issu de ces appels \u00e0 \u00eatre tourn\u00e9, et nous vous parlions il y a quelques semaines de <a href=\"http:\/\/losers revolution\"><em>Losers Revolution<\/em><\/a>, dont le tournage a d\u00e9but\u00e9 lundi, et dont on vous reparle tr\u00e8s vite.<\/div>\n<div><\/div>\n<div><strong>Trois nouveaut\u00e9s<\/strong> :<\/div>\n<ul>\n<li>\u00e0 partir de cette ann\u00e9e, l\u2019appel est \u00e9galement ouvert aux r\u00e9alisateur\u00b7trice\u00b7s ayant d\u00e9j\u00e0 un long m\u00e9trage ou plus \u00e0 leur actif ;<\/li>\n<li>si le projet est une premi\u00e8re fiction de long m\u00e9trage, les auteurs\/r\u00e9alisateurs doivent avoir r\u00e9alis\u00e9 une production audiovisuelle r\u00e9v\u00e9latrice de leur travail, qu\u2019il s\u2019agisse d\u2019un court m\u00e9trage, ou encore d&rsquo;un clip ou d&rsquo;une web-s\u00e9rie ;<\/li>\n<li>l\u2019appel est ouvert \u00e0 des films de plus de 40 minutes.<\/li>\n<\/ul>\n<div><\/div>\n<div>Pour rappel, un film r\u00e9alis\u00e9 dans des conditions l\u00e9g\u00e8res doit se faire avec des moyens techniques (\u00e9quipes et mat\u00e9riels) modestes afin d\u2019\u00eatre r\u00e9alisable dans le cadre d\u2019un budget limit\u00e9 connu d\u00e8s le d\u00e9part ; d\u00e8s lors, il se caract\u00e9rise habituellement par un nombre de d\u00e9cors et de personnages limit\u00e9s et un r\u00e9cit qui s\u2019organise souvent dans une seule unit\u00e9 temporelle ou de lieu<\/div>\n<div>Le montant de l\u2019aide est de<strong> maximum 100 000 euros pour les longs m\u00e9trages<\/strong> et de <strong>maximum 80 000 euros pour les moyens m\u00e9trages<\/strong>.<\/div>\n<div><strong>La date limite de d\u00e9p\u00f4t est fix\u00e9e au mardi 1er octobre 2019 \u00e0 16h.<\/strong><\/div>\n<div>La pr\u00e9s\u00e9lection, l\u2019audition des candidats pr\u00e9s\u00e9lectionn\u00e9s et la r\u00e9union de s\u00e9lection devant un jury auront lieu fin 2019.<\/div>\n<div>Les <strong>objectifs<\/strong> de cet appel \u00e0 projets sont de :<\/div>\n<ul>\n<li>Stimuler les \u00e9critures personnelles et singuli\u00e8res ;<\/li>\n<li>Ouvrir de nouvelles pistes de r\u00e9alisation innovantes ;<\/li>\n<li>Encourager les auteurs et les producteurs de la FWB, en priorit\u00e9 ceux qui d\u00e9marrent, en leur offrant la possibilit\u00e9 de r\u00e9aliser un long m\u00e9trage de fiction en int\u00e9grant d\u00e8s le d\u00e9part certaines contraintes de contenu et budg\u00e9taires, permettant de stimuler la cr\u00e9ativit\u00e9 en bonne connaissance de cause ;<\/li>\n<li>Travailler dans un calendrier de production rapide, l\u00e9ger et autonome ;<\/li>\n<li>\u00c9largir le public en ouvrant la diffusion aux circuits autres que la salle de cin\u00e9ma, notamment les plateformes web.<\/li>\n<\/ul>\n<div><\/div>\n<div><strong>Remarques <\/strong>:<\/div>\n<ul>\n<li>L\u2019appel est ouvert \u00e0 tous les auteurs, qu\u2019ils aient ou non r\u00e9alis\u00e9 des longs m\u00e9trages auparavant ;<\/li>\n<li>S\u2019il s\u2019agit de la premi\u00e8re fiction de l\u2019auteur, ce dernier doit avoir \u00e0 son actif une production audiovisuelle r\u00e9v\u00e9latrice de son travail produite dans des conditions professionnelles ;<\/li>\n<li>La demande doit \u00eatre introduite par un producteur ;<\/li>\n<li>Les projets ayant d\u00e9j\u00e0 fait l\u2019objet d\u2019un d\u00e9p\u00f4t aupr\u00e8s de la Commission de S\u00e9lection des Films et\/ou d\u00e9p\u00f4t lors d\u2019un pr\u00e9c\u00e9dent \u00ab\u00a0Appel \u00e0 projets Longs m\u00e9trages conditions l\u00e9g\u00e8res\u00a0\u00bb ne sont pas \u00e9ligibles ;<\/li>\n<li>Tous les intervenants du film devront \u00eatre pay\u00e9s selon les normes du march\u00e9. Il ne s\u2019agit pas de faire un film \u00ab\u00a0au rabais\u00a0\u00bb mais d\u2019assurer sa r\u00e9alisation dans des conditions \u00e9conomiques viables.<\/li>\n<li>Le film doit \u00eatre termin\u00e9 dans un d\u00e9lai de 24 mois \u00e0 dater de la notification de l\u2019aide par l\u2019administration aupr\u00e8s du b\u00e9n\u00e9ficiaire.<\/li>\n<\/ul>\n<div><strong>Convaincu\u00b7e ? Ne tardez pas et faites-nous parvenir votre dossier de candidature et d\u00e9couvrez toutes les infos <a href=\"https:\/\/audiovisuel.cfwb.be\/fileadmin\/sites\/sgam\/uploads\/Aides\/Commission_de_Selection_des_Films\/CSF_Appel_a_production_conditions_legeres_2019.pdf?utm_source=sendinblue&amp;utm_campaign=Appel__projets_2019_pour_longs_mtrages_raliss_dans_des_conditions_de_production_lgres&amp;utm_medium=email\">ici<\/a>.\u00a0<\/strong><\/div>\n","protected":false},"excerpt":{"rendered":"<p>Vous avez une \u00e9criture personnelle et singuli\u00e8re ? Vous voulez tester des nouvelles pistes de r\u00e9alisation ? Vous souhaitez travailler avec un calendrier de production l\u00e9ger et autonome ? Vous venez d\u2019un autre secteur artistique et souhaitez vous frotter \u00e0 la r\u00e9alisation de fiction ? Cet appel \u00e0 projet est fait pour vous ! Alors &hellip;<\/p>\n","protected":false},"author":343,"featured_media":220387,"comment_status":"closed","ping_status":"closed","sticky":false,"template":"","format":"standard","meta":{"ngg_post_thumbnail":0,"footnotes":""},"categories":[1923],"tags":[],"class_list":["post-220386","post","type-post","status-publish","format-standard","has-post-thumbnail","","category-en-bref"],"yoast_head":"<!-- This site is optimized with the Yoast SEO plugin v20.4 - https:\/\/yoast.com\/wordpress\/plugins\/seo\/ -->\n<title>Appel \u00e0 projets productions l\u00e9g\u00e8res 2019: c&#039;est parti! - w-l-c<\/title>\n<meta name=\"robots\" content=\"noindex, follow, max-snippet:-1, max-image-preview:large, max-video-preview:-1\" \/>\n<meta property=\"og:locale\" content=\"fr_FR\" \/>\n<meta property=\"og:type\" content=\"article\" \/>\n<meta property=\"og:title\" content=\"Appel \u00e0 projets productions l\u00e9g\u00e8res 2019: c&#039;est parti! - w-l-c\" \/>\n<meta property=\"og:description\" content=\"Vous avez une \u00e9criture personnelle et singuli\u00e8re ? Vous voulez tester des nouvelles pistes de r\u00e9alisation ? Vous souhaitez travailler avec un calendrier de production l\u00e9ger et autonome ? Vous venez d\u2019un autre secteur artistique et souhaitez vous frotter \u00e0 la r\u00e9alisation de fiction ? Cet appel \u00e0 projet est fait pour vous ! Alors &hellip;\" \/>\n<meta property=\"og:url\" content=\"https:\/\/w-l-c.be\/fr\/appel-a-projets-productions-legeres-2019-cest-parti\/\" \/>\n<meta property=\"og:site_name\" content=\"w-l-c\" \/>\n<meta property=\"article:published_time\" content=\"2019-06-12T09:39:32+00:00\" \/>\n<meta property=\"article:modified_time\" content=\"2019-06-12T09:42:46+00:00\" \/>\n<meta property=\"og:image\" content=\"https:\/\/w-l-c.be\/wp-content\/uploads\/2019\/06\/Pie\u0300ce-jointe.jpeg\" \/>\n\t<meta property=\"og:image:width\" content=\"600\" \/>\n\t<meta property=\"og:image:height\" content=\"337\" \/>\n\t<meta property=\"og:image:type\" content=\"image\/jpeg\" \/>\n<meta name=\"author\" content=\"Aurore Engelen\" \/>\n<meta name=\"twitter:card\" content=\"summary_large_image\" \/>\n<meta name=\"twitter:label1\" content=\"\u00c9crit par\" \/>\n\t<meta name=\"twitter:data1\" content=\"Aurore Engelen\" \/>\n\t<meta name=\"twitter:label2\" content=\"Dur\u00e9e de lecture estim\u00e9e\" \/>\n\t<meta name=\"twitter:data2\" content=\"3 minutes\" \/>\n<script type=\"application\/ld+json\" class=\"yoast-schema-graph\">{\"@context\":\"https:\/\/schema.org\",\"@graph\":[{\"@type\":\"WebPage\",\"@id\":\"https:\/\/w-l-c.be\/fr\/appel-a-projets-productions-legeres-2019-cest-parti\/\",\"url\":\"https:\/\/w-l-c.be\/fr\/appel-a-projets-productions-legeres-2019-cest-parti\/\",\"name\":\"Appel \u00e0 projets productions l\u00e9g\u00e8res 2019: c'est parti! - w-l-c\",\"isPartOf\":{\"@id\":\"https:\/\/w-l-c.be\/fr\/#website\"},\"datePublished\":\"2019-06-12T09:39:32+00:00\",\"dateModified\":\"2019-06-12T09:42:46+00:00\",\"author\":{\"@id\":\"https:\/\/w-l-c.be\/fr\/#\/schema\/person\/8084b68c6b176142d073695c654dc7cf\"},\"breadcrumb\":{\"@id\":\"https:\/\/w-l-c.be\/fr\/appel-a-projets-productions-legeres-2019-cest-parti\/#breadcrumb\"},\"inLanguage\":\"fr-FR\",\"potentialAction\":[{\"@type\":\"ReadAction\",\"target\":[\"https:\/\/w-l-c.be\/fr\/appel-a-projets-productions-legeres-2019-cest-parti\/\"]}]},{\"@type\":\"BreadcrumbList\",\"@id\":\"https:\/\/w-l-c.be\/fr\/appel-a-projets-productions-legeres-2019-cest-parti\/#breadcrumb\",\"itemListElement\":[{\"@type\":\"ListItem\",\"position\":1,\"name\":\"Accueil\",\"item\":\"https:\/\/w-l-c.be\/fr\/\"},{\"@type\":\"ListItem\",\"position\":2,\"name\":\"Appel \u00e0 projets productions l\u00e9g\u00e8res 2019: c&rsquo;est parti!\"}]},{\"@type\":\"WebSite\",\"@id\":\"https:\/\/w-l-c.be\/fr\/#website\",\"url\":\"https:\/\/w-l-c.be\/fr\/\",\"name\":\"w-l-c\",\"description\":\"Le cin\u00e9ma vu par les belges\",\"potentialAction\":[{\"@type\":\"SearchAction\",\"target\":{\"@type\":\"EntryPoint\",\"urlTemplate\":\"https:\/\/w-l-c.be\/fr\/?s={search_term_string}\"},\"query-input\":\"required name=search_term_string\"}],\"inLanguage\":\"fr-FR\"},{\"@type\":\"Person\",\"@id\":\"https:\/\/w-l-c.be\/fr\/#\/schema\/person\/8084b68c6b176142d073695c654dc7cf\",\"name\":\"Aurore Engelen\",\"url\":\"https:\/\/w-l-c.be\/fr\/author\/aurore-engelen\/\"}]}<\/script>\n<!-- \/ Yoast SEO plugin. -->","yoast_head_json":{"title":"Appel \u00e0 projets productions l\u00e9g\u00e8res 2019: c'est parti! - w-l-c","robots":{"index":"noindex","follow":"follow","max-snippet":"max-snippet:-1","max-image-preview":"max-image-preview:large","max-video-preview":"max-video-preview:-1"},"og_locale":"fr_FR","og_type":"article","og_title":"Appel \u00e0 projets productions l\u00e9g\u00e8res 2019: c'est parti! - w-l-c","og_description":"Vous avez une \u00e9criture personnelle et singuli\u00e8re ? Vous voulez tester des nouvelles pistes de r\u00e9alisation ? Vous souhaitez travailler avec un calendrier de production l\u00e9ger et autonome ? Vous venez d\u2019un autre secteur artistique et souhaitez vous frotter \u00e0 la r\u00e9alisation de fiction ? Cet appel \u00e0 projet est fait pour vous ! Alors &hellip;","og_url":"https:\/\/w-l-c.be\/fr\/appel-a-projets-productions-legeres-2019-cest-parti\/","og_site_name":"w-l-c","article_published_time":"2019-06-12T09:39:32+00:00","article_modified_time":"2019-06-12T09:42:46+00:00","og_image":[{"width":600,"height":337,"url":"https:\/\/w-l-c.be\/wp-content\/uploads\/2019\/06\/Pie\u0300ce-jointe.jpeg","type":"image\/jpeg"}],"author":"Aurore Engelen","twitter_card":"summary_large_image","twitter_misc":{"\u00c9crit par":"Aurore Engelen","Dur\u00e9e de lecture estim\u00e9e":"3 minutes"},"schema":{"@context":"https:\/\/schema.org","@graph":[{"@type":"WebPage","@id":"https:\/\/w-l-c.be\/fr\/appel-a-projets-productions-legeres-2019-cest-parti\/","url":"https:\/\/w-l-c.be\/fr\/appel-a-projets-productions-legeres-2019-cest-parti\/","name":"Appel \u00e0 projets productions l\u00e9g\u00e8res 2019: c'est parti! - w-l-c","isPartOf":{"@id":"https:\/\/w-l-c.be\/fr\/#website"},"datePublished":"2019-06-12T09:39:32+00:00","dateModified":"2019-06-12T09:42:46+00:00","author":{"@id":"https:\/\/w-l-c.be\/fr\/#\/schema\/person\/8084b68c6b176142d073695c654dc7cf"},"breadcrumb":{"@id":"https:\/\/w-l-c.be\/fr\/appel-a-projets-productions-legeres-2019-cest-parti\/#breadcrumb"},"inLanguage":"fr-FR","potentialAction":[{"@type":"ReadAction","target":["https:\/\/w-l-c.be\/fr\/appel-a-projets-productions-legeres-2019-cest-parti\/"]}]},{"@type":"BreadcrumbList","@id":"https:\/\/w-l-c.be\/fr\/appel-a-projets-productions-legeres-2019-cest-parti\/#breadcrumb","itemListElement":[{"@type":"ListItem","position":1,"name":"Accueil","item":"https:\/\/w-l-c.be\/fr\/"},{"@type":"ListItem","position":2,"name":"Appel \u00e0 projets productions l\u00e9g\u00e8res 2019: c&rsquo;est parti!"}]},{"@type":"WebSite","@id":"https:\/\/w-l-c.be\/fr\/#website","url":"https:\/\/w-l-c.be\/fr\/","name":"w-l-c","description":"Le cin\u00e9ma vu par les belges","potentialAction":[{"@type":"SearchAction","target":{"@type":"EntryPoint","urlTemplate":"https:\/\/w-l-c.be\/fr\/?s={search_term_string}"},"query-input":"required name=search_term_string"}],"inLanguage":"fr-FR"},{"@type":"Person","@id":"https:\/\/w-l-c.be\/fr\/#\/schema\/person\/8084b68c6b176142d073695c654dc7cf","name":"Aurore Engelen","url":"https:\/\/w-l-c.be\/fr\/author\/aurore-engelen\/"}]}},"_links":{"self":[{"href":"https:\/\/w-l-c.be\/fr\/wp-json\/wp\/v2\/posts\/220386","targetHints":{"allow":["GET"]}}],"collection":[{"href":"https:\/\/w-l-c.be\/fr\/wp-json\/wp\/v2\/posts"}],"about":[{"href":"https:\/\/w-l-c.be\/fr\/wp-json\/wp\/v2\/types\/post"}],"author":[{"embeddable":true,"href":"https:\/\/w-l-c.be\/fr\/wp-json\/wp\/v2\/users\/343"}],"replies":[{"embeddable":true,"href":"https:\/\/w-l-c.be\/fr\/wp-json\/wp\/v2\/comments?post=220386"}],"version-history":[{"count":0,"href":"https:\/\/w-l-c.be\/fr\/wp-json\/wp\/v2\/posts\/220386\/revisions"}],"wp:featuredmedia":[{"embeddable":true,"href":"https:\/\/w-l-c.be\/fr\/wp-json\/wp\/v2\/media\/220387"}],"wp:attachment":[{"href":"https:\/\/w-l-c.be\/fr\/wp-json\/wp\/v2\/media?parent=220386"}],"wp:term":[{"taxonomy":"category","embeddable":true,"href":"https:\/\/w-l-c.be\/fr\/wp-json\/wp\/v2\/categories?post=220386"},{"taxonomy":"post_tag","embeddable":true,"href":"https:\/\/w-l-c.be\/fr\/wp-json\/wp\/v2\/tags?post=220386"}],"curies":[{"name":"wp","href":"https:\/\/api.w.org\/{rel}","templated":true}]}}