
{"id":221329,"date":"2019-08-09T10:23:04","date_gmt":"2019-08-09T08:23:04","guid":{"rendered":"https:\/\/www.cinevox.be\/?p=221329"},"modified":"2019-08-13T11:07:45","modified_gmt":"2019-08-13T09:07:45","slug":"ann-sirot-raphael-balboni-tourner-en-production-legere","status":"publish","type":"post","link":"https:\/\/w-l-c.be\/fr\/ann-sirot-raphael-balboni-tourner-en-production-legere\/","title":{"rendered":"Ann Sirot &#038; Rapha\u00ebl Balboni: tourner en production l\u00e9g\u00e8re"},"content":{"rendered":"<p><strong>Ann Sirot et Rapha\u00ebl Balboni nous parlent des sp\u00e9cificit\u00e9s du tournage en production l\u00e9g\u00e8re de leur premier long m\u00e9trage,<em> Une vie d\u00e9mente<\/em>, un film produit par Julie Esparbes, pour H\u00e9licotronc.<\/strong><\/p>\n","protected":false},"excerpt":{"rendered":"<p>Ann Sirot et Rapha\u00ebl Balboni nous parlent des sp\u00e9cificit\u00e9s du tournage en production l\u00e9g\u00e8re de leur premier long m\u00e9trage, Une vie d\u00e9mente, un film produit par Julie Esparbes, pour H\u00e9licotronc.<\/p>\n","protected":false},"author":343,"featured_media":221340,"comment_status":"closed","ping_status":"closed","sticky":false,"template":"","format":"standard","meta":{"ngg_post_thumbnail":0,"footnotes":""},"categories":[1978,11],"tags":[2490,2491,4410],"class_list":["post-221329","post","type-post","status-publish","format-standard","has-post-thumbnail","","category-interviews","category-tournages","tag-ann-sirot","tag-raphael-balboni","tag-une-vie-demente"],"yoast_head":"<!-- This site is optimized with the Yoast SEO plugin v20.4 - https:\/\/yoast.com\/wordpress\/plugins\/seo\/ -->\n<title>Ann Sirot &amp; Rapha\u00ebl Balboni: tourner en production l\u00e9g\u00e8re - w-l-c<\/title>\n<meta name=\"robots\" content=\"noindex, follow, max-snippet:-1, max-image-preview:large, max-video-preview:-1\" \/>\n<meta property=\"og:locale\" content=\"fr_FR\" \/>\n<meta property=\"og:type\" content=\"article\" \/>\n<meta property=\"og:title\" content=\"Ann Sirot &amp; Rapha\u00ebl Balboni: tourner en production l\u00e9g\u00e8re - w-l-c\" \/>\n<meta property=\"og:description\" content=\"Ann Sirot et Rapha\u00ebl Balboni nous parlent des sp\u00e9cificit\u00e9s du tournage en production l\u00e9g\u00e8re de leur premier long m\u00e9trage, Une vie d\u00e9mente, un film produit par Julie Esparbes, pour H\u00e9licotronc.\" \/>\n<meta property=\"og:url\" content=\"https:\/\/w-l-c.be\/fr\/ann-sirot-raphael-balboni-tourner-en-production-legere\/\" \/>\n<meta property=\"og:site_name\" content=\"w-l-c\" \/>\n<meta property=\"article:published_time\" content=\"2019-08-09T08:23:04+00:00\" \/>\n<meta property=\"article:modified_time\" content=\"2019-08-13T09:07:45+00:00\" \/>\n<meta property=\"og:image\" content=\"https:\/\/w-l-c.be\/wp-content\/uploads\/2019\/08\/IMG_9462.jpeg\" \/>\n\t<meta property=\"og:image:width\" content=\"4032\" \/>\n\t<meta property=\"og:image:height\" content=\"2285\" \/>\n\t<meta property=\"og:image:type\" content=\"image\/jpeg\" \/>\n<meta name=\"author\" content=\"Aurore Engelen\" \/>\n<meta name=\"twitter:card\" content=\"summary_large_image\" \/>\n<meta name=\"twitter:label1\" content=\"\u00c9crit par\" \/>\n\t<meta name=\"twitter:data1\" content=\"Aurore Engelen\" \/>\n<script type=\"application\/ld+json\" class=\"yoast-schema-graph\">{\"@context\":\"https:\/\/schema.org\",\"@graph\":[{\"@type\":\"WebPage\",\"@id\":\"https:\/\/w-l-c.be\/fr\/ann-sirot-raphael-balboni-tourner-en-production-legere\/\",\"url\":\"https:\/\/w-l-c.be\/fr\/ann-sirot-raphael-balboni-tourner-en-production-legere\/\",\"name\":\"Ann Sirot & Rapha\u00ebl Balboni: tourner en production l\u00e9g\u00e8re - w-l-c\",\"isPartOf\":{\"@id\":\"https:\/\/w-l-c.be\/fr\/#website\"},\"datePublished\":\"2019-08-09T08:23:04+00:00\",\"dateModified\":\"2019-08-13T09:07:45+00:00\",\"author\":{\"@id\":\"https:\/\/w-l-c.be\/fr\/#\/schema\/person\/8084b68c6b176142d073695c654dc7cf\"},\"breadcrumb\":{\"@id\":\"https:\/\/w-l-c.be\/fr\/ann-sirot-raphael-balboni-tourner-en-production-legere\/#breadcrumb\"},\"inLanguage\":\"fr-FR\",\"potentialAction\":[{\"@type\":\"ReadAction\",\"target\":[\"https:\/\/w-l-c.be\/fr\/ann-sirot-raphael-balboni-tourner-en-production-legere\/\"]}]},{\"@type\":\"BreadcrumbList\",\"@id\":\"https:\/\/w-l-c.be\/fr\/ann-sirot-raphael-balboni-tourner-en-production-legere\/#breadcrumb\",\"itemListElement\":[{\"@type\":\"ListItem\",\"position\":1,\"name\":\"Accueil\",\"item\":\"https:\/\/w-l-c.be\/fr\/\"},{\"@type\":\"ListItem\",\"position\":2,\"name\":\"Ann Sirot &#038; Rapha\u00ebl Balboni: tourner en production l\u00e9g\u00e8re\"}]},{\"@type\":\"WebSite\",\"@id\":\"https:\/\/w-l-c.be\/fr\/#website\",\"url\":\"https:\/\/w-l-c.be\/fr\/\",\"name\":\"w-l-c\",\"description\":\"Le cin\u00e9ma vu par les belges\",\"potentialAction\":[{\"@type\":\"SearchAction\",\"target\":{\"@type\":\"EntryPoint\",\"urlTemplate\":\"https:\/\/w-l-c.be\/fr\/?s={search_term_string}\"},\"query-input\":\"required name=search_term_string\"}],\"inLanguage\":\"fr-FR\"},{\"@type\":\"Person\",\"@id\":\"https:\/\/w-l-c.be\/fr\/#\/schema\/person\/8084b68c6b176142d073695c654dc7cf\",\"name\":\"Aurore Engelen\",\"url\":\"https:\/\/w-l-c.be\/fr\/author\/aurore-engelen\/\"}]}<\/script>\n<!-- \/ Yoast SEO plugin. -->","yoast_head_json":{"title":"Ann Sirot & Rapha\u00ebl Balboni: tourner en production l\u00e9g\u00e8re - w-l-c","robots":{"index":"noindex","follow":"follow","max-snippet":"max-snippet:-1","max-image-preview":"max-image-preview:large","max-video-preview":"max-video-preview:-1"},"og_locale":"fr_FR","og_type":"article","og_title":"Ann Sirot & Rapha\u00ebl Balboni: tourner en production l\u00e9g\u00e8re - w-l-c","og_description":"Ann Sirot et Rapha\u00ebl Balboni nous parlent des sp\u00e9cificit\u00e9s du tournage en production l\u00e9g\u00e8re de leur premier long m\u00e9trage, Une vie d\u00e9mente, un film produit par Julie Esparbes, pour H\u00e9licotronc.","og_url":"https:\/\/w-l-c.be\/fr\/ann-sirot-raphael-balboni-tourner-en-production-legere\/","og_site_name":"w-l-c","article_published_time":"2019-08-09T08:23:04+00:00","article_modified_time":"2019-08-13T09:07:45+00:00","og_image":[{"width":4032,"height":2285,"url":"https:\/\/w-l-c.be\/wp-content\/uploads\/2019\/08\/IMG_9462.jpeg","type":"image\/jpeg"}],"author":"Aurore Engelen","twitter_card":"summary_large_image","twitter_misc":{"\u00c9crit par":"Aurore Engelen"},"schema":{"@context":"https:\/\/schema.org","@graph":[{"@type":"WebPage","@id":"https:\/\/w-l-c.be\/fr\/ann-sirot-raphael-balboni-tourner-en-production-legere\/","url":"https:\/\/w-l-c.be\/fr\/ann-sirot-raphael-balboni-tourner-en-production-legere\/","name":"Ann Sirot & Rapha\u00ebl Balboni: tourner en production l\u00e9g\u00e8re - w-l-c","isPartOf":{"@id":"https:\/\/w-l-c.be\/fr\/#website"},"datePublished":"2019-08-09T08:23:04+00:00","dateModified":"2019-08-13T09:07:45+00:00","author":{"@id":"https:\/\/w-l-c.be\/fr\/#\/schema\/person\/8084b68c6b176142d073695c654dc7cf"},"breadcrumb":{"@id":"https:\/\/w-l-c.be\/fr\/ann-sirot-raphael-balboni-tourner-en-production-legere\/#breadcrumb"},"inLanguage":"fr-FR","potentialAction":[{"@type":"ReadAction","target":["https:\/\/w-l-c.be\/fr\/ann-sirot-raphael-balboni-tourner-en-production-legere\/"]}]},{"@type":"BreadcrumbList","@id":"https:\/\/w-l-c.be\/fr\/ann-sirot-raphael-balboni-tourner-en-production-legere\/#breadcrumb","itemListElement":[{"@type":"ListItem","position":1,"name":"Accueil","item":"https:\/\/w-l-c.be\/fr\/"},{"@type":"ListItem","position":2,"name":"Ann Sirot &#038; Rapha\u00ebl Balboni: tourner en production l\u00e9g\u00e8re"}]},{"@type":"WebSite","@id":"https:\/\/w-l-c.be\/fr\/#website","url":"https:\/\/w-l-c.be\/fr\/","name":"w-l-c","description":"Le cin\u00e9ma vu par les belges","potentialAction":[{"@type":"SearchAction","target":{"@type":"EntryPoint","urlTemplate":"https:\/\/w-l-c.be\/fr\/?s={search_term_string}"},"query-input":"required name=search_term_string"}],"inLanguage":"fr-FR"},{"@type":"Person","@id":"https:\/\/w-l-c.be\/fr\/#\/schema\/person\/8084b68c6b176142d073695c654dc7cf","name":"Aurore Engelen","url":"https:\/\/w-l-c.be\/fr\/author\/aurore-engelen\/"}]}},"_links":{"self":[{"href":"https:\/\/w-l-c.be\/fr\/wp-json\/wp\/v2\/posts\/221329","targetHints":{"allow":["GET"]}}],"collection":[{"href":"https:\/\/w-l-c.be\/fr\/wp-json\/wp\/v2\/posts"}],"about":[{"href":"https:\/\/w-l-c.be\/fr\/wp-json\/wp\/v2\/types\/post"}],"author":[{"embeddable":true,"href":"https:\/\/w-l-c.be\/fr\/wp-json\/wp\/v2\/users\/343"}],"replies":[{"embeddable":true,"href":"https:\/\/w-l-c.be\/fr\/wp-json\/wp\/v2\/comments?post=221329"}],"version-history":[{"count":0,"href":"https:\/\/w-l-c.be\/fr\/wp-json\/wp\/v2\/posts\/221329\/revisions"}],"wp:featuredmedia":[{"embeddable":true,"href":"https:\/\/w-l-c.be\/fr\/wp-json\/wp\/v2\/media\/221340"}],"wp:attachment":[{"href":"https:\/\/w-l-c.be\/fr\/wp-json\/wp\/v2\/media?parent=221329"}],"wp:term":[{"taxonomy":"category","embeddable":true,"href":"https:\/\/w-l-c.be\/fr\/wp-json\/wp\/v2\/categories?post=221329"},{"taxonomy":"post_tag","embeddable":true,"href":"https:\/\/w-l-c.be\/fr\/wp-json\/wp\/v2\/tags?post=221329"}],"curies":[{"name":"wp","href":"https:\/\/api.w.org\/{rel}","templated":true}]}}