
{"id":221387,"date":"2019-08-07T10:33:11","date_gmt":"2019-08-07T08:33:11","guid":{"rendered":"https:\/\/www.cinevox.be\/?p=221387"},"modified":"2019-08-08T17:01:56","modified_gmt":"2019-08-08T15:01:56","slug":"deborah-francois-a-laffiche-de-never-grow-old","status":"publish","type":"post","link":"https:\/\/w-l-c.be\/fr\/deborah-francois-a-laffiche-de-never-grow-old\/","title":{"rendered":"D\u00e9borah Fran\u00e7ois \u00e0 l&rsquo;affiche de \u00ab\u00a0Never Grow Old\u00a0\u00bb"},"content":{"rendered":"<p><strong>La com\u00e9dienne belge D\u00e9borah Fran\u00e7ois est \u00e0 l&rsquo;affiche &#8211; in English please! &#8211; de <em>Never Grow Old<\/em>, western am\u00e9ricain qui sort aujourd&rsquo;hui en France du r\u00e9alisateur irlandais Ivan Kavanagh, aux c\u00f4t\u00e9s de John Cusack et Emile Hirsh, excusez du peu.<\/strong><\/p>\n<div class=\"signature\">\n<p>Un entrepreneur irlandais a du succ\u00e8s. Il r\u00e9alise des b\u00e9n\u00e9fices jusqu&rsquo;\u00e0 ce que les hors-la-loi s&#8217;emparent d&rsquo;une ville frontali\u00e8re. Ils menacent la population et notamment la famille de l&rsquo;irlandais. Ce dernier va devoir les prot\u00e9ger&#8230;<\/p>\n<p>La com\u00e9dienne belge y incarne la femme de l&rsquo;entrepreneur jou\u00e9 Emile Hirsch, et manie la carabine avec dext\u00e9rit\u00e9 pour prot\u00e9ger sa famille. On retrouve \u00e9galement au g\u00e9n\u00e9rique la com\u00e9dienne belge Anne Coesens.<\/p>\n<p>Hasard ou co\u00efncidence, on la retrouvera bient\u00f4t dans un autre western, <em>L&rsquo;Etat Sauvage<\/em> de David Perrault, un film fran\u00e7ais cette fois, mais o\u00f9 elle retrouvera son compatriote belge Kevin Janssens. Elle nous parlait de ces projets en mai dernier, lors du Festival de Cannes.<\/p>\n<p><iframe loading=\"lazy\" title=\"#InstaCannes: D\u00e9borah Fran\u00e7ois\" width=\"618\" height=\"464\" src=\"https:\/\/www.youtube.com\/embed\/SD1LuVi6GUM?feature=oembed\" frameborder=\"0\" allow=\"accelerometer; autoplay; clipboard-write; encrypted-media; gyroscope; picture-in-picture; web-share\" referrerpolicy=\"strict-origin-when-cross-origin\" allowfullscreen><\/iframe><\/p>\n<\/div>\n","protected":false},"excerpt":{"rendered":"<p>La com\u00e9dienne belge D\u00e9borah Fran\u00e7ois est \u00e0 l&rsquo;affiche &#8211; in English please! &#8211; de Never Grow Old, western am\u00e9ricain qui sort aujourd&rsquo;hui en France du r\u00e9alisateur irlandais Ivan Kavanagh, aux c\u00f4t\u00e9s de John Cusack et Emile Hirsh, excusez du peu. Un entrepreneur irlandais a du succ\u00e8s. Il r\u00e9alise des b\u00e9n\u00e9fices jusqu&rsquo;\u00e0 ce que les hors-la-loi &hellip;<\/p>\n","protected":false},"author":343,"featured_media":221388,"comment_status":"closed","ping_status":"closed","sticky":false,"template":"","format":"standard","meta":{"ngg_post_thumbnail":0,"footnotes":""},"categories":[10],"tags":[4304,4187],"class_list":["post-221387","post","type-post","status-publish","format-standard","has-post-thumbnail","","category-a-l-affiche","tag-deborah-francois-2","tag-newsletter-fr"],"yoast_head":"<!-- This site is optimized with the Yoast SEO plugin v20.4 - https:\/\/yoast.com\/wordpress\/plugins\/seo\/ -->\n<title>D\u00e9borah Fran\u00e7ois \u00e0 l&#039;affiche de &quot;Never Grow Old&quot; - w-l-c<\/title>\n<meta name=\"robots\" content=\"noindex, follow, max-snippet:-1, max-image-preview:large, max-video-preview:-1\" \/>\n<meta property=\"og:locale\" content=\"fr_FR\" \/>\n<meta property=\"og:type\" content=\"article\" \/>\n<meta property=\"og:title\" content=\"D\u00e9borah Fran\u00e7ois \u00e0 l&#039;affiche de &quot;Never Grow Old&quot; - w-l-c\" \/>\n<meta property=\"og:description\" content=\"La com\u00e9dienne belge D\u00e9borah Fran\u00e7ois est \u00e0 l&rsquo;affiche &#8211; in English please! &#8211; de Never Grow Old, western am\u00e9ricain qui sort aujourd&rsquo;hui en France du r\u00e9alisateur irlandais Ivan Kavanagh, aux c\u00f4t\u00e9s de John Cusack et Emile Hirsh, excusez du peu. Un entrepreneur irlandais a du succ\u00e8s. Il r\u00e9alise des b\u00e9n\u00e9fices jusqu&rsquo;\u00e0 ce que les hors-la-loi &hellip;\" \/>\n<meta property=\"og:url\" content=\"https:\/\/w-l-c.be\/fr\/deborah-francois-a-laffiche-de-never-grow-old\/\" \/>\n<meta property=\"og:site_name\" content=\"w-l-c\" \/>\n<meta property=\"article:published_time\" content=\"2019-08-07T08:33:11+00:00\" \/>\n<meta property=\"article:modified_time\" content=\"2019-08-08T15:01:56+00:00\" \/>\n<meta property=\"og:image\" content=\"https:\/\/w-l-c.be\/wp-content\/uploads\/2019\/08\/Deborah-Francois-Never-Grow-Old.jpg\" \/>\n\t<meta property=\"og:image:width\" content=\"800\" \/>\n\t<meta property=\"og:image:height\" content=\"533\" \/>\n\t<meta property=\"og:image:type\" content=\"image\/jpeg\" \/>\n<meta name=\"author\" content=\"Aurore Engelen\" \/>\n<meta name=\"twitter:card\" content=\"summary_large_image\" \/>\n<meta name=\"twitter:label1\" content=\"\u00c9crit par\" \/>\n\t<meta name=\"twitter:data1\" content=\"Aurore Engelen\" \/>\n\t<meta name=\"twitter:label2\" content=\"Dur\u00e9e de lecture estim\u00e9e\" \/>\n\t<meta name=\"twitter:data2\" content=\"1 minute\" \/>\n<script type=\"application\/ld+json\" class=\"yoast-schema-graph\">{\"@context\":\"https:\/\/schema.org\",\"@graph\":[{\"@type\":\"WebPage\",\"@id\":\"https:\/\/w-l-c.be\/fr\/deborah-francois-a-laffiche-de-never-grow-old\/\",\"url\":\"https:\/\/w-l-c.be\/fr\/deborah-francois-a-laffiche-de-never-grow-old\/\",\"name\":\"D\u00e9borah Fran\u00e7ois \u00e0 l'affiche de \\\"Never Grow Old\\\" - w-l-c\",\"isPartOf\":{\"@id\":\"https:\/\/w-l-c.be\/fr\/#website\"},\"datePublished\":\"2019-08-07T08:33:11+00:00\",\"dateModified\":\"2019-08-08T15:01:56+00:00\",\"author\":{\"@id\":\"https:\/\/w-l-c.be\/fr\/#\/schema\/person\/8084b68c6b176142d073695c654dc7cf\"},\"breadcrumb\":{\"@id\":\"https:\/\/w-l-c.be\/fr\/deborah-francois-a-laffiche-de-never-grow-old\/#breadcrumb\"},\"inLanguage\":\"fr-FR\",\"potentialAction\":[{\"@type\":\"ReadAction\",\"target\":[\"https:\/\/w-l-c.be\/fr\/deborah-francois-a-laffiche-de-never-grow-old\/\"]}]},{\"@type\":\"BreadcrumbList\",\"@id\":\"https:\/\/w-l-c.be\/fr\/deborah-francois-a-laffiche-de-never-grow-old\/#breadcrumb\",\"itemListElement\":[{\"@type\":\"ListItem\",\"position\":1,\"name\":\"Accueil\",\"item\":\"https:\/\/w-l-c.be\/fr\/\"},{\"@type\":\"ListItem\",\"position\":2,\"name\":\"D\u00e9borah Fran\u00e7ois \u00e0 l&rsquo;affiche de \u00ab\u00a0Never Grow Old\u00a0\u00bb\"}]},{\"@type\":\"WebSite\",\"@id\":\"https:\/\/w-l-c.be\/fr\/#website\",\"url\":\"https:\/\/w-l-c.be\/fr\/\",\"name\":\"w-l-c\",\"description\":\"Le cin\u00e9ma vu par les belges\",\"potentialAction\":[{\"@type\":\"SearchAction\",\"target\":{\"@type\":\"EntryPoint\",\"urlTemplate\":\"https:\/\/w-l-c.be\/fr\/?s={search_term_string}\"},\"query-input\":\"required name=search_term_string\"}],\"inLanguage\":\"fr-FR\"},{\"@type\":\"Person\",\"@id\":\"https:\/\/w-l-c.be\/fr\/#\/schema\/person\/8084b68c6b176142d073695c654dc7cf\",\"name\":\"Aurore Engelen\",\"url\":\"https:\/\/w-l-c.be\/fr\/author\/aurore-engelen\/\"}]}<\/script>\n<!-- \/ Yoast SEO plugin. -->","yoast_head_json":{"title":"D\u00e9borah Fran\u00e7ois \u00e0 l'affiche de \"Never Grow Old\" - w-l-c","robots":{"index":"noindex","follow":"follow","max-snippet":"max-snippet:-1","max-image-preview":"max-image-preview:large","max-video-preview":"max-video-preview:-1"},"og_locale":"fr_FR","og_type":"article","og_title":"D\u00e9borah Fran\u00e7ois \u00e0 l'affiche de \"Never Grow Old\" - w-l-c","og_description":"La com\u00e9dienne belge D\u00e9borah Fran\u00e7ois est \u00e0 l&rsquo;affiche &#8211; in English please! &#8211; de Never Grow Old, western am\u00e9ricain qui sort aujourd&rsquo;hui en France du r\u00e9alisateur irlandais Ivan Kavanagh, aux c\u00f4t\u00e9s de John Cusack et Emile Hirsh, excusez du peu. Un entrepreneur irlandais a du succ\u00e8s. Il r\u00e9alise des b\u00e9n\u00e9fices jusqu&rsquo;\u00e0 ce que les hors-la-loi &hellip;","og_url":"https:\/\/w-l-c.be\/fr\/deborah-francois-a-laffiche-de-never-grow-old\/","og_site_name":"w-l-c","article_published_time":"2019-08-07T08:33:11+00:00","article_modified_time":"2019-08-08T15:01:56+00:00","og_image":[{"width":800,"height":533,"url":"https:\/\/w-l-c.be\/wp-content\/uploads\/2019\/08\/Deborah-Francois-Never-Grow-Old.jpg","type":"image\/jpeg"}],"author":"Aurore Engelen","twitter_card":"summary_large_image","twitter_misc":{"\u00c9crit par":"Aurore Engelen","Dur\u00e9e de lecture estim\u00e9e":"1 minute"},"schema":{"@context":"https:\/\/schema.org","@graph":[{"@type":"WebPage","@id":"https:\/\/w-l-c.be\/fr\/deborah-francois-a-laffiche-de-never-grow-old\/","url":"https:\/\/w-l-c.be\/fr\/deborah-francois-a-laffiche-de-never-grow-old\/","name":"D\u00e9borah Fran\u00e7ois \u00e0 l'affiche de \"Never Grow Old\" - w-l-c","isPartOf":{"@id":"https:\/\/w-l-c.be\/fr\/#website"},"datePublished":"2019-08-07T08:33:11+00:00","dateModified":"2019-08-08T15:01:56+00:00","author":{"@id":"https:\/\/w-l-c.be\/fr\/#\/schema\/person\/8084b68c6b176142d073695c654dc7cf"},"breadcrumb":{"@id":"https:\/\/w-l-c.be\/fr\/deborah-francois-a-laffiche-de-never-grow-old\/#breadcrumb"},"inLanguage":"fr-FR","potentialAction":[{"@type":"ReadAction","target":["https:\/\/w-l-c.be\/fr\/deborah-francois-a-laffiche-de-never-grow-old\/"]}]},{"@type":"BreadcrumbList","@id":"https:\/\/w-l-c.be\/fr\/deborah-francois-a-laffiche-de-never-grow-old\/#breadcrumb","itemListElement":[{"@type":"ListItem","position":1,"name":"Accueil","item":"https:\/\/w-l-c.be\/fr\/"},{"@type":"ListItem","position":2,"name":"D\u00e9borah Fran\u00e7ois \u00e0 l&rsquo;affiche de \u00ab\u00a0Never Grow Old\u00a0\u00bb"}]},{"@type":"WebSite","@id":"https:\/\/w-l-c.be\/fr\/#website","url":"https:\/\/w-l-c.be\/fr\/","name":"w-l-c","description":"Le cin\u00e9ma vu par les belges","potentialAction":[{"@type":"SearchAction","target":{"@type":"EntryPoint","urlTemplate":"https:\/\/w-l-c.be\/fr\/?s={search_term_string}"},"query-input":"required name=search_term_string"}],"inLanguage":"fr-FR"},{"@type":"Person","@id":"https:\/\/w-l-c.be\/fr\/#\/schema\/person\/8084b68c6b176142d073695c654dc7cf","name":"Aurore Engelen","url":"https:\/\/w-l-c.be\/fr\/author\/aurore-engelen\/"}]}},"_links":{"self":[{"href":"https:\/\/w-l-c.be\/fr\/wp-json\/wp\/v2\/posts\/221387","targetHints":{"allow":["GET"]}}],"collection":[{"href":"https:\/\/w-l-c.be\/fr\/wp-json\/wp\/v2\/posts"}],"about":[{"href":"https:\/\/w-l-c.be\/fr\/wp-json\/wp\/v2\/types\/post"}],"author":[{"embeddable":true,"href":"https:\/\/w-l-c.be\/fr\/wp-json\/wp\/v2\/users\/343"}],"replies":[{"embeddable":true,"href":"https:\/\/w-l-c.be\/fr\/wp-json\/wp\/v2\/comments?post=221387"}],"version-history":[{"count":0,"href":"https:\/\/w-l-c.be\/fr\/wp-json\/wp\/v2\/posts\/221387\/revisions"}],"wp:featuredmedia":[{"embeddable":true,"href":"https:\/\/w-l-c.be\/fr\/wp-json\/wp\/v2\/media\/221388"}],"wp:attachment":[{"href":"https:\/\/w-l-c.be\/fr\/wp-json\/wp\/v2\/media?parent=221387"}],"wp:term":[{"taxonomy":"category","embeddable":true,"href":"https:\/\/w-l-c.be\/fr\/wp-json\/wp\/v2\/categories?post=221387"},{"taxonomy":"post_tag","embeddable":true,"href":"https:\/\/w-l-c.be\/fr\/wp-json\/wp\/v2\/tags?post=221387"}],"curies":[{"name":"wp","href":"https:\/\/api.w.org\/{rel}","templated":true}]}}