
{"id":221453,"date":"2019-08-08T16:54:45","date_gmt":"2019-08-08T14:54:45","guid":{"rendered":"https:\/\/www.cinevox.be\/?p=221453"},"modified":"2019-08-20T12:53:54","modified_gmt":"2019-08-20T10:53:54","slug":"pompei-de-john-shank-et-anna-falgueres-a-toronto-ok","status":"publish","type":"post","link":"https:\/\/w-l-c.be\/fr\/pompei-de-john-shank-et-anna-falgueres-a-toronto-ok\/","title":{"rendered":"\u00ab\u00a0Pomp\u00e9i\u00a0\u00bb de John Shank et Anna Falgu\u00e8res \u00e0 Toronto!"},"content":{"rendered":"<p><strong><em>Pomp\u00e9i<\/em>, deuxi\u00e8me long m\u00e9trage de John Shank apr\u00e8s <a href=\"https:\/\/www.cinevox.be\/fr\/lhiver-dernier-vincent-john-et-les-autres\/\"><em>L&rsquo;Hiver Dernier<\/em><\/a>, et co-r\u00e9alis\u00e9 par Anna Falgu\u00e8res, dont c&rsquo;est le premier long m\u00e9trage, sera d\u00e9voil\u00e9 en avant-premi\u00e8re mondiale au Festival International du Film de Toronto.<\/strong><\/p>\n<p>Le film prendra part \u00e0 la section Discovery,\u00a0d\u00e9di\u00e9e aux films d\u2019auteurs \u00e9mergents. La s\u00e9lection du film \u00e0 Toronto signe \u00e9galement, huit ans apr\u00e8s la pr\u00e9sentation de son premier long m\u00e9trage<em> L\u2019Hiver Dernier<\/em>, le retour de John Shank au festival canadien.<\/p>\n<p><img loading=\"lazy\" decoding=\"async\" class=\"alignnone size-large wp-image-221456\" src=\"https:\/\/www.cinevox.be\/wp-content\/uploads\/2019\/08\/POMPEI-dusk-groupe-800x335.jpeg\" alt=\"\" width=\"618\" height=\"259\" srcset=\"https:\/\/w-l-c.be\/wp-content\/uploads\/2019\/08\/POMPEI-dusk-groupe-800x335.jpeg 800w, https:\/\/w-l-c.be\/wp-content\/uploads\/2019\/08\/POMPEI-dusk-groupe-480x201.jpeg 480w, https:\/\/w-l-c.be\/wp-content\/uploads\/2019\/08\/POMPEI-dusk-groupe-768x322.jpeg 768w\" sizes=\"auto, (max-width: 618px) 100vw, 618px\" \/><\/p>\n<p>L\u2019action prend place dans une r\u00e9gion d\u00e9sertique, o\u00f9 Victor et son petit fr\u00e8re Jimmy sont livr\u00e9s \u00e0 eux-m\u00eames. Au sein du groupe auquel ils appartiennent, le cycle de la mis\u00e8re sentimentale semble \u00e9ternel. Lorsque Victor tombe amoureux de Billie, une jeune fille r\u00eavant de romance, les choses commencent doucement \u00e0 changer pour Jimmy.<\/p>\n<p>Billie est interpr\u00e9t\u00e9e par Garance Marillier, l&rsquo;h\u00e9ro\u00efne inoubliable de <a href=\"https:\/\/www.cinevox.be\/fr\/grave-mechamment-mortel\/\"><em>Grave<\/em><\/a> de Julia Ducournau. Aliosha Schneider incarne Victor, et l&rsquo;on retrouve \u00e9galement Vincent Rottiers, qui retrouve ainsi John\u00a0 Shank, 8 ans apr\u00e8s <em>L&rsquo;Hiver Dernier<\/em>. A leurs c\u00f4t\u00e9s, on retrouve \u00e9galement la jeune com\u00e9dienne belge Judith Williquet, vue r\u00e9cemment dans la saison 2 d&rsquo;<a href=\"https:\/\/www.cinevox.be\/fr\/ennemi-public-saison-2-le-premier-teaser\/\"><em>Ennemi Public<\/em><\/a>.<\/p>\n<p><img loading=\"lazy\" decoding=\"async\" class=\"alignnone size-large wp-image-221460\" src=\"https:\/\/www.cinevox.be\/wp-content\/uploads\/2019\/08\/jour2fete-pompei-image-1711-800x400.jpg\" alt=\"POMPEI_John_Shank_Anna-Falgueres_Garance_Marillier\" width=\"618\" height=\"309\" srcset=\"https:\/\/w-l-c.be\/wp-content\/uploads\/2019\/08\/jour2fete-pompei-image-1711-800x400.jpg 800w, https:\/\/w-l-c.be\/wp-content\/uploads\/2019\/08\/jour2fete-pompei-image-1711-480x240.jpg 480w, https:\/\/w-l-c.be\/wp-content\/uploads\/2019\/08\/jour2fete-pompei-image-1711-768x384.jpg 768w, https:\/\/w-l-c.be\/wp-content\/uploads\/2019\/08\/jour2fete-pompei-image-1711-660x330.jpg 660w, https:\/\/w-l-c.be\/wp-content\/uploads\/2019\/08\/jour2fete-pompei-image-1711-1050x525.jpg 1050w, https:\/\/w-l-c.be\/wp-content\/uploads\/2019\/08\/jour2fete-pompei-image-1711.jpg 2000w\" sizes=\"auto, (max-width: 618px) 100vw, 618px\" \/><\/p>\n<p>John Shank est n\u00e9 en 1977, dans le Midwest, aux \u00c9tats-Unis. En 2002, il est invit\u00e9 \u00e0 la R\u00e9sidence du Festival de Cannes. Apr\u00e8s une trilogie de courts m\u00e9trages s\u00e9lectionn\u00e9s entre autres aux festivals de Cannes et Locarno, il r\u00e9alise <em>L\u2019Hiver Dernier<\/em>, pr\u00e9sent\u00e9 \u00e0 la 68\u00e8me Mostra de Venise. Son travail au cin\u00e9ma prend racine dans un questionnement esth\u00e9tique sur la transmission, l\u2019amour, la foi, avec un attachement particulier aux corps et \u00e0 ses gestes. Parall\u00e8lement \u00e0 son travail de r\u00e9alisation, il a \u00e9crit, travaill\u00e9 comme assistant au th\u00e9\u00e2tre, et comme traducteur.<\/p>\n<p>Depuis 2005, Anna Falgu\u00e8res a sign\u00e9 les d\u00e9cors de plus d\u2019une dizaine de long-m\u00e9trages de fiction. Parall\u00e8lement \u00e0 son activit\u00e9 professionnelle pour le cin\u00e9ma, elle photographie et \u00e9crit. De son regard qui s\u2019attarde aussi bien sur les corps, les espaces que les objets appara\u00eet un rapport au temps singulier. Le plus souvent, surgit une profonde d\u00e9chirure entre romantisme et r\u00e9alisme, \u00e9ternit\u00e9 et \u00e9ph\u00e9m\u00e8re.<\/p>\n<p><em>Pompei<\/em> est produit par Tarantula Belgique.<\/p>\n<p><img loading=\"lazy\" decoding=\"async\" class=\"alignnone size-full wp-image-221454\" src=\"https:\/\/www.cinevox.be\/wp-content\/uploads\/2019\/08\/film-noura-re\u0302ve.jpg\" alt=\"film-noura-re\u0302ve\" width=\"680\" height=\"400\" srcset=\"https:\/\/w-l-c.be\/wp-content\/uploads\/2019\/08\/film-noura-re\u0302ve.jpg 680w, https:\/\/w-l-c.be\/wp-content\/uploads\/2019\/08\/film-noura-re\u0302ve-459x270.jpg 459w\" sizes=\"auto, (max-width: 680px) 100vw, 680px\" \/><\/p>\n<p>En s\u00e9lection dans cette m\u00eame section Discovery, <em>Noura R\u00eave<\/em> d&rsquo;Hinde Boujemaa, coproduit en Belgique par Eklektik. D\u00e9j\u00e0 s\u00e9lectionn\u00e9 \u00e0 San Sebastian dans la cat\u00e9gorie \u00ab New Director \u00bb, <em>Noura R\u00eave<\/em> est le premier long m\u00e9trage de la r\u00e9alisatrice belgo-tunisienne Hinde Boujemaa.<\/p>\n","protected":false},"excerpt":{"rendered":"<p>Pomp\u00e9i, deuxi\u00e8me long m\u00e9trage de John Shank apr\u00e8s L&rsquo;Hiver Dernier, et co-r\u00e9alis\u00e9 par Anna Falgu\u00e8res, dont c&rsquo;est le premier long m\u00e9trage, sera d\u00e9voil\u00e9 en avant-premi\u00e8re mondiale au Festival International du Film de Toronto. Le film prendra part \u00e0 la section Discovery,\u00a0d\u00e9di\u00e9e aux films d\u2019auteurs \u00e9mergents. La s\u00e9lection du film \u00e0 Toronto signe \u00e9galement, huit ans &hellip;<\/p>\n","protected":false},"author":343,"featured_media":221463,"comment_status":"closed","ping_status":"closed","sticky":false,"template":"","format":"standard","meta":{"ngg_post_thumbnail":0,"footnotes":""},"categories":[1923],"tags":[3797,3796,4187,3795],"class_list":["post-221453","post","type-post","status-publish","format-standard","has-post-thumbnail","","category-en-bref","tag-anna-falgueres","tag-john-shank","tag-newsletter-fr","tag-pompei"],"yoast_head":"<!-- This site is optimized with the Yoast SEO plugin v20.4 - https:\/\/yoast.com\/wordpress\/plugins\/seo\/ -->\n<title>&quot;Pomp\u00e9i&quot; de John Shank et Anna Falgu\u00e8res \u00e0 Toronto! - w-l-c<\/title>\n<meta name=\"robots\" content=\"noindex, follow, max-snippet:-1, max-image-preview:large, max-video-preview:-1\" \/>\n<meta property=\"og:locale\" content=\"fr_FR\" \/>\n<meta property=\"og:type\" content=\"article\" \/>\n<meta property=\"og:title\" content=\"&quot;Pomp\u00e9i&quot; de John Shank et Anna Falgu\u00e8res \u00e0 Toronto! - w-l-c\" \/>\n<meta property=\"og:description\" content=\"Pomp\u00e9i, deuxi\u00e8me long m\u00e9trage de John Shank apr\u00e8s L&rsquo;Hiver Dernier, et co-r\u00e9alis\u00e9 par Anna Falgu\u00e8res, dont c&rsquo;est le premier long m\u00e9trage, sera d\u00e9voil\u00e9 en avant-premi\u00e8re mondiale au Festival International du Film de Toronto. Le film prendra part \u00e0 la section Discovery,\u00a0d\u00e9di\u00e9e aux films d\u2019auteurs \u00e9mergents. La s\u00e9lection du film \u00e0 Toronto signe \u00e9galement, huit ans &hellip;\" \/>\n<meta property=\"og:url\" content=\"https:\/\/w-l-c.be\/fr\/pompei-de-john-shank-et-anna-falgueres-a-toronto-ok\/\" \/>\n<meta property=\"og:site_name\" content=\"w-l-c\" \/>\n<meta property=\"article:published_time\" content=\"2019-08-08T14:54:45+00:00\" \/>\n<meta property=\"article:modified_time\" content=\"2019-08-20T10:53:54+00:00\" \/>\n<meta property=\"og:image\" content=\"https:\/\/w-l-c.be\/wp-content\/uploads\/2019\/08\/POMPEI-kiss.jpg\" \/>\n\t<meta property=\"og:image:width\" content=\"5156\" \/>\n\t<meta property=\"og:image:height\" content=\"2160\" \/>\n\t<meta property=\"og:image:type\" content=\"image\/jpeg\" \/>\n<meta name=\"author\" content=\"Aurore Engelen\" \/>\n<meta name=\"twitter:card\" content=\"summary_large_image\" \/>\n<meta name=\"twitter:label1\" content=\"\u00c9crit par\" \/>\n\t<meta name=\"twitter:data1\" content=\"Aurore Engelen\" \/>\n\t<meta name=\"twitter:label2\" content=\"Dur\u00e9e de lecture estim\u00e9e\" \/>\n\t<meta name=\"twitter:data2\" content=\"2 minutes\" \/>\n<script type=\"application\/ld+json\" class=\"yoast-schema-graph\">{\"@context\":\"https:\/\/schema.org\",\"@graph\":[{\"@type\":\"WebPage\",\"@id\":\"https:\/\/w-l-c.be\/fr\/pompei-de-john-shank-et-anna-falgueres-a-toronto-ok\/\",\"url\":\"https:\/\/w-l-c.be\/fr\/pompei-de-john-shank-et-anna-falgueres-a-toronto-ok\/\",\"name\":\"\\\"Pomp\u00e9i\\\" de John Shank et Anna Falgu\u00e8res \u00e0 Toronto! - w-l-c\",\"isPartOf\":{\"@id\":\"https:\/\/w-l-c.be\/fr\/#website\"},\"datePublished\":\"2019-08-08T14:54:45+00:00\",\"dateModified\":\"2019-08-20T10:53:54+00:00\",\"author\":{\"@id\":\"https:\/\/w-l-c.be\/fr\/#\/schema\/person\/8084b68c6b176142d073695c654dc7cf\"},\"breadcrumb\":{\"@id\":\"https:\/\/w-l-c.be\/fr\/pompei-de-john-shank-et-anna-falgueres-a-toronto-ok\/#breadcrumb\"},\"inLanguage\":\"fr-FR\",\"potentialAction\":[{\"@type\":\"ReadAction\",\"target\":[\"https:\/\/w-l-c.be\/fr\/pompei-de-john-shank-et-anna-falgueres-a-toronto-ok\/\"]}]},{\"@type\":\"BreadcrumbList\",\"@id\":\"https:\/\/w-l-c.be\/fr\/pompei-de-john-shank-et-anna-falgueres-a-toronto-ok\/#breadcrumb\",\"itemListElement\":[{\"@type\":\"ListItem\",\"position\":1,\"name\":\"Accueil\",\"item\":\"https:\/\/w-l-c.be\/fr\/\"},{\"@type\":\"ListItem\",\"position\":2,\"name\":\"\u00ab\u00a0Pomp\u00e9i\u00a0\u00bb de John Shank et Anna Falgu\u00e8res \u00e0 Toronto!\"}]},{\"@type\":\"WebSite\",\"@id\":\"https:\/\/w-l-c.be\/fr\/#website\",\"url\":\"https:\/\/w-l-c.be\/fr\/\",\"name\":\"w-l-c\",\"description\":\"Le cin\u00e9ma vu par les belges\",\"potentialAction\":[{\"@type\":\"SearchAction\",\"target\":{\"@type\":\"EntryPoint\",\"urlTemplate\":\"https:\/\/w-l-c.be\/fr\/?s={search_term_string}\"},\"query-input\":\"required name=search_term_string\"}],\"inLanguage\":\"fr-FR\"},{\"@type\":\"Person\",\"@id\":\"https:\/\/w-l-c.be\/fr\/#\/schema\/person\/8084b68c6b176142d073695c654dc7cf\",\"name\":\"Aurore Engelen\",\"url\":\"https:\/\/w-l-c.be\/fr\/author\/aurore-engelen\/\"}]}<\/script>\n<!-- \/ Yoast SEO plugin. -->","yoast_head_json":{"title":"\"Pomp\u00e9i\" de John Shank et Anna Falgu\u00e8res \u00e0 Toronto! - w-l-c","robots":{"index":"noindex","follow":"follow","max-snippet":"max-snippet:-1","max-image-preview":"max-image-preview:large","max-video-preview":"max-video-preview:-1"},"og_locale":"fr_FR","og_type":"article","og_title":"\"Pomp\u00e9i\" de John Shank et Anna Falgu\u00e8res \u00e0 Toronto! - w-l-c","og_description":"Pomp\u00e9i, deuxi\u00e8me long m\u00e9trage de John Shank apr\u00e8s L&rsquo;Hiver Dernier, et co-r\u00e9alis\u00e9 par Anna Falgu\u00e8res, dont c&rsquo;est le premier long m\u00e9trage, sera d\u00e9voil\u00e9 en avant-premi\u00e8re mondiale au Festival International du Film de Toronto. Le film prendra part \u00e0 la section Discovery,\u00a0d\u00e9di\u00e9e aux films d\u2019auteurs \u00e9mergents. La s\u00e9lection du film \u00e0 Toronto signe \u00e9galement, huit ans &hellip;","og_url":"https:\/\/w-l-c.be\/fr\/pompei-de-john-shank-et-anna-falgueres-a-toronto-ok\/","og_site_name":"w-l-c","article_published_time":"2019-08-08T14:54:45+00:00","article_modified_time":"2019-08-20T10:53:54+00:00","og_image":[{"width":5156,"height":2160,"url":"https:\/\/w-l-c.be\/wp-content\/uploads\/2019\/08\/POMPEI-kiss.jpg","type":"image\/jpeg"}],"author":"Aurore Engelen","twitter_card":"summary_large_image","twitter_misc":{"\u00c9crit par":"Aurore Engelen","Dur\u00e9e de lecture estim\u00e9e":"2 minutes"},"schema":{"@context":"https:\/\/schema.org","@graph":[{"@type":"WebPage","@id":"https:\/\/w-l-c.be\/fr\/pompei-de-john-shank-et-anna-falgueres-a-toronto-ok\/","url":"https:\/\/w-l-c.be\/fr\/pompei-de-john-shank-et-anna-falgueres-a-toronto-ok\/","name":"\"Pomp\u00e9i\" de John Shank et Anna Falgu\u00e8res \u00e0 Toronto! - w-l-c","isPartOf":{"@id":"https:\/\/w-l-c.be\/fr\/#website"},"datePublished":"2019-08-08T14:54:45+00:00","dateModified":"2019-08-20T10:53:54+00:00","author":{"@id":"https:\/\/w-l-c.be\/fr\/#\/schema\/person\/8084b68c6b176142d073695c654dc7cf"},"breadcrumb":{"@id":"https:\/\/w-l-c.be\/fr\/pompei-de-john-shank-et-anna-falgueres-a-toronto-ok\/#breadcrumb"},"inLanguage":"fr-FR","potentialAction":[{"@type":"ReadAction","target":["https:\/\/w-l-c.be\/fr\/pompei-de-john-shank-et-anna-falgueres-a-toronto-ok\/"]}]},{"@type":"BreadcrumbList","@id":"https:\/\/w-l-c.be\/fr\/pompei-de-john-shank-et-anna-falgueres-a-toronto-ok\/#breadcrumb","itemListElement":[{"@type":"ListItem","position":1,"name":"Accueil","item":"https:\/\/w-l-c.be\/fr\/"},{"@type":"ListItem","position":2,"name":"\u00ab\u00a0Pomp\u00e9i\u00a0\u00bb de John Shank et Anna Falgu\u00e8res \u00e0 Toronto!"}]},{"@type":"WebSite","@id":"https:\/\/w-l-c.be\/fr\/#website","url":"https:\/\/w-l-c.be\/fr\/","name":"w-l-c","description":"Le cin\u00e9ma vu par les belges","potentialAction":[{"@type":"SearchAction","target":{"@type":"EntryPoint","urlTemplate":"https:\/\/w-l-c.be\/fr\/?s={search_term_string}"},"query-input":"required name=search_term_string"}],"inLanguage":"fr-FR"},{"@type":"Person","@id":"https:\/\/w-l-c.be\/fr\/#\/schema\/person\/8084b68c6b176142d073695c654dc7cf","name":"Aurore Engelen","url":"https:\/\/w-l-c.be\/fr\/author\/aurore-engelen\/"}]}},"_links":{"self":[{"href":"https:\/\/w-l-c.be\/fr\/wp-json\/wp\/v2\/posts\/221453","targetHints":{"allow":["GET"]}}],"collection":[{"href":"https:\/\/w-l-c.be\/fr\/wp-json\/wp\/v2\/posts"}],"about":[{"href":"https:\/\/w-l-c.be\/fr\/wp-json\/wp\/v2\/types\/post"}],"author":[{"embeddable":true,"href":"https:\/\/w-l-c.be\/fr\/wp-json\/wp\/v2\/users\/343"}],"replies":[{"embeddable":true,"href":"https:\/\/w-l-c.be\/fr\/wp-json\/wp\/v2\/comments?post=221453"}],"version-history":[{"count":0,"href":"https:\/\/w-l-c.be\/fr\/wp-json\/wp\/v2\/posts\/221453\/revisions"}],"wp:featuredmedia":[{"embeddable":true,"href":"https:\/\/w-l-c.be\/fr\/wp-json\/wp\/v2\/media\/221463"}],"wp:attachment":[{"href":"https:\/\/w-l-c.be\/fr\/wp-json\/wp\/v2\/media?parent=221453"}],"wp:term":[{"taxonomy":"category","embeddable":true,"href":"https:\/\/w-l-c.be\/fr\/wp-json\/wp\/v2\/categories?post=221453"},{"taxonomy":"post_tag","embeddable":true,"href":"https:\/\/w-l-c.be\/fr\/wp-json\/wp\/v2\/tags?post=221453"}],"curies":[{"name":"wp","href":"https:\/\/api.w.org\/{rel}","templated":true}]}}