
{"id":221465,"date":"2019-08-08T17:38:45","date_gmt":"2019-08-08T15:38:45","guid":{"rendered":"https:\/\/www.cinevox.be\/?p=221465"},"modified":"2019-08-08T17:38:45","modified_gmt":"2019-08-08T15:38:45","slug":"figuration-space-boy","status":"publish","type":"post","link":"https:\/\/w-l-c.be\/fr\/figuration-space-boy\/","title":{"rendered":"Figuration \u00ab\u00a0Space Boy\u00a0\u00bb"},"content":{"rendered":"<p><strong>Vous \u00eates fans des ann\u00e9es 80, d&rsquo;aventures et d&rsquo;espace? Ce film est fait pour vous!\u00a0<span class=\"_5mfr\"><span class=\"_6qdm\">?\u200d?<\/span><\/span><span class=\"_5mfr\"><span class=\"_6qdm\">?<\/span><\/span>Kwassa Films recherche des figurants pour le long m\u00e9trage d&rsquo;Olivier Pairoux!<\/strong><\/p>\n<p>En quelques mots, le film raconte l&rsquo;histoire de Jim, 11 ans, r\u00eaveur et surdou\u00e9, qui d\u00e9cide secr\u00e8tement de construire une montgolfi\u00e8re afin de prouver \u00e0 son p\u00e8re que tout est possible quand on croit \u00e0 ses r\u00eaves.<\/p>\n<p class=\"p1\"><span class=\"s1\">En haut de l\u2019affiche, on retrouve deux tr\u00e8s jeunes com\u00e9diens,\u00a0<strong>Basile Grunberger<\/strong>, d\u00e9couvert l\u2019ann\u00e9e derni\u00e8re dans\u00a0<a href=\"https:\/\/www.cinevox.be\/fr\/nos-batailles-metamorphose-dun-pere\/\"><i>Nos batailles<\/i><\/a>\u00a0de Guillaume Senez, et<strong>\u00a0Albane Masson<\/strong>, d\u00e9j\u00e0 vue dans\u00a0<i>R\u00e9mi sans famille\u00a0<\/i>et\u00a0<i>Boule et Bill\u00a0<\/i>2.<\/span><\/p>\n<p class=\"p1\"><span class=\"s1\">A leurs c\u00f4t\u00e9s,\u00a0<strong>Yannick Renier<\/strong>\u00a0(vu \u00e0 l\u2019affiche de\u00a0<i>Les Chevaliers Blancs, Tout de suite maintenant, Patients,\u00a0<\/i>et qui co-r\u00e9alisait l\u2019ann\u00e9e derni\u00e8re avec son fr\u00e8re J\u00e9r\u00e9mie le film<a href=\"https:\/\/www.cinevox.be\/fr\/carnivores-lechappee-belle-freres-renier\/\"><i>\u00a0Carnivores<\/i><\/a>) interpr\u00e9tera le p\u00e8re de Jim, et\u00a0<strong>B\u00e9r\u00e9nice Baoo<\/strong>\u00a0(<i><a href=\"https:\/\/www.cinevox.be\/fr\/tueurs-polar-100-belge-100-haletant\/\">Tueurs<\/a>, Fauves,\u00a0<\/i>et que l\u2019on vient de voir tr\u00e8s r\u00e9cemment dans<a href=\"https:\/\/www.cinevox.be\/fr\/cavale-fugue-adolescente-au-feminin-pluriel\/\"><i>\u00a0Cavale<\/i><\/a>) et\u00a0<strong>Jean-Beno\u00eet Ugeux<\/strong>\u00a0(bient\u00f4t \u00e0 l\u2019affiche de\u00a0<a href=\"https:\/\/www.cinevox.be\/fr\/patrick-tragicomedie-au-marteau\/\"><i>Patrick<\/i><\/a>\u00a0de Tim Mielants, Magritte du meilleur second r\u00f4le pour le film\u00a0<a href=\"https:\/\/www.cinevox.be\/fr\/fidele-polar-damour\/\"><i>Le Fid\u00e8le<\/i><\/a>\u00a0de Micha\u00ebl R. Roskam) interpr\u00e8teront les parents d\u2019Emma.<\/span><\/p>\n<p>La production recherche<\/p>\n<ul>\n<li>25 personnes entre 30 et 80 ans pour jouer des villageois<\/li>\n<li>13 personnes entre 30 et 80 ans pour jouer des propri\u00e9taires de stands.<\/li>\n<\/ul>\n<p><span class=\"text_exposed_show\"><span class=\"_5mfr\"><span class=\"_6qdm\">?<\/span><\/span>\u00a0Quand? Jeudi 22 ao\u00fbt 2019<br \/>\n<span class=\"_5mfr\"><span class=\"_6qdm\">?<\/span><\/span>\u00a0O\u00f9? Uccle, Bruxelles<br \/>\n<span class=\"_5mfr\"><span class=\"_6qdm\">?<\/span><\/span>\u00a0D\u00e9fray\u00e9? OUI<\/span><\/p>\n<div class=\"text_exposed_show\">\n<p><span class=\"_5mfr\"><span class=\"_6qdm\">\u2b07\ufe0f<\/span><\/span>Plus d&rsquo;infos : spaceboy.figuration@outlook.com<span class=\"_5mfr\"><span class=\"_6qdm\">\u2b07\ufe0f<\/span><\/span><\/p>\n<\/div>\n","protected":false},"excerpt":{"rendered":"<p>Vous \u00eates fans des ann\u00e9es 80, d&rsquo;aventures et d&rsquo;espace? Ce film est fait pour vous!\u00a0?\u200d??Kwassa Films recherche des figurants pour le long m\u00e9trage d&rsquo;Olivier Pairoux! En quelques mots, le film raconte l&rsquo;histoire de Jim, 11 ans, r\u00eaveur et surdou\u00e9, qui d\u00e9cide secr\u00e8tement de construire une montgolfi\u00e8re afin de prouver \u00e0 son p\u00e8re que tout est &hellip;<\/p>\n","protected":false},"author":343,"featured_media":221466,"comment_status":"closed","ping_status":"closed","sticky":false,"template":"","format":"standard","meta":{"ngg_post_thumbnail":0,"footnotes":""},"categories":[20],"tags":[],"class_list":["post-221465","post","type-post","status-publish","format-standard","has-post-thumbnail","","category-cinejobs"],"yoast_head":"<!-- This site is optimized with the Yoast SEO plugin v20.4 - https:\/\/yoast.com\/wordpress\/plugins\/seo\/ -->\n<title>Figuration &quot;Space Boy&quot; - w-l-c<\/title>\n<meta name=\"robots\" content=\"noindex, follow, max-snippet:-1, max-image-preview:large, max-video-preview:-1\" \/>\n<meta property=\"og:locale\" content=\"fr_FR\" \/>\n<meta property=\"og:type\" content=\"article\" \/>\n<meta property=\"og:title\" content=\"Figuration &quot;Space Boy&quot; - w-l-c\" \/>\n<meta property=\"og:description\" content=\"Vous \u00eates fans des ann\u00e9es 80, d&rsquo;aventures et d&rsquo;espace? Ce film est fait pour vous!\u00a0?\u200d??Kwassa Films recherche des figurants pour le long m\u00e9trage d&rsquo;Olivier Pairoux! En quelques mots, le film raconte l&rsquo;histoire de Jim, 11 ans, r\u00eaveur et surdou\u00e9, qui d\u00e9cide secr\u00e8tement de construire une montgolfi\u00e8re afin de prouver \u00e0 son p\u00e8re que tout est &hellip;\" \/>\n<meta property=\"og:url\" content=\"https:\/\/w-l-c.be\/fr\/figuration-space-boy\/\" \/>\n<meta property=\"og:site_name\" content=\"w-l-c\" \/>\n<meta property=\"article:published_time\" content=\"2019-08-08T15:38:45+00:00\" \/>\n<meta property=\"og:image\" content=\"https:\/\/w-l-c.be\/wp-content\/uploads\/2019\/08\/FiguSpaceBoy.jpg\" \/>\n\t<meta property=\"og:image:width\" content=\"960\" \/>\n\t<meta property=\"og:image:height\" content=\"678\" \/>\n\t<meta property=\"og:image:type\" content=\"image\/jpeg\" \/>\n<meta name=\"author\" content=\"Aurore Engelen\" \/>\n<meta name=\"twitter:card\" content=\"summary_large_image\" \/>\n<meta name=\"twitter:label1\" content=\"\u00c9crit par\" \/>\n\t<meta name=\"twitter:data1\" content=\"Aurore Engelen\" \/>\n\t<meta name=\"twitter:label2\" content=\"Dur\u00e9e de lecture estim\u00e9e\" \/>\n\t<meta name=\"twitter:data2\" content=\"1 minute\" \/>\n<script type=\"application\/ld+json\" class=\"yoast-schema-graph\">{\"@context\":\"https:\/\/schema.org\",\"@graph\":[{\"@type\":\"WebPage\",\"@id\":\"https:\/\/w-l-c.be\/fr\/figuration-space-boy\/\",\"url\":\"https:\/\/w-l-c.be\/fr\/figuration-space-boy\/\",\"name\":\"Figuration \\\"Space Boy\\\" - w-l-c\",\"isPartOf\":{\"@id\":\"https:\/\/w-l-c.be\/fr\/#website\"},\"datePublished\":\"2019-08-08T15:38:45+00:00\",\"dateModified\":\"2019-08-08T15:38:45+00:00\",\"author\":{\"@id\":\"https:\/\/w-l-c.be\/fr\/#\/schema\/person\/8084b68c6b176142d073695c654dc7cf\"},\"breadcrumb\":{\"@id\":\"https:\/\/w-l-c.be\/fr\/figuration-space-boy\/#breadcrumb\"},\"inLanguage\":\"fr-FR\",\"potentialAction\":[{\"@type\":\"ReadAction\",\"target\":[\"https:\/\/w-l-c.be\/fr\/figuration-space-boy\/\"]}]},{\"@type\":\"BreadcrumbList\",\"@id\":\"https:\/\/w-l-c.be\/fr\/figuration-space-boy\/#breadcrumb\",\"itemListElement\":[{\"@type\":\"ListItem\",\"position\":1,\"name\":\"Accueil\",\"item\":\"https:\/\/w-l-c.be\/fr\/\"},{\"@type\":\"ListItem\",\"position\":2,\"name\":\"Figuration \u00ab\u00a0Space Boy\u00a0\u00bb\"}]},{\"@type\":\"WebSite\",\"@id\":\"https:\/\/w-l-c.be\/fr\/#website\",\"url\":\"https:\/\/w-l-c.be\/fr\/\",\"name\":\"w-l-c\",\"description\":\"Le cin\u00e9ma vu par les belges\",\"potentialAction\":[{\"@type\":\"SearchAction\",\"target\":{\"@type\":\"EntryPoint\",\"urlTemplate\":\"https:\/\/w-l-c.be\/fr\/?s={search_term_string}\"},\"query-input\":\"required name=search_term_string\"}],\"inLanguage\":\"fr-FR\"},{\"@type\":\"Person\",\"@id\":\"https:\/\/w-l-c.be\/fr\/#\/schema\/person\/8084b68c6b176142d073695c654dc7cf\",\"name\":\"Aurore Engelen\",\"url\":\"https:\/\/w-l-c.be\/fr\/author\/aurore-engelen\/\"}]}<\/script>\n<!-- \/ Yoast SEO plugin. -->","yoast_head_json":{"title":"Figuration \"Space Boy\" - w-l-c","robots":{"index":"noindex","follow":"follow","max-snippet":"max-snippet:-1","max-image-preview":"max-image-preview:large","max-video-preview":"max-video-preview:-1"},"og_locale":"fr_FR","og_type":"article","og_title":"Figuration \"Space Boy\" - w-l-c","og_description":"Vous \u00eates fans des ann\u00e9es 80, d&rsquo;aventures et d&rsquo;espace? Ce film est fait pour vous!\u00a0?\u200d??Kwassa Films recherche des figurants pour le long m\u00e9trage d&rsquo;Olivier Pairoux! En quelques mots, le film raconte l&rsquo;histoire de Jim, 11 ans, r\u00eaveur et surdou\u00e9, qui d\u00e9cide secr\u00e8tement de construire une montgolfi\u00e8re afin de prouver \u00e0 son p\u00e8re que tout est &hellip;","og_url":"https:\/\/w-l-c.be\/fr\/figuration-space-boy\/","og_site_name":"w-l-c","article_published_time":"2019-08-08T15:38:45+00:00","og_image":[{"width":960,"height":678,"url":"https:\/\/w-l-c.be\/wp-content\/uploads\/2019\/08\/FiguSpaceBoy.jpg","type":"image\/jpeg"}],"author":"Aurore Engelen","twitter_card":"summary_large_image","twitter_misc":{"\u00c9crit par":"Aurore Engelen","Dur\u00e9e de lecture estim\u00e9e":"1 minute"},"schema":{"@context":"https:\/\/schema.org","@graph":[{"@type":"WebPage","@id":"https:\/\/w-l-c.be\/fr\/figuration-space-boy\/","url":"https:\/\/w-l-c.be\/fr\/figuration-space-boy\/","name":"Figuration \"Space Boy\" - w-l-c","isPartOf":{"@id":"https:\/\/w-l-c.be\/fr\/#website"},"datePublished":"2019-08-08T15:38:45+00:00","dateModified":"2019-08-08T15:38:45+00:00","author":{"@id":"https:\/\/w-l-c.be\/fr\/#\/schema\/person\/8084b68c6b176142d073695c654dc7cf"},"breadcrumb":{"@id":"https:\/\/w-l-c.be\/fr\/figuration-space-boy\/#breadcrumb"},"inLanguage":"fr-FR","potentialAction":[{"@type":"ReadAction","target":["https:\/\/w-l-c.be\/fr\/figuration-space-boy\/"]}]},{"@type":"BreadcrumbList","@id":"https:\/\/w-l-c.be\/fr\/figuration-space-boy\/#breadcrumb","itemListElement":[{"@type":"ListItem","position":1,"name":"Accueil","item":"https:\/\/w-l-c.be\/fr\/"},{"@type":"ListItem","position":2,"name":"Figuration \u00ab\u00a0Space Boy\u00a0\u00bb"}]},{"@type":"WebSite","@id":"https:\/\/w-l-c.be\/fr\/#website","url":"https:\/\/w-l-c.be\/fr\/","name":"w-l-c","description":"Le cin\u00e9ma vu par les belges","potentialAction":[{"@type":"SearchAction","target":{"@type":"EntryPoint","urlTemplate":"https:\/\/w-l-c.be\/fr\/?s={search_term_string}"},"query-input":"required name=search_term_string"}],"inLanguage":"fr-FR"},{"@type":"Person","@id":"https:\/\/w-l-c.be\/fr\/#\/schema\/person\/8084b68c6b176142d073695c654dc7cf","name":"Aurore Engelen","url":"https:\/\/w-l-c.be\/fr\/author\/aurore-engelen\/"}]}},"_links":{"self":[{"href":"https:\/\/w-l-c.be\/fr\/wp-json\/wp\/v2\/posts\/221465","targetHints":{"allow":["GET"]}}],"collection":[{"href":"https:\/\/w-l-c.be\/fr\/wp-json\/wp\/v2\/posts"}],"about":[{"href":"https:\/\/w-l-c.be\/fr\/wp-json\/wp\/v2\/types\/post"}],"author":[{"embeddable":true,"href":"https:\/\/w-l-c.be\/fr\/wp-json\/wp\/v2\/users\/343"}],"replies":[{"embeddable":true,"href":"https:\/\/w-l-c.be\/fr\/wp-json\/wp\/v2\/comments?post=221465"}],"version-history":[{"count":0,"href":"https:\/\/w-l-c.be\/fr\/wp-json\/wp\/v2\/posts\/221465\/revisions"}],"wp:featuredmedia":[{"embeddable":true,"href":"https:\/\/w-l-c.be\/fr\/wp-json\/wp\/v2\/media\/221466"}],"wp:attachment":[{"href":"https:\/\/w-l-c.be\/fr\/wp-json\/wp\/v2\/media?parent=221465"}],"wp:term":[{"taxonomy":"category","embeddable":true,"href":"https:\/\/w-l-c.be\/fr\/wp-json\/wp\/v2\/categories?post=221465"},{"taxonomy":"post_tag","embeddable":true,"href":"https:\/\/w-l-c.be\/fr\/wp-json\/wp\/v2\/tags?post=221465"}],"curies":[{"name":"wp","href":"https:\/\/api.w.org\/{rel}","templated":true}]}}