
{"id":221548,"date":"2019-08-13T16:40:05","date_gmt":"2019-08-13T14:40:05","guid":{"rendered":"https:\/\/www.cinevox.be\/?p=221548"},"modified":"2019-08-14T10:20:53","modified_gmt":"2019-08-14T08:20:53","slug":"les-1eres-images-de-the-barefoot-emperor-a-toronto","status":"publish","type":"post","link":"https:\/\/w-l-c.be\/fr\/les-1eres-images-de-the-barefoot-emperor-a-toronto\/","title":{"rendered":"\u00ab\u00a0The Barefoot Emperor\u00a0\u00bb &#8230; \u00e0 Toronto!"},"content":{"rendered":"<p class=\"p1\"><span class=\"s1\"><b><i>The Barefoot Emperor<\/i> de Jessica Woodworth et Peter Brosens sera projet\u00e9 en avant-premi\u00e8re mondiale au Festival International du Film de Toronto. La suite de <i>King of the Belgians<\/i> (2016) sera programm\u00e9e le 6 septembre dans la section Cin\u00e9ma du monde contemporain du festival canadien. La sortie belge est pr\u00e9vue pour d\u00e9but 2020.<\/b><\/span><\/p>\n<p><em>\u00ab\u00a0Vous n&rsquo;\u00eates pas au Paradis. Vous \u00eates en Croatie.\u00a0\u00bb<\/em> <span class=\"s1\"><i>The Barefoot Emperor<\/i> raconte comment le dernier roi des Belges est devenu le premier Empereur d&rsquo;Europe. Peter Van den Begin reprend son r\u00f4le de Nicolas III, roi des Belges. Alors qu&rsquo;il a vu son royaume se diviser dans <i>King of the Belgians<\/i>, l&rsquo;histoire de <i>The Barefoot Emperor <\/i>commence alors qu&rsquo;il est bless\u00e9 \u00e0 l&rsquo;oreille par un coup de feu \u00e0 Sarajevo. Il se r\u00e9veille dans la r\u00e9sidence d&rsquo;\u00e9t\u00e9 de Tito, ancien pr\u00e9sident de la Yougoslavie, sur l&rsquo;\u00e9trange \u00eele croate de Brijuni. Il tente de s&rsquo;\u00e9chapper mais est arr\u00eat\u00e9 et d\u00e9sign\u00e9 par une d\u00e9l\u00e9gation sp\u00e9ciale comme premier Empereur de la nationaliste Nova Europa. Mais le roi ne veut plus laisser les autres d\u00e9cider de sa vie et prend son destin en main.<\/span><\/p>\n<p class=\"p1\"><span class=\"s1\"><em>\u00ab\u00a0Nous sommes extr\u00eamement honor\u00e9s de pouvoir repr\u00e9senter notre pays \u00e0 nouveau dans un des plus grands festivals de cin\u00e9ma\u00a0\u00bb<\/em>, ont d\u00e9clar\u00e9 les deux r\u00e9alisateurs Jessica Woodworth et Peter Brosens en r\u00e9ponse \u00e0 la s\u00e9lection. <em>\u00ab\u00a0Il est amusant que notre histoire sur un roi belge en lice pour devenir\u00a0empereur de l&rsquo;Europe soit lanc\u00e9e en Am\u00e9rique du Nord.\u00a0Nous esp\u00e9rons que<\/em> The Barefoot Emperor <em>traversera de nombreuses fronti\u00e8res et de nombreux oc\u00e9ans car le th\u00e8me du film est urgent. \u00ab\u00a0<\/em><\/span><\/p>\n<p class=\"p1\"><span class=\"s1\"><i>The Barefoot Emperor<\/i> a \u00e9t\u00e9 tourn\u00e9 \u00e0 l&rsquo;automne 2018 sur l&rsquo;\u00eele croate de Brijuni. Retrouvez d&rsquo;ailleurs <a href=\"https:\/\/www.cinevox.be\/fr\/sur-le-tournage-de-the-barefoot-emperor-en-croatie\/\">ici<\/a> notre reportage sur le tournage.<\/span><\/p>\n<p class=\"p1\"><span class=\"s1\">Autour de\u00a0Peter Van den Begin, Lucie Debay, Bruno Georis et Titus De Voogdt reprennent leurs r\u00f4les. D&rsquo;autres personnages importants ont rejoint le casting :\u00a0Geraldine Chaplin et Udo Kier, deux figures\u00a0du cin\u00e9ma international. <\/span><\/p>\n<p class=\"p1\"><span class=\"s1\"><i>The Barefoot Emperor<\/i> est le cinqui\u00e8me long m\u00e9trage du duo form\u00e9 par Woodworth et Brosens. Ils avaient pr\u00e9c\u00e9demment r\u00e9alis\u00e9 <i>La cinqui\u00e8me saison<\/i> (2012), <i>Altiplano<\/i> (2009) et <i>Khadak<\/i> (2006), laur\u00e9at du Lion du Futur au Festival de Venise.<\/span><\/p>\n<p>To be continued!<\/p>\n","protected":false},"excerpt":{"rendered":"<p>The Barefoot Emperor de Jessica Woodworth et Peter Brosens sera projet\u00e9 en avant-premi\u00e8re mondiale au Festival International du Film de Toronto. La suite de King of the Belgians (2016) sera programm\u00e9e le 6 septembre dans la section Cin\u00e9ma du monde contemporain du festival canadien. La sortie belge est pr\u00e9vue pour d\u00e9but 2020. \u00ab\u00a0Vous n&rsquo;\u00eates pas &hellip;<\/p>\n","protected":false},"author":343,"featured_media":214796,"comment_status":"closed","ping_status":"closed","sticky":false,"template":"","format":"standard","meta":{"ngg_post_thumbnail":0,"footnotes":""},"categories":[12],"tags":[4487,4489,4488],"class_list":["post-221548","post","type-post","status-publish","format-standard","has-post-thumbnail","","category-awards","tag-the-barefoot-emperor-2","tag-jessica-woodworth-2","tag-peter-brosens-2"],"yoast_head":"<!-- This site is optimized with the Yoast SEO plugin v20.4 - https:\/\/yoast.com\/wordpress\/plugins\/seo\/ -->\n<title>&quot;The Barefoot Emperor&quot; ... \u00e0 Toronto! - w-l-c<\/title>\n<meta name=\"robots\" content=\"noindex, follow, max-snippet:-1, max-image-preview:large, max-video-preview:-1\" \/>\n<meta property=\"og:locale\" content=\"fr_FR\" \/>\n<meta property=\"og:type\" content=\"article\" \/>\n<meta property=\"og:title\" content=\"&quot;The Barefoot Emperor&quot; ... \u00e0 Toronto! - w-l-c\" \/>\n<meta property=\"og:description\" content=\"The Barefoot Emperor de Jessica Woodworth et Peter Brosens sera projet\u00e9 en avant-premi\u00e8re mondiale au Festival International du Film de Toronto. La suite de King of the Belgians (2016) sera programm\u00e9e le 6 septembre dans la section Cin\u00e9ma du monde contemporain du festival canadien. La sortie belge est pr\u00e9vue pour d\u00e9but 2020. \u00ab\u00a0Vous n&rsquo;\u00eates pas &hellip;\" \/>\n<meta property=\"og:url\" content=\"https:\/\/w-l-c.be\/fr\/les-1eres-images-de-the-barefoot-emperor-a-toronto\/\" \/>\n<meta property=\"og:site_name\" content=\"w-l-c\" \/>\n<meta property=\"article:published_time\" content=\"2019-08-13T14:40:05+00:00\" \/>\n<meta property=\"article:modified_time\" content=\"2019-08-14T08:20:53+00:00\" \/>\n<meta property=\"og:image\" content=\"https:\/\/w-l-c.be\/wp-content\/uploads\/2018\/11\/Cast_horizontal_Copyright_Ton_Peters.jpg\" \/>\n\t<meta property=\"og:image:width\" content=\"5247\" \/>\n\t<meta property=\"og:image:height\" content=\"3517\" \/>\n\t<meta property=\"og:image:type\" content=\"image\/jpeg\" \/>\n<meta name=\"author\" content=\"Aurore Engelen\" \/>\n<meta name=\"twitter:card\" content=\"summary_large_image\" \/>\n<meta name=\"twitter:label1\" content=\"\u00c9crit par\" \/>\n\t<meta name=\"twitter:data1\" content=\"Aurore Engelen\" \/>\n\t<meta name=\"twitter:label2\" content=\"Dur\u00e9e de lecture estim\u00e9e\" \/>\n\t<meta name=\"twitter:data2\" content=\"2 minutes\" \/>\n<script type=\"application\/ld+json\" class=\"yoast-schema-graph\">{\"@context\":\"https:\/\/schema.org\",\"@graph\":[{\"@type\":\"WebPage\",\"@id\":\"https:\/\/w-l-c.be\/fr\/les-1eres-images-de-the-barefoot-emperor-a-toronto\/\",\"url\":\"https:\/\/w-l-c.be\/fr\/les-1eres-images-de-the-barefoot-emperor-a-toronto\/\",\"name\":\"\\\"The Barefoot Emperor\\\" ... \u00e0 Toronto! - w-l-c\",\"isPartOf\":{\"@id\":\"https:\/\/w-l-c.be\/fr\/#website\"},\"datePublished\":\"2019-08-13T14:40:05+00:00\",\"dateModified\":\"2019-08-14T08:20:53+00:00\",\"author\":{\"@id\":\"https:\/\/w-l-c.be\/fr\/#\/schema\/person\/8084b68c6b176142d073695c654dc7cf\"},\"breadcrumb\":{\"@id\":\"https:\/\/w-l-c.be\/fr\/les-1eres-images-de-the-barefoot-emperor-a-toronto\/#breadcrumb\"},\"inLanguage\":\"fr-FR\",\"potentialAction\":[{\"@type\":\"ReadAction\",\"target\":[\"https:\/\/w-l-c.be\/fr\/les-1eres-images-de-the-barefoot-emperor-a-toronto\/\"]}]},{\"@type\":\"BreadcrumbList\",\"@id\":\"https:\/\/w-l-c.be\/fr\/les-1eres-images-de-the-barefoot-emperor-a-toronto\/#breadcrumb\",\"itemListElement\":[{\"@type\":\"ListItem\",\"position\":1,\"name\":\"Accueil\",\"item\":\"https:\/\/w-l-c.be\/fr\/\"},{\"@type\":\"ListItem\",\"position\":2,\"name\":\"\u00ab\u00a0The Barefoot Emperor\u00a0\u00bb &#8230; \u00e0 Toronto!\"}]},{\"@type\":\"WebSite\",\"@id\":\"https:\/\/w-l-c.be\/fr\/#website\",\"url\":\"https:\/\/w-l-c.be\/fr\/\",\"name\":\"w-l-c\",\"description\":\"Le cin\u00e9ma vu par les belges\",\"potentialAction\":[{\"@type\":\"SearchAction\",\"target\":{\"@type\":\"EntryPoint\",\"urlTemplate\":\"https:\/\/w-l-c.be\/fr\/?s={search_term_string}\"},\"query-input\":\"required name=search_term_string\"}],\"inLanguage\":\"fr-FR\"},{\"@type\":\"Person\",\"@id\":\"https:\/\/w-l-c.be\/fr\/#\/schema\/person\/8084b68c6b176142d073695c654dc7cf\",\"name\":\"Aurore Engelen\",\"url\":\"https:\/\/w-l-c.be\/fr\/author\/aurore-engelen\/\"}]}<\/script>\n<!-- \/ Yoast SEO plugin. -->","yoast_head_json":{"title":"\"The Barefoot Emperor\" ... \u00e0 Toronto! - w-l-c","robots":{"index":"noindex","follow":"follow","max-snippet":"max-snippet:-1","max-image-preview":"max-image-preview:large","max-video-preview":"max-video-preview:-1"},"og_locale":"fr_FR","og_type":"article","og_title":"\"The Barefoot Emperor\" ... \u00e0 Toronto! - w-l-c","og_description":"The Barefoot Emperor de Jessica Woodworth et Peter Brosens sera projet\u00e9 en avant-premi\u00e8re mondiale au Festival International du Film de Toronto. La suite de King of the Belgians (2016) sera programm\u00e9e le 6 septembre dans la section Cin\u00e9ma du monde contemporain du festival canadien. La sortie belge est pr\u00e9vue pour d\u00e9but 2020. \u00ab\u00a0Vous n&rsquo;\u00eates pas &hellip;","og_url":"https:\/\/w-l-c.be\/fr\/les-1eres-images-de-the-barefoot-emperor-a-toronto\/","og_site_name":"w-l-c","article_published_time":"2019-08-13T14:40:05+00:00","article_modified_time":"2019-08-14T08:20:53+00:00","og_image":[{"width":5247,"height":3517,"url":"https:\/\/w-l-c.be\/wp-content\/uploads\/2018\/11\/Cast_horizontal_Copyright_Ton_Peters.jpg","type":"image\/jpeg"}],"author":"Aurore Engelen","twitter_card":"summary_large_image","twitter_misc":{"\u00c9crit par":"Aurore Engelen","Dur\u00e9e de lecture estim\u00e9e":"2 minutes"},"schema":{"@context":"https:\/\/schema.org","@graph":[{"@type":"WebPage","@id":"https:\/\/w-l-c.be\/fr\/les-1eres-images-de-the-barefoot-emperor-a-toronto\/","url":"https:\/\/w-l-c.be\/fr\/les-1eres-images-de-the-barefoot-emperor-a-toronto\/","name":"\"The Barefoot Emperor\" ... \u00e0 Toronto! - w-l-c","isPartOf":{"@id":"https:\/\/w-l-c.be\/fr\/#website"},"datePublished":"2019-08-13T14:40:05+00:00","dateModified":"2019-08-14T08:20:53+00:00","author":{"@id":"https:\/\/w-l-c.be\/fr\/#\/schema\/person\/8084b68c6b176142d073695c654dc7cf"},"breadcrumb":{"@id":"https:\/\/w-l-c.be\/fr\/les-1eres-images-de-the-barefoot-emperor-a-toronto\/#breadcrumb"},"inLanguage":"fr-FR","potentialAction":[{"@type":"ReadAction","target":["https:\/\/w-l-c.be\/fr\/les-1eres-images-de-the-barefoot-emperor-a-toronto\/"]}]},{"@type":"BreadcrumbList","@id":"https:\/\/w-l-c.be\/fr\/les-1eres-images-de-the-barefoot-emperor-a-toronto\/#breadcrumb","itemListElement":[{"@type":"ListItem","position":1,"name":"Accueil","item":"https:\/\/w-l-c.be\/fr\/"},{"@type":"ListItem","position":2,"name":"\u00ab\u00a0The Barefoot Emperor\u00a0\u00bb &#8230; \u00e0 Toronto!"}]},{"@type":"WebSite","@id":"https:\/\/w-l-c.be\/fr\/#website","url":"https:\/\/w-l-c.be\/fr\/","name":"w-l-c","description":"Le cin\u00e9ma vu par les belges","potentialAction":[{"@type":"SearchAction","target":{"@type":"EntryPoint","urlTemplate":"https:\/\/w-l-c.be\/fr\/?s={search_term_string}"},"query-input":"required name=search_term_string"}],"inLanguage":"fr-FR"},{"@type":"Person","@id":"https:\/\/w-l-c.be\/fr\/#\/schema\/person\/8084b68c6b176142d073695c654dc7cf","name":"Aurore Engelen","url":"https:\/\/w-l-c.be\/fr\/author\/aurore-engelen\/"}]}},"_links":{"self":[{"href":"https:\/\/w-l-c.be\/fr\/wp-json\/wp\/v2\/posts\/221548","targetHints":{"allow":["GET"]}}],"collection":[{"href":"https:\/\/w-l-c.be\/fr\/wp-json\/wp\/v2\/posts"}],"about":[{"href":"https:\/\/w-l-c.be\/fr\/wp-json\/wp\/v2\/types\/post"}],"author":[{"embeddable":true,"href":"https:\/\/w-l-c.be\/fr\/wp-json\/wp\/v2\/users\/343"}],"replies":[{"embeddable":true,"href":"https:\/\/w-l-c.be\/fr\/wp-json\/wp\/v2\/comments?post=221548"}],"version-history":[{"count":0,"href":"https:\/\/w-l-c.be\/fr\/wp-json\/wp\/v2\/posts\/221548\/revisions"}],"wp:featuredmedia":[{"embeddable":true,"href":"https:\/\/w-l-c.be\/fr\/wp-json\/wp\/v2\/media\/214796"}],"wp:attachment":[{"href":"https:\/\/w-l-c.be\/fr\/wp-json\/wp\/v2\/media?parent=221548"}],"wp:term":[{"taxonomy":"category","embeddable":true,"href":"https:\/\/w-l-c.be\/fr\/wp-json\/wp\/v2\/categories?post=221548"},{"taxonomy":"post_tag","embeddable":true,"href":"https:\/\/w-l-c.be\/fr\/wp-json\/wp\/v2\/tags?post=221548"}],"curies":[{"name":"wp","href":"https:\/\/api.w.org\/{rel}","templated":true}]}}