
{"id":224822,"date":"2019-11-12T09:26:21","date_gmt":"2019-11-12T08:26:21","guid":{"rendered":"https:\/\/www.cinevox.be\/?p=224822"},"modified":"2020-11-04T22:56:04","modified_gmt":"2020-11-04T21:56:04","slug":"clap-de-debut-pour-in-visiblenouvelle-serie-rtbf","status":"publish","type":"post","link":"https:\/\/w-l-c.be\/fr\/clap-de-debut-pour-in-visiblenouvelle-serie-rtbf\/","title":{"rendered":"Clap de d\u00e9but pour \u00ab\u00a0Invisible\u00a0\u00bb, nouvelle s\u00e9rie RTBF"},"content":{"rendered":"<p><strong>C&rsquo;est aujourd&rsquo;hui que d\u00e9bute pour plusieurs semaines le tournage de<em> Invisible<\/em>, la nouvelle s\u00e9rie RTBF, incarn\u00e9e notamment par Myriem Akheddiou, Fabio Zenoni, Roda Fawaz, Berenice Baoo, Luc Van Grunderbeeck, Elisa Echevarria Menendez&#8230;<\/strong><\/p>\n<p>Avez-vous d\u00e9j\u00e0 imagin\u00e9 qu\u2019un jour soudainement, les bouts de vos doigts deviennent invisibles ? Hallucin\u00e9, vous n\u2019y croyez pas. Mais la chose \u00e9volue lentement et s\u00fbrement. Petit \u00e0 petit, vous assistez \u00e0 votre propre disparition : invisible mais toujours l\u00e0. <em>Invisible<\/em>\u00a0est une s\u00e9rie fantastique qui raconte comment, sur une vingtaine de jours, des gens et leurs familles sont confront\u00e9s \u00e0 un ph\u00e9nom\u00e8ne myst\u00e9rieux : certains d\u2019entre eux deviennent invisibles.<\/p>\n<p>Tel est le pitch de <em>Les Invisibles<\/em>, qui s&rsquo;annonce donc \u00eatre la premi\u00e8re s\u00e9rie fantastique produite dans le cadre du Fonds s\u00e9rie RTBF\/ FWB, apr\u00e8s les s\u00e9ries polici\u00e8res comme <em>La Tr\u00eave, Ennemi Public<\/em> ou <em>Unit\u00e9 42<\/em> (dont la saison 2 est actuellement diffus\u00e9e tous les dimanches soirs), la judiciaire <em>E-legal<\/em>, ou la com\u00e9die Champion. Cr\u00e9\u00e9e par Marie Enthoven &#8211; \u00e0 qui l&rsquo;on doit les courts m\u00e9trages <em>Taxistop<\/em> et <em>Na\u00efve<\/em> -, et co-\u00e9crite avec Bruno Roche et Nicolas Peufaillit (co-sc\u00e9nariste de <em>Noces<\/em> de Stephan Streker, mais aussi des <em>Revenants<\/em> de Fabrice Gobert, puissante r\u00e9f\u00e9rence fantastique, ou encore <em>Un Proph\u00e8te<\/em> de Jacques Audiard, C\u00e9sar du meilleur sc\u00e9nario), la s\u00e9rie est produit par Annabella Nezri, pour Kwassa Films, <a href=\"https:\/\/www.cinevox.be\/fr\/annabella-nezri\/\">qui nous parlait r\u00e9cemment de cette nouvelle exp\u00e9rience<\/a>.<\/p>\n<p>A l&rsquo;affiche, on retrouve l&rsquo;excellente com\u00e9dienne <a href=\"https:\/\/www.cinevox.be\/fr\/2mn-avec-myriem-akheddiou\/\"><strong>Myriem Akhieddiou<\/strong><\/a>, beaucoup vue au th\u00e9\u00e2tre (r\u00e9cemment dans <em>Moutoufs<\/em> ou <em>Cherche l&rsquo;amour<\/em>), et r\u00e9cemment dans <em>Une part d&rsquo;ombr<\/em>e de Samuel Tilman, et<em> Le Jeune Ahmed<\/em> des fr\u00e8res Dardenne, mais aussi le com\u00e9dien belge <strong>Fabio Zenoni<\/strong>, vu aussi bien au th\u00e9\u00e2tre qu&rsquo;au cin\u00e9ma ou \u00e0 la t\u00e9l\u00e9vision, <strong><a href=\"https:\/\/www.cinevox.be\/fr\/2mn-avec-roda-fawaz\/\">Roda Fawa<\/a>z<\/strong>, l&rsquo;un des h\u00e9ros d&rsquo;<em>Unit\u00e9 42<\/em>, <strong>B\u00e9r\u00e9nice Baoo<\/strong>, qui n&rsquo;en finit plus de tourner (d\u00e9couverte dans <em>Tueurs<\/em>, on l&rsquo;a vue dans <em>Fauves, Cavale, Les Petits meurtres d&rsquo;Agatha Christie<\/em>, on la verra bient\u00f4t dans <em>Space Boy<\/em>), <strong>Luc Van Grunderbeeck<\/strong>, \u00e0 l&rsquo;affiche actuellement de <em>Trois jours et une vie<\/em> et <em>Sympathie pour le diable\u00a0<\/em>ou encore la jeune <strong>Elisa Echevarria Menendez<\/strong>, vue notamment dans le court m\u00e9trage \u00e0 succ\u00e8s <em>Les Dauphines<\/em>. Le tournage, qui vient de d\u00e9buter, devrait durer jusqu&rsquo;\u00e0 d\u00e9but 2020, le temps de mettre les 8 \u00e9pisodes en bo\u00eete.<\/p>\n<p>On vous en reparle tr\u00e8s vite&#8230;<\/p>\n","protected":false},"excerpt":{"rendered":"<p>C&rsquo;est aujourd&rsquo;hui que d\u00e9bute pour plusieurs semaines le tournage de Invisible, la nouvelle s\u00e9rie RTBF, incarn\u00e9e notamment par Myriem Akheddiou, Fabio Zenoni, Roda Fawaz, Berenice Baoo, Luc Van Grunderbeeck, Elisa Echevarria Menendez&#8230; Avez-vous d\u00e9j\u00e0 imagin\u00e9 qu\u2019un jour soudainement, les bouts de vos doigts deviennent invisibles ? Hallucin\u00e9, vous n\u2019y croyez pas. Mais la chose \u00e9volue &hellip;<\/p>\n","protected":false},"author":343,"featured_media":224827,"comment_status":"closed","ping_status":"closed","sticky":false,"template":"","format":"standard","meta":{"ngg_post_thumbnail":0,"footnotes":""},"categories":[53,14],"tags":[4187,2984,4705],"class_list":["post-224822","post","type-post","status-publish","format-standard","has-post-thumbnail","","category-coming-soon","category-home-cinema","tag-newsletter-fr","tag-serie","tag-unseen"],"yoast_head":"<!-- This site is optimized with the Yoast SEO plugin v20.4 - https:\/\/yoast.com\/wordpress\/plugins\/seo\/ -->\n<title>Clap de d\u00e9but pour &quot;Invisible&quot;, nouvelle s\u00e9rie RTBF - w-l-c<\/title>\n<meta name=\"robots\" content=\"noindex, follow, max-snippet:-1, max-image-preview:large, max-video-preview:-1\" \/>\n<meta property=\"og:locale\" content=\"fr_FR\" \/>\n<meta property=\"og:type\" content=\"article\" \/>\n<meta property=\"og:title\" content=\"Clap de d\u00e9but pour &quot;Invisible&quot;, nouvelle s\u00e9rie RTBF - w-l-c\" \/>\n<meta property=\"og:description\" content=\"C&rsquo;est aujourd&rsquo;hui que d\u00e9bute pour plusieurs semaines le tournage de Invisible, la nouvelle s\u00e9rie RTBF, incarn\u00e9e notamment par Myriem Akheddiou, Fabio Zenoni, Roda Fawaz, Berenice Baoo, Luc Van Grunderbeeck, Elisa Echevarria Menendez&#8230; Avez-vous d\u00e9j\u00e0 imagin\u00e9 qu\u2019un jour soudainement, les bouts de vos doigts deviennent invisibles ? Hallucin\u00e9, vous n\u2019y croyez pas. Mais la chose \u00e9volue &hellip;\" \/>\n<meta property=\"og:url\" content=\"https:\/\/w-l-c.be\/fr\/clap-de-debut-pour-in-visiblenouvelle-serie-rtbf\/\" \/>\n<meta property=\"og:site_name\" content=\"w-l-c\" \/>\n<meta property=\"article:published_time\" content=\"2019-11-12T08:26:21+00:00\" \/>\n<meta property=\"article:modified_time\" content=\"2020-11-04T21:56:04+00:00\" \/>\n<meta property=\"og:image\" content=\"https:\/\/w-l-c.be\/wp-content\/uploads\/2019\/11\/UnseenCasting.jpg\" \/>\n\t<meta property=\"og:image:width\" content=\"1200\" \/>\n\t<meta property=\"og:image:height\" content=\"658\" \/>\n\t<meta property=\"og:image:type\" content=\"image\/jpeg\" \/>\n<meta name=\"author\" content=\"Aurore Engelen\" \/>\n<meta name=\"twitter:card\" content=\"summary_large_image\" \/>\n<meta name=\"twitter:label1\" content=\"\u00c9crit par\" \/>\n\t<meta name=\"twitter:data1\" content=\"Aurore Engelen\" \/>\n\t<meta name=\"twitter:label2\" content=\"Dur\u00e9e de lecture estim\u00e9e\" \/>\n\t<meta name=\"twitter:data2\" content=\"2 minutes\" \/>\n<script type=\"application\/ld+json\" class=\"yoast-schema-graph\">{\"@context\":\"https:\/\/schema.org\",\"@graph\":[{\"@type\":\"WebPage\",\"@id\":\"https:\/\/w-l-c.be\/fr\/clap-de-debut-pour-in-visiblenouvelle-serie-rtbf\/\",\"url\":\"https:\/\/w-l-c.be\/fr\/clap-de-debut-pour-in-visiblenouvelle-serie-rtbf\/\",\"name\":\"Clap de d\u00e9but pour \\\"Invisible\\\", nouvelle s\u00e9rie RTBF - w-l-c\",\"isPartOf\":{\"@id\":\"https:\/\/w-l-c.be\/fr\/#website\"},\"datePublished\":\"2019-11-12T08:26:21+00:00\",\"dateModified\":\"2020-11-04T21:56:04+00:00\",\"author\":{\"@id\":\"https:\/\/w-l-c.be\/fr\/#\/schema\/person\/8084b68c6b176142d073695c654dc7cf\"},\"breadcrumb\":{\"@id\":\"https:\/\/w-l-c.be\/fr\/clap-de-debut-pour-in-visiblenouvelle-serie-rtbf\/#breadcrumb\"},\"inLanguage\":\"fr-FR\",\"potentialAction\":[{\"@type\":\"ReadAction\",\"target\":[\"https:\/\/w-l-c.be\/fr\/clap-de-debut-pour-in-visiblenouvelle-serie-rtbf\/\"]}]},{\"@type\":\"BreadcrumbList\",\"@id\":\"https:\/\/w-l-c.be\/fr\/clap-de-debut-pour-in-visiblenouvelle-serie-rtbf\/#breadcrumb\",\"itemListElement\":[{\"@type\":\"ListItem\",\"position\":1,\"name\":\"Accueil\",\"item\":\"https:\/\/w-l-c.be\/fr\/\"},{\"@type\":\"ListItem\",\"position\":2,\"name\":\"Clap de d\u00e9but pour \u00ab\u00a0Invisible\u00a0\u00bb, nouvelle s\u00e9rie RTBF\"}]},{\"@type\":\"WebSite\",\"@id\":\"https:\/\/w-l-c.be\/fr\/#website\",\"url\":\"https:\/\/w-l-c.be\/fr\/\",\"name\":\"w-l-c\",\"description\":\"Le cin\u00e9ma vu par les belges\",\"potentialAction\":[{\"@type\":\"SearchAction\",\"target\":{\"@type\":\"EntryPoint\",\"urlTemplate\":\"https:\/\/w-l-c.be\/fr\/?s={search_term_string}\"},\"query-input\":\"required name=search_term_string\"}],\"inLanguage\":\"fr-FR\"},{\"@type\":\"Person\",\"@id\":\"https:\/\/w-l-c.be\/fr\/#\/schema\/person\/8084b68c6b176142d073695c654dc7cf\",\"name\":\"Aurore Engelen\",\"url\":\"https:\/\/w-l-c.be\/fr\/author\/aurore-engelen\/\"}]}<\/script>\n<!-- \/ Yoast SEO plugin. -->","yoast_head_json":{"title":"Clap de d\u00e9but pour \"Invisible\", nouvelle s\u00e9rie RTBF - w-l-c","robots":{"index":"noindex","follow":"follow","max-snippet":"max-snippet:-1","max-image-preview":"max-image-preview:large","max-video-preview":"max-video-preview:-1"},"og_locale":"fr_FR","og_type":"article","og_title":"Clap de d\u00e9but pour \"Invisible\", nouvelle s\u00e9rie RTBF - w-l-c","og_description":"C&rsquo;est aujourd&rsquo;hui que d\u00e9bute pour plusieurs semaines le tournage de Invisible, la nouvelle s\u00e9rie RTBF, incarn\u00e9e notamment par Myriem Akheddiou, Fabio Zenoni, Roda Fawaz, Berenice Baoo, Luc Van Grunderbeeck, Elisa Echevarria Menendez&#8230; Avez-vous d\u00e9j\u00e0 imagin\u00e9 qu\u2019un jour soudainement, les bouts de vos doigts deviennent invisibles ? Hallucin\u00e9, vous n\u2019y croyez pas. Mais la chose \u00e9volue &hellip;","og_url":"https:\/\/w-l-c.be\/fr\/clap-de-debut-pour-in-visiblenouvelle-serie-rtbf\/","og_site_name":"w-l-c","article_published_time":"2019-11-12T08:26:21+00:00","article_modified_time":"2020-11-04T21:56:04+00:00","og_image":[{"width":1200,"height":658,"url":"https:\/\/w-l-c.be\/wp-content\/uploads\/2019\/11\/UnseenCasting.jpg","type":"image\/jpeg"}],"author":"Aurore Engelen","twitter_card":"summary_large_image","twitter_misc":{"\u00c9crit par":"Aurore Engelen","Dur\u00e9e de lecture estim\u00e9e":"2 minutes"},"schema":{"@context":"https:\/\/schema.org","@graph":[{"@type":"WebPage","@id":"https:\/\/w-l-c.be\/fr\/clap-de-debut-pour-in-visiblenouvelle-serie-rtbf\/","url":"https:\/\/w-l-c.be\/fr\/clap-de-debut-pour-in-visiblenouvelle-serie-rtbf\/","name":"Clap de d\u00e9but pour \"Invisible\", nouvelle s\u00e9rie RTBF - w-l-c","isPartOf":{"@id":"https:\/\/w-l-c.be\/fr\/#website"},"datePublished":"2019-11-12T08:26:21+00:00","dateModified":"2020-11-04T21:56:04+00:00","author":{"@id":"https:\/\/w-l-c.be\/fr\/#\/schema\/person\/8084b68c6b176142d073695c654dc7cf"},"breadcrumb":{"@id":"https:\/\/w-l-c.be\/fr\/clap-de-debut-pour-in-visiblenouvelle-serie-rtbf\/#breadcrumb"},"inLanguage":"fr-FR","potentialAction":[{"@type":"ReadAction","target":["https:\/\/w-l-c.be\/fr\/clap-de-debut-pour-in-visiblenouvelle-serie-rtbf\/"]}]},{"@type":"BreadcrumbList","@id":"https:\/\/w-l-c.be\/fr\/clap-de-debut-pour-in-visiblenouvelle-serie-rtbf\/#breadcrumb","itemListElement":[{"@type":"ListItem","position":1,"name":"Accueil","item":"https:\/\/w-l-c.be\/fr\/"},{"@type":"ListItem","position":2,"name":"Clap de d\u00e9but pour \u00ab\u00a0Invisible\u00a0\u00bb, nouvelle s\u00e9rie RTBF"}]},{"@type":"WebSite","@id":"https:\/\/w-l-c.be\/fr\/#website","url":"https:\/\/w-l-c.be\/fr\/","name":"w-l-c","description":"Le cin\u00e9ma vu par les belges","potentialAction":[{"@type":"SearchAction","target":{"@type":"EntryPoint","urlTemplate":"https:\/\/w-l-c.be\/fr\/?s={search_term_string}"},"query-input":"required name=search_term_string"}],"inLanguage":"fr-FR"},{"@type":"Person","@id":"https:\/\/w-l-c.be\/fr\/#\/schema\/person\/8084b68c6b176142d073695c654dc7cf","name":"Aurore Engelen","url":"https:\/\/w-l-c.be\/fr\/author\/aurore-engelen\/"}]}},"_links":{"self":[{"href":"https:\/\/w-l-c.be\/fr\/wp-json\/wp\/v2\/posts\/224822","targetHints":{"allow":["GET"]}}],"collection":[{"href":"https:\/\/w-l-c.be\/fr\/wp-json\/wp\/v2\/posts"}],"about":[{"href":"https:\/\/w-l-c.be\/fr\/wp-json\/wp\/v2\/types\/post"}],"author":[{"embeddable":true,"href":"https:\/\/w-l-c.be\/fr\/wp-json\/wp\/v2\/users\/343"}],"replies":[{"embeddable":true,"href":"https:\/\/w-l-c.be\/fr\/wp-json\/wp\/v2\/comments?post=224822"}],"version-history":[{"count":0,"href":"https:\/\/w-l-c.be\/fr\/wp-json\/wp\/v2\/posts\/224822\/revisions"}],"wp:featuredmedia":[{"embeddable":true,"href":"https:\/\/w-l-c.be\/fr\/wp-json\/wp\/v2\/media\/224827"}],"wp:attachment":[{"href":"https:\/\/w-l-c.be\/fr\/wp-json\/wp\/v2\/media?parent=224822"}],"wp:term":[{"taxonomy":"category","embeddable":true,"href":"https:\/\/w-l-c.be\/fr\/wp-json\/wp\/v2\/categories?post=224822"},{"taxonomy":"post_tag","embeddable":true,"href":"https:\/\/w-l-c.be\/fr\/wp-json\/wp\/v2\/tags?post=224822"}],"curies":[{"name":"wp","href":"https:\/\/api.w.org\/{rel}","templated":true}]}}