
{"id":224857,"date":"2019-11-12T16:43:53","date_gmt":"2019-11-12T15:43:53","guid":{"rendered":"https:\/\/www.cinevox.be\/?p=224857"},"modified":"2020-01-03T10:20:00","modified_gmt":"2020-01-03T09:20:00","slug":"mehdi-dehbi","status":"publish","type":"post","link":"https:\/\/w-l-c.be\/fr\/mehdi-dehbi\/","title":{"rendered":"Rencontre avec Mehdi Dehbi"},"content":{"rendered":"<p class=\"p1\"><strong><span class=\"s2\">Rencontre avec le com\u00e9dien belge Mehdi Dehbi, de passage en Belgique \u00e0 l&rsquo;occasion du Waterloo Historical Film Festival. D\u00e9sormais install\u00e9 \u00e0 New York, apr\u00e8s avoir<\/span><span class=\"s2\"> v\u00e9cu \u00e0 Los Angeles ou Mexico, il vient de passer 6 mois dans le d\u00e9sert du Nouveau Mexique pour tourner <em>Messiah<\/em>, une s\u00e9rie Netflix. <\/span>Il nous parle de son itin\u00e9raire et de son actualit\u00e9.<\/strong><\/p>\n<p class=\"p1\"><span class=\"s2\"><b>D\u2019o\u00f9 venez-vous ?<\/b><\/span><\/p>\n<p class=\"p1\"><span class=\"s2\">Je suis n\u00e9 en Belgique, et d\u00e9j\u00e0 petit, j\u2019avais une sorte de feu, d\u2019instinct de survie. Je ressentais le besoin de trouver une sortie de secours, pour trouver ma trajectoire dans la vie, surtout un terrain d\u2019expression o\u00f9 trouver des cl\u00e9s sur la personne que j\u2019allais devenir. C\u2019est arriv\u00e9 tr\u00e8s t\u00f4t, sans que je l\u2019exprime comme \u00e7a, \u00e9videmment. <\/span><\/p>\n<p class=\"p1\"><span class=\"s2\">Vers 8 ans, il y a eu un premier concours de musique, d\u2019\u00e9criture de chanson. Une petite pierre apr\u00e8s l\u2019autre, j\u2019ai trac\u00e9 mon chemin. J&rsquo;ai eu le courage de suivre le chemin qui m\u2019a \u00e9t\u00e9 offert. Il y a une sorte de contrat entre le divin et moi, le parcours, et ce qu&rsquo;il faut pour le nourrir. Ca a l\u2019air un peu po\u00e9tique peut-\u00eatre, mais c\u2019est comme \u00e7a que je vois ma vie, et mon m\u00e9tier. <\/span><\/p>\n<p class=\"p1\"><span class=\"s2\"><b>Ce chemin, c\u2019\u00e9tait le jeu, la danse, le th\u00e9\u00e2tre, la musique?<\/b><\/span><\/p>\n<p class=\"p1\"><span class=\"s2\">J\u2019ai commenc\u00e9 par \u00e9crire des chansons, j\u2019en \u00e9crivais partout, tout le temps. J\u2019\u00e9tais \u00e0 l\u2019Acad\u00e9mie de Li\u00e8ge, et ce qui est un peu mystique,<span class=\"Apple-converted-space\">\u00a0<\/span>c\u2019est que cette acad\u00e9mie \u00e9tait avant un h\u00f4pital\u2026 o\u00f9 je suis n\u00e9! Dans les couloirs de l\u2019ex-h\u00f4pital, on entendait des violoncelles, du piano\u2026 Un lieu un peu magique pour moi. C\u2019est l\u00e0 que tout a commenc\u00e9 en fait. J\u2019y ai commenc\u00e9 \u00e0 comprendre ce que c\u2019\u00e9tait \u00eatre sur sc\u00e8ne. J\u2019ai appris \u00e0 m\u2019affirmer, compris la beaut\u00e9 du jeu, ce que \u00e7a pouvait apporter, \u00e0 soi et aux autres. La force du th\u00e9\u00e2tre.<\/span><\/p>\n<figure id=\"attachment_224861\" aria-describedby=\"caption-attachment-224861\" style=\"width: 618px\" class=\"wp-caption alignnone\"><img loading=\"lazy\" decoding=\"async\" class=\"size-large wp-image-224861\" src=\"https:\/\/www.cinevox.be\/wp-content\/uploads\/2019\/11\/JeNeSuisPasMort-800x466.jpg\" alt=\"\" width=\"618\" height=\"360\" srcset=\"https:\/\/w-l-c.be\/wp-content\/uploads\/2019\/11\/JeNeSuisPasMort-800x466.jpg 800w, https:\/\/w-l-c.be\/wp-content\/uploads\/2019\/11\/JeNeSuisPasMort-464x270.jpg 464w, https:\/\/w-l-c.be\/wp-content\/uploads\/2019\/11\/JeNeSuisPasMort-768x447.jpg 768w, https:\/\/w-l-c.be\/wp-content\/uploads\/2019\/11\/JeNeSuisPasMort.jpg 1600w\" sizes=\"auto, (max-width: 618px) 100vw, 618px\" \/><figcaption id=\"caption-attachment-224861\" class=\"wp-caption-text\">Dans \u00ab\u00a0Je ne suis pas mort\u00a0\u00bb<\/figcaption><\/figure>\n<p class=\"p1\"><span class=\"s2\"><b>Quels ont \u00e9t\u00e9 vos premiers contacts avec le cin\u00e9ma?<\/b><\/span><\/p>\n<p class=\"p1\"><span class=\"s2\">J\u2019ai fait des concours Graine de top, des spots pour la RTBF. Et puis \u00e0 15 ans, ma prof de th\u00e9\u00e2tre m&rsquo;a propos\u00e9 de passer une audition, alors que j\u2019avais l\u2019air bien trop pour le r\u00f4le. <em>Le Soleil Assassin\u00e9<\/em> s\u2019est av\u00e9r\u00e9 \u00eatre un projet cl\u00e9 pour moi. Un film d\u2019auteur, qui parle de choses fortes, et qui m\u2019a responsabilis\u00e9 dans ce que c\u2018est d\u2019\u00eatre acteur, m&rsquo;a montr\u00e9 comment les enjeux peuvent \u00eatre extr\u00eamement complexes. C\u2019\u00e9tait d\u2019une intensit\u00e9 invraisemblable. J\u2019ai clairement m\u00fbri avec ce film. <\/span><\/p>\n<p class=\"p1\"><span class=\"s2\"><b>Ce film a ouvert des portes?<\/b><\/span><\/p>\n<p class=\"p1\"><span class=\"s2\">Moi les portes qui s\u2019ouvrent avec un projet, je n\u2019y crois pas vraiment. Je crois que les portes qui s\u2019ouvrent, on se les cr\u00e9e soi-m\u00eame, en \u00e9tant ouvert aux autres, aux projets. Si on ne fait pas un travail sur soi, je ne crois pas au coup de chance. Je crois en l\u2019humain, et dans le travail. Je crois que c\u2019est le plus important dans ce m\u00e9tier, le travail. Je sais que les coups de gr\u00e2ce qui m\u2019ont \u00e9t\u00e9 offerts, ce sont des coups qui viennent \u00e9quilibrer des coups de blues. <\/span><\/p>\n<p class=\"p1\"><span class=\"s2\">Mais c\u2019est vrai que <em>Le Soleil Assassin\u00e9<\/em> m\u2019a permis de voyager. Le film \u00e9tait notamment s\u00e9lectionn\u00e9 au Festival de Venise. J\u2019\u00e9tais tellement heureux d\u2019y croiser l\u2019une de mes idoles, Omar Sharif, ce merveilleux com\u00e9dien qui a transcend\u00e9 les fronti\u00e8res, malgr\u00e9 sa couleur de peau, qui a \u00e9t\u00e9 au-devant du monde, qui parle de nombreuses langues\u2026<\/span><\/p>\n<p class=\"p1\"><span class=\"s2\">Toujours \u00e0 Venise, autre petite anecdote. On \u00e9tait dans la voiture vers la premi\u00e8re du film, avec de belles vitres teint\u00e9es, en mode sta Et puis soudain, je vois quelqu\u2019un se pencher pour voir qui pouvait \u00eatre dans la voiture\u2026 C\u2019\u00e9tait Johnny Depp! C\u2019est fou, il incarne pour moi la libert\u00e9 au cin\u00e9ma, et il \u00e9tait l\u00e0, au m\u00eame endroit, au m\u00eame moment. C\u2019\u00e9tait vraiment un r\u00eave pour moi \u00e0 l\u2019\u00e9poque.<\/span><\/p>\n<figure id=\"attachment_224863\" aria-describedby=\"caption-attachment-224863\" style=\"width: 618px\" class=\"wp-caption alignnone\"><img loading=\"lazy\" decoding=\"async\" class=\"size-large wp-image-224863\" src=\"https:\/\/www.cinevox.be\/wp-content\/uploads\/2019\/11\/FOlleHistoireAmour-800x533.jpg\" alt=\"\" width=\"618\" height=\"412\" srcset=\"https:\/\/w-l-c.be\/wp-content\/uploads\/2019\/11\/FOlleHistoireAmour-800x533.jpg 800w, https:\/\/w-l-c.be\/wp-content\/uploads\/2019\/11\/FOlleHistoireAmour-405x270.jpg 405w, https:\/\/w-l-c.be\/wp-content\/uploads\/2019\/11\/FOlleHistoireAmour-768x512.jpg 768w, https:\/\/w-l-c.be\/wp-content\/uploads\/2019\/11\/FOlleHistoireAmour.jpg 1200w\" sizes=\"auto, (max-width: 618px) 100vw, 618px\" \/><figcaption id=\"caption-attachment-224863\" class=\"wp-caption-text\">Avec Judith Magre dans \u00ab\u00a0La Folle Histoire d&rsquo;amour de Simon Eskenazi\u00a0\u00bb<\/figcaption><\/figure>\n<p class=\"p1\"><span class=\"s2\"><b>Votre carri\u00e8re se d\u00e9ploie sur de nombreuses disciplines, c\u2019est un choix?<\/b><\/span><\/p>\n<p class=\"p1\"><span class=\"s2\">C\u2019est plus un instinct qu\u2019une volont\u00e9. Je savais d\u00e8s tout petit que je voulais faire \u00e7a. Alors j\u2019ai suivi le fil, j\u2019ai toujours su que je voulais raconter de belles histoires. Mon but, c\u2019\u00e9tait d\u2019\u00e9largir ma connaissance de moi-m\u00eame \u00e0 travers mon m\u00e9tier. Et l\u2019\u00e9largissement passer par l\u2019autre et l\u2019ailleurs. <\/span><span class=\"s2\">Je n\u2019ai d&rsquo;ailleurs jamais travaill\u00e9 en Belgique, finalement. <\/span><\/p>\n<p class=\"p1\"><span class=\"s2\"><b>Vous \u00eates le h\u00e9ros de <i>Messiah<\/i>, une s\u00e9rie Netflix qui devrait \u00eatre diffus\u00e9e incessamment sous peu?<\/b><\/span><\/p>\n<p class=\"p1\"><span class=\"s2\">Je ne peux pas en dire grand chose, la production souhaite laisser planer le myst\u00e8re\u2026 Pour moi, vivre et jouer, ce sont deux choses qui avancent sur des lignes parall\u00e8les, un peu en miroir. Il s\u2019est pass\u00e9 un truc un peu mystique dans ma vie. Il y a des r\u00f4les qui m\u2019ont appris la vie, qui je devais devenir. Et l\u00e0 pour ce r\u00f4le, il a eu tellement de signes, de symboles, de choses fortes qui m\u2019ont travers\u00e9, que je crois que c\u2019est l\u2019exp\u00e9rience la plus bouleversante de ma vie. Un v\u00e9ritable appel, un <em>calling<\/em>!<\/span><\/p>\n<p class=\"p1\"><span class=\"s2\">C\u2019\u00e9tait 6 mois de tournage, au Nouveau Mexique, un lieu invraisemblable. Des cieux magnifiques. Il y a une force dans ce lieu, toute la force du pass\u00e9 de ce continent.\u00a0<\/span><\/p>\n<p class=\"p1\"><span class=\"s2\">C\u2019est un drame g\u00e9opolitique, l\u2019histoire d\u2019une figure messianique qui fait son apparition dans le monde d\u2019aujourd\u2019hui. Dans une atmosph\u00e8re un peu apocalyptique. Comment le monde &#8211; les politiques, les m\u00e9dias, les citoyens &#8211; va r\u00e9agir \u00e0 quelqu\u2019un qui parait \u00eatre un nouveau venu? C\u2019est une s\u00e9rie de l\u2019Australien Michael Petroni, un homme avec un coeur et une \u00e2me tr\u00e8s larges. Et quand \u00e7a rencontre le m\u00e9tier qu\u2019on fait, c\u2019est magnifique. <\/span><span class=\"s2\">On a vraiment tourn\u00e9 dans des conditions de cin\u00e9ma en plus. On n\u2019avait que deux r\u00e9alisateurs pour les 10 \u00e9pisodes, ce qui est vraiment rare pour des s\u00e9ries. <\/span><\/p>\n<p class=\"p1\"><span class=\"s2\">On est dans un monde qui est en train de tourner, et \u00e7a am\u00e8ne du vertige. Et je crois que cette s\u00e9rie apporte un peu d\u2019oxyg\u00e8ne. Je suis persuad\u00e9 qu\u2019il n\u2019y a que l\u2019art qui peut faire bouger l\u2019humain, aider les gens \u00e0 respirer autrement. J\u2019en ai fait l\u2019exp\u00e9rience dans ma propre vie.<\/span><\/p>\n<figure id=\"attachment_224865\" aria-describedby=\"caption-attachment-224865\" style=\"width: 618px\" class=\"wp-caption alignnone\"><img loading=\"lazy\" decoding=\"async\" class=\"wp-image-224865 size-large\" src=\"https:\/\/www.cinevox.be\/wp-content\/uploads\/2019\/11\/Mary-Rein-dEcossse-800x433.jpg\" alt=\"\" width=\"618\" height=\"334\" srcset=\"https:\/\/w-l-c.be\/wp-content\/uploads\/2019\/11\/Mary-Rein-dEcossse-800x433.jpg 800w, https:\/\/w-l-c.be\/wp-content\/uploads\/2019\/11\/Mary-Rein-dEcossse-480x260.jpg 480w, https:\/\/w-l-c.be\/wp-content\/uploads\/2019\/11\/Mary-Rein-dEcossse-768x415.jpg 768w, https:\/\/w-l-c.be\/wp-content\/uploads\/2019\/11\/Mary-Rein-dEcossse.jpg 1600w\" sizes=\"auto, (max-width: 618px) 100vw, 618px\" \/><figcaption id=\"caption-attachment-224865\" class=\"wp-caption-text\">Dans \u00ab\u00a0Mary reine d&rsquo;Ecosse\u00a0\u00bb<\/figcaption><\/figure>\n<p class=\"p1\"><span class=\"s2\"><b>Comment \u00eates-vous arriv\u00e9 sur cette s\u00e9rie?<\/b><\/span><\/p>\n<p class=\"p1\"><span class=\"s2\">Quand mes agents m\u2019ont envoy\u00e9 l\u2019invitation pour l\u2019audition, je sortais de 10 jours de m\u00e9ditation Vipassana, o\u00f9 on est coup\u00e9 de tout, des engins \u00e9lectroniques bien s\u00fbr, mais aussi sans stylo ou carnet. J\u2019\u00e9tais de passage 24h \u00e0 San Franciso, avant de repartir en Inde pour un stage de yoga. J\u2019\u00e9tais vraiment dans une \u00e9nergie particuli\u00e8re, \u00e0 lib\u00e9rer mon \u00e2me, mon coeur et mon corps de toutes les toxines. <\/span><\/p>\n<p class=\"p1\"><span class=\"s2\">Alors que j\u2019\u00e9tais en Inde, on me demande de passer une deuxi\u00e8me audition. Je me retrouve dans un petit cyber caf\u00e9 au fin fond de l&rsquo;Inde \u00e0 discuter par skype avec Michael Petroni. C\u2019est presque invraisemblable. C\u2019\u00e9tait un vrai bonheur, et une panique totale.<\/span><\/p>\n<p class=\"p1\"><span class=\"s2\">J\u2019ai eu 6 mois entre le casting et le tournage pour travailler. J\u2019ai vu tous les films et s\u00e9ries avec des figures messianiques, et j\u2019ai vu tous les pi\u00e8ges dans lesquels je ne souhaitais pas tomber! J\u2019ai lu sur Krishna, le Christ, le gourou Osho, j\u2019ai vu comment ils parlaient aux gens, comment ils entrer en contact. Comment ils se tiennent. C&rsquo;\u00e9tait un vrai d\u00e9fi, cette s\u00e9rie, mais un vrai plaisir aussi.<\/span><\/p>\n<p>&nbsp;<\/p>\n<h4>Quelques mots sur Messiah&#8230;<\/h4>\n<p><em>Messiah<\/em> suit Al-Masih, jou\u00e9 par Mehdi Dehbi, un homme venu du Moyen-Orient et suivi par un groupe de fid\u00e8les. Ces derniers pr\u00e9tendent qu&rsquo;il est envoy\u00e9 par Dieu lui-m\u00eame. D&rsquo;autres personnes remettent en question son identit\u00e9 et avancent le fait qu&rsquo;il s&rsquo;agit d&rsquo;un escroc dangereux qui pourrait faire tomber l&rsquo;ordre g\u00e9opolitique mondial \u00e9tabli, causant par la m\u00eame occasion un chaos civil.<\/p>\n<p>La s\u00e9rie sera racont\u00e9e du point de vue des croyants et des sceptiques. Parmi eux, un jeune agent de la CIA, un officier isra\u00e9lien du Shin Bet, un pr\u00e9dicateur latino et sa fille texane, un r\u00e9fugi\u00e9 palestinien et les m\u00e9dias.<\/p>\n<div id=\"ayl_9ff9fee7c6c55c4caca354cdcc68bf52\" class=\"ayl_v_ckr_b ayl_native_ad_9ff9fee7c6c55c4caca354cdcc68bf52\">\n<div id=\"ayl-wrapper\">\n<div id=\"ayl-image-container\">Aux c\u00f4t\u00e9s de Medhi Debhi, on retrouve l&rsquo;actrice l&rsquo;am\u00e9ricaine Michelle Monaghan, ainsi que le Fran\u00e7ais Tomer Sisley.<\/div>\n<\/div>\n<\/div>\n","protected":false},"excerpt":{"rendered":"<p>Rencontre avec le com\u00e9dien belge Mehdi Dehbi, de passage en Belgique \u00e0 l&rsquo;occasion du Waterloo Historical Film Festival. D\u00e9sormais install\u00e9 \u00e0 New York, apr\u00e8s avoir v\u00e9cu \u00e0 Los Angeles ou Mexico, il vient de passer 6 mois dans le d\u00e9sert du Nouveau Mexique pour tourner Messiah, une s\u00e9rie Netflix. Il nous parle de son itin\u00e9raire &hellip;<\/p>\n","protected":false},"author":343,"featured_media":224858,"comment_status":"closed","ping_status":"closed","sticky":false,"template":"","format":"standard","meta":{"ngg_post_thumbnail":0,"footnotes":""},"categories":[1978],"tags":[4709,4187],"class_list":["post-224857","post","type-post","status-publish","format-standard","has-post-thumbnail","","category-interviews","tag-medhi-debhi","tag-newsletter-fr"],"yoast_head":"<!-- This site is optimized with the Yoast SEO plugin v20.4 - https:\/\/yoast.com\/wordpress\/plugins\/seo\/ -->\n<title>Rencontre avec Mehdi Dehbi - w-l-c<\/title>\n<meta name=\"robots\" content=\"noindex, follow, max-snippet:-1, max-image-preview:large, max-video-preview:-1\" \/>\n<meta property=\"og:locale\" content=\"fr_FR\" \/>\n<meta property=\"og:type\" content=\"article\" \/>\n<meta property=\"og:title\" content=\"Rencontre avec Mehdi Dehbi - w-l-c\" \/>\n<meta property=\"og:description\" content=\"Rencontre avec le com\u00e9dien belge Mehdi Dehbi, de passage en Belgique \u00e0 l&rsquo;occasion du Waterloo Historical Film Festival. D\u00e9sormais install\u00e9 \u00e0 New York, apr\u00e8s avoir v\u00e9cu \u00e0 Los Angeles ou Mexico, il vient de passer 6 mois dans le d\u00e9sert du Nouveau Mexique pour tourner Messiah, une s\u00e9rie Netflix. Il nous parle de son itin\u00e9raire &hellip;\" \/>\n<meta property=\"og:url\" content=\"https:\/\/w-l-c.be\/fr\/mehdi-dehbi\/\" \/>\n<meta property=\"og:site_name\" content=\"w-l-c\" \/>\n<meta property=\"article:published_time\" content=\"2019-11-12T15:43:53+00:00\" \/>\n<meta property=\"article:modified_time\" content=\"2020-01-03T09:20:00+00:00\" \/>\n<meta property=\"og:image\" content=\"https:\/\/w-l-c.be\/wp-content\/uploads\/2019\/11\/COPYRIGHT-GOLSEN-2.jpeg\" \/>\n\t<meta property=\"og:image:width\" content=\"1920\" \/>\n\t<meta property=\"og:image:height\" content=\"1080\" \/>\n\t<meta property=\"og:image:type\" content=\"image\/jpeg\" \/>\n<meta name=\"author\" content=\"Aurore Engelen\" \/>\n<meta name=\"twitter:card\" content=\"summary_large_image\" \/>\n<meta name=\"twitter:label1\" content=\"\u00c9crit par\" \/>\n\t<meta name=\"twitter:data1\" content=\"Aurore Engelen\" \/>\n\t<meta name=\"twitter:label2\" content=\"Dur\u00e9e de lecture estim\u00e9e\" \/>\n\t<meta name=\"twitter:data2\" content=\"8 minutes\" \/>\n<script type=\"application\/ld+json\" class=\"yoast-schema-graph\">{\"@context\":\"https:\/\/schema.org\",\"@graph\":[{\"@type\":\"WebPage\",\"@id\":\"https:\/\/w-l-c.be\/fr\/mehdi-dehbi\/\",\"url\":\"https:\/\/w-l-c.be\/fr\/mehdi-dehbi\/\",\"name\":\"Rencontre avec Mehdi Dehbi - w-l-c\",\"isPartOf\":{\"@id\":\"https:\/\/w-l-c.be\/fr\/#website\"},\"datePublished\":\"2019-11-12T15:43:53+00:00\",\"dateModified\":\"2020-01-03T09:20:00+00:00\",\"author\":{\"@id\":\"https:\/\/w-l-c.be\/fr\/#\/schema\/person\/8084b68c6b176142d073695c654dc7cf\"},\"breadcrumb\":{\"@id\":\"https:\/\/w-l-c.be\/fr\/mehdi-dehbi\/#breadcrumb\"},\"inLanguage\":\"fr-FR\",\"potentialAction\":[{\"@type\":\"ReadAction\",\"target\":[\"https:\/\/w-l-c.be\/fr\/mehdi-dehbi\/\"]}]},{\"@type\":\"BreadcrumbList\",\"@id\":\"https:\/\/w-l-c.be\/fr\/mehdi-dehbi\/#breadcrumb\",\"itemListElement\":[{\"@type\":\"ListItem\",\"position\":1,\"name\":\"Accueil\",\"item\":\"https:\/\/w-l-c.be\/fr\/\"},{\"@type\":\"ListItem\",\"position\":2,\"name\":\"Rencontre avec Mehdi Dehbi\"}]},{\"@type\":\"WebSite\",\"@id\":\"https:\/\/w-l-c.be\/fr\/#website\",\"url\":\"https:\/\/w-l-c.be\/fr\/\",\"name\":\"w-l-c\",\"description\":\"Le cin\u00e9ma vu par les belges\",\"potentialAction\":[{\"@type\":\"SearchAction\",\"target\":{\"@type\":\"EntryPoint\",\"urlTemplate\":\"https:\/\/w-l-c.be\/fr\/?s={search_term_string}\"},\"query-input\":\"required name=search_term_string\"}],\"inLanguage\":\"fr-FR\"},{\"@type\":\"Person\",\"@id\":\"https:\/\/w-l-c.be\/fr\/#\/schema\/person\/8084b68c6b176142d073695c654dc7cf\",\"name\":\"Aurore Engelen\",\"url\":\"https:\/\/w-l-c.be\/fr\/author\/aurore-engelen\/\"}]}<\/script>\n<!-- \/ Yoast SEO plugin. -->","yoast_head_json":{"title":"Rencontre avec Mehdi Dehbi - w-l-c","robots":{"index":"noindex","follow":"follow","max-snippet":"max-snippet:-1","max-image-preview":"max-image-preview:large","max-video-preview":"max-video-preview:-1"},"og_locale":"fr_FR","og_type":"article","og_title":"Rencontre avec Mehdi Dehbi - w-l-c","og_description":"Rencontre avec le com\u00e9dien belge Mehdi Dehbi, de passage en Belgique \u00e0 l&rsquo;occasion du Waterloo Historical Film Festival. D\u00e9sormais install\u00e9 \u00e0 New York, apr\u00e8s avoir v\u00e9cu \u00e0 Los Angeles ou Mexico, il vient de passer 6 mois dans le d\u00e9sert du Nouveau Mexique pour tourner Messiah, une s\u00e9rie Netflix. Il nous parle de son itin\u00e9raire &hellip;","og_url":"https:\/\/w-l-c.be\/fr\/mehdi-dehbi\/","og_site_name":"w-l-c","article_published_time":"2019-11-12T15:43:53+00:00","article_modified_time":"2020-01-03T09:20:00+00:00","og_image":[{"width":1920,"height":1080,"url":"https:\/\/w-l-c.be\/wp-content\/uploads\/2019\/11\/COPYRIGHT-GOLSEN-2.jpeg","type":"image\/jpeg"}],"author":"Aurore Engelen","twitter_card":"summary_large_image","twitter_misc":{"\u00c9crit par":"Aurore Engelen","Dur\u00e9e de lecture estim\u00e9e":"8 minutes"},"schema":{"@context":"https:\/\/schema.org","@graph":[{"@type":"WebPage","@id":"https:\/\/w-l-c.be\/fr\/mehdi-dehbi\/","url":"https:\/\/w-l-c.be\/fr\/mehdi-dehbi\/","name":"Rencontre avec Mehdi Dehbi - w-l-c","isPartOf":{"@id":"https:\/\/w-l-c.be\/fr\/#website"},"datePublished":"2019-11-12T15:43:53+00:00","dateModified":"2020-01-03T09:20:00+00:00","author":{"@id":"https:\/\/w-l-c.be\/fr\/#\/schema\/person\/8084b68c6b176142d073695c654dc7cf"},"breadcrumb":{"@id":"https:\/\/w-l-c.be\/fr\/mehdi-dehbi\/#breadcrumb"},"inLanguage":"fr-FR","potentialAction":[{"@type":"ReadAction","target":["https:\/\/w-l-c.be\/fr\/mehdi-dehbi\/"]}]},{"@type":"BreadcrumbList","@id":"https:\/\/w-l-c.be\/fr\/mehdi-dehbi\/#breadcrumb","itemListElement":[{"@type":"ListItem","position":1,"name":"Accueil","item":"https:\/\/w-l-c.be\/fr\/"},{"@type":"ListItem","position":2,"name":"Rencontre avec Mehdi Dehbi"}]},{"@type":"WebSite","@id":"https:\/\/w-l-c.be\/fr\/#website","url":"https:\/\/w-l-c.be\/fr\/","name":"w-l-c","description":"Le cin\u00e9ma vu par les belges","potentialAction":[{"@type":"SearchAction","target":{"@type":"EntryPoint","urlTemplate":"https:\/\/w-l-c.be\/fr\/?s={search_term_string}"},"query-input":"required name=search_term_string"}],"inLanguage":"fr-FR"},{"@type":"Person","@id":"https:\/\/w-l-c.be\/fr\/#\/schema\/person\/8084b68c6b176142d073695c654dc7cf","name":"Aurore Engelen","url":"https:\/\/w-l-c.be\/fr\/author\/aurore-engelen\/"}]}},"_links":{"self":[{"href":"https:\/\/w-l-c.be\/fr\/wp-json\/wp\/v2\/posts\/224857","targetHints":{"allow":["GET"]}}],"collection":[{"href":"https:\/\/w-l-c.be\/fr\/wp-json\/wp\/v2\/posts"}],"about":[{"href":"https:\/\/w-l-c.be\/fr\/wp-json\/wp\/v2\/types\/post"}],"author":[{"embeddable":true,"href":"https:\/\/w-l-c.be\/fr\/wp-json\/wp\/v2\/users\/343"}],"replies":[{"embeddable":true,"href":"https:\/\/w-l-c.be\/fr\/wp-json\/wp\/v2\/comments?post=224857"}],"version-history":[{"count":0,"href":"https:\/\/w-l-c.be\/fr\/wp-json\/wp\/v2\/posts\/224857\/revisions"}],"wp:featuredmedia":[{"embeddable":true,"href":"https:\/\/w-l-c.be\/fr\/wp-json\/wp\/v2\/media\/224858"}],"wp:attachment":[{"href":"https:\/\/w-l-c.be\/fr\/wp-json\/wp\/v2\/media?parent=224857"}],"wp:term":[{"taxonomy":"category","embeddable":true,"href":"https:\/\/w-l-c.be\/fr\/wp-json\/wp\/v2\/categories?post=224857"},{"taxonomy":"post_tag","embeddable":true,"href":"https:\/\/w-l-c.be\/fr\/wp-json\/wp\/v2\/tags?post=224857"}],"curies":[{"name":"wp","href":"https:\/\/api.w.org\/{rel}","templated":true}]}}