
{"id":226946,"date":"2020-02-25T10:23:44","date_gmt":"2020-02-25T09:23:44","guid":{"rendered":"https:\/\/www.cinevox.be\/?p=226946"},"modified":"2021-06-08T09:31:42","modified_gmt":"2021-06-08T07:31:42","slug":"petit-samedi","status":"publish","type":"post","link":"https:\/\/w-l-c.be\/fr\/petit-samedi\/","title":{"rendered":"\u00ab\u00a0Petit Samedi\u00a0\u00bb, faire face \u00e0 l&rsquo;addiction"},"content":{"rendered":"<p class=\"p1\"><span class=\"s1\"><b><i>Petit Samedi,<\/i> pr\u00e9sent\u00e9 hier \u00e0 Berlin dans la section\u00a0 Forum, premier long m\u00e9trage documentaire de Paloma Sermon Da\u00ef, plonge le spectateur au coeur de la relation complexe et d\u00e9chirante qui unit une m\u00e8re et son fils de 43 ans en lutte contre ses addictions.<\/b><\/span><\/p>\n<div class=\"signature\">\n<p>Damien Samedi a 43 ans. Quand il \u00e9tait enfant, dans son village wallon en bord de Meuse, on l\u2019appelait le \u00ab\u00a0Petit Samedi\u00a0\u00bb. Pour sa m\u00e8re Ysma, Damien est toujours son gamin, celui qu\u2019elle n\u2019a jamais abandonn\u00e9 lorsqu\u2019il est tomb\u00e9 dans la drogue. Un fils qui a, malgr\u00e9 tout, cherch\u00e9 \u00e0 prot\u00e9ger sa m\u00e8re. Un homme qui tente de se lib\u00e9rer de ses addictions et qui fait face \u00e0 son histoire pour s\u2019en sortir.<\/p>\n<\/div>\n<p class=\"p1\"><span class=\"s1\">Damien et sa m\u00e8re vivent \u00e0 Sclayn, petit village en bord de Meuse. C\u2019est une relation intense qui les unit, faite d\u2019amour, de bienveillance et de solidarit\u00e9. Damien veille sur sa m\u00e8re, et sa m\u00e8re, Ysma, veille sur lui. <\/span><\/p>\n<p class=\"p1\"><span class=\"s1\">Depuis 20 ans, Damien est rong\u00e9 par ses addictions et sa toxicomanie. S\u2019il n\u2019a jamais l\u00e2ch\u00e9 prise, ses cures successives de d\u00e9sintoxication n\u2019ont pas port\u00e9 leurs fruits, et son combat reste quotidien pour \u00eatre dans la soci\u00e9t\u00e9, et tenir jusqu\u2019au jour d\u2019apr\u00e8s.<\/span><\/p>\n<p><img loading=\"lazy\" decoding=\"async\" class=\"alignnone size-large wp-image-226957\" src=\"https:\/\/www.cinevox.be\/wp-content\/uploads\/2020\/02\/PetitSamedi4-800x420.png\" alt=\"\" width=\"618\" height=\"324\" srcset=\"https:\/\/w-l-c.be\/wp-content\/uploads\/2020\/02\/PetitSamedi4-800x420.png 800w, https:\/\/w-l-c.be\/wp-content\/uploads\/2020\/02\/PetitSamedi4-480x252.png 480w, https:\/\/w-l-c.be\/wp-content\/uploads\/2020\/02\/PetitSamedi4-768x403.png 768w, https:\/\/w-l-c.be\/wp-content\/uploads\/2020\/02\/PetitSamedi4.png 900w\" sizes=\"auto, (max-width: 618px) 100vw, 618px\" \/><\/p>\n<p><span class=\"s1\">Le film d\u00e9bute par une sc\u00e8ne de danse effr\u00e9n\u00e9e, des jeunes s\u2019oublient la nuit. Un peu trop peut-\u00eatre. C\u2019est dans l\u2019une de ces nuits de folie que s\u2019est perdu Damien. Une erreur, une fois, un mauvais choix, qui se r\u00e9percute encore 20 ans plus tard. Il y a une belle et d\u00e9chirante m\u00e9lancolie dans cette nostalgie de l\u2019enfance, le moment d\u2019avant, le paradis perdu. Pourtant on comprend \u00e0 demi-mots que d\u00e8s le d\u00e9but, les graines du drame sont plant\u00e9es. Et que sans Ysma, Damien y serait peut-\u00eatre rest\u00e9. <\/span><\/p>\n<p class=\"p1\"><span class=\"s1\">M\u00e8re et fils sont les h\u00e9ros de cette tranche de vie, film\u00e9e avec autant de pudeur que d\u2019intimit\u00e9. La cam\u00e9ra reste d\u2019abord \u00e0 la p\u00e9riph\u00e9rie de leurs rencontres, \u00e0 l\u2019int\u00e9rieur de la maison, mais \u00e0 l\u2019ext\u00e9rieur de la pi\u00e8ce, comme pour prendre la temp\u00e9rature et amadouer peu \u00e0 peu les deux protagonistes.<\/span><\/p>\n<p><img loading=\"lazy\" decoding=\"async\" class=\"alignnone size-large wp-image-226959\" src=\"https:\/\/www.cinevox.be\/wp-content\/uploads\/2020\/02\/PetitSamedi-800x420.png\" alt=\"\" width=\"618\" height=\"324\" srcset=\"https:\/\/w-l-c.be\/wp-content\/uploads\/2020\/02\/PetitSamedi-800x420.png 800w, https:\/\/w-l-c.be\/wp-content\/uploads\/2020\/02\/PetitSamedi-480x252.png 480w, https:\/\/w-l-c.be\/wp-content\/uploads\/2020\/02\/PetitSamedi-768x404.png 768w, https:\/\/w-l-c.be\/wp-content\/uploads\/2020\/02\/PetitSamedi.png 900w\" sizes=\"auto, (max-width: 618px) 100vw, 618px\" \/><\/p>\n<p class=\"p1\"><span class=\"s1\">Au fil du film, elle se rapproche, et finit par capter l\u2019un et l\u2019autre dans de fulgurants plans fixes. M\u00e8re et fils sont au coeur du plan \u00e0 l&rsquo;occasion de sc\u00e8nes d\u00e9chirantes. Damien dans la cabinet de sa th\u00e9rapeute, s\u2019ouvrant sur les causes et les cons\u00e9quences profondes de son addiction. Il revient sur la difficult\u00e9 de faire face \u00e0 ses \u00e9motions, de la fa\u00e7on dont la drogue les tient \u00e0 distance, et de la quasi impossibilit\u00e9 pour lui aujourd&rsquo;hui de faire face \u00e0 la vie normale. Comme si face au poids des injonctions soci\u00e9tales, la drogue \u00e9tait une carapace lui permettant de survivre.<\/span><\/p>\n<p class=\"p1\"><span class=\"s1\"> Ysma de son c\u00f4t\u00e9 d\u00e9voile de profondes failles. Ysma est une conteuse. Au d\u00e9tour d&rsquo;un surprenant monologue o\u00f9 elle s\u2019imagine candidate d\u2019un jeu \u00e0 la radio, elle s&rsquo;\u00e9panche sur sa vie. On la d\u00e9couvre meurtrie mais toujours optimiste dans des enregistrements audio bouleversants, \u00e0 la crois\u00e9e de la conversation \u00e9pistolaire et du journal intime, des lettres \u00ab\u00a0enregistr\u00e9es\u00a0\u00bb destin\u00e9es \u00e0 sa soeur. Si Ysma semble s&rsquo;\u00eatre toujours livr\u00e9e avec espoir et g\u00e9n\u00e9rosit\u00e9, Damien lui semble s&rsquo;ouvrir peu \u00e0 peu, trouver les mots pour exprimer ses maux.\u00a0<\/span><\/p>\n<p><img loading=\"lazy\" decoding=\"async\" class=\"alignnone size-large wp-image-226961\" src=\"https:\/\/www.cinevox.be\/wp-content\/uploads\/2020\/02\/PetitSamedi2-800x419.png\" alt=\"\" width=\"618\" height=\"324\" srcset=\"https:\/\/w-l-c.be\/wp-content\/uploads\/2020\/02\/PetitSamedi2-800x419.png 800w, https:\/\/w-l-c.be\/wp-content\/uploads\/2020\/02\/PetitSamedi2-480x251.png 480w, https:\/\/w-l-c.be\/wp-content\/uploads\/2020\/02\/PetitSamedi2-768x402.png 768w, https:\/\/w-l-c.be\/wp-content\/uploads\/2020\/02\/PetitSamedi2.png 900w\" sizes=\"auto, (max-width: 618px) 100vw, 618px\" \/><\/p>\n<p class=\"p1\"><span class=\"s1\">Geste de cin\u00e9aste et film de famille, Paloma Sermon Da\u00ef suit dans <i>Petit Samedi<\/i> son fr\u00e8re et sa m\u00e8re, dressant le portrait d\u2019un duo ind\u00e9fectible, petit pr\u00e9cis d\u2019amour filial et maternel. Elle choisit d\u2019aborder la question de l\u2019addiction, affliction terrible et sous-accompagn\u00e9e socialement \u00e0 travers le prisme de cette histoire d\u2019amour particuli\u00e8re. En d\u00e9doublant le regard sur l\u2019addiction, vue du c\u00f4t\u00e9 de l\u2019addict et du c\u00f4t\u00e9 de sa m\u00e8re, Paloma Sermon Da\u00ef livre un film sensible sur la toxicomanie, l\u2019amour filial et maternel, et les deuxi\u00e8mes, troisi\u00e8mes, ou quatri\u00e8mes chances. <span class=\"Apple-converted-space\">\u00a0 \u00a0 \u00a0<\/span><\/span><\/p>\n<p class=\"p1\"><span class=\"s1\"><i>Petit Samedi <\/i>est produit par Sebastien Andres et Alice Lemaire pour Michigan films, et coproduit par Wallonie Image Production et D\u00e9rives.<\/span><\/p>\n<p>Le film sera en salle d\u00e8s le 9 juin au Palace \u00e0 Bruxelles, et \u00e0 partir du 30 juin \u00e0 Namur et \u00e0 Li\u00e8ge.<\/p>\n","protected":false},"excerpt":{"rendered":"<p>Petit Samedi, pr\u00e9sent\u00e9 hier \u00e0 Berlin dans la section\u00a0 Forum, premier long m\u00e9trage documentaire de Paloma Sermon Da\u00ef, plonge le spectateur au coeur de la relation complexe et d\u00e9chirante qui unit une m\u00e8re et son fils de 43 ans en lutte contre ses addictions. Damien Samedi a 43 ans. Quand il \u00e9tait enfant, dans son &hellip;<\/p>\n","protected":false},"author":343,"featured_media":226955,"comment_status":"closed","ping_status":"closed","sticky":false,"template":"","format":"standard","meta":{"ngg_post_thumbnail":0,"footnotes":""},"categories":[10],"tags":[4187,4860,4819],"class_list":["post-226946","post","type-post","status-publish","format-standard","has-post-thumbnail","","category-a-l-affiche","tag-newsletter-fr","tag-paloma-sermon-dai","tag-petit-samedi"],"yoast_head":"<!-- This site is optimized with the Yoast SEO plugin v20.4 - https:\/\/yoast.com\/wordpress\/plugins\/seo\/ -->\n<title>&quot;Petit Samedi&quot;, faire face \u00e0 l&#039;addiction - w-l-c<\/title>\n<meta name=\"robots\" content=\"noindex, follow, max-snippet:-1, max-image-preview:large, max-video-preview:-1\" \/>\n<meta property=\"og:locale\" content=\"fr_FR\" \/>\n<meta property=\"og:type\" content=\"article\" \/>\n<meta property=\"og:title\" content=\"&quot;Petit Samedi&quot;, faire face \u00e0 l&#039;addiction - w-l-c\" \/>\n<meta property=\"og:description\" content=\"Petit Samedi, pr\u00e9sent\u00e9 hier \u00e0 Berlin dans la section\u00a0 Forum, premier long m\u00e9trage documentaire de Paloma Sermon Da\u00ef, plonge le spectateur au coeur de la relation complexe et d\u00e9chirante qui unit une m\u00e8re et son fils de 43 ans en lutte contre ses addictions. Damien Samedi a 43 ans. Quand il \u00e9tait enfant, dans son &hellip;\" \/>\n<meta property=\"og:url\" content=\"https:\/\/w-l-c.be\/fr\/petit-samedi\/\" \/>\n<meta property=\"og:site_name\" content=\"w-l-c\" \/>\n<meta property=\"article:published_time\" content=\"2020-02-25T09:23:44+00:00\" \/>\n<meta property=\"article:modified_time\" content=\"2021-06-08T07:31:42+00:00\" \/>\n<meta property=\"og:image\" content=\"https:\/\/w-l-c.be\/wp-content\/uploads\/2020\/02\/PetitSamedi3.jpg\" \/>\n\t<meta property=\"og:image:width\" content=\"620\" \/>\n\t<meta property=\"og:image:height\" content=\"314\" \/>\n\t<meta property=\"og:image:type\" content=\"image\/jpeg\" \/>\n<meta name=\"author\" content=\"Aurore Engelen\" \/>\n<meta name=\"twitter:card\" content=\"summary_large_image\" \/>\n<meta name=\"twitter:label1\" content=\"\u00c9crit par\" \/>\n\t<meta name=\"twitter:data1\" content=\"Aurore Engelen\" \/>\n\t<meta name=\"twitter:label2\" content=\"Dur\u00e9e de lecture estim\u00e9e\" \/>\n\t<meta name=\"twitter:data2\" content=\"4 minutes\" \/>\n<script type=\"application\/ld+json\" class=\"yoast-schema-graph\">{\"@context\":\"https:\/\/schema.org\",\"@graph\":[{\"@type\":\"WebPage\",\"@id\":\"https:\/\/w-l-c.be\/fr\/petit-samedi\/\",\"url\":\"https:\/\/w-l-c.be\/fr\/petit-samedi\/\",\"name\":\"\\\"Petit Samedi\\\", faire face \u00e0 l'addiction - w-l-c\",\"isPartOf\":{\"@id\":\"https:\/\/w-l-c.be\/fr\/#website\"},\"datePublished\":\"2020-02-25T09:23:44+00:00\",\"dateModified\":\"2021-06-08T07:31:42+00:00\",\"author\":{\"@id\":\"https:\/\/w-l-c.be\/fr\/#\/schema\/person\/8084b68c6b176142d073695c654dc7cf\"},\"breadcrumb\":{\"@id\":\"https:\/\/w-l-c.be\/fr\/petit-samedi\/#breadcrumb\"},\"inLanguage\":\"fr-FR\",\"potentialAction\":[{\"@type\":\"ReadAction\",\"target\":[\"https:\/\/w-l-c.be\/fr\/petit-samedi\/\"]}]},{\"@type\":\"BreadcrumbList\",\"@id\":\"https:\/\/w-l-c.be\/fr\/petit-samedi\/#breadcrumb\",\"itemListElement\":[{\"@type\":\"ListItem\",\"position\":1,\"name\":\"Accueil\",\"item\":\"https:\/\/w-l-c.be\/fr\/\"},{\"@type\":\"ListItem\",\"position\":2,\"name\":\"\u00ab\u00a0Petit Samedi\u00a0\u00bb, faire face \u00e0 l&rsquo;addiction\"}]},{\"@type\":\"WebSite\",\"@id\":\"https:\/\/w-l-c.be\/fr\/#website\",\"url\":\"https:\/\/w-l-c.be\/fr\/\",\"name\":\"w-l-c\",\"description\":\"Le cin\u00e9ma vu par les belges\",\"potentialAction\":[{\"@type\":\"SearchAction\",\"target\":{\"@type\":\"EntryPoint\",\"urlTemplate\":\"https:\/\/w-l-c.be\/fr\/?s={search_term_string}\"},\"query-input\":\"required name=search_term_string\"}],\"inLanguage\":\"fr-FR\"},{\"@type\":\"Person\",\"@id\":\"https:\/\/w-l-c.be\/fr\/#\/schema\/person\/8084b68c6b176142d073695c654dc7cf\",\"name\":\"Aurore Engelen\",\"url\":\"https:\/\/w-l-c.be\/fr\/author\/aurore-engelen\/\"}]}<\/script>\n<!-- \/ Yoast SEO plugin. -->","yoast_head_json":{"title":"\"Petit Samedi\", faire face \u00e0 l'addiction - w-l-c","robots":{"index":"noindex","follow":"follow","max-snippet":"max-snippet:-1","max-image-preview":"max-image-preview:large","max-video-preview":"max-video-preview:-1"},"og_locale":"fr_FR","og_type":"article","og_title":"\"Petit Samedi\", faire face \u00e0 l'addiction - w-l-c","og_description":"Petit Samedi, pr\u00e9sent\u00e9 hier \u00e0 Berlin dans la section\u00a0 Forum, premier long m\u00e9trage documentaire de Paloma Sermon Da\u00ef, plonge le spectateur au coeur de la relation complexe et d\u00e9chirante qui unit une m\u00e8re et son fils de 43 ans en lutte contre ses addictions. Damien Samedi a 43 ans. Quand il \u00e9tait enfant, dans son &hellip;","og_url":"https:\/\/w-l-c.be\/fr\/petit-samedi\/","og_site_name":"w-l-c","article_published_time":"2020-02-25T09:23:44+00:00","article_modified_time":"2021-06-08T07:31:42+00:00","og_image":[{"width":620,"height":314,"url":"https:\/\/w-l-c.be\/wp-content\/uploads\/2020\/02\/PetitSamedi3.jpg","type":"image\/jpeg"}],"author":"Aurore Engelen","twitter_card":"summary_large_image","twitter_misc":{"\u00c9crit par":"Aurore Engelen","Dur\u00e9e de lecture estim\u00e9e":"4 minutes"},"schema":{"@context":"https:\/\/schema.org","@graph":[{"@type":"WebPage","@id":"https:\/\/w-l-c.be\/fr\/petit-samedi\/","url":"https:\/\/w-l-c.be\/fr\/petit-samedi\/","name":"\"Petit Samedi\", faire face \u00e0 l'addiction - w-l-c","isPartOf":{"@id":"https:\/\/w-l-c.be\/fr\/#website"},"datePublished":"2020-02-25T09:23:44+00:00","dateModified":"2021-06-08T07:31:42+00:00","author":{"@id":"https:\/\/w-l-c.be\/fr\/#\/schema\/person\/8084b68c6b176142d073695c654dc7cf"},"breadcrumb":{"@id":"https:\/\/w-l-c.be\/fr\/petit-samedi\/#breadcrumb"},"inLanguage":"fr-FR","potentialAction":[{"@type":"ReadAction","target":["https:\/\/w-l-c.be\/fr\/petit-samedi\/"]}]},{"@type":"BreadcrumbList","@id":"https:\/\/w-l-c.be\/fr\/petit-samedi\/#breadcrumb","itemListElement":[{"@type":"ListItem","position":1,"name":"Accueil","item":"https:\/\/w-l-c.be\/fr\/"},{"@type":"ListItem","position":2,"name":"\u00ab\u00a0Petit Samedi\u00a0\u00bb, faire face \u00e0 l&rsquo;addiction"}]},{"@type":"WebSite","@id":"https:\/\/w-l-c.be\/fr\/#website","url":"https:\/\/w-l-c.be\/fr\/","name":"w-l-c","description":"Le cin\u00e9ma vu par les belges","potentialAction":[{"@type":"SearchAction","target":{"@type":"EntryPoint","urlTemplate":"https:\/\/w-l-c.be\/fr\/?s={search_term_string}"},"query-input":"required name=search_term_string"}],"inLanguage":"fr-FR"},{"@type":"Person","@id":"https:\/\/w-l-c.be\/fr\/#\/schema\/person\/8084b68c6b176142d073695c654dc7cf","name":"Aurore Engelen","url":"https:\/\/w-l-c.be\/fr\/author\/aurore-engelen\/"}]}},"_links":{"self":[{"href":"https:\/\/w-l-c.be\/fr\/wp-json\/wp\/v2\/posts\/226946","targetHints":{"allow":["GET"]}}],"collection":[{"href":"https:\/\/w-l-c.be\/fr\/wp-json\/wp\/v2\/posts"}],"about":[{"href":"https:\/\/w-l-c.be\/fr\/wp-json\/wp\/v2\/types\/post"}],"author":[{"embeddable":true,"href":"https:\/\/w-l-c.be\/fr\/wp-json\/wp\/v2\/users\/343"}],"replies":[{"embeddable":true,"href":"https:\/\/w-l-c.be\/fr\/wp-json\/wp\/v2\/comments?post=226946"}],"version-history":[{"count":0,"href":"https:\/\/w-l-c.be\/fr\/wp-json\/wp\/v2\/posts\/226946\/revisions"}],"wp:featuredmedia":[{"embeddable":true,"href":"https:\/\/w-l-c.be\/fr\/wp-json\/wp\/v2\/media\/226955"}],"wp:attachment":[{"href":"https:\/\/w-l-c.be\/fr\/wp-json\/wp\/v2\/media?parent=226946"}],"wp:term":[{"taxonomy":"category","embeddable":true,"href":"https:\/\/w-l-c.be\/fr\/wp-json\/wp\/v2\/categories?post=226946"},{"taxonomy":"post_tag","embeddable":true,"href":"https:\/\/w-l-c.be\/fr\/wp-json\/wp\/v2\/tags?post=226946"}],"curies":[{"name":"wp","href":"https:\/\/api.w.org\/{rel}","templated":true}]}}