
{"id":227982,"date":"2020-04-14T10:43:30","date_gmt":"2020-04-14T08:43:30","guid":{"rendered":"https:\/\/www.cinevox.be\/?p=227982"},"modified":"2020-04-15T11:01:03","modified_gmt":"2020-04-15T09:01:03","slug":"les-series-belges-en-integralite-sur-auvio","status":"publish","type":"post","link":"https:\/\/w-l-c.be\/fr\/les-series-belges-en-integralite-sur-auvio\/","title":{"rendered":"Les S\u00e9ries belges en int\u00e9gralit\u00e9 sur Auvio"},"content":{"rendered":"<header><strong><em><a href=\"https:\/\/www.cinevox.be\/fr\/la-treve-par-ses-auteurs\/\">La Tr\u00eave<\/a>, <a href=\"https:\/\/www.cinevox.be\/fr\/ennemi-public-dans-le-fond-cest-un-western-rencontre-avec-les-auteurs-de-la-serie\/\">Ennemi Public<\/a>, <a href=\"https:\/\/www.cinevox.be\/fr\/unite-42-vues-bruxelles\/\">Unit\u00e9 42<\/a><\/em>&#8230; Vous les avez loup\u00e9es ou vous voulez les revoir ? Durant cette p\u00e9riode de confinement, les producteurs d&rsquo;Entre Chien et Loup, H\u00e9licotronc et Steel Fish mettent gracieusement \u00e0 disposition l&rsquo;ensemble des s\u00e9ries belges durant 5 semaines sur Auvio !<a href=\"https:\/\/www.cinevox.be\/fr\/lancement-samedi-de-nouvelle-serie-de-rtbf-elegal\/\"> <em>eLegal<\/em><\/a>\u00a0et\u00a0<a href=\"https:\/\/www.cinevox.be\/fr\/champion-serie-tele-foot\/\"><em>Champion<\/em><\/a>\u00a0seront \u00e9galement disponibles durant 5 semaines, d\u00e8s le mardi 14 avril.<\/strong><\/header>\n<header><\/header>\n<header><img loading=\"lazy\" decoding=\"async\" class=\"alignnone size-full wp-image-199294\" src=\"https:\/\/www.cinevox.be\/wp-content\/uploads\/2017\/05\/La-Treve.jpg\" alt=\"\" width=\"624\" height=\"351\" srcset=\"https:\/\/w-l-c.be\/wp-content\/uploads\/2017\/05\/La-Treve.jpg 624w, https:\/\/w-l-c.be\/wp-content\/uploads\/2017\/05\/La-Treve-200x113.jpg 200w, https:\/\/w-l-c.be\/wp-content\/uploads\/2017\/05\/La-Treve-480x270.jpg 480w\" sizes=\"auto, (max-width: 624px) 100vw, 624px\" \/><\/header>\n<div class=\"textualContent\">\n<h4><strong>La Tr\u00eave &#8211; saison 1<\/strong>\u00a0(10&#215;52&prime;)<\/h4>\n<p><em>16 mars 2014, le corps de Driss Assani, footballeur du club de Heiderfeld, petite ville des Ardennes belges, est retrouv\u00e9 dans les eaux de la Semois. L\u2019inspecteur Yoann Peeters, qui a r\u00e9cemment emm\u00e9nag\u00e9 sur place apr\u00e8s un drame familial, m\u00e8ne l\u2019enqu\u00eate en compagnie d\u2019un jeune policier id\u00e9aliste et inexp\u00e9riment\u00e9. Il va se retrouver face \u00e0 un vrai casse-t\u00eate o\u00f9 la culpabilit\u00e9 d\u2019un seul n\u2019exclut pas la responsabilit\u00e9 des autres.<\/em><\/p>\n<p>Avec\u00a0Yoann Blanc, Guillaume Kerbusch, Anne Coesens, Catherine Sal\u00e9e, Tom Audenaert, Sam Louwyck, Sophie Breyer, Jasmina Douieb, J\u00e9r\u00e9my Zagba, Sophie Mar\u00e9chal, Thomas Mustin,\u00a0Jean-Henry Comp\u00e8re<\/p>\n<p>Auteurs : Matthieu\u00a0Donck, St\u00e9phane\u00a0Bergmans, Benjamin d\u2019Aoust<br \/>\nR\u00e9alisateur : Matthieu\u00a0Donck<\/p>\n<h4><strong>La Tr\u00eave &#8211; saison 2<\/strong>\u00a0(10&#215;52&prime;)<\/h4>\n<p><em>Musso. Et\u00e9 2018. 4 ans de sont \u00e9coul\u00e9s depuis l\u2019affaire Driss Assani. Yoann Peeters a d\u00e9m\u00e9nag\u00e9, il n\u2019est plus flic. Il s\u2019est mis au vert et essaie de prendre du recul pour oublier la mort tragique de Sebastian Drummer. Mais il est rapidement rattrap\u00e9 par son pass\u00e9. Jasmina Orban, la psy qui s\u2019est occup\u00e9e de lui \u00e0 l\u2019\u00e9poque, vient le trouver. Elle suit un nouveau patient : Dany Bastin, un jeune homme en r\u00e9insertion. Il est accus\u00e9 d\u2019un crime sordide, or elle est convaincue qu\u2019il est innocent. Yoann est la seule personne qui puisse l\u2019aider. Mais il est r\u00e9ticent, il s\u2019\u00e9tait promis de ne plus jamais enqu\u00eater\u2026<\/em><\/p>\n<p>Avec Yoann Blanc, Jasmina Douieb, Aur\u00e9lien Cayeman, Val\u00e9rie Bauchau, Anne-C\u00e9cile Vandalem, Vincent Lecuyer, Lara Hubinont, Karim Barras, Sophie Breyer, Lubna Azabal, Tom Audenaert, Jean-Henri Comp\u00e8re<\/p>\n<p>Auteurs : Matthieu\u00a0Donck, St\u00e9phane\u00a0Bergmans, Benjamin d\u2019Aoust<br \/>\nR\u00e9alisateur : Matthieu\u00a0Donck<\/p>\n<p><img loading=\"lazy\" decoding=\"async\" class=\"alignnone size-large wp-image-212666\" src=\"https:\/\/www.cinevox.be\/wp-content\/uploads\/2018\/08\/EnnemiPublic2bisg-800x304.jpg\" alt=\"\" width=\"618\" height=\"235\" srcset=\"https:\/\/w-l-c.be\/wp-content\/uploads\/2018\/08\/EnnemiPublic2bisg-800x304.jpg 800w, https:\/\/w-l-c.be\/wp-content\/uploads\/2018\/08\/EnnemiPublic2bisg-480x183.jpg 480w, https:\/\/w-l-c.be\/wp-content\/uploads\/2018\/08\/EnnemiPublic2bisg-768x292.jpg 768w, https:\/\/w-l-c.be\/wp-content\/uploads\/2018\/08\/EnnemiPublic2bisg.jpg 828w\" sizes=\"auto, (max-width: 618px) 100vw, 618px\" \/><\/p>\n<h4><strong>Ennemi Public &#8211; saison 1\u00a0<\/strong>(10&#215;52&prime;)<\/h4>\n<p><em>Guy B\u00e9ranger, l\u2019ennemi public num\u00e9ro 1, est arriv\u00e9 au bout de sa peine de prison. Son transfert en conditionnelle \u00e0 l\u2019abbaye de Vielsart provoque l\u2019\u00e9moi populaire dans tout le pays et particuli\u00e8rement au sein de ce petit village. Si la plupart des moines de l\u2019abbaye voient d\u2019un mauvais \u0153il l\u2019arriv\u00e9e du \u00a0\u00bb monstre \u00a0\u00bb dans leur paisible communaut\u00e9, Lucas, un jeune moine veut croire en la sinc\u00e8re r\u00e9demption de B\u00e9ranger. Mais lorsqu\u2019une fillette dispara\u00eet aux abords de l\u2019abbaye, c\u2019est tout le village de Vielsart qui s\u2019enflamme. Chlo\u00e9, la jeune inspectrice charg\u00e9e de la surveillance de B\u00e9ranger s\u2019engage aux c\u00f4t\u00e9s du chef de la police locale, Micha\u00ebl, dans une enqu\u00eate complexe qui fait resurgir en elle de douloureux souvenirs.\u00a0Confront\u00e9s \u00e0 une foule assoiff\u00e9e d\u2019auto-justice et \u00e0 une confr\u00e9rie pr\u00eate \u00e0 tout pour pr\u00e9server la r\u00e9putation de son abbaye, Chlo\u00e9, Micha\u00ebl et Lucas devront unir leur force pour r\u00e9tablir l\u2019ordre et la v\u00e9rit\u00e9\u2026<\/em><\/p>\n<p>Avec\u00a0St\u00e9phanie Blanchoud, Jean-Jacques Rausin, Cl\u00e9ment Manuel, Angelo Bison, Philippe Jeusette, Vincent Londez, Michel Israel, Daniel Hanssens, Laura S\u00e9pul, Jean-Claude Dubiez, Olivier Bonjour, Pili Groyne<\/p>\n<p>Auteurs :\u00a0Matthieu Frances, Gilles de Voghel, Antoine Bours, Christopher Yates et Fred Castadot<br \/>\nR\u00e9alisateurs : Matthieu Frances et Gary Seghers<\/p>\n<h4><strong>Ennemi Public &#8211; saison 2\u00a0<\/strong>(10&#215;52&prime;)<\/h4>\n<p><em>Les parents d\u2019une petite fille disparue il y a deux ans contactent Chlo\u00e9 Muller en dernier recours. Celle-ci pensait avoir laiss\u00e9 tout \u00e7a derri\u00e8re elle, mais certains \u00e9l\u00e9ments du dossier la persuadent qu\u2019il y a un lien entre cette affaire et celle de sa petite s\u0153ur, Jessica. Pour faire avancer l\u2019enqu\u00eate, elle n\u2019a pas le choix : elle doit revoir Guy B\u00e9ranger, un tueur d\u2019enfants, un manipulateur.<\/em><\/p>\n<p>Avec\u00a0St\u00e9phanie Blanchoud, Jean-Jacques Rausin, Cl\u00e9ment Manuel, Angelo Bison, Philippe Jeusette, Pauline Etienne, Fantine Harduin,\u00a0Jean-Claude Dubiez, Olivier Bonjour, Jeanne Dandoy, ANthony Foladore, Vincent Eloy, B\u00e9n\u00e9dicte Philippon, Rapha\u00eblle Bruneau, Elisabeth Mouzon<\/p>\n<p>Cr\u00e9ateurs : Antoine Bours, Fred Castadot, Gilles de Voghel, Matthieu Frances, Christopher Yates<br \/>\nR\u00e9alisateurs : Gary Seghers, Matthieu Frances, Gilles de Voghel<\/p>\n<p><img loading=\"lazy\" decoding=\"async\" class=\"alignnone size-large wp-image-222262\" src=\"https:\/\/www.cinevox.be\/wp-content\/uploads\/2019\/09\/69541345_2341668282762075_3131324539410055168_o-800x407.jpg\" alt=\"Unite-42-saison-2\" width=\"618\" height=\"314\" srcset=\"https:\/\/w-l-c.be\/wp-content\/uploads\/2019\/09\/69541345_2341668282762075_3131324539410055168_o-800x407.jpg 800w, https:\/\/w-l-c.be\/wp-content\/uploads\/2019\/09\/69541345_2341668282762075_3131324539410055168_o-480x244.jpg 480w, https:\/\/w-l-c.be\/wp-content\/uploads\/2019\/09\/69541345_2341668282762075_3131324539410055168_o-768x391.jpg 768w, https:\/\/w-l-c.be\/wp-content\/uploads\/2019\/09\/69541345_2341668282762075_3131324539410055168_o.jpg 1448w\" sizes=\"auto, (max-width: 618px) 100vw, 618px\" \/><\/p>\n<h4><strong>Unit\u00e9 42 &#8211; saison 2\u00a0<\/strong>(10&#215;52&prime;)<\/h4>\n<p><em>Devant s\u2019occuper seul de ses trois enfants, Samuel Leroy change de d\u00e9partement pour int\u00e9grer la Cyber Crime Unit de Bruxelles. Il est confront\u00e9 \u00e0 de nouveaux codes et doit apprendre \u00e0 collaborer avec la jeune id\u00e9aliste Billie Vebber, hackeuse fra\u00eechement recrut\u00e9e qui poursuit clandestinement ses propres objectifs.<\/em><\/p>\n<p>Avec Patrick Ridremont, Constance Gay, Tom Audenaert, Roda Fawaz, H\u00e9l\u00e8ne Theunissen, Danitza Athanassiadis, Micha\u00ebl Erpelding<\/p>\n<p>Sc\u00e9naristes : Charlotte Joulia, Annie Carels, Charlotte Joulia\u00a0et Julie Bertrand<br \/>\nR\u00e9alisateurs : Indra Siera, Roel Mondelaers et Hendrik Moonen<br \/>\nCoproduction : RTBF \/ Left Field Ventures (John Engel) \/ Proximus<\/p>\n<p><strong>Unit\u00e9 42 &#8211; saison 2<\/strong>\u00a0(10&#215;52&prime;)<\/p>\n<p><em>Samuel Leroy, veuf et p\u00e8re de trois enfants, dirige la Computer Crime Unit de Bruxelles. Lass\u00e9 d\u2019endosser le r\u00f4le du flic parfait, Samuel commence \u00e0 entretenir une relation trouble avec une d\u00e9tenue qu\u2019il a\u00a0mis sous les verrous deux ans auparavant. Parall\u00e8lement, Billie Vebber, jeune hackeuse id\u00e9aliste, fait tout pour r\u00e9int\u00e9grer l\u2019Unit\u00e9 42 de laquelle elle a \u00e9t\u00e9 \u00e9cart\u00e9e pour trahison et lutte pour ne pas \u00eatre rattrap\u00e9e par ses vieux d\u00e9mons.<\/em><\/p>\n<p>Avec\u00a0Patrick Ridremont, Constance Gay, Tom Audenaert, Roda Fawaz, H\u00e9l\u00e8ne Theunissen, Danitza Athanassiadis, Micha\u00ebl Erpelding<\/p>\n<p>Sc\u00e9naristes : Charlotte Joulia, Julie Bertrand, Vincent Robert, Sammy Fransquet, Xavier Vair\u00e9, Nacim Mehtar, Olivier Daphnis Boelens, Vincent Guillemot<br \/>\nR\u00e9alisateurs : Mathieu Mortelmans, Christophe Wagner et Hendrik Moonen<\/p>\n<p><img loading=\"lazy\" decoding=\"async\" class=\"alignnone size-large wp-image-206318\" src=\"https:\/\/www.cinevox.be\/wp-content\/uploads\/2018\/01\/eLegal-800x450.jpg\" alt=\"eLegal\" width=\"618\" height=\"348\" srcset=\"https:\/\/w-l-c.be\/wp-content\/uploads\/2018\/01\/eLegal-800x450.jpg 800w, https:\/\/w-l-c.be\/wp-content\/uploads\/2018\/01\/eLegal-200x113.jpg 200w, https:\/\/w-l-c.be\/wp-content\/uploads\/2018\/01\/eLegal-480x270.jpg 480w, https:\/\/w-l-c.be\/wp-content\/uploads\/2018\/01\/eLegal-768x432.jpg 768w, https:\/\/w-l-c.be\/wp-content\/uploads\/2018\/01\/eLegal.jpg 1248w\" sizes=\"auto, (max-width: 618px) 100vw, 618px\" \/><\/p>\n<h4><em>eLegal<\/em> (10&#215;52&prime;)<\/h4>\n<\/div>\n<div class=\"textualContent\">\n<p><em><strong>eLegal<\/strong>\u00a0nous plonge dans le quotidien d\u2019un petit cabinet d\u2019avocats, De Facto, sp\u00e9cialis\u00e9 dans la cybercriminalit\u00e9. \u00c0 sa t\u00eate, Valentine, une jeune avocate qui a quitt\u00e9 le confort d\u2019un grand cabinet pour se lancer \u00e0 la conqu\u00eate de ce nouveau Far West l\u00e9gal : Internet. Pour r\u00e9ussir, elle compte autant sur son charme et son intelligence que sur son \u00e9quipe : Th\u00e9o, un prodige du droit des nouvelles technologies, et Fran, sa demi-s\u0153ur, engag\u00e9e officiellement comme informaticienne, officieusement pour ses talents d\u2019ex-hackeuse.<\/em><\/p>\n<p>Avec Olivia Harkay, Rapha\u00eblle Bruneau, Adrien Letartre<\/p>\n<p>Cr\u00e9ateurs\u00a0: Erwan Augoyard &amp; Sophie Kovess-Brun<br \/>\nR\u00e9alisateur : Alain Brunard<\/p>\n<p><img loading=\"lazy\" decoding=\"async\" class=\"alignnone size-large wp-image-209417\" src=\"https:\/\/www.cinevox.be\/wp-content\/uploads\/2018\/04\/Champion-800x400.jpg\" alt=\"\" width=\"618\" height=\"309\" srcset=\"https:\/\/w-l-c.be\/wp-content\/uploads\/2018\/04\/Champion-800x400.jpg 800w, https:\/\/w-l-c.be\/wp-content\/uploads\/2018\/04\/Champion-480x240.jpg 480w, https:\/\/w-l-c.be\/wp-content\/uploads\/2018\/04\/Champion-768x384.jpg 768w, https:\/\/w-l-c.be\/wp-content\/uploads\/2018\/04\/Champion-660x330.jpg 660w, https:\/\/w-l-c.be\/wp-content\/uploads\/2018\/04\/Champion.jpg 940w\" sizes=\"auto, (max-width: 618px) 100vw, 618px\" \/><\/p>\n<h4><em>Champion<\/em> (10&#215;52&prime;)<\/h4>\n<\/div>\n<div class=\"textualContent\">\n<p><em>Etoile filante du football mondial, Soulimane Romeyda a tutoy\u00e9 les sommets avant d\u2019exploser en plein vol. Son ego surdimensionn\u00e9, son manque de professionnalisme et son c\u00f4t\u00e9 flambeur auront raison de celui qu\u2019on appelait El Magnifico. Sans club et sans sponsor alors qu\u2019il f\u00eate Ses 30 ans, Souli va-t-il rebondir ou crever dans son coin ?<\/em><\/p>\n<p>Avec Mourade Zeguendi,\u00a0Joffrey Verbruggen, Erico Salamone, Nola Tilman, Lygie Duvivier, Rapha\u00ebl Charlier, Sandra Zidani, Pablo Andres, Bruno Georis<\/p>\n<p>Sc\u00e9nario\u00a0:\u00a0Monir Ait Hamou, Thomas Fran\u00e7ois, Kifash Insaan, Mustapha Abatane, Simon Bertrand, Ga\u00ebtan Delferi\u00e8re, Julie Bertrand, Omar Harrak Semati<br \/>\nR\u00e9alisation\u00a0: Monir Ait Hamou, Thomas Fran\u00e7ois et Hicham El Ghazi<\/p>\n<\/div>\n","protected":false},"excerpt":{"rendered":"<p>La Tr\u00eave, Ennemi Public, Unit\u00e9 42&#8230; Vous les avez loup\u00e9es ou vous voulez les revoir ? Durant cette p\u00e9riode de confinement, les producteurs d&rsquo;Entre Chien et Loup, H\u00e9licotronc et Steel Fish mettent gracieusement \u00e0 disposition l&rsquo;ensemble des s\u00e9ries belges durant 5 semaines sur Auvio ! eLegal\u00a0et\u00a0Champion\u00a0seront \u00e9galement disponibles durant 5 semaines, d\u00e8s le mardi 14 &hellip;<\/p>\n","protected":false},"author":343,"featured_media":227983,"comment_status":"closed","ping_status":"closed","sticky":false,"template":"","format":"standard","meta":{"ngg_post_thumbnail":0,"footnotes":""},"categories":[12,14],"tags":[4187],"class_list":["post-227982","post","type-post","status-publish","format-standard","has-post-thumbnail","","category-awards","category-home-cinema","tag-newsletter-fr"],"yoast_head":"<!-- This site is optimized with the Yoast SEO plugin v20.4 - https:\/\/yoast.com\/wordpress\/plugins\/seo\/ -->\n<title>Les S\u00e9ries belges en int\u00e9gralit\u00e9 sur Auvio - w-l-c<\/title>\n<meta name=\"robots\" content=\"noindex, follow, max-snippet:-1, max-image-preview:large, max-video-preview:-1\" \/>\n<meta property=\"og:locale\" content=\"fr_FR\" \/>\n<meta property=\"og:type\" content=\"article\" \/>\n<meta property=\"og:title\" content=\"Les S\u00e9ries belges en int\u00e9gralit\u00e9 sur Auvio - w-l-c\" \/>\n<meta property=\"og:description\" content=\"La Tr\u00eave, Ennemi Public, Unit\u00e9 42&#8230; Vous les avez loup\u00e9es ou vous voulez les revoir ? Durant cette p\u00e9riode de confinement, les producteurs d&rsquo;Entre Chien et Loup, H\u00e9licotronc et Steel Fish mettent gracieusement \u00e0 disposition l&rsquo;ensemble des s\u00e9ries belges durant 5 semaines sur Auvio ! eLegal\u00a0et\u00a0Champion\u00a0seront \u00e9galement disponibles durant 5 semaines, d\u00e8s le mardi 14 &hellip;\" \/>\n<meta property=\"og:url\" content=\"https:\/\/w-l-c.be\/fr\/les-series-belges-en-integralite-sur-auvio\/\" \/>\n<meta property=\"og:site_name\" content=\"w-l-c\" \/>\n<meta property=\"article:published_time\" content=\"2020-04-14T08:43:30+00:00\" \/>\n<meta property=\"article:modified_time\" content=\"2020-04-15T09:01:03+00:00\" \/>\n<meta property=\"og:image\" content=\"https:\/\/w-l-c.be\/wp-content\/uploads\/2020\/04\/SeriesBelges.jpg\" \/>\n\t<meta property=\"og:image:width\" content=\"624\" \/>\n\t<meta property=\"og:image:height\" content=\"351\" \/>\n\t<meta property=\"og:image:type\" content=\"image\/jpeg\" \/>\n<meta name=\"author\" content=\"Aurore Engelen\" \/>\n<meta name=\"twitter:card\" content=\"summary_large_image\" \/>\n<meta name=\"twitter:label1\" content=\"\u00c9crit par\" \/>\n\t<meta name=\"twitter:data1\" content=\"Aurore Engelen\" \/>\n\t<meta name=\"twitter:label2\" content=\"Dur\u00e9e de lecture estim\u00e9e\" \/>\n\t<meta name=\"twitter:data2\" content=\"6 minutes\" \/>\n<script type=\"application\/ld+json\" class=\"yoast-schema-graph\">{\"@context\":\"https:\/\/schema.org\",\"@graph\":[{\"@type\":\"WebPage\",\"@id\":\"https:\/\/w-l-c.be\/fr\/les-series-belges-en-integralite-sur-auvio\/\",\"url\":\"https:\/\/w-l-c.be\/fr\/les-series-belges-en-integralite-sur-auvio\/\",\"name\":\"Les S\u00e9ries belges en int\u00e9gralit\u00e9 sur Auvio - w-l-c\",\"isPartOf\":{\"@id\":\"https:\/\/w-l-c.be\/fr\/#website\"},\"datePublished\":\"2020-04-14T08:43:30+00:00\",\"dateModified\":\"2020-04-15T09:01:03+00:00\",\"author\":{\"@id\":\"https:\/\/w-l-c.be\/fr\/#\/schema\/person\/8084b68c6b176142d073695c654dc7cf\"},\"breadcrumb\":{\"@id\":\"https:\/\/w-l-c.be\/fr\/les-series-belges-en-integralite-sur-auvio\/#breadcrumb\"},\"inLanguage\":\"fr-FR\",\"potentialAction\":[{\"@type\":\"ReadAction\",\"target\":[\"https:\/\/w-l-c.be\/fr\/les-series-belges-en-integralite-sur-auvio\/\"]}]},{\"@type\":\"BreadcrumbList\",\"@id\":\"https:\/\/w-l-c.be\/fr\/les-series-belges-en-integralite-sur-auvio\/#breadcrumb\",\"itemListElement\":[{\"@type\":\"ListItem\",\"position\":1,\"name\":\"Accueil\",\"item\":\"https:\/\/w-l-c.be\/fr\/\"},{\"@type\":\"ListItem\",\"position\":2,\"name\":\"Les S\u00e9ries belges en int\u00e9gralit\u00e9 sur Auvio\"}]},{\"@type\":\"WebSite\",\"@id\":\"https:\/\/w-l-c.be\/fr\/#website\",\"url\":\"https:\/\/w-l-c.be\/fr\/\",\"name\":\"w-l-c\",\"description\":\"Le cin\u00e9ma vu par les belges\",\"potentialAction\":[{\"@type\":\"SearchAction\",\"target\":{\"@type\":\"EntryPoint\",\"urlTemplate\":\"https:\/\/w-l-c.be\/fr\/?s={search_term_string}\"},\"query-input\":\"required name=search_term_string\"}],\"inLanguage\":\"fr-FR\"},{\"@type\":\"Person\",\"@id\":\"https:\/\/w-l-c.be\/fr\/#\/schema\/person\/8084b68c6b176142d073695c654dc7cf\",\"name\":\"Aurore Engelen\",\"url\":\"https:\/\/w-l-c.be\/fr\/author\/aurore-engelen\/\"}]}<\/script>\n<!-- \/ Yoast SEO plugin. -->","yoast_head_json":{"title":"Les S\u00e9ries belges en int\u00e9gralit\u00e9 sur Auvio - w-l-c","robots":{"index":"noindex","follow":"follow","max-snippet":"max-snippet:-1","max-image-preview":"max-image-preview:large","max-video-preview":"max-video-preview:-1"},"og_locale":"fr_FR","og_type":"article","og_title":"Les S\u00e9ries belges en int\u00e9gralit\u00e9 sur Auvio - w-l-c","og_description":"La Tr\u00eave, Ennemi Public, Unit\u00e9 42&#8230; Vous les avez loup\u00e9es ou vous voulez les revoir ? Durant cette p\u00e9riode de confinement, les producteurs d&rsquo;Entre Chien et Loup, H\u00e9licotronc et Steel Fish mettent gracieusement \u00e0 disposition l&rsquo;ensemble des s\u00e9ries belges durant 5 semaines sur Auvio ! eLegal\u00a0et\u00a0Champion\u00a0seront \u00e9galement disponibles durant 5 semaines, d\u00e8s le mardi 14 &hellip;","og_url":"https:\/\/w-l-c.be\/fr\/les-series-belges-en-integralite-sur-auvio\/","og_site_name":"w-l-c","article_published_time":"2020-04-14T08:43:30+00:00","article_modified_time":"2020-04-15T09:01:03+00:00","og_image":[{"width":624,"height":351,"url":"https:\/\/w-l-c.be\/wp-content\/uploads\/2020\/04\/SeriesBelges.jpg","type":"image\/jpeg"}],"author":"Aurore Engelen","twitter_card":"summary_large_image","twitter_misc":{"\u00c9crit par":"Aurore Engelen","Dur\u00e9e de lecture estim\u00e9e":"6 minutes"},"schema":{"@context":"https:\/\/schema.org","@graph":[{"@type":"WebPage","@id":"https:\/\/w-l-c.be\/fr\/les-series-belges-en-integralite-sur-auvio\/","url":"https:\/\/w-l-c.be\/fr\/les-series-belges-en-integralite-sur-auvio\/","name":"Les S\u00e9ries belges en int\u00e9gralit\u00e9 sur Auvio - w-l-c","isPartOf":{"@id":"https:\/\/w-l-c.be\/fr\/#website"},"datePublished":"2020-04-14T08:43:30+00:00","dateModified":"2020-04-15T09:01:03+00:00","author":{"@id":"https:\/\/w-l-c.be\/fr\/#\/schema\/person\/8084b68c6b176142d073695c654dc7cf"},"breadcrumb":{"@id":"https:\/\/w-l-c.be\/fr\/les-series-belges-en-integralite-sur-auvio\/#breadcrumb"},"inLanguage":"fr-FR","potentialAction":[{"@type":"ReadAction","target":["https:\/\/w-l-c.be\/fr\/les-series-belges-en-integralite-sur-auvio\/"]}]},{"@type":"BreadcrumbList","@id":"https:\/\/w-l-c.be\/fr\/les-series-belges-en-integralite-sur-auvio\/#breadcrumb","itemListElement":[{"@type":"ListItem","position":1,"name":"Accueil","item":"https:\/\/w-l-c.be\/fr\/"},{"@type":"ListItem","position":2,"name":"Les S\u00e9ries belges en int\u00e9gralit\u00e9 sur Auvio"}]},{"@type":"WebSite","@id":"https:\/\/w-l-c.be\/fr\/#website","url":"https:\/\/w-l-c.be\/fr\/","name":"w-l-c","description":"Le cin\u00e9ma vu par les belges","potentialAction":[{"@type":"SearchAction","target":{"@type":"EntryPoint","urlTemplate":"https:\/\/w-l-c.be\/fr\/?s={search_term_string}"},"query-input":"required name=search_term_string"}],"inLanguage":"fr-FR"},{"@type":"Person","@id":"https:\/\/w-l-c.be\/fr\/#\/schema\/person\/8084b68c6b176142d073695c654dc7cf","name":"Aurore Engelen","url":"https:\/\/w-l-c.be\/fr\/author\/aurore-engelen\/"}]}},"_links":{"self":[{"href":"https:\/\/w-l-c.be\/fr\/wp-json\/wp\/v2\/posts\/227982","targetHints":{"allow":["GET"]}}],"collection":[{"href":"https:\/\/w-l-c.be\/fr\/wp-json\/wp\/v2\/posts"}],"about":[{"href":"https:\/\/w-l-c.be\/fr\/wp-json\/wp\/v2\/types\/post"}],"author":[{"embeddable":true,"href":"https:\/\/w-l-c.be\/fr\/wp-json\/wp\/v2\/users\/343"}],"replies":[{"embeddable":true,"href":"https:\/\/w-l-c.be\/fr\/wp-json\/wp\/v2\/comments?post=227982"}],"version-history":[{"count":0,"href":"https:\/\/w-l-c.be\/fr\/wp-json\/wp\/v2\/posts\/227982\/revisions"}],"wp:featuredmedia":[{"embeddable":true,"href":"https:\/\/w-l-c.be\/fr\/wp-json\/wp\/v2\/media\/227983"}],"wp:attachment":[{"href":"https:\/\/w-l-c.be\/fr\/wp-json\/wp\/v2\/media?parent=227982"}],"wp:term":[{"taxonomy":"category","embeddable":true,"href":"https:\/\/w-l-c.be\/fr\/wp-json\/wp\/v2\/categories?post=227982"},{"taxonomy":"post_tag","embeddable":true,"href":"https:\/\/w-l-c.be\/fr\/wp-json\/wp\/v2\/tags?post=227982"}],"curies":[{"name":"wp","href":"https:\/\/api.w.org\/{rel}","templated":true}]}}