
{"id":228090,"date":"2020-04-14T11:17:43","date_gmt":"2020-04-14T09:17:43","guid":{"rendered":"https:\/\/www.cinevox.be\/?p=228090"},"modified":"2020-04-14T11:17:43","modified_gmt":"2020-04-14T09:17:43","slug":"casting-ados-pour-le-prochain-long-metrage-de-frederic-quiring","status":"publish","type":"post","link":"https:\/\/w-l-c.be\/fr\/casting-ados-pour-le-prochain-long-metrage-de-frederic-quiring\/","title":{"rendered":"Casting ados pour le prochain long m\u00e9trage de Fr\u00e9d\u00e9ric Quiring"},"content":{"rendered":"<p><strong>ADK-KASTING recherche pour des r\u00f4les importants du prochain long m\u00e9trage de Fr\u00e9d\u00e9ric Quiring (<em>Sales Gosses, Ma Reum<\/em>), produit par UGC et UMEDIA (tournage en Belgique pr\u00e9vu cet \u00e9t\u00e9) :<\/strong><\/p>\n<ul>\n<li>des adolescents (14 &#8211; 18 ans), filles et gar\u00e7ons, de toutes origines et domicili\u00e9s en Belgique.<\/li>\n<\/ul>\n<p>Le film est une com\u00e9die qui raconte l&rsquo;histoire d&rsquo;une prof qui cherche par tous les moyens \u00e0 se faire muter pour fuir son coll\u00e8ge et ses \u00e9l\u00e8ves qui sont un vrai cauchemar.<\/p>\n<p>Int\u00e9ress\u00e9s? Merci d&rsquo;envoyer \u00e0 michael@adk-kasting.com<\/p>\n<ul>\n<li>une ou deux photo(s) r\u00e9cente(s)<\/li>\n<li>une vid\u00e9o de pr\u00e9sentation personnelle<\/li>\n<li>les coordonn\u00e9es compl\u00e8tes<\/li>\n<li>taille et \u00e2ge<\/li>\n<\/ul>\n","protected":false},"excerpt":{"rendered":"<p>ADK-KASTING recherche pour des r\u00f4les importants du prochain long m\u00e9trage de Fr\u00e9d\u00e9ric Quiring (Sales Gosses, Ma Reum), produit par UGC et UMEDIA (tournage en Belgique pr\u00e9vu cet \u00e9t\u00e9) : des adolescents (14 &#8211; 18 ans), filles et gar\u00e7ons, de toutes origines et domicili\u00e9s en Belgique. Le film est une com\u00e9die qui raconte l&rsquo;histoire d&rsquo;une prof &hellip;<\/p>\n","protected":false},"author":343,"featured_media":210916,"comment_status":"closed","ping_status":"closed","sticky":false,"template":"","format":"standard","meta":{"ngg_post_thumbnail":0,"footnotes":""},"categories":[20],"tags":[],"class_list":["post-228090","post","type-post","status-publish","format-standard","has-post-thumbnail","","category-cinejobs"],"yoast_head":"<!-- This site is optimized with the Yoast SEO plugin v20.4 - https:\/\/yoast.com\/wordpress\/plugins\/seo\/ -->\n<title>Casting ados pour le prochain long m\u00e9trage de Fr\u00e9d\u00e9ric Quiring - w-l-c<\/title>\n<meta name=\"robots\" content=\"noindex, follow, max-snippet:-1, max-image-preview:large, max-video-preview:-1\" \/>\n<meta property=\"og:locale\" content=\"fr_FR\" \/>\n<meta property=\"og:type\" content=\"article\" \/>\n<meta property=\"og:title\" content=\"Casting ados pour le prochain long m\u00e9trage de Fr\u00e9d\u00e9ric Quiring - w-l-c\" \/>\n<meta property=\"og:description\" content=\"ADK-KASTING recherche pour des r\u00f4les importants du prochain long m\u00e9trage de Fr\u00e9d\u00e9ric Quiring (Sales Gosses, Ma Reum), produit par UGC et UMEDIA (tournage en Belgique pr\u00e9vu cet \u00e9t\u00e9) : des adolescents (14 &#8211; 18 ans), filles et gar\u00e7ons, de toutes origines et domicili\u00e9s en Belgique. Le film est une com\u00e9die qui raconte l&rsquo;histoire d&rsquo;une prof &hellip;\" \/>\n<meta property=\"og:url\" content=\"https:\/\/w-l-c.be\/fr\/casting-ados-pour-le-prochain-long-metrage-de-frederic-quiring\/\" \/>\n<meta property=\"og:site_name\" content=\"w-l-c\" \/>\n<meta property=\"article:published_time\" content=\"2020-04-14T09:17:43+00:00\" \/>\n<meta property=\"og:image\" content=\"https:\/\/w-l-c.be\/wp-content\/uploads\/2018\/06\/Casting.jpg\" \/>\n\t<meta property=\"og:image:width\" content=\"1024\" \/>\n\t<meta property=\"og:image:height\" content=\"512\" \/>\n\t<meta property=\"og:image:type\" content=\"image\/jpeg\" \/>\n<meta name=\"author\" content=\"Aurore Engelen\" \/>\n<meta name=\"twitter:card\" content=\"summary_large_image\" \/>\n<meta name=\"twitter:label1\" content=\"\u00c9crit par\" \/>\n\t<meta name=\"twitter:data1\" content=\"Aurore Engelen\" \/>\n\t<meta name=\"twitter:label2\" content=\"Dur\u00e9e de lecture estim\u00e9e\" \/>\n\t<meta name=\"twitter:data2\" content=\"1 minute\" \/>\n<script type=\"application\/ld+json\" class=\"yoast-schema-graph\">{\"@context\":\"https:\/\/schema.org\",\"@graph\":[{\"@type\":\"WebPage\",\"@id\":\"https:\/\/w-l-c.be\/fr\/casting-ados-pour-le-prochain-long-metrage-de-frederic-quiring\/\",\"url\":\"https:\/\/w-l-c.be\/fr\/casting-ados-pour-le-prochain-long-metrage-de-frederic-quiring\/\",\"name\":\"Casting ados pour le prochain long m\u00e9trage de Fr\u00e9d\u00e9ric Quiring - w-l-c\",\"isPartOf\":{\"@id\":\"https:\/\/w-l-c.be\/fr\/#website\"},\"datePublished\":\"2020-04-14T09:17:43+00:00\",\"dateModified\":\"2020-04-14T09:17:43+00:00\",\"author\":{\"@id\":\"https:\/\/w-l-c.be\/fr\/#\/schema\/person\/8084b68c6b176142d073695c654dc7cf\"},\"breadcrumb\":{\"@id\":\"https:\/\/w-l-c.be\/fr\/casting-ados-pour-le-prochain-long-metrage-de-frederic-quiring\/#breadcrumb\"},\"inLanguage\":\"fr-FR\",\"potentialAction\":[{\"@type\":\"ReadAction\",\"target\":[\"https:\/\/w-l-c.be\/fr\/casting-ados-pour-le-prochain-long-metrage-de-frederic-quiring\/\"]}]},{\"@type\":\"BreadcrumbList\",\"@id\":\"https:\/\/w-l-c.be\/fr\/casting-ados-pour-le-prochain-long-metrage-de-frederic-quiring\/#breadcrumb\",\"itemListElement\":[{\"@type\":\"ListItem\",\"position\":1,\"name\":\"Accueil\",\"item\":\"https:\/\/w-l-c.be\/fr\/\"},{\"@type\":\"ListItem\",\"position\":2,\"name\":\"Casting ados pour le prochain long m\u00e9trage de Fr\u00e9d\u00e9ric Quiring\"}]},{\"@type\":\"WebSite\",\"@id\":\"https:\/\/w-l-c.be\/fr\/#website\",\"url\":\"https:\/\/w-l-c.be\/fr\/\",\"name\":\"w-l-c\",\"description\":\"Le cin\u00e9ma vu par les belges\",\"potentialAction\":[{\"@type\":\"SearchAction\",\"target\":{\"@type\":\"EntryPoint\",\"urlTemplate\":\"https:\/\/w-l-c.be\/fr\/?s={search_term_string}\"},\"query-input\":\"required name=search_term_string\"}],\"inLanguage\":\"fr-FR\"},{\"@type\":\"Person\",\"@id\":\"https:\/\/w-l-c.be\/fr\/#\/schema\/person\/8084b68c6b176142d073695c654dc7cf\",\"name\":\"Aurore Engelen\",\"url\":\"https:\/\/w-l-c.be\/fr\/author\/aurore-engelen\/\"}]}<\/script>\n<!-- \/ Yoast SEO plugin. -->","yoast_head_json":{"title":"Casting ados pour le prochain long m\u00e9trage de Fr\u00e9d\u00e9ric Quiring - w-l-c","robots":{"index":"noindex","follow":"follow","max-snippet":"max-snippet:-1","max-image-preview":"max-image-preview:large","max-video-preview":"max-video-preview:-1"},"og_locale":"fr_FR","og_type":"article","og_title":"Casting ados pour le prochain long m\u00e9trage de Fr\u00e9d\u00e9ric Quiring - w-l-c","og_description":"ADK-KASTING recherche pour des r\u00f4les importants du prochain long m\u00e9trage de Fr\u00e9d\u00e9ric Quiring (Sales Gosses, Ma Reum), produit par UGC et UMEDIA (tournage en Belgique pr\u00e9vu cet \u00e9t\u00e9) : des adolescents (14 &#8211; 18 ans), filles et gar\u00e7ons, de toutes origines et domicili\u00e9s en Belgique. Le film est une com\u00e9die qui raconte l&rsquo;histoire d&rsquo;une prof &hellip;","og_url":"https:\/\/w-l-c.be\/fr\/casting-ados-pour-le-prochain-long-metrage-de-frederic-quiring\/","og_site_name":"w-l-c","article_published_time":"2020-04-14T09:17:43+00:00","og_image":[{"width":1024,"height":512,"url":"https:\/\/w-l-c.be\/wp-content\/uploads\/2018\/06\/Casting.jpg","type":"image\/jpeg"}],"author":"Aurore Engelen","twitter_card":"summary_large_image","twitter_misc":{"\u00c9crit par":"Aurore Engelen","Dur\u00e9e de lecture estim\u00e9e":"1 minute"},"schema":{"@context":"https:\/\/schema.org","@graph":[{"@type":"WebPage","@id":"https:\/\/w-l-c.be\/fr\/casting-ados-pour-le-prochain-long-metrage-de-frederic-quiring\/","url":"https:\/\/w-l-c.be\/fr\/casting-ados-pour-le-prochain-long-metrage-de-frederic-quiring\/","name":"Casting ados pour le prochain long m\u00e9trage de Fr\u00e9d\u00e9ric Quiring - w-l-c","isPartOf":{"@id":"https:\/\/w-l-c.be\/fr\/#website"},"datePublished":"2020-04-14T09:17:43+00:00","dateModified":"2020-04-14T09:17:43+00:00","author":{"@id":"https:\/\/w-l-c.be\/fr\/#\/schema\/person\/8084b68c6b176142d073695c654dc7cf"},"breadcrumb":{"@id":"https:\/\/w-l-c.be\/fr\/casting-ados-pour-le-prochain-long-metrage-de-frederic-quiring\/#breadcrumb"},"inLanguage":"fr-FR","potentialAction":[{"@type":"ReadAction","target":["https:\/\/w-l-c.be\/fr\/casting-ados-pour-le-prochain-long-metrage-de-frederic-quiring\/"]}]},{"@type":"BreadcrumbList","@id":"https:\/\/w-l-c.be\/fr\/casting-ados-pour-le-prochain-long-metrage-de-frederic-quiring\/#breadcrumb","itemListElement":[{"@type":"ListItem","position":1,"name":"Accueil","item":"https:\/\/w-l-c.be\/fr\/"},{"@type":"ListItem","position":2,"name":"Casting ados pour le prochain long m\u00e9trage de Fr\u00e9d\u00e9ric Quiring"}]},{"@type":"WebSite","@id":"https:\/\/w-l-c.be\/fr\/#website","url":"https:\/\/w-l-c.be\/fr\/","name":"w-l-c","description":"Le cin\u00e9ma vu par les belges","potentialAction":[{"@type":"SearchAction","target":{"@type":"EntryPoint","urlTemplate":"https:\/\/w-l-c.be\/fr\/?s={search_term_string}"},"query-input":"required name=search_term_string"}],"inLanguage":"fr-FR"},{"@type":"Person","@id":"https:\/\/w-l-c.be\/fr\/#\/schema\/person\/8084b68c6b176142d073695c654dc7cf","name":"Aurore Engelen","url":"https:\/\/w-l-c.be\/fr\/author\/aurore-engelen\/"}]}},"_links":{"self":[{"href":"https:\/\/w-l-c.be\/fr\/wp-json\/wp\/v2\/posts\/228090","targetHints":{"allow":["GET"]}}],"collection":[{"href":"https:\/\/w-l-c.be\/fr\/wp-json\/wp\/v2\/posts"}],"about":[{"href":"https:\/\/w-l-c.be\/fr\/wp-json\/wp\/v2\/types\/post"}],"author":[{"embeddable":true,"href":"https:\/\/w-l-c.be\/fr\/wp-json\/wp\/v2\/users\/343"}],"replies":[{"embeddable":true,"href":"https:\/\/w-l-c.be\/fr\/wp-json\/wp\/v2\/comments?post=228090"}],"version-history":[{"count":0,"href":"https:\/\/w-l-c.be\/fr\/wp-json\/wp\/v2\/posts\/228090\/revisions"}],"wp:featuredmedia":[{"embeddable":true,"href":"https:\/\/w-l-c.be\/fr\/wp-json\/wp\/v2\/media\/210916"}],"wp:attachment":[{"href":"https:\/\/w-l-c.be\/fr\/wp-json\/wp\/v2\/media?parent=228090"}],"wp:term":[{"taxonomy":"category","embeddable":true,"href":"https:\/\/w-l-c.be\/fr\/wp-json\/wp\/v2\/categories?post=228090"},{"taxonomy":"post_tag","embeddable":true,"href":"https:\/\/w-l-c.be\/fr\/wp-json\/wp\/v2\/tags?post=228090"}],"curies":[{"name":"wp","href":"https:\/\/api.w.org\/{rel}","templated":true}]}}