
{"id":228200,"date":"2020-04-17T11:40:57","date_gmt":"2020-04-17T09:40:57","guid":{"rendered":"https:\/\/www.cinevox.be\/?p=228200"},"modified":"2020-04-20T10:27:43","modified_gmt":"2020-04-20T08:27:43","slug":"nous-la-mangerons-cest-la-moindre-des-choses-quand-lanimal-devient-viande","status":"publish","type":"post","link":"https:\/\/w-l-c.be\/fr\/nous-la-mangerons-cest-la-moindre-des-choses-quand-lanimal-devient-viande\/","title":{"rendered":"\u00ab\u00a0Nous la mangerons, c&rsquo;est la moindre des choses\u00a0\u00bb: quand l&rsquo;animal devient viande&#8230;"},"content":{"rendered":"<p class=\"p1\"><span class=\"s1\"><b><i>Nous la mangerons, c\u2019est la moindre des choses <\/i>nous immerge dans le quotidien d\u2019une berg\u00e8re, bien d\u00e9cid\u00e9e \u00e0 accompagner son troupeau de la vie \u00e0 la mort. Le film est en Comp\u00e9tition au prestigieux festival Visions du R\u00e9el, qui se tient cette ann\u00e9e en ligne. Vous pouvez le d\u00e9couvrir <a href=\"https:\/\/online.visionsdureel.ch\/film\/nous-la-mangerons-cest-la-moindre-des-choses\/\">sur le site du festival<\/a>.\u00a0<\/b><\/span><\/p>\n<p class=\"p1\"><span class=\"s1\"><em>Nathalie, berg\u00e8re dans le pi\u00e9mont c\u00e9venol, apprend \u00e0 tuer ses b\u00eates. Le film suit les gestes d\u2019une \u00e9leveuse qui aime et qui mange ses moutons avec attention. Elle est prise sans rel\u00e2che dans une interrogation \u00e0 propos des mani\u00e8res de bien mourir pour ces \u00eatres qui nous font vivre. Quel go\u00fbt a la tendresse?<\/em> <\/span><\/p>\n<p class=\"p1\"><span class=\"s1\">A l\u2019heure o\u00f9 se multiplient les interrogations sur les m\u00e9thodes d\u2019abattage modernes, leur violence et leur cruaut\u00e9, Elsa Maury accompagne l\u2019apprentissage d\u2019une jeune berg\u00e8re qui se pr\u00e9pare \u00e0 donner la mort.<\/span><\/p>\n<p><iframe loading=\"lazy\" title=\"Trailer | Nous la mangerons, c&#039;est la moindre des choses | Elsa Maury\" width=\"618\" height=\"348\" src=\"https:\/\/www.youtube.com\/embed\/hB6C5WR4BjU?feature=oembed\" frameborder=\"0\" allow=\"accelerometer; autoplay; clipboard-write; encrypted-media; gyroscope; picture-in-picture; web-share\" referrerpolicy=\"strict-origin-when-cross-origin\" allowfullscreen><\/iframe><\/p>\n<p class=\"p1\"><span class=\"s1\"><i>Nous la mangerons, c\u2019est la moindre des choses <\/i>d\u00e9bute avec les cris d\u2019une brebis d\u00e9sempar\u00e9e. On la suit en gros plan, b\u00ealant, nous communiquant sa d\u00e9tresse. A ses pieds, un agneau inerte. Le film commence par la vie, et par la mort. Les deux se succ\u00e8deront au fil de l\u2019apprentissage de Nathalie, des agnelages aux abattages. <\/span><\/p>\n<p class=\"p1\"><span class=\"s1\">Les sc\u00e8nes fortes autour du corps des b\u00eates s\u00a0\u2018encha\u00eenent. Les agnelages bien s\u00fbr et les abattages, mais aussi une sc\u00e8ne stup\u00e9fiante d\u2019autopsie. Litt\u00e9rale nature morte, on y diss\u00e8que l\u2019int\u00e9rieur de la b\u00eate. Couleurs vives et \u00e9clatantes hypnotisent, au rythme du discours apaisant de la v\u00e9t\u00e9rinaire, qui cherche ici les raisons d\u2019une mort pour en \u00e9viter d\u2019autres. La vision d\u2019abord r\u00e9pugnante devient fascinante, puis presque apaisante, inscrivant le corps de la b\u00eate dans un grand continuum.<\/span><\/p>\n<p><img loading=\"lazy\" decoding=\"async\" class=\"alignnone size-large wp-image-228204\" src=\"https:\/\/www.cinevox.be\/wp-content\/uploads\/2020\/04\/Nous-La-Mangerons-2-800x450.jpg\" alt=\"\" width=\"618\" height=\"348\" srcset=\"https:\/\/w-l-c.be\/wp-content\/uploads\/2020\/04\/Nous-La-Mangerons-2-800x450.jpg 800w, https:\/\/w-l-c.be\/wp-content\/uploads\/2020\/04\/Nous-La-Mangerons-2-480x270.jpg 480w, https:\/\/w-l-c.be\/wp-content\/uploads\/2020\/04\/Nous-La-Mangerons-2-200x113.jpg 200w, https:\/\/w-l-c.be\/wp-content\/uploads\/2020\/04\/Nous-La-Mangerons-2-768x432.jpg 768w, https:\/\/w-l-c.be\/wp-content\/uploads\/2020\/04\/Nous-La-Mangerons-2-599x337.jpg 599w, https:\/\/w-l-c.be\/wp-content\/uploads\/2020\/04\/Nous-La-Mangerons-2.jpg 1400w\" sizes=\"auto, (max-width: 618px) 100vw, 618px\" \/><\/p>\n<p class=\"p1\"><span class=\"s1\">La mission de Nathalie tend d\u2019ailleurs presque au sacr\u00e9, au r\u00e9tablissement d\u2019un lien ancestral, \u00e0 renouer les liens distendus entre les esp\u00e8ces. <i>\u00ab\u00a0Je voudrais une autre mort pour mes brebis, rendre ces moments plus beaux, plus paisibles\u00a0\u00bb<\/i>. Une solution s\u2019impose: <i>\u00ab\u00a0Tuer moi-m\u00eame\u00a0\u00bb<\/i>. L\u2019id\u00e9e qui sous-tend la d\u00e9marche? Faire les choses bien, et naviguer au rythme du cycle du vivant. Bien \u00e9lever. Bien tuer. Bien manger. <\/span><\/p>\n<p class=\"p1\"><span class=\"s1\">Elsa Maury met en sc\u00e8ne avec simplicit\u00e9 mais efficacit\u00e9 la relation qui se noue entre Nathalie et ses b\u00eates, une relation de solidarit\u00e9 et de saine d\u00e9pendance, tant la berg\u00e8re fait partie du troupeau. Elle d\u00e9veloppe un rapport organique \u00e0 ses b\u00eates, illustr\u00e9 par l\u2019attention port\u00e9e aux bruits des b\u00eates, les b\u00ealements bien s\u00fbr, mais aussi les respirations, les mastications. Rapport nourri \u00e9galement par l\u2019approche frontale des corps et de la chair, de la mise \u00e0 bas au d\u00e9pe\u00e7age. Le discours est r\u00e9duit au minimum. Le r\u00e9cit est d\u00e9pouill\u00e9 ou presque du langage. Peu de dialogues, si ce n\u2019est ceux partag\u00e9s avec les professionnels qui accompagnent Nathalie dans son apprentissage de la mort. Les mots semblent circonscrits \u00e0 des s\u00e9quences fondues au noir, o\u00f9 s\u2019inscrivent en silence les interrogations de Nathalie, mettant des mots sur ses \u00e9motions et ses sentiments. Au fil du film, sa relation aux b\u00eates est transmise de fa\u00e7on sensorielle. On ne raisonne pas, n\u2019analyse pas, n\u2019argumente pas sur la fa\u00e7on de tuer les animaux ici, ni m\u00eame sur la question de savoir s\u2019il faut les manger. On exp\u00e9rimente. On ressent. Peut-on manger ce que l\u2019on ch\u00e9rit?<\/span><\/p>\n<p><img loading=\"lazy\" decoding=\"async\" class=\"alignnone size-large wp-image-228206\" src=\"https:\/\/www.cinevox.be\/wp-content\/uploads\/2020\/04\/Nous-La-Mangerons-3-800x450.jpg\" alt=\"\" width=\"618\" height=\"348\" srcset=\"https:\/\/w-l-c.be\/wp-content\/uploads\/2020\/04\/Nous-La-Mangerons-3-800x450.jpg 800w, https:\/\/w-l-c.be\/wp-content\/uploads\/2020\/04\/Nous-La-Mangerons-3-480x270.jpg 480w, https:\/\/w-l-c.be\/wp-content\/uploads\/2020\/04\/Nous-La-Mangerons-3-200x113.jpg 200w, https:\/\/w-l-c.be\/wp-content\/uploads\/2020\/04\/Nous-La-Mangerons-3-768x432.jpg 768w, https:\/\/w-l-c.be\/wp-content\/uploads\/2020\/04\/Nous-La-Mangerons-3-599x337.jpg 599w, https:\/\/w-l-c.be\/wp-content\/uploads\/2020\/04\/Nous-La-Mangerons-3.jpg 1400w\" sizes=\"auto, (max-width: 618px) 100vw, 618px\" \/><\/p>\n<p class=\"p1\"><span class=\"s1\">Le film a la force de nous interroger sur nos usages: consommer de la chair animale n\u2019est pas une donn\u00e9e anodine. Comme la berg\u00e8re avec son troupeau, le film fait corps avec les b\u00eates et leur \u00e9leveuse, et ouvre le dialogue entre leurs corps et les n\u00f4tres. <\/span><\/p>\n<p class=\"p4\"><span class=\"s1\"><i>Nous la mangerons, c\u2019est la moindre des choses <\/i>est le premier film <\/span><span class=\"s1\">d\u2019Elsa Maury, plasticienne et chercheuse en arts plastiques, produit par le Centre Vid\u00e9o de Bruxelles.\u00a0<\/span><\/p>\n","protected":false},"excerpt":{"rendered":"<p>Nous la mangerons, c\u2019est la moindre des choses nous immerge dans le quotidien d\u2019une berg\u00e8re, bien d\u00e9cid\u00e9e \u00e0 accompagner son troupeau de la vie \u00e0 la mort. Le film est en Comp\u00e9tition au prestigieux festival Visions du R\u00e9el, qui se tient cette ann\u00e9e en ligne. Vous pouvez le d\u00e9couvrir sur le site du festival.\u00a0 Nathalie, &hellip;<\/p>\n","protected":false},"author":343,"featured_media":228202,"comment_status":"closed","ping_status":"closed","sticky":false,"template":"","format":"standard","meta":{"ngg_post_thumbnail":0,"footnotes":""},"categories":[12],"tags":[4187],"class_list":["post-228200","post","type-post","status-publish","format-standard","has-post-thumbnail","","category-awards","tag-newsletter-fr"],"yoast_head":"<!-- This site is optimized with the Yoast SEO plugin v20.4 - https:\/\/yoast.com\/wordpress\/plugins\/seo\/ -->\n<title>&quot;Nous la mangerons, c&#039;est la moindre des choses&quot;: quand l&#039;animal devient viande... - w-l-c<\/title>\n<meta name=\"robots\" content=\"noindex, follow, max-snippet:-1, max-image-preview:large, max-video-preview:-1\" \/>\n<meta property=\"og:locale\" content=\"fr_FR\" \/>\n<meta property=\"og:type\" content=\"article\" \/>\n<meta property=\"og:title\" content=\"&quot;Nous la mangerons, c&#039;est la moindre des choses&quot;: quand l&#039;animal devient viande... - w-l-c\" \/>\n<meta property=\"og:description\" content=\"Nous la mangerons, c\u2019est la moindre des choses nous immerge dans le quotidien d\u2019une berg\u00e8re, bien d\u00e9cid\u00e9e \u00e0 accompagner son troupeau de la vie \u00e0 la mort. Le film est en Comp\u00e9tition au prestigieux festival Visions du R\u00e9el, qui se tient cette ann\u00e9e en ligne. Vous pouvez le d\u00e9couvrir sur le site du festival.\u00a0 Nathalie, &hellip;\" \/>\n<meta property=\"og:url\" content=\"https:\/\/w-l-c.be\/fr\/nous-la-mangerons-cest-la-moindre-des-choses-quand-lanimal-devient-viande\/\" \/>\n<meta property=\"og:site_name\" content=\"w-l-c\" \/>\n<meta property=\"article:published_time\" content=\"2020-04-17T09:40:57+00:00\" \/>\n<meta property=\"article:modified_time\" content=\"2020-04-20T08:27:43+00:00\" \/>\n<meta property=\"og:image\" content=\"https:\/\/w-l-c.be\/wp-content\/uploads\/2020\/04\/Nous-La-Mangerons.jpg\" \/>\n\t<meta property=\"og:image:width\" content=\"1400\" \/>\n\t<meta property=\"og:image:height\" content=\"788\" \/>\n\t<meta property=\"og:image:type\" content=\"image\/jpeg\" \/>\n<meta name=\"author\" content=\"Aurore Engelen\" \/>\n<meta name=\"twitter:card\" content=\"summary_large_image\" \/>\n<meta name=\"twitter:label1\" content=\"\u00c9crit par\" \/>\n\t<meta name=\"twitter:data1\" content=\"Aurore Engelen\" \/>\n\t<meta name=\"twitter:label2\" content=\"Dur\u00e9e de lecture estim\u00e9e\" \/>\n\t<meta name=\"twitter:data2\" content=\"3 minutes\" \/>\n<script type=\"application\/ld+json\" class=\"yoast-schema-graph\">{\"@context\":\"https:\/\/schema.org\",\"@graph\":[{\"@type\":\"WebPage\",\"@id\":\"https:\/\/w-l-c.be\/fr\/nous-la-mangerons-cest-la-moindre-des-choses-quand-lanimal-devient-viande\/\",\"url\":\"https:\/\/w-l-c.be\/fr\/nous-la-mangerons-cest-la-moindre-des-choses-quand-lanimal-devient-viande\/\",\"name\":\"\\\"Nous la mangerons, c'est la moindre des choses\\\": quand l'animal devient viande... - w-l-c\",\"isPartOf\":{\"@id\":\"https:\/\/w-l-c.be\/fr\/#website\"},\"datePublished\":\"2020-04-17T09:40:57+00:00\",\"dateModified\":\"2020-04-20T08:27:43+00:00\",\"author\":{\"@id\":\"https:\/\/w-l-c.be\/fr\/#\/schema\/person\/8084b68c6b176142d073695c654dc7cf\"},\"breadcrumb\":{\"@id\":\"https:\/\/w-l-c.be\/fr\/nous-la-mangerons-cest-la-moindre-des-choses-quand-lanimal-devient-viande\/#breadcrumb\"},\"inLanguage\":\"fr-FR\",\"potentialAction\":[{\"@type\":\"ReadAction\",\"target\":[\"https:\/\/w-l-c.be\/fr\/nous-la-mangerons-cest-la-moindre-des-choses-quand-lanimal-devient-viande\/\"]}]},{\"@type\":\"BreadcrumbList\",\"@id\":\"https:\/\/w-l-c.be\/fr\/nous-la-mangerons-cest-la-moindre-des-choses-quand-lanimal-devient-viande\/#breadcrumb\",\"itemListElement\":[{\"@type\":\"ListItem\",\"position\":1,\"name\":\"Accueil\",\"item\":\"https:\/\/w-l-c.be\/fr\/\"},{\"@type\":\"ListItem\",\"position\":2,\"name\":\"\u00ab\u00a0Nous la mangerons, c&rsquo;est la moindre des choses\u00a0\u00bb: quand l&rsquo;animal devient viande&#8230;\"}]},{\"@type\":\"WebSite\",\"@id\":\"https:\/\/w-l-c.be\/fr\/#website\",\"url\":\"https:\/\/w-l-c.be\/fr\/\",\"name\":\"w-l-c\",\"description\":\"Le cin\u00e9ma vu par les belges\",\"potentialAction\":[{\"@type\":\"SearchAction\",\"target\":{\"@type\":\"EntryPoint\",\"urlTemplate\":\"https:\/\/w-l-c.be\/fr\/?s={search_term_string}\"},\"query-input\":\"required name=search_term_string\"}],\"inLanguage\":\"fr-FR\"},{\"@type\":\"Person\",\"@id\":\"https:\/\/w-l-c.be\/fr\/#\/schema\/person\/8084b68c6b176142d073695c654dc7cf\",\"name\":\"Aurore Engelen\",\"url\":\"https:\/\/w-l-c.be\/fr\/author\/aurore-engelen\/\"}]}<\/script>\n<!-- \/ Yoast SEO plugin. -->","yoast_head_json":{"title":"\"Nous la mangerons, c'est la moindre des choses\": quand l'animal devient viande... - w-l-c","robots":{"index":"noindex","follow":"follow","max-snippet":"max-snippet:-1","max-image-preview":"max-image-preview:large","max-video-preview":"max-video-preview:-1"},"og_locale":"fr_FR","og_type":"article","og_title":"\"Nous la mangerons, c'est la moindre des choses\": quand l'animal devient viande... - w-l-c","og_description":"Nous la mangerons, c\u2019est la moindre des choses nous immerge dans le quotidien d\u2019une berg\u00e8re, bien d\u00e9cid\u00e9e \u00e0 accompagner son troupeau de la vie \u00e0 la mort. Le film est en Comp\u00e9tition au prestigieux festival Visions du R\u00e9el, qui se tient cette ann\u00e9e en ligne. Vous pouvez le d\u00e9couvrir sur le site du festival.\u00a0 Nathalie, &hellip;","og_url":"https:\/\/w-l-c.be\/fr\/nous-la-mangerons-cest-la-moindre-des-choses-quand-lanimal-devient-viande\/","og_site_name":"w-l-c","article_published_time":"2020-04-17T09:40:57+00:00","article_modified_time":"2020-04-20T08:27:43+00:00","og_image":[{"width":1400,"height":788,"url":"https:\/\/w-l-c.be\/wp-content\/uploads\/2020\/04\/Nous-La-Mangerons.jpg","type":"image\/jpeg"}],"author":"Aurore Engelen","twitter_card":"summary_large_image","twitter_misc":{"\u00c9crit par":"Aurore Engelen","Dur\u00e9e de lecture estim\u00e9e":"3 minutes"},"schema":{"@context":"https:\/\/schema.org","@graph":[{"@type":"WebPage","@id":"https:\/\/w-l-c.be\/fr\/nous-la-mangerons-cest-la-moindre-des-choses-quand-lanimal-devient-viande\/","url":"https:\/\/w-l-c.be\/fr\/nous-la-mangerons-cest-la-moindre-des-choses-quand-lanimal-devient-viande\/","name":"\"Nous la mangerons, c'est la moindre des choses\": quand l'animal devient viande... - w-l-c","isPartOf":{"@id":"https:\/\/w-l-c.be\/fr\/#website"},"datePublished":"2020-04-17T09:40:57+00:00","dateModified":"2020-04-20T08:27:43+00:00","author":{"@id":"https:\/\/w-l-c.be\/fr\/#\/schema\/person\/8084b68c6b176142d073695c654dc7cf"},"breadcrumb":{"@id":"https:\/\/w-l-c.be\/fr\/nous-la-mangerons-cest-la-moindre-des-choses-quand-lanimal-devient-viande\/#breadcrumb"},"inLanguage":"fr-FR","potentialAction":[{"@type":"ReadAction","target":["https:\/\/w-l-c.be\/fr\/nous-la-mangerons-cest-la-moindre-des-choses-quand-lanimal-devient-viande\/"]}]},{"@type":"BreadcrumbList","@id":"https:\/\/w-l-c.be\/fr\/nous-la-mangerons-cest-la-moindre-des-choses-quand-lanimal-devient-viande\/#breadcrumb","itemListElement":[{"@type":"ListItem","position":1,"name":"Accueil","item":"https:\/\/w-l-c.be\/fr\/"},{"@type":"ListItem","position":2,"name":"\u00ab\u00a0Nous la mangerons, c&rsquo;est la moindre des choses\u00a0\u00bb: quand l&rsquo;animal devient viande&#8230;"}]},{"@type":"WebSite","@id":"https:\/\/w-l-c.be\/fr\/#website","url":"https:\/\/w-l-c.be\/fr\/","name":"w-l-c","description":"Le cin\u00e9ma vu par les belges","potentialAction":[{"@type":"SearchAction","target":{"@type":"EntryPoint","urlTemplate":"https:\/\/w-l-c.be\/fr\/?s={search_term_string}"},"query-input":"required name=search_term_string"}],"inLanguage":"fr-FR"},{"@type":"Person","@id":"https:\/\/w-l-c.be\/fr\/#\/schema\/person\/8084b68c6b176142d073695c654dc7cf","name":"Aurore Engelen","url":"https:\/\/w-l-c.be\/fr\/author\/aurore-engelen\/"}]}},"_links":{"self":[{"href":"https:\/\/w-l-c.be\/fr\/wp-json\/wp\/v2\/posts\/228200","targetHints":{"allow":["GET"]}}],"collection":[{"href":"https:\/\/w-l-c.be\/fr\/wp-json\/wp\/v2\/posts"}],"about":[{"href":"https:\/\/w-l-c.be\/fr\/wp-json\/wp\/v2\/types\/post"}],"author":[{"embeddable":true,"href":"https:\/\/w-l-c.be\/fr\/wp-json\/wp\/v2\/users\/343"}],"replies":[{"embeddable":true,"href":"https:\/\/w-l-c.be\/fr\/wp-json\/wp\/v2\/comments?post=228200"}],"version-history":[{"count":0,"href":"https:\/\/w-l-c.be\/fr\/wp-json\/wp\/v2\/posts\/228200\/revisions"}],"wp:featuredmedia":[{"embeddable":true,"href":"https:\/\/w-l-c.be\/fr\/wp-json\/wp\/v2\/media\/228202"}],"wp:attachment":[{"href":"https:\/\/w-l-c.be\/fr\/wp-json\/wp\/v2\/media?parent=228200"}],"wp:term":[{"taxonomy":"category","embeddable":true,"href":"https:\/\/w-l-c.be\/fr\/wp-json\/wp\/v2\/categories?post=228200"},{"taxonomy":"post_tag","embeddable":true,"href":"https:\/\/w-l-c.be\/fr\/wp-json\/wp\/v2\/tags?post=228200"}],"curies":[{"name":"wp","href":"https:\/\/api.w.org\/{rel}","templated":true}]}}