
{"id":228213,"date":"2020-04-20T10:26:43","date_gmt":"2020-04-20T08:26:43","guid":{"rendered":"https:\/\/www.cinevox.be\/?p=228213"},"modified":"2020-04-21T10:34:16","modified_gmt":"2020-04-21T08:34:16","slug":"et-vous-ingrid-heiderscheidt-vous-faites-quoi-pendant-le-confinement","status":"publish","type":"post","link":"https:\/\/w-l-c.be\/fr\/et-vous-ingrid-heiderscheidt-vous-faites-quoi-pendant-le-confinement\/","title":{"rendered":"Et vous Ingrid Heiderscheidt, vous faites quoi pendant le confinement?"},"content":{"rendered":"<p><strong>On a demand\u00e9 \u00e0 Ingrid Heiderscheidt ce qu\u2019elle faisait pendant le confinement\u2026<\/strong><\/p>\n<p class=\"p1\"><span class=\"s1\">J\u2019\u00e9cris, j\u2019\u00e9cris, j\u2019\u00e9cris. Je devais \u00eatre en tourn\u00e9e avec le spectacle <em>Et les 7 nains<\/em>, th\u00e9\u00e2tre d\u2019objets et avec <em>Subutex<\/em> et puis l\u00e0 plus rien. Je devais tourner avec C\u00e9dryc Bourgeois dans <em>Ronald Krump<\/em>, r\u00e9p\u00e9ter avec Virginie Strub pour <em>137 fa\u00e7ons de mourir Face A<\/em>, travailler sur un prochain spectacle de la compagnie Victor B. Et l\u00e0 plus rien. Par contre je voulais bosser sur mon prochain sc\u00e9nario de court \u00e0 tendance long et n\u2019arrivais pas \u00e0 trouver le temps. Et l\u00e0 pour le coup, je l\u2019ai, donc no excuse, je bosse ! Et c\u2019est hyper excitant !<\/span><\/p>\n<p class=\"p1\"><span class=\"s1\">Et pour ne pas finir ob\u00e8se, avec des jambes engourdies et un cul douloureux de rester assise tout la journ\u00e9e devant mon ordi (Je fais quand m\u00eame des tours de terrasse, des petits of course, mais plusieurs of course aussi), je suis des cours de Chi Kung et Kung Fu sur Facebook Live donn\u00e9s par les formidables Franck et C\u00e9lia.<\/span><\/p>\n<h4>Film \u00e0 (re)voir?<\/h4>\n<div class=\"\">\n<p class=\"p1\"><span class=\"s1\">Des films belges, please ! C\u2019est le moment c\u2019est l\u2019instant. Evidemment <em>Je me tue \u00e0 le dire<\/em> de Xavier Seron, puis dans le d\u00e9sordre <em>Kill me please<\/em> de Olias Barco, <em>Rundskop<\/em> de Micha\u00ebl Roskam, <em>Parasol<\/em> de Val\u00e9ry Rosier, <em>Black<\/em> de Adil El Arbi et Bilall Fallah, <em>Eldorado<\/em> de Bouli Lanners, <em>The Broken Circle Breakdown<\/em> de<span class=\"Apple-converted-space\">\u00a0 <\/span>Felix van Groeningen, <em>Nue-propri\u00e9t\u00e9<\/em> de Joachim Lafosse, <em>Ex-drummer<\/em> de<span class=\"Apple-converted-space\">\u00a0 <\/span>Koen Mortier, <em>Je suis mort mais j\u2019ai des amis<\/em> des fr\u00e8res Malandrin, <em>La Grand-Messe<\/em> de Meryl Fortunat-Rossi et Val\u00e9ry Rosier\u2026 En zo voort !!!! Tout cela est sur Univers.cin\u00e9. <em>La part sauvage<\/em> de Gu\u00e9rin Van de Vorst aussi, mais je ne sais pas o\u00f9 on peut le voir !<\/span><\/p>\n<p><iframe loading=\"lazy\" title=\"JE ME TUE A LE DIRE TEASER\" width=\"618\" height=\"348\" src=\"https:\/\/www.youtube.com\/embed\/GQQ0P2_GcQ0?feature=oembed\" frameborder=\"0\" allow=\"accelerometer; autoplay; clipboard-write; encrypted-media; gyroscope; picture-in-picture; web-share\" referrerpolicy=\"strict-origin-when-cross-origin\" allowfullscreen><\/iframe><\/p>\n<p class=\"p1\"><span class=\"s1\">Et puis je dois avouer la pure claque que je me suis prise hier en regardant <em>Les Mis\u00e9rables<\/em> de Ladj Ly, le court, puis le long ! Toujours sur Univers.cin\u00e9.<\/span><\/p>\n<div>\n<h4>Film \u00e0 revoir?<\/h4>\n<\/div>\n<p><span class=\"s1\">Je viens de d\u00e9couvrir <em>Le voyage de Chihiro<\/em> et <em>Mon voisin Totoro<\/em> de Hayao Miyazaki. Sinon <em>Shrek<\/em> !!!<\/span><\/p>\n<\/div>\n<div dir=\"ltr\">\n<div class=\"\">\n<div><\/div>\n<\/div>\n<\/div>\n<h4>Album \u00e0 \u00e9couter?<\/h4>\n<div>\n<div class=\"_3_bl\">\n<div class=\"_5w1r _3_om _5wdf\">\n<div class=\"_4gx_\">\n<div class=\"_1aa6\">\n<div dir=\"ltr\">\n<div>\n<p class=\"p1\"><span class=\"s1\"><em>Mercelis, White Flemish Trash<\/em> qui se mixe \u00e0 distance pour l\u2019instant. Un d\u00e9lice ! Oups vous ne pouvez pas l\u2019\u00e9couter\u2026 D\u00e9so.<\/span><\/p>\n<\/div>\n<h4>Livres \u00e0 lire et relire?<\/h4>\n<\/div>\n<\/div>\n<\/div>\n<\/div>\n<\/div>\n<\/div>\n<div>\n<div>\n<div class=\"_3_bl\">\n<div class=\"_5w1r _3_om _5wdf\">\n<div class=\"_4gx_\">\n<div class=\"_1aa6\">\n<div dir=\"ltr\">\n<p class=\"p1\"><span class=\"s1\">Tout Arto Paasilinna.<\/span><\/p>\n<\/div>\n<\/div>\n<\/div>\n<\/div>\n<\/div>\n<\/div>\n<h4 class=\"p1\">S\u00e9ries \u00e0 binge-watcher?<\/h4>\n<div class=\"\">\n<p class=\"p1\"><span class=\"s1\">Sorry je ne regarde pas les s\u00e9ries, c\u2019est trop chronophage. Oups. OK boomer ! (Je crois que ce terme que je ne suis pas s\u00fbre de comprendre est bien utilis\u00e9 dans ce cas-l\u00e0, non?)<\/span><\/p>\n<\/div>\n<\/div>\n<div>\n<h4>Podcast \u00e0 \u00e9couter?<\/h4>\n<div class=\"\">\n<p class=\"p1\"><span class=\"s1\">J\u2019\u00e9coute la radio en direct\u2026 Boomer encore ou quoi\u00a0?!<\/span><\/p>\n<\/div>\n<\/div>\n<h4>Comptes Instagram \u00e0 suivre?<\/h4>\n<p class=\"p1\"><span class=\"s1\">Boomer\u00a0!<\/span><\/p>\n<h4>Recettes \u00e0 mitonner?<\/h4>\n<div>\n<div class=\"_3_bl\">\n<div class=\"_5w1r _3_om _5wdf\">\n<div class=\"_4gx_\">\n<div class=\"_1aa6\">\n<div class=\"\">\n<p class=\"p1\"><span class=\"s1\">Celles de mon ch\u00e9ri, que je mange.\u00a0<\/span><\/p>\n<h4>Cocktail \u00e0 siroter<\/h4>\n<div class=\"\">\n<p class=\"p1\"><span class=\"s1\">Gin tonic\u2026 mais en confinement c\u2019est tr\u00e8s tr\u00e8s dangereux, trop en fait. Donc retour au vin blanc.<\/span><\/p>\n<\/div>\n<\/div>\n<\/div>\n<\/div>\n<\/div>\n<\/div>\n<h4>Jeux de soci\u00e9t\u00e9<\/h4>\n<div class=\"\">\n<p class=\"p1\"><span class=\"s1\">Les ap\u00e9ros-skype c\u2019est des jeux de soci\u00e9t\u00e9 ?<\/span><\/p>\n<\/div>\n<\/div>\n<div>\n<h4 dir=\"ltr\">Le rem\u00e8de ultime pour faire passer plus vite le confinement?<\/h4>\n<div dir=\"ltr\">\n<div class=\"\">\n<p class=\"p1\"><span class=\"s1\">La r\u00e8gle des deux B\u00a0: Bosser et B\u2026<\/span><\/p>\n<\/div>\n<\/div>\n<\/div>\n<p><strong>On a vu Ingrid Heiderscheidt dans <em>Emma Peeters, Girl, Calamity, Ma Reum<\/em>, mais aussi au th\u00e9\u00e2tre dans de tr\u00e8s nombreux projets. Son premier court m\u00e9trage en tant que r\u00e9alisatrice, <em>La Meilleure mani\u00e8re<\/em>, est sorti il y a un peu plus d&rsquo;un an.\u00a0<\/strong><\/p>\n<p>&nbsp;<\/p>\n<p>&nbsp;<\/p>\n","protected":false},"excerpt":{"rendered":"<p>On a demand\u00e9 \u00e0 Ingrid Heiderscheidt ce qu\u2019elle faisait pendant le confinement\u2026 J\u2019\u00e9cris, j\u2019\u00e9cris, j\u2019\u00e9cris. Je devais \u00eatre en tourn\u00e9e avec le spectacle Et les 7 nains, th\u00e9\u00e2tre d\u2019objets et avec Subutex et puis l\u00e0 plus rien. Je devais tourner avec C\u00e9dryc Bourgeois dans Ronald Krump, r\u00e9p\u00e9ter avec Virginie Strub pour 137 fa\u00e7ons de mourir &hellip;<\/p>\n","protected":false},"author":343,"featured_media":228219,"comment_status":"closed","ping_status":"closed","sticky":false,"template":"","format":"standard","meta":{"ngg_post_thumbnail":0,"footnotes":""},"categories":[1978],"tags":[3067,4187],"class_list":["post-228213","post","type-post","status-publish","format-standard","has-post-thumbnail","","category-interviews","tag-ingrid-heiderscheidt","tag-newsletter-fr"],"yoast_head":"<!-- This site is optimized with the Yoast SEO plugin v20.4 - https:\/\/yoast.com\/wordpress\/plugins\/seo\/ -->\n<title>Et vous Ingrid Heiderscheidt, vous faites quoi pendant le confinement? - w-l-c<\/title>\n<meta name=\"robots\" content=\"noindex, follow, max-snippet:-1, max-image-preview:large, max-video-preview:-1\" \/>\n<meta property=\"og:locale\" content=\"fr_FR\" \/>\n<meta property=\"og:type\" content=\"article\" \/>\n<meta property=\"og:title\" content=\"Et vous Ingrid Heiderscheidt, vous faites quoi pendant le confinement? - w-l-c\" \/>\n<meta property=\"og:description\" content=\"On a demand\u00e9 \u00e0 Ingrid Heiderscheidt ce qu\u2019elle faisait pendant le confinement\u2026 J\u2019\u00e9cris, j\u2019\u00e9cris, j\u2019\u00e9cris. Je devais \u00eatre en tourn\u00e9e avec le spectacle Et les 7 nains, th\u00e9\u00e2tre d\u2019objets et avec Subutex et puis l\u00e0 plus rien. Je devais tourner avec C\u00e9dryc Bourgeois dans Ronald Krump, r\u00e9p\u00e9ter avec Virginie Strub pour 137 fa\u00e7ons de mourir &hellip;\" \/>\n<meta property=\"og:url\" content=\"https:\/\/w-l-c.be\/fr\/et-vous-ingrid-heiderscheidt-vous-faites-quoi-pendant-le-confinement\/\" \/>\n<meta property=\"og:site_name\" content=\"w-l-c\" \/>\n<meta property=\"article:published_time\" content=\"2020-04-20T08:26:43+00:00\" \/>\n<meta property=\"article:modified_time\" content=\"2020-04-21T08:34:16+00:00\" \/>\n<meta property=\"og:image\" content=\"https:\/\/w-l-c.be\/wp-content\/uploads\/2020\/04\/Selfie-Ingrid-Heiderscheidt-OK.jpg\" \/>\n\t<meta property=\"og:image:width\" content=\"1200\" \/>\n\t<meta property=\"og:image:height\" content=\"658\" \/>\n\t<meta property=\"og:image:type\" content=\"image\/jpeg\" \/>\n<meta name=\"author\" content=\"Aurore Engelen\" \/>\n<meta name=\"twitter:card\" content=\"summary_large_image\" \/>\n<meta name=\"twitter:label1\" content=\"\u00c9crit par\" \/>\n\t<meta name=\"twitter:data1\" content=\"Aurore Engelen\" \/>\n\t<meta name=\"twitter:label2\" content=\"Dur\u00e9e de lecture estim\u00e9e\" \/>\n\t<meta name=\"twitter:data2\" content=\"3 minutes\" \/>\n<script type=\"application\/ld+json\" class=\"yoast-schema-graph\">{\"@context\":\"https:\/\/schema.org\",\"@graph\":[{\"@type\":\"WebPage\",\"@id\":\"https:\/\/w-l-c.be\/fr\/et-vous-ingrid-heiderscheidt-vous-faites-quoi-pendant-le-confinement\/\",\"url\":\"https:\/\/w-l-c.be\/fr\/et-vous-ingrid-heiderscheidt-vous-faites-quoi-pendant-le-confinement\/\",\"name\":\"Et vous Ingrid Heiderscheidt, vous faites quoi pendant le confinement? - w-l-c\",\"isPartOf\":{\"@id\":\"https:\/\/w-l-c.be\/fr\/#website\"},\"datePublished\":\"2020-04-20T08:26:43+00:00\",\"dateModified\":\"2020-04-21T08:34:16+00:00\",\"author\":{\"@id\":\"https:\/\/w-l-c.be\/fr\/#\/schema\/person\/8084b68c6b176142d073695c654dc7cf\"},\"breadcrumb\":{\"@id\":\"https:\/\/w-l-c.be\/fr\/et-vous-ingrid-heiderscheidt-vous-faites-quoi-pendant-le-confinement\/#breadcrumb\"},\"inLanguage\":\"fr-FR\",\"potentialAction\":[{\"@type\":\"ReadAction\",\"target\":[\"https:\/\/w-l-c.be\/fr\/et-vous-ingrid-heiderscheidt-vous-faites-quoi-pendant-le-confinement\/\"]}]},{\"@type\":\"BreadcrumbList\",\"@id\":\"https:\/\/w-l-c.be\/fr\/et-vous-ingrid-heiderscheidt-vous-faites-quoi-pendant-le-confinement\/#breadcrumb\",\"itemListElement\":[{\"@type\":\"ListItem\",\"position\":1,\"name\":\"Accueil\",\"item\":\"https:\/\/w-l-c.be\/fr\/\"},{\"@type\":\"ListItem\",\"position\":2,\"name\":\"Et vous Ingrid Heiderscheidt, vous faites quoi pendant le confinement?\"}]},{\"@type\":\"WebSite\",\"@id\":\"https:\/\/w-l-c.be\/fr\/#website\",\"url\":\"https:\/\/w-l-c.be\/fr\/\",\"name\":\"w-l-c\",\"description\":\"Le cin\u00e9ma vu par les belges\",\"potentialAction\":[{\"@type\":\"SearchAction\",\"target\":{\"@type\":\"EntryPoint\",\"urlTemplate\":\"https:\/\/w-l-c.be\/fr\/?s={search_term_string}\"},\"query-input\":\"required name=search_term_string\"}],\"inLanguage\":\"fr-FR\"},{\"@type\":\"Person\",\"@id\":\"https:\/\/w-l-c.be\/fr\/#\/schema\/person\/8084b68c6b176142d073695c654dc7cf\",\"name\":\"Aurore Engelen\",\"url\":\"https:\/\/w-l-c.be\/fr\/author\/aurore-engelen\/\"}]}<\/script>\n<!-- \/ Yoast SEO plugin. -->","yoast_head_json":{"title":"Et vous Ingrid Heiderscheidt, vous faites quoi pendant le confinement? - w-l-c","robots":{"index":"noindex","follow":"follow","max-snippet":"max-snippet:-1","max-image-preview":"max-image-preview:large","max-video-preview":"max-video-preview:-1"},"og_locale":"fr_FR","og_type":"article","og_title":"Et vous Ingrid Heiderscheidt, vous faites quoi pendant le confinement? - w-l-c","og_description":"On a demand\u00e9 \u00e0 Ingrid Heiderscheidt ce qu\u2019elle faisait pendant le confinement\u2026 J\u2019\u00e9cris, j\u2019\u00e9cris, j\u2019\u00e9cris. Je devais \u00eatre en tourn\u00e9e avec le spectacle Et les 7 nains, th\u00e9\u00e2tre d\u2019objets et avec Subutex et puis l\u00e0 plus rien. Je devais tourner avec C\u00e9dryc Bourgeois dans Ronald Krump, r\u00e9p\u00e9ter avec Virginie Strub pour 137 fa\u00e7ons de mourir &hellip;","og_url":"https:\/\/w-l-c.be\/fr\/et-vous-ingrid-heiderscheidt-vous-faites-quoi-pendant-le-confinement\/","og_site_name":"w-l-c","article_published_time":"2020-04-20T08:26:43+00:00","article_modified_time":"2020-04-21T08:34:16+00:00","og_image":[{"width":1200,"height":658,"url":"https:\/\/w-l-c.be\/wp-content\/uploads\/2020\/04\/Selfie-Ingrid-Heiderscheidt-OK.jpg","type":"image\/jpeg"}],"author":"Aurore Engelen","twitter_card":"summary_large_image","twitter_misc":{"\u00c9crit par":"Aurore Engelen","Dur\u00e9e de lecture estim\u00e9e":"3 minutes"},"schema":{"@context":"https:\/\/schema.org","@graph":[{"@type":"WebPage","@id":"https:\/\/w-l-c.be\/fr\/et-vous-ingrid-heiderscheidt-vous-faites-quoi-pendant-le-confinement\/","url":"https:\/\/w-l-c.be\/fr\/et-vous-ingrid-heiderscheidt-vous-faites-quoi-pendant-le-confinement\/","name":"Et vous Ingrid Heiderscheidt, vous faites quoi pendant le confinement? - w-l-c","isPartOf":{"@id":"https:\/\/w-l-c.be\/fr\/#website"},"datePublished":"2020-04-20T08:26:43+00:00","dateModified":"2020-04-21T08:34:16+00:00","author":{"@id":"https:\/\/w-l-c.be\/fr\/#\/schema\/person\/8084b68c6b176142d073695c654dc7cf"},"breadcrumb":{"@id":"https:\/\/w-l-c.be\/fr\/et-vous-ingrid-heiderscheidt-vous-faites-quoi-pendant-le-confinement\/#breadcrumb"},"inLanguage":"fr-FR","potentialAction":[{"@type":"ReadAction","target":["https:\/\/w-l-c.be\/fr\/et-vous-ingrid-heiderscheidt-vous-faites-quoi-pendant-le-confinement\/"]}]},{"@type":"BreadcrumbList","@id":"https:\/\/w-l-c.be\/fr\/et-vous-ingrid-heiderscheidt-vous-faites-quoi-pendant-le-confinement\/#breadcrumb","itemListElement":[{"@type":"ListItem","position":1,"name":"Accueil","item":"https:\/\/w-l-c.be\/fr\/"},{"@type":"ListItem","position":2,"name":"Et vous Ingrid Heiderscheidt, vous faites quoi pendant le confinement?"}]},{"@type":"WebSite","@id":"https:\/\/w-l-c.be\/fr\/#website","url":"https:\/\/w-l-c.be\/fr\/","name":"w-l-c","description":"Le cin\u00e9ma vu par les belges","potentialAction":[{"@type":"SearchAction","target":{"@type":"EntryPoint","urlTemplate":"https:\/\/w-l-c.be\/fr\/?s={search_term_string}"},"query-input":"required name=search_term_string"}],"inLanguage":"fr-FR"},{"@type":"Person","@id":"https:\/\/w-l-c.be\/fr\/#\/schema\/person\/8084b68c6b176142d073695c654dc7cf","name":"Aurore Engelen","url":"https:\/\/w-l-c.be\/fr\/author\/aurore-engelen\/"}]}},"_links":{"self":[{"href":"https:\/\/w-l-c.be\/fr\/wp-json\/wp\/v2\/posts\/228213","targetHints":{"allow":["GET"]}}],"collection":[{"href":"https:\/\/w-l-c.be\/fr\/wp-json\/wp\/v2\/posts"}],"about":[{"href":"https:\/\/w-l-c.be\/fr\/wp-json\/wp\/v2\/types\/post"}],"author":[{"embeddable":true,"href":"https:\/\/w-l-c.be\/fr\/wp-json\/wp\/v2\/users\/343"}],"replies":[{"embeddable":true,"href":"https:\/\/w-l-c.be\/fr\/wp-json\/wp\/v2\/comments?post=228213"}],"version-history":[{"count":0,"href":"https:\/\/w-l-c.be\/fr\/wp-json\/wp\/v2\/posts\/228213\/revisions"}],"wp:featuredmedia":[{"embeddable":true,"href":"https:\/\/w-l-c.be\/fr\/wp-json\/wp\/v2\/media\/228219"}],"wp:attachment":[{"href":"https:\/\/w-l-c.be\/fr\/wp-json\/wp\/v2\/media?parent=228213"}],"wp:term":[{"taxonomy":"category","embeddable":true,"href":"https:\/\/w-l-c.be\/fr\/wp-json\/wp\/v2\/categories?post=228213"},{"taxonomy":"post_tag","embeddable":true,"href":"https:\/\/w-l-c.be\/fr\/wp-json\/wp\/v2\/tags?post=228213"}],"curies":[{"name":"wp","href":"https:\/\/api.w.org\/{rel}","templated":true}]}}