
{"id":228224,"date":"2020-04-20T14:54:22","date_gmt":"2020-04-20T12:54:22","guid":{"rendered":"https:\/\/www.cinevox.be\/?p=228224"},"modified":"2020-04-20T14:56:12","modified_gmt":"2020-04-20T12:56:12","slug":"into-the-night-extrait-et-date-de-diffusion","status":"publish","type":"post","link":"https:\/\/w-l-c.be\/fr\/into-the-night-extrait-et-date-de-diffusion\/","title":{"rendered":"\u00ab\u00a0Into the night\u00a0\u00bb: extrait et date de diffusion"},"content":{"rendered":"<p><strong>Netflix vient de d\u00e9voiler un premier extrait de sa s\u00e9rie \u00e9v\u00e8nement, <em>Into the Night<\/em>, premi\u00e8re s\u00e9rie r\u00e9alis\u00e9e en Belgique! Le groupe a \u00e9galement annonc\u00e9 la date de diffusion de la s\u00e9rie: le 1er mai prochain!<\/strong><\/p>\n<p>Dans cet extrait sous haute tension, on retrouve un maximum de com\u00e9dien\u00b7nes belges, par ordre d&rsquo;apparition: Pauline Etienne, Laurent Capelluto, Astrid Whettnall, Yassine Fadel, Jan Bijvoet, Babetida Sadjo, Nabil Mallat, Vincent Londez&#8230;<\/p>\n<p>Le pitch?<\/p>\n<div class=\"title-info-synopsis\" data-uia=\"title-info-synopsis\">Les passagers et l&rsquo;\u00e9quipage d&rsquo;un vol de nuit d\u00e9tourn\u00e9 se lancent dans une course contre le soleil alors qu&rsquo;un myst\u00e9rieux \u00e9v\u00e9nement cosmique s\u00e8me le chaos dans le monde.<\/div>\n<div class=\"title-info-talent\"><\/div>\n<div>C&rsquo;est peu dire qu&rsquo;on a h\u00e2te&#8230;<\/div>\n<p>&nbsp;<\/p>\n<p>&nbsp;<\/p>\n","protected":false},"excerpt":{"rendered":"<p>Netflix vient de d\u00e9voiler un premier extrait de sa s\u00e9rie \u00e9v\u00e8nement, Into the Night, premi\u00e8re s\u00e9rie r\u00e9alis\u00e9e en Belgique! Le groupe a \u00e9galement annonc\u00e9 la date de diffusion de la s\u00e9rie: le 1er mai prochain! Dans cet extrait sous haute tension, on retrouve un maximum de com\u00e9dien\u00b7nes belges, par ordre d&rsquo;apparition: Pauline Etienne, Laurent Capelluto, &hellip;<\/p>\n","protected":false},"author":343,"featured_media":228228,"comment_status":"closed","ping_status":"closed","sticky":false,"template":"","format":"standard","meta":{"ngg_post_thumbnail":0,"footnotes":""},"categories":[12],"tags":[4526,4187],"class_list":["post-228224","post","type-post","status-publish","format-standard","has-post-thumbnail","","category-awards","tag-into-the-night","tag-newsletter-fr"],"yoast_head":"<!-- This site is optimized with the Yoast SEO plugin v20.4 - https:\/\/yoast.com\/wordpress\/plugins\/seo\/ -->\n<title>&quot;Into the night&quot;: extrait et date de diffusion - w-l-c<\/title>\n<meta name=\"robots\" content=\"noindex, follow, max-snippet:-1, max-image-preview:large, max-video-preview:-1\" \/>\n<meta property=\"og:locale\" content=\"fr_FR\" \/>\n<meta property=\"og:type\" content=\"article\" \/>\n<meta property=\"og:title\" content=\"&quot;Into the night&quot;: extrait et date de diffusion - w-l-c\" \/>\n<meta property=\"og:description\" content=\"Netflix vient de d\u00e9voiler un premier extrait de sa s\u00e9rie \u00e9v\u00e8nement, Into the Night, premi\u00e8re s\u00e9rie r\u00e9alis\u00e9e en Belgique! Le groupe a \u00e9galement annonc\u00e9 la date de diffusion de la s\u00e9rie: le 1er mai prochain! Dans cet extrait sous haute tension, on retrouve un maximum de com\u00e9dien\u00b7nes belges, par ordre d&rsquo;apparition: Pauline Etienne, Laurent Capelluto, &hellip;\" \/>\n<meta property=\"og:url\" content=\"https:\/\/w-l-c.be\/fr\/into-the-night-extrait-et-date-de-diffusion\/\" \/>\n<meta property=\"og:site_name\" content=\"w-l-c\" \/>\n<meta property=\"article:published_time\" content=\"2020-04-20T12:54:22+00:00\" \/>\n<meta property=\"article:modified_time\" content=\"2020-04-20T12:56:12+00:00\" \/>\n<meta property=\"og:image\" content=\"https:\/\/w-l-c.be\/wp-content\/uploads\/2020\/04\/ExtraitIntoTheNight.jpg\" \/>\n\t<meta property=\"og:image:width\" content=\"2544\" \/>\n\t<meta property=\"og:image:height\" content=\"1276\" \/>\n\t<meta property=\"og:image:type\" content=\"image\/jpeg\" \/>\n<meta name=\"author\" content=\"Aurore Engelen\" \/>\n<meta name=\"twitter:card\" content=\"summary_large_image\" \/>\n<meta name=\"twitter:label1\" content=\"\u00c9crit par\" \/>\n\t<meta name=\"twitter:data1\" content=\"Aurore Engelen\" \/>\n\t<meta name=\"twitter:label2\" content=\"Dur\u00e9e de lecture estim\u00e9e\" \/>\n\t<meta name=\"twitter:data2\" content=\"1 minute\" \/>\n<script type=\"application\/ld+json\" class=\"yoast-schema-graph\">{\"@context\":\"https:\/\/schema.org\",\"@graph\":[{\"@type\":\"WebPage\",\"@id\":\"https:\/\/w-l-c.be\/fr\/into-the-night-extrait-et-date-de-diffusion\/\",\"url\":\"https:\/\/w-l-c.be\/fr\/into-the-night-extrait-et-date-de-diffusion\/\",\"name\":\"\\\"Into the night\\\": extrait et date de diffusion - w-l-c\",\"isPartOf\":{\"@id\":\"https:\/\/w-l-c.be\/fr\/#website\"},\"datePublished\":\"2020-04-20T12:54:22+00:00\",\"dateModified\":\"2020-04-20T12:56:12+00:00\",\"author\":{\"@id\":\"https:\/\/w-l-c.be\/fr\/#\/schema\/person\/8084b68c6b176142d073695c654dc7cf\"},\"breadcrumb\":{\"@id\":\"https:\/\/w-l-c.be\/fr\/into-the-night-extrait-et-date-de-diffusion\/#breadcrumb\"},\"inLanguage\":\"fr-FR\",\"potentialAction\":[{\"@type\":\"ReadAction\",\"target\":[\"https:\/\/w-l-c.be\/fr\/into-the-night-extrait-et-date-de-diffusion\/\"]}]},{\"@type\":\"BreadcrumbList\",\"@id\":\"https:\/\/w-l-c.be\/fr\/into-the-night-extrait-et-date-de-diffusion\/#breadcrumb\",\"itemListElement\":[{\"@type\":\"ListItem\",\"position\":1,\"name\":\"Accueil\",\"item\":\"https:\/\/w-l-c.be\/fr\/\"},{\"@type\":\"ListItem\",\"position\":2,\"name\":\"\u00ab\u00a0Into the night\u00a0\u00bb: extrait et date de diffusion\"}]},{\"@type\":\"WebSite\",\"@id\":\"https:\/\/w-l-c.be\/fr\/#website\",\"url\":\"https:\/\/w-l-c.be\/fr\/\",\"name\":\"w-l-c\",\"description\":\"Le cin\u00e9ma vu par les belges\",\"potentialAction\":[{\"@type\":\"SearchAction\",\"target\":{\"@type\":\"EntryPoint\",\"urlTemplate\":\"https:\/\/w-l-c.be\/fr\/?s={search_term_string}\"},\"query-input\":\"required name=search_term_string\"}],\"inLanguage\":\"fr-FR\"},{\"@type\":\"Person\",\"@id\":\"https:\/\/w-l-c.be\/fr\/#\/schema\/person\/8084b68c6b176142d073695c654dc7cf\",\"name\":\"Aurore Engelen\",\"url\":\"https:\/\/w-l-c.be\/fr\/author\/aurore-engelen\/\"}]}<\/script>\n<!-- \/ Yoast SEO plugin. -->","yoast_head_json":{"title":"\"Into the night\": extrait et date de diffusion - w-l-c","robots":{"index":"noindex","follow":"follow","max-snippet":"max-snippet:-1","max-image-preview":"max-image-preview:large","max-video-preview":"max-video-preview:-1"},"og_locale":"fr_FR","og_type":"article","og_title":"\"Into the night\": extrait et date de diffusion - w-l-c","og_description":"Netflix vient de d\u00e9voiler un premier extrait de sa s\u00e9rie \u00e9v\u00e8nement, Into the Night, premi\u00e8re s\u00e9rie r\u00e9alis\u00e9e en Belgique! Le groupe a \u00e9galement annonc\u00e9 la date de diffusion de la s\u00e9rie: le 1er mai prochain! Dans cet extrait sous haute tension, on retrouve un maximum de com\u00e9dien\u00b7nes belges, par ordre d&rsquo;apparition: Pauline Etienne, Laurent Capelluto, &hellip;","og_url":"https:\/\/w-l-c.be\/fr\/into-the-night-extrait-et-date-de-diffusion\/","og_site_name":"w-l-c","article_published_time":"2020-04-20T12:54:22+00:00","article_modified_time":"2020-04-20T12:56:12+00:00","og_image":[{"width":2544,"height":1276,"url":"https:\/\/w-l-c.be\/wp-content\/uploads\/2020\/04\/ExtraitIntoTheNight.jpg","type":"image\/jpeg"}],"author":"Aurore Engelen","twitter_card":"summary_large_image","twitter_misc":{"\u00c9crit par":"Aurore Engelen","Dur\u00e9e de lecture estim\u00e9e":"1 minute"},"schema":{"@context":"https:\/\/schema.org","@graph":[{"@type":"WebPage","@id":"https:\/\/w-l-c.be\/fr\/into-the-night-extrait-et-date-de-diffusion\/","url":"https:\/\/w-l-c.be\/fr\/into-the-night-extrait-et-date-de-diffusion\/","name":"\"Into the night\": extrait et date de diffusion - w-l-c","isPartOf":{"@id":"https:\/\/w-l-c.be\/fr\/#website"},"datePublished":"2020-04-20T12:54:22+00:00","dateModified":"2020-04-20T12:56:12+00:00","author":{"@id":"https:\/\/w-l-c.be\/fr\/#\/schema\/person\/8084b68c6b176142d073695c654dc7cf"},"breadcrumb":{"@id":"https:\/\/w-l-c.be\/fr\/into-the-night-extrait-et-date-de-diffusion\/#breadcrumb"},"inLanguage":"fr-FR","potentialAction":[{"@type":"ReadAction","target":["https:\/\/w-l-c.be\/fr\/into-the-night-extrait-et-date-de-diffusion\/"]}]},{"@type":"BreadcrumbList","@id":"https:\/\/w-l-c.be\/fr\/into-the-night-extrait-et-date-de-diffusion\/#breadcrumb","itemListElement":[{"@type":"ListItem","position":1,"name":"Accueil","item":"https:\/\/w-l-c.be\/fr\/"},{"@type":"ListItem","position":2,"name":"\u00ab\u00a0Into the night\u00a0\u00bb: extrait et date de diffusion"}]},{"@type":"WebSite","@id":"https:\/\/w-l-c.be\/fr\/#website","url":"https:\/\/w-l-c.be\/fr\/","name":"w-l-c","description":"Le cin\u00e9ma vu par les belges","potentialAction":[{"@type":"SearchAction","target":{"@type":"EntryPoint","urlTemplate":"https:\/\/w-l-c.be\/fr\/?s={search_term_string}"},"query-input":"required name=search_term_string"}],"inLanguage":"fr-FR"},{"@type":"Person","@id":"https:\/\/w-l-c.be\/fr\/#\/schema\/person\/8084b68c6b176142d073695c654dc7cf","name":"Aurore Engelen","url":"https:\/\/w-l-c.be\/fr\/author\/aurore-engelen\/"}]}},"_links":{"self":[{"href":"https:\/\/w-l-c.be\/fr\/wp-json\/wp\/v2\/posts\/228224","targetHints":{"allow":["GET"]}}],"collection":[{"href":"https:\/\/w-l-c.be\/fr\/wp-json\/wp\/v2\/posts"}],"about":[{"href":"https:\/\/w-l-c.be\/fr\/wp-json\/wp\/v2\/types\/post"}],"author":[{"embeddable":true,"href":"https:\/\/w-l-c.be\/fr\/wp-json\/wp\/v2\/users\/343"}],"replies":[{"embeddable":true,"href":"https:\/\/w-l-c.be\/fr\/wp-json\/wp\/v2\/comments?post=228224"}],"version-history":[{"count":0,"href":"https:\/\/w-l-c.be\/fr\/wp-json\/wp\/v2\/posts\/228224\/revisions"}],"wp:featuredmedia":[{"embeddable":true,"href":"https:\/\/w-l-c.be\/fr\/wp-json\/wp\/v2\/media\/228228"}],"wp:attachment":[{"href":"https:\/\/w-l-c.be\/fr\/wp-json\/wp\/v2\/media?parent=228224"}],"wp:term":[{"taxonomy":"category","embeddable":true,"href":"https:\/\/w-l-c.be\/fr\/wp-json\/wp\/v2\/categories?post=228224"},{"taxonomy":"post_tag","embeddable":true,"href":"https:\/\/w-l-c.be\/fr\/wp-json\/wp\/v2\/tags?post=228224"}],"curies":[{"name":"wp","href":"https:\/\/api.w.org\/{rel}","templated":true}]}}