
{"id":228236,"date":"2020-04-21T10:33:55","date_gmt":"2020-04-21T08:33:55","guid":{"rendered":"https:\/\/www.cinevox.be\/?p=228236"},"modified":"2020-04-22T10:50:11","modified_gmt":"2020-04-22T08:50:11","slug":"et-vous-xavier-seron-vous-faites-quoi-pendant-le-confinement","status":"publish","type":"post","link":"https:\/\/w-l-c.be\/fr\/et-vous-xavier-seron-vous-faites-quoi-pendant-le-confinement\/","title":{"rendered":"Et vous Xavier Seron, vous faites quoi pendant le confinement?"},"content":{"rendered":"<p><strong>On a demand\u00e9 \u00e0 Xavier Seron ce qu\u2019il faisait pendant le confinement\u2026<\/strong><\/p>\n<h4>Film \u00e0 (re)voir?<\/h4>\n<div class=\"\">\n<p class=\"p1\"><span class=\"s1\">En ce moment, j\u2019aurais tendance \u00e0 revoir des films dr\u00f4les&#8230; Ou alors de dr\u00f4les de films.<\/span><\/p>\n<ul class=\"ul1\">\n<li class=\"li1\"><span class=\"s1\">Les films de Bertrand Blier: <i>Buffet froid<\/i>, <i>Tenue de soir\u00e9e<\/i>, <i>Les Valseuses<\/i>, <i>Calmos<\/i>&#8230;<\/span><\/li>\n<li class=\"li1\"><span class=\"s1\">Les films de Jacques Tati. <\/span><\/li>\n<li class=\"li1\"><span class=\"s1\"><i>Le plein de super<\/i> et <i>Le filmeur<\/i> d\u2019Alain Cavalier. <\/span><\/li>\n<li class=\"li1\"><span class=\"s1\"><i>Punch Drunk Love<\/i> de Paul Thomas Anderson <\/span><\/li>\n<li class=\"li1\"><span class=\"s1\"><i>La Saveur de la past\u00e8que<\/i> de Tsa\u00ef Ming-Liang <\/span><\/li>\n<li class=\"li1\"><span class=\"s1\"><i>Lenny and the kids<\/i> de Josh et Benny Safdie. D\u2019ailleurs, ce film pourrait vous donner des id\u00e9es si vous cherchez une mani\u00e8re de concilier garde des enfants et travail.\u00a0<\/span><\/li>\n<li class=\"li1\"><span class=\"s1\"><i>Rien sur Robert<\/i> de Pascal Bonitzer. Titre programmatique qui refl\u00e8te bien le ton quelque peu absurde du film puisqu\u2019il n\u2019est effectivement jamais question d\u2019un quelconque Robert dans cette histoire (except\u00e9 l\u2019\u00e9vocation fugace de Robert Desnos) <\/span><\/li>\n<li class=\"li1\"><span class=\"s1\"><i>S\u00e9rie Noire <\/i>d\u2019Alain Corneau. Adaptation d\u2019un roman de Jim Thompson, les dialogues sont sign\u00e9s Georges P\u00e9rec et le cast juste parfait : Patrick Dewaere, Marie Trintignant, Bernard Blier et Myriam Boyer. <\/span><\/li>\n<li class=\"li1\"><span class=\"s1\"><i>Beau Travail<\/i> de Claire Denis. Film hypnotique\u00a0<\/span><\/li>\n<li class=\"li1\"><span class=\"s1\"><i>Me and You and Everyone We Know <\/i>de Miranda July. <\/span><\/li>\n<li class=\"li1\"><span class=\"s1\"><i>S\u00fcgisball <\/i>de Veiko \u00d5unpuu, un cin\u00e9aste estonien \u00e0 d\u00e9couvrir urgemment\u00a0! <\/span><\/li>\n<li class=\"li1\"><span class=\"s1\"><i>Frances Ha<\/i> de Noam Baumbach co-\u00e9crit et port\u00e9 par Greta Gerwig (d\u2019ailleurs, \u00e7a vaut le coup de (re)voir <i>Lady Bird<\/i>, film qu\u2019elle a r\u00e9alis\u00e9)<\/span><\/li>\n<li class=\"li1\"><span class=\"s1\"><i>Swiss Army Man<\/i> de Daniel Kwan et Daniel Scheinert, les m\u00e9saventures hallucinantes de Paul Dano et de Daniel Radcliffe en cadavre multifonctions<\/span><\/li>\n<li class=\"li1\"><span class=\"s1\"><i>Happiness <\/i>de Todd Solondz. La sc\u00e8ne d\u2019ouverture est jubilatoire.<\/span><\/li>\n<li class=\"li1\"><span class=\"s1\"><i>Queen of Montreuil<\/i> de Solveig Anspach<\/span><\/li>\n<li class=\"li1\"><span class=\"s1\"><i>La Pecora Nera<\/i> d\u2019Ascanio Celestini<\/span><\/li>\n<li class=\"li1\"><span class=\"s1\"><i>Le Go\u00fbt des autres<\/i> d\u2019Agn\u00e8s Jaoui co-\u00e9crit avec son complice Jean-Pierre Bacri.<\/span><\/li>\n<li class=\"li1\"><span class=\"s1\"><i>Wayne\u2019s World<\/i> de Penelope Spheeris\u2026<span class=\"Apple-converted-space\">\u00a0 <\/span>pour chanter avec les protagonistes sur <em>Bohemian Rhapsody.<\/em> La version doubl\u00e9e en fran\u00e7ais (soign\u00e9e aux petits oignons par Alain Chabat et Dominique Farrugia) vaut le d\u00e9tour\u00a0!<\/span><\/li>\n<\/ul>\n<div id=\"blogvision\">\n<p>https:\/\/dai.ly\/xvkrha<\/p>\n<\/div>\n<h4>Film pr\u00e9f\u00e9r\u00e9 quand vous \u00e9tiez enfant?<\/h4>\n<p class=\"p1\"><span class=\"s1\"><i>Big<\/i> de Penny Marshall<\/span><\/p>\n<div id=\"blogvision\"><iframe loading=\"lazy\" src=\"https:\/\/www.dailymotion.com\/embed\/video\/xv9ea4\" width=\"640\" height=\"360\" frameborder=\"0\" allowfullscreen=\"allowfullscreen\"><\/iframe><\/div>\n<\/div>\n<h4>Album \u00e0 \u00e9couter?<\/h4>\n<div>\n<div class=\"_3_bl\">\n<div class=\"_5w1r _3_om _5wdf\">\n<div class=\"_4gx_\">\n<div class=\"_1aa6\">\n<div dir=\"ltr\">\n<div>\n<p class=\"p1\"><span class=\"s1\">J\u2019\u00e9coute vraiment de tout. <\/span><\/p>\n<p class=\"p1\"><span class=\"s1\">M\u00eame les chansons que balance M\u00e9ryl (Fortunat-Rossi) sur Facebook. C\u2019est pour dire\u00a0!<\/span><\/p>\n<p class=\"p1\"><span class=\"s1\">Mais bon s\u2019il faut citer quelques albums pour la circonstance\u00a0: <\/span><\/p>\n<ul class=\"ul1\">\n<li class=\"li1\"><span class=\"s1\"><i>Pornography<\/i> des Cure. J\u2019admets que cet album ne respire pas la joie de vivre. Mais un groupe avec un nom pareil, en p\u00e9riode de pand\u00e9mie, \u00e7a ne peut pas faire de mal\u00a0!<\/span><\/li>\n<li class=\"li1\"><span class=\"s1\"><i>Ege Bamyasi<\/i> de Can avec <i>Vitamin C<\/i>, une chanson qui, elle aussi, devrait tomber \u00e0 pic. <\/span><\/li>\n<li class=\"li1\"><span class=\"s1\"><i>Surrealistic Pillow<\/i> du Jefferson Airplane<\/span><\/li>\n<li class=\"li1\"><span class=\"s1\"><i>Lust for Life<\/i> d\u2019Iggy Pop<\/span><\/li>\n<\/ul>\n<p class=\"p1\"><span class=\"s1\">Sinon pour le moment, j\u2019\u00e9coute pas mal de musique baroque et de chansons \u00ab\u00a0fran\u00e7aises\u00a0\u00bb\u00a0: Ferr\u00e9, Brel, Barbara, Gainsbourg, Bashung&#8230;\u00a0<\/span><\/p>\n<p class=\"p1\"><span class=\"s1\">Bref que des gens morts\u00a0!<span class=\"Apple-converted-space\">\u00a0 <\/span>En m\u00eame temps, \u00e7a permet de relativiser&#8230;<\/span><\/p>\n<p class=\"p1\"><span class=\"s1\">Cela dit, je tiens quand m\u00eame \u00e0 partager avec vous une d\u00e9couverte r\u00e9cente\u00a0:<span class=\"Apple-converted-space\">\u00a0 <\/span>Under the Reefs Orchestra (un groupe belge avec des gens talentueux et toujours vivants)<\/span><\/p>\n<\/div>\n<h4>Livres \u00e0 lire et relire?<\/h4>\n<\/div>\n<\/div>\n<\/div>\n<\/div>\n<\/div>\n<\/div>\n<div>\n<div>\n<div class=\"_3_bl\">\n<div class=\"_5w1r _3_om _5wdf\">\n<div class=\"_4gx_\">\n<div class=\"_1aa6\">\n<div dir=\"ltr\">\n<ul>\n<li class=\"p1\"><span class=\"s1\"><i>Le Voyage au bout de la nuit<\/i> de Louis-Ferdinand C\u00e9line<\/span><\/li>\n<li class=\"p1\"><span class=\"s1\"><i>Les contes cruels<\/i> d\u2019Octave Mirbeau<\/span><\/li>\n<li class=\"p1\"><span class=\"s1\"><i>Les contes et nouveaux contes de la folie ordinaire<\/i> de Charles Bukowski<\/span><\/li>\n<li class=\"p1\"><span class=\"s1\">Les BD de Crumb, Larcenet, Winshluss, Fabcaro, Davodeau&#8230;<\/span><\/li>\n<li class=\"p1\"><span class=\"s1\">Et surtout: <i>Les id\u00e9es noires <\/i>de Franquin. Indispensable!!!<\/span><\/li>\n<\/ul>\n<\/div>\n<\/div>\n<\/div>\n<\/div>\n<\/div>\n<\/div>\n<h4 class=\"p1\">S\u00e9ries \u00e0 binge-watcher?<\/h4>\n<div class=\"\">\n<ul>\n<li class=\"p1\"><span class=\"s1\"><i>Curb Your Enthousiasm<\/i><\/span><\/li>\n<li class=\"p1\"><span class=\"s1\"><i>Fleabag<\/i><\/span><\/li>\n<\/ul>\n<\/div>\n<\/div>\n<div>\n<h4>Podcast \u00e0 \u00e9couter?<\/h4>\n<div class=\"\">\n<p class=\"p1\"><span class=\"s1\"><i>\u00c7a peut pas faire de mal<\/i> avec Guillaume Gallienne sur France Inter<\/span><\/p>\n<\/div>\n<\/div>\n<h4>Recettes \u00e0 mitonner?<\/h4>\n<div>\n<div class=\"_3_bl\">\n<div class=\"_5w1r _3_om _5wdf\">\n<div class=\"_4gx_\">\n<div class=\"_1aa6\">\n<div class=\"\">\n<p class=\"p1\"><span class=\"s1\">Quelque chose de simple, de bon, de rassurant : des cr\u00eapes (faut dire que je partage ma vie avec une bretonne) <\/span><\/p>\n<h4>Cocktail \u00e0 siroter<\/h4>\n<div class=\"\">\n<p class=\"p1\"><span class=\"s1\">Les bi\u00e8res de la brasserie de l\u2019Ermitage<\/span><\/p>\n<\/div>\n<\/div>\n<\/div>\n<\/div>\n<\/div>\n<\/div>\n<h4>Jeux de soci\u00e9t\u00e9<\/h4>\n<div class=\"\">\n<p class=\"p1\"><span class=\"s1\">Quelque chose de simple, de bon, de rassurant\u00a0:<\/span> <span class=\"s1\">Pierre-papier-ciseaux<\/span><\/p>\n<p class=\"p1\"><span class=\"s1\">En plus \u00e7a vous permet de d\u00e9signer qui aura droit au dernier masque FFP2 ou qui devra risquer sa peau en allant faire les courses.<\/span><\/p>\n<p class=\"p1\"><span class=\"s1\">Si vous avez la chance d\u2019avoir une main gauche et une main droite*, vous pouvez m\u00eame jouer en solo. <\/span><\/p>\n<p class=\"p1\"><span class=\"s1\">(* Cela dit, si vous avez un miroir, une seule main pourrait suffire)<\/span><\/p>\n<\/div>\n<\/div>\n<div>\n<h4 dir=\"ltr\">Jeux vid\u00e9o?<\/h4>\n<p class=\"p1\"><span class=\"s1\">\u00c7a tombe bien qu\u2019on en parle&#8230; Sachez qu\u2019il existe \u00e9galement une version online de \u00ab\u00a0Pierre-papier-ciseaux\u00a0\u00bb<\/span><\/p>\n<h4 dir=\"ltr\">Le rem\u00e8de ultime pour faire passer plus vite le confinement?<\/h4>\n<div dir=\"ltr\">\n<div class=\"\">\n<p class=\"p1\"><span class=\"s1\">Instaurer une semaine qui ne comporterait que 3 jours&#8230; voire 2&#8230;\u00a0<\/span><\/p>\n<p class=\"p1\"><span class=\"s1\">Il faudrait juste d\u00e9terminer (\u00e0 pierre-papier-ciseaux, par exemple) quels jours on garderait <\/span><\/p>\n<p class=\"p1\"><span class=\"s1\">Sinon&#8230; \u00e0 part \u00e9crire n\u2019importe quoi&#8230; je m\u2019occupe un peu en essayant d\u2019\u00e9tablir le contact avec l\u2019acrobate qui s\u2019agite dans le ventre de ma compagne (Julie Naas)<\/span><\/p>\n<p class=\"p1\"><span class=\"s1\">Voil\u00e0&#8230;<\/span><\/p>\n<p class=\"p1\"><span class=\"s1\">H\u00e2te de vous retrouver les amis.<\/span><\/p>\n<p class=\"p1\"><span class=\"s1\">En attendant, portez-vous bien\u00a0!<\/span><\/p>\n<p class=\"p1\"><span class=\"s1\">Xavier<\/span><\/p>\n<\/div>\n<\/div>\n<\/div>\n<p><b>Le premier long m\u00e9trage de Xavier Seron, <em>Je me tue \u00e0 le dire<\/em>, \u00e0 fait sensation. Il est \u00e9galement tr\u00e8s actif dans le domaine du court m\u00e9trage, notamment avec<em> L&rsquo;Ours Noir<\/em> et <em>Le Plombier<\/em>, co-r\u00e9alis\u00e9s avec M\u00e9ryl Fortunat-Rossi, tous deux prim\u00e9s aux Magritte du Cin\u00e9ma.<\/b><\/p>\n<h4>A LIRE AUSSI<\/h4>\n<p><a href=\"https:\/\/www.cinevox.be\/fr\/je-me-tue-a-le-dire-terriblement-noir-follement-gonfle-horriblement-drole\/\"><em>Je me tue \u00e0 le dire<\/em>, terriblement noir, follement gonfl\u00e9, horriblement dr\u00f4le<\/a><\/p>\n<p>&nbsp;<\/p>\n<p>&nbsp;<\/p>\n","protected":false},"excerpt":{"rendered":"<p>On a demand\u00e9 \u00e0 Xavier Seron ce qu\u2019il faisait pendant le confinement\u2026 Film \u00e0 (re)voir? En ce moment, j\u2019aurais tendance \u00e0 revoir des films dr\u00f4les&#8230; Ou alors de dr\u00f4les de films. Les films de Bertrand Blier: Buffet froid, Tenue de soir\u00e9e, Les Valseuses, Calmos&#8230; Les films de Jacques Tati. Le plein de super et Le &hellip;<\/p>\n","protected":false},"author":343,"featured_media":228239,"comment_status":"closed","ping_status":"closed","sticky":false,"template":"","format":"standard","meta":{"ngg_post_thumbnail":0,"footnotes":""},"categories":[1978],"tags":[4187,2398],"class_list":["post-228236","post","type-post","status-publish","format-standard","has-post-thumbnail","","category-interviews","tag-newsletter-fr","tag-xavier-seron"],"yoast_head":"<!-- This site is optimized with the Yoast SEO plugin v20.4 - https:\/\/yoast.com\/wordpress\/plugins\/seo\/ -->\n<title>Et vous Xavier Seron, vous faites quoi pendant le confinement? - w-l-c<\/title>\n<meta name=\"robots\" content=\"noindex, follow, max-snippet:-1, max-image-preview:large, max-video-preview:-1\" \/>\n<meta property=\"og:locale\" content=\"fr_FR\" \/>\n<meta property=\"og:type\" content=\"article\" \/>\n<meta property=\"og:title\" content=\"Et vous Xavier Seron, vous faites quoi pendant le confinement? - w-l-c\" \/>\n<meta property=\"og:description\" content=\"On a demand\u00e9 \u00e0 Xavier Seron ce qu\u2019il faisait pendant le confinement\u2026 Film \u00e0 (re)voir? En ce moment, j\u2019aurais tendance \u00e0 revoir des films dr\u00f4les&#8230; Ou alors de dr\u00f4les de films. Les films de Bertrand Blier: Buffet froid, Tenue de soir\u00e9e, Les Valseuses, Calmos&#8230; Les films de Jacques Tati. Le plein de super et Le &hellip;\" \/>\n<meta property=\"og:url\" content=\"https:\/\/w-l-c.be\/fr\/et-vous-xavier-seron-vous-faites-quoi-pendant-le-confinement\/\" \/>\n<meta property=\"og:site_name\" content=\"w-l-c\" \/>\n<meta property=\"article:published_time\" content=\"2020-04-21T08:33:55+00:00\" \/>\n<meta property=\"article:modified_time\" content=\"2020-04-22T08:50:11+00:00\" \/>\n<meta property=\"og:image\" content=\"https:\/\/w-l-c.be\/wp-content\/uploads\/2020\/04\/Selfie-Xavier-Seron.jpg\" \/>\n\t<meta property=\"og:image:width\" content=\"1200\" \/>\n\t<meta property=\"og:image:height\" content=\"658\" \/>\n\t<meta property=\"og:image:type\" content=\"image\/jpeg\" \/>\n<meta name=\"author\" content=\"Aurore Engelen\" \/>\n<meta name=\"twitter:card\" content=\"summary_large_image\" \/>\n<meta name=\"twitter:label1\" content=\"\u00c9crit par\" \/>\n\t<meta name=\"twitter:data1\" content=\"Aurore Engelen\" \/>\n\t<meta name=\"twitter:label2\" content=\"Dur\u00e9e de lecture estim\u00e9e\" \/>\n\t<meta name=\"twitter:data2\" content=\"4 minutes\" \/>\n<script type=\"application\/ld+json\" class=\"yoast-schema-graph\">{\"@context\":\"https:\/\/schema.org\",\"@graph\":[{\"@type\":\"WebPage\",\"@id\":\"https:\/\/w-l-c.be\/fr\/et-vous-xavier-seron-vous-faites-quoi-pendant-le-confinement\/\",\"url\":\"https:\/\/w-l-c.be\/fr\/et-vous-xavier-seron-vous-faites-quoi-pendant-le-confinement\/\",\"name\":\"Et vous Xavier Seron, vous faites quoi pendant le confinement? - w-l-c\",\"isPartOf\":{\"@id\":\"https:\/\/w-l-c.be\/fr\/#website\"},\"datePublished\":\"2020-04-21T08:33:55+00:00\",\"dateModified\":\"2020-04-22T08:50:11+00:00\",\"author\":{\"@id\":\"https:\/\/w-l-c.be\/fr\/#\/schema\/person\/8084b68c6b176142d073695c654dc7cf\"},\"breadcrumb\":{\"@id\":\"https:\/\/w-l-c.be\/fr\/et-vous-xavier-seron-vous-faites-quoi-pendant-le-confinement\/#breadcrumb\"},\"inLanguage\":\"fr-FR\",\"potentialAction\":[{\"@type\":\"ReadAction\",\"target\":[\"https:\/\/w-l-c.be\/fr\/et-vous-xavier-seron-vous-faites-quoi-pendant-le-confinement\/\"]}]},{\"@type\":\"BreadcrumbList\",\"@id\":\"https:\/\/w-l-c.be\/fr\/et-vous-xavier-seron-vous-faites-quoi-pendant-le-confinement\/#breadcrumb\",\"itemListElement\":[{\"@type\":\"ListItem\",\"position\":1,\"name\":\"Accueil\",\"item\":\"https:\/\/w-l-c.be\/fr\/\"},{\"@type\":\"ListItem\",\"position\":2,\"name\":\"Et vous Xavier Seron, vous faites quoi pendant le confinement?\"}]},{\"@type\":\"WebSite\",\"@id\":\"https:\/\/w-l-c.be\/fr\/#website\",\"url\":\"https:\/\/w-l-c.be\/fr\/\",\"name\":\"w-l-c\",\"description\":\"Le cin\u00e9ma vu par les belges\",\"potentialAction\":[{\"@type\":\"SearchAction\",\"target\":{\"@type\":\"EntryPoint\",\"urlTemplate\":\"https:\/\/w-l-c.be\/fr\/?s={search_term_string}\"},\"query-input\":\"required name=search_term_string\"}],\"inLanguage\":\"fr-FR\"},{\"@type\":\"Person\",\"@id\":\"https:\/\/w-l-c.be\/fr\/#\/schema\/person\/8084b68c6b176142d073695c654dc7cf\",\"name\":\"Aurore Engelen\",\"url\":\"https:\/\/w-l-c.be\/fr\/author\/aurore-engelen\/\"}]}<\/script>\n<!-- \/ Yoast SEO plugin. -->","yoast_head_json":{"title":"Et vous Xavier Seron, vous faites quoi pendant le confinement? - w-l-c","robots":{"index":"noindex","follow":"follow","max-snippet":"max-snippet:-1","max-image-preview":"max-image-preview:large","max-video-preview":"max-video-preview:-1"},"og_locale":"fr_FR","og_type":"article","og_title":"Et vous Xavier Seron, vous faites quoi pendant le confinement? - w-l-c","og_description":"On a demand\u00e9 \u00e0 Xavier Seron ce qu\u2019il faisait pendant le confinement\u2026 Film \u00e0 (re)voir? En ce moment, j\u2019aurais tendance \u00e0 revoir des films dr\u00f4les&#8230; Ou alors de dr\u00f4les de films. Les films de Bertrand Blier: Buffet froid, Tenue de soir\u00e9e, Les Valseuses, Calmos&#8230; Les films de Jacques Tati. Le plein de super et Le &hellip;","og_url":"https:\/\/w-l-c.be\/fr\/et-vous-xavier-seron-vous-faites-quoi-pendant-le-confinement\/","og_site_name":"w-l-c","article_published_time":"2020-04-21T08:33:55+00:00","article_modified_time":"2020-04-22T08:50:11+00:00","og_image":[{"width":1200,"height":658,"url":"https:\/\/w-l-c.be\/wp-content\/uploads\/2020\/04\/Selfie-Xavier-Seron.jpg","type":"image\/jpeg"}],"author":"Aurore Engelen","twitter_card":"summary_large_image","twitter_misc":{"\u00c9crit par":"Aurore Engelen","Dur\u00e9e de lecture estim\u00e9e":"4 minutes"},"schema":{"@context":"https:\/\/schema.org","@graph":[{"@type":"WebPage","@id":"https:\/\/w-l-c.be\/fr\/et-vous-xavier-seron-vous-faites-quoi-pendant-le-confinement\/","url":"https:\/\/w-l-c.be\/fr\/et-vous-xavier-seron-vous-faites-quoi-pendant-le-confinement\/","name":"Et vous Xavier Seron, vous faites quoi pendant le confinement? - w-l-c","isPartOf":{"@id":"https:\/\/w-l-c.be\/fr\/#website"},"datePublished":"2020-04-21T08:33:55+00:00","dateModified":"2020-04-22T08:50:11+00:00","author":{"@id":"https:\/\/w-l-c.be\/fr\/#\/schema\/person\/8084b68c6b176142d073695c654dc7cf"},"breadcrumb":{"@id":"https:\/\/w-l-c.be\/fr\/et-vous-xavier-seron-vous-faites-quoi-pendant-le-confinement\/#breadcrumb"},"inLanguage":"fr-FR","potentialAction":[{"@type":"ReadAction","target":["https:\/\/w-l-c.be\/fr\/et-vous-xavier-seron-vous-faites-quoi-pendant-le-confinement\/"]}]},{"@type":"BreadcrumbList","@id":"https:\/\/w-l-c.be\/fr\/et-vous-xavier-seron-vous-faites-quoi-pendant-le-confinement\/#breadcrumb","itemListElement":[{"@type":"ListItem","position":1,"name":"Accueil","item":"https:\/\/w-l-c.be\/fr\/"},{"@type":"ListItem","position":2,"name":"Et vous Xavier Seron, vous faites quoi pendant le confinement?"}]},{"@type":"WebSite","@id":"https:\/\/w-l-c.be\/fr\/#website","url":"https:\/\/w-l-c.be\/fr\/","name":"w-l-c","description":"Le cin\u00e9ma vu par les belges","potentialAction":[{"@type":"SearchAction","target":{"@type":"EntryPoint","urlTemplate":"https:\/\/w-l-c.be\/fr\/?s={search_term_string}"},"query-input":"required name=search_term_string"}],"inLanguage":"fr-FR"},{"@type":"Person","@id":"https:\/\/w-l-c.be\/fr\/#\/schema\/person\/8084b68c6b176142d073695c654dc7cf","name":"Aurore Engelen","url":"https:\/\/w-l-c.be\/fr\/author\/aurore-engelen\/"}]}},"_links":{"self":[{"href":"https:\/\/w-l-c.be\/fr\/wp-json\/wp\/v2\/posts\/228236","targetHints":{"allow":["GET"]}}],"collection":[{"href":"https:\/\/w-l-c.be\/fr\/wp-json\/wp\/v2\/posts"}],"about":[{"href":"https:\/\/w-l-c.be\/fr\/wp-json\/wp\/v2\/types\/post"}],"author":[{"embeddable":true,"href":"https:\/\/w-l-c.be\/fr\/wp-json\/wp\/v2\/users\/343"}],"replies":[{"embeddable":true,"href":"https:\/\/w-l-c.be\/fr\/wp-json\/wp\/v2\/comments?post=228236"}],"version-history":[{"count":0,"href":"https:\/\/w-l-c.be\/fr\/wp-json\/wp\/v2\/posts\/228236\/revisions"}],"wp:featuredmedia":[{"embeddable":true,"href":"https:\/\/w-l-c.be\/fr\/wp-json\/wp\/v2\/media\/228239"}],"wp:attachment":[{"href":"https:\/\/w-l-c.be\/fr\/wp-json\/wp\/v2\/media?parent=228236"}],"wp:term":[{"taxonomy":"category","embeddable":true,"href":"https:\/\/w-l-c.be\/fr\/wp-json\/wp\/v2\/categories?post=228236"},{"taxonomy":"post_tag","embeddable":true,"href":"https:\/\/w-l-c.be\/fr\/wp-json\/wp\/v2\/tags?post=228236"}],"curies":[{"name":"wp","href":"https:\/\/api.w.org\/{rel}","templated":true}]}}